{"id":8135,"date":"2021-06-16T17:08:11","date_gmt":"2021-06-16T17:08:11","guid":{"rendered":"https:\/\/www.africa-press.net\/centrafricaine\/?p=8135"},"modified":"2021-06-16T18:28:17","modified_gmt":"2021-06-16T18:28:17","slug":"vital-kamerhe-condamne-en-appel-a-13-ans-de-travaux-forces","status":"publish","type":"post","link":"https:\/\/www.africa-press.net\/centrafricaine\/politique\/vital-kamerhe-condamne-en-appel-a-13-ans-de-travaux-forces","title":{"rendered":"Vital Kamerhe condamn\u00e9 en appel \u00e0 13 ans de travaux forc\u00e9s"},"content":{"rendered":"<p><span style=\"color: #ff6600\"><strong><a href=\"https:\/\/www.africa-press.net\/\">Africa-Press<\/a> &#8211; <a href=\"https:\/\/www.africa-press.net\/centrafricaine\">CentrAfricaine<\/a>.\u00a0 <\/strong><\/span><b>Le verdict est tomb\u00e9 ce mardi \u00e0 Kinshasa. Vital Kamerhe, l\u2019ex-directeur de cabinet du pr\u00e9sident F\u00e9lix Tshisekedi est condamn\u00e9 \u00e0 13 ans de travaux forc\u00e9s.<\/b><\/p>\n<p>De source m\u00e9diatique locale, Vital Kamerhe, Samih Jammal et Jeannot Muhima, poursuivis dans un dossier de d\u00e9tournement de deniers publics , ont \u00e9t\u00e9 condamn\u00e9s en appel respectivement \u00e0 13 ans, six ans et un an de travaux forc\u00e9s.<\/p>\n<p>Le verdict a \u00e9t\u00e9 prononc\u00e9 ce mardi apr\u00e8s-midi \u00e0 la Cour d\u2019appel de Kinshasa\/Gombe.<\/p>\n<p>Descente aux enfers<\/p>\n<p>Figure politique incontournable dans l\u2019est de la RDC, Vital Kamerhe s\u2019\u00e9tait d\u00e9sist\u00e9 en faveur du candidat F\u00e9lix Tshisekedi lors de la pr\u00e9sidentielle de d\u00e9cembre 2018 et avait battu campagne en sa faveur.<\/p>\n<p>Une fois proclam\u00e9 vainqueur, le nouveau pr\u00e9sident l\u2019a nomm\u00e9 en janvier 2019 chef de son de cabinet, faisant de lui le principal responsable de la gestion des travaux d\u2019urgence qui devaient lancer le mandat de F\u00e9lix Tshisekedi.<\/p>\n<p>Condamnation judiciaire<\/p>\n<p>En ao\u00fbt, un tribunal de Kinshasa a condamn\u00e9 Vital Kamerhe \u00e0 20 ans de prison et \u00e0 dix ans d\u2019in\u00e9ligibilit\u00e9 pour d\u00e9tournement de 50 millions de dollars, avec un homme d\u2019affaires libanais qui avait gagn\u00e9 le march\u00e9 de construction des maisons pr\u00e9fabriqu\u00e9es pour des militaires et des policiers.<\/p>\n<p>Vital Kamerhe a toujours ni\u00e9 avoir d\u00e9tourn\u00e9 cet argent, affirmant que ces maisons pr\u00e9fabriqu\u00e9es attendaient toujours d\u2019\u00eatre achemin\u00e9es en RDC, \u00e0 condition que le gouvernement accepte de prendre en charge l\u2019affr\u00e8tement des navires.<\/p>\n<p>Un proc\u00e8s contest\u00e9<\/p>\n<p>La coalition entre l\u2019ancien pr\u00e9sident Joseph Kabila et son successeur F\u00e9lix Tshisekedi a \u00e9clat\u00e9 suite \u00e0 des dissenssions internes<\/p>\n<p>Fin mai, la police congolaise a encore dispers\u00e9 une marche des partisans de Vital Kamerhe, \u00e0 quelques jours de sa comparution en appel. Des centaines de manifestants ont tent\u00e9 de marcher dans le centre de Kinshasa pour obtenir la lib\u00e9ration de l\u2019ex-alli\u00e9 du pr\u00e9sident Tshisekedi, condamn\u00e9 \u201csans preuves\u201d, selon eux, \u00e0 20 ans de prison en premi\u00e8re instance pour d\u00e9tournement de 50 millions de dollars allou\u00e9s \u00e0 des travaux d\u2019urgence.<\/p>\n<p>\u201cMalgr\u00e9 le repli des militants de l\u2019UNC (Union pour la nation congolaise) dans l\u2019enceinte du si\u00e8ge de notre parti, l\u2019escadron de la mort a largu\u00e9 plus de 20 bombes lacrymog\u00e8nes transformant ce lieu en une chambre \u00e0 gaz\u201d, avait d\u00e9nonc\u00e9 l\u2019ancien ministre Billy Kambale, pr\u00e9sident de la jeunesse de l\u2019UNC.<\/p>\n<p>&nbsp;<\/p>\n","protected":false},"excerpt":{"rendered":"<p>Africa-Press &#8211; CentrAfricaine.\u00a0 Le verdict est tomb\u00e9 ce mardi \u00e0 Kinshasa. Vital Kamerhe, l\u2019ex-directeur de cabinet du pr\u00e9sident F\u00e9lix Tshisekedi est condamn\u00e9 \u00e0 13 ans de travaux forc\u00e9s. De source m\u00e9diatique locale, Vital Kamerhe, Samih Jammal et Jeannot Muhima, poursuivis dans un dossier de d\u00e9tournement de deniers publics , ont \u00e9t\u00e9 condamn\u00e9s en appel respectivement [&hellip;]<\/p>\n","protected":false},"author":82,"featured_media":8134,"comment_status":"open","ping_status":"closed","sticky":false,"template":"","format":"standard","meta":{"footnotes":""},"categories":[11,2,10],"tags":[36,58,30],"class_list":["post-8135","post","type-post","status-publish","format-standard","has-post-thumbnail","hentry","category-homepage-french","category-politique","category-toutes-les-actualites","tag-africa-press","tag-africa-press-centrafricaine","tag-centrafricaine"],"yoast_head":"<!-- This site is optimized with the Yoast SEO Premium plugin v26.1 (Yoast SEO v27.0) - https:\/\/yoast.com\/product\/yoast-seo-premium-wordpress\/ -->\n<title>Vital Kamerhe condamn\u00e9 en appel \u00e0 13 ans de travaux forc\u00e9s - centrafricaine<\/title>\n<meta name=\"description\" content=\"Bangui ( R\u00e9publique centrafricaine ) \u2013 Le verdict est tomb\u00e9 ce mardi \u00e0 Kinshasa. Vital Kamerhe, l\u2019ex-directeur de cab ...\" \/>\n<meta name=\"robots\" content=\"index, follow, max-snippet:-1, max-image-preview:large, max-video-preview:-1\" \/>\n<link rel=\"canonical\" href=\"https:\/\/www.africa-press.net\/centrafricaine\/politique\/vital-kamerhe-condamne-en-appel-a-13-ans-de-travaux-forces\" \/>\n<meta property=\"og:locale\" content=\"fr_FR\" \/>\n<meta property=\"og:type\" content=\"article\" \/>\n<meta property=\"og:title\" content=\"Vital Kamerhe condamn\u00e9 en appel \u00e0 13 ans de travaux forc\u00e9s\" \/>\n<meta property=\"og:description\" content=\"Bangui ( R\u00e9publique centrafricaine ) \u2013 Le verdict est tomb\u00e9 ce mardi \u00e0 Kinshasa. Vital Kamerhe, l\u2019ex-directeur de cab ...\" \/>\n<meta property=\"og:url\" content=\"https:\/\/www.africa-press.net\/centrafricaine\/politique\/vital-kamerhe-condamne-en-appel-a-13-ans-de-travaux-forces\" \/>\n<meta property=\"og:site_name\" content=\"centrafricaine\" \/>\n<meta property=\"article:published_time\" content=\"2021-06-16T17:08:11+00:00\" \/>\n<meta property=\"article:modified_time\" content=\"2021-06-16T18:28:17+00:00\" \/>\n<meta property=\"og:image\" content=\"https:\/\/static.africa-press.net\/centrafricaine\/sites\/45\/2021\/06\/img-60ca2e0c70e5d.jpg\" \/>\n\t<meta property=\"og:image:width\" content=\"720\" \/>\n\t<meta property=\"og:image:height\" content=\"405\" \/>\n\t<meta property=\"og:image:type\" content=\"image\/jpeg\" \/>\n<meta name=\"author\" content=\"cfeditorfr\" \/>\n<meta name=\"twitter:card\" content=\"summary_large_image\" \/>\n<meta name=\"twitter:label1\" content=\"\u00c9crit par\" \/>\n\t<meta name=\"twitter:data1\" content=\"cfeditorfr\" \/>\n\t<meta name=\"twitter:label2\" content=\"Dur\u00e9e de lecture estim\u00e9e\" \/>\n\t<meta name=\"twitter:data2\" content=\"2 minutes\" \/>\n<script type=\"application\/ld+json\" class=\"yoast-schema-graph\">{\"@context\":\"https:\/\/schema.org\",\"@graph\":[{\"@type\":\"Article\",\"@id\":\"https:\/\/www.africa-press.net\/centrafricaine\/politique\/vital-kamerhe-condamne-en-appel-a-13-ans-de-travaux-forces#article\",\"isPartOf\":{\"@id\":\"https:\/\/www.africa-press.net\/centrafricaine\/politique\/vital-kamerhe-condamne-en-appel-a-13-ans-de-travaux-forces\"},\"author\":{\"name\":\"cfeditorfr\",\"@id\":\"https:\/\/www.africa-press.net\/centrafricaine\/#\/schema\/person\/2b1cf3cd81a31e3cd26889ca66d677f1\"},\"headline\":\"Vital Kamerhe condamn\u00e9 en appel \u00e0 13 ans de travaux forc\u00e9s\",\"datePublished\":\"2021-06-16T17:08:11+00:00\",\"dateModified\":\"2021-06-16T18:28:17+00:00\",\"mainEntityOfPage\":{\"@id\":\"https:\/\/www.africa-press.net\/centrafricaine\/politique\/vital-kamerhe-condamne-en-appel-a-13-ans-de-travaux-forces\"},\"wordCount\":421,\"commentCount\":0,\"image\":{\"@id\":\"https:\/\/www.africa-press.net\/centrafricaine\/politique\/vital-kamerhe-condamne-en-appel-a-13-ans-de-travaux-forces#primaryimage\"},\"thumbnailUrl\":\"https:\/\/static.africa-press.net\/centrafricaine\/sites\/45\/2021\/06\/img-60ca2e0c70e5d.jpg\",\"keywords\":[\"Africa Press\",\"Africa Press-CentrAfricaine\",\"CentrAfricaine\"],\"articleSection\":[\"homepage-french\",\"Politique\",\"Toutes les actualit\u00e9s\"],\"inLanguage\":\"fr-FR\",\"potentialAction\":[{\"@type\":\"CommentAction\",\"name\":\"Comment\",\"target\":[\"https:\/\/www.africa-press.net\/centrafricaine\/politique\/vital-kamerhe-condamne-en-appel-a-13-ans-de-travaux-forces#respond\"]}]},{\"@type\":\"WebPage\",\"@id\":\"https:\/\/www.africa-press.net\/centrafricaine\/politique\/vital-kamerhe-condamne-en-appel-a-13-ans-de-travaux-forces\",\"url\":\"https:\/\/www.africa-press.net\/centrafricaine\/politique\/vital-kamerhe-condamne-en-appel-a-13-ans-de-travaux-forces\",\"name\":\"Vital Kamerhe condamn\u00e9 en appel \u00e0 13 ans de travaux forc\u00e9s - centrafricaine\",\"isPartOf\":{\"@id\":\"https:\/\/www.africa-press.net\/centrafricaine\/#website\"},\"primaryImageOfPage\":{\"@id\":\"https:\/\/www.africa-press.net\/centrafricaine\/politique\/vital-kamerhe-condamne-en-appel-a-13-ans-de-travaux-forces#primaryimage\"},\"image\":{\"@id\":\"https:\/\/www.africa-press.net\/centrafricaine\/politique\/vital-kamerhe-condamne-en-appel-a-13-ans-de-travaux-forces#primaryimage\"},\"thumbnailUrl\":\"https:\/\/static.africa-press.net\/centrafricaine\/sites\/45\/2021\/06\/img-60ca2e0c70e5d.jpg\",\"datePublished\":\"2021-06-16T17:08:11+00:00\",\"dateModified\":\"2021-06-16T18:28:17+00:00\",\"author\":{\"@id\":\"https:\/\/www.africa-press.net\/centrafricaine\/#\/schema\/person\/2b1cf3cd81a31e3cd26889ca66d677f1\"},\"description\":\"Bangui ( R\u00e9publique centrafricaine ) \u2013 Le verdict est tomb\u00e9 ce mardi \u00e0 Kinshasa. Vital Kamerhe, l\u2019ex-directeur de cab ...\",\"breadcrumb\":{\"@id\":\"https:\/\/www.africa-press.net\/centrafricaine\/politique\/vital-kamerhe-condamne-en-appel-a-13-ans-de-travaux-forces#breadcrumb\"},\"inLanguage\":\"fr-FR\",\"potentialAction\":[{\"@type\":\"ReadAction\",\"target\":[\"https:\/\/www.africa-press.net\/centrafricaine\/politique\/vital-kamerhe-condamne-en-appel-a-13-ans-de-travaux-forces\"]}]},{\"@type\":\"ImageObject\",\"inLanguage\":\"fr-FR\",\"@id\":\"https:\/\/www.africa-press.net\/centrafricaine\/politique\/vital-kamerhe-condamne-en-appel-a-13-ans-de-travaux-forces#primaryimage\",\"url\":\"https:\/\/static.africa-press.net\/centrafricaine\/sites\/45\/2021\/06\/img-60ca2e0c70e5d.jpg\",\"contentUrl\":\"https:\/\/static.africa-press.net\/centrafricaine\/sites\/45\/2021\/06\/img-60ca2e0c70e5d.jpg\",\"width\":720,\"height\":405,\"caption\":\"Vital Kamerhe condamn\u00e9 en appel \u00e0 13 ans de travaux forc\u00e9s\"},{\"@type\":\"BreadcrumbList\",\"@id\":\"https:\/\/www.africa-press.net\/centrafricaine\/politique\/vital-kamerhe-condamne-en-appel-a-13-ans-de-travaux-forces#breadcrumb\",\"itemListElement\":[{\"@type\":\"ListItem\",\"position\":1,\"name\":\"Accueil\",\"item\":\"https:\/\/www.africa-press.net\/centrafricaine\/\"},{\"@type\":\"ListItem\",\"position\":2,\"name\":\"Vital Kamerhe condamn\u00e9 en appel \u00e0 13 ans de travaux forc\u00e9s\"}]},{\"@type\":\"WebSite\",\"@id\":\"https:\/\/www.africa-press.net\/centrafricaine\/#website\",\"url\":\"https:\/\/www.africa-press.net\/centrafricaine\/\",\"name\":\"centrafricaine\",\"description\":\"Just another Africa News Agency Sites site\",\"potentialAction\":[{\"@type\":\"SearchAction\",\"target\":{\"@type\":\"EntryPoint\",\"urlTemplate\":\"https:\/\/www.africa-press.net\/centrafricaine\/?s={search_term_string}\"},\"query-input\":{\"@type\":\"PropertyValueSpecification\",\"valueRequired\":true,\"valueName\":\"search_term_string\"}}],\"inLanguage\":\"fr-FR\"},{\"@type\":\"Person\",\"@id\":\"https:\/\/www.africa-press.net\/centrafricaine\/#\/schema\/person\/2b1cf3cd81a31e3cd26889ca66d677f1\",\"name\":\"cfeditorfr\"}]}<\/script>\n<!-- \/ Yoast SEO Premium plugin. -->","yoast_head_json":{"title":"Vital Kamerhe condamn\u00e9 en appel \u00e0 13 ans de travaux forc\u00e9s - centrafricaine","description":"Bangui ( R\u00e9publique centrafricaine ) \u2013 Le verdict est tomb\u00e9 ce mardi \u00e0 Kinshasa. Vital Kamerhe, l\u2019ex-directeur de cab ...","robots":{"index":"index","follow":"follow","max-snippet":"max-snippet:-1","max-image-preview":"max-image-preview:large","max-video-preview":"max-video-preview:-1"},"canonical":"https:\/\/www.africa-press.net\/centrafricaine\/politique\/vital-kamerhe-condamne-en-appel-a-13-ans-de-travaux-forces","og_locale":"fr_FR","og_type":"article","og_title":"Vital Kamerhe condamn\u00e9 en appel \u00e0 13 ans de travaux forc\u00e9s","og_description":"Bangui ( R\u00e9publique centrafricaine ) \u2013 Le verdict est tomb\u00e9 ce mardi \u00e0 Kinshasa. Vital Kamerhe, l\u2019ex-directeur de cab ...","og_url":"https:\/\/www.africa-press.net\/centrafricaine\/politique\/vital-kamerhe-condamne-en-appel-a-13-ans-de-travaux-forces","og_site_name":"centrafricaine","article_published_time":"2021-06-16T17:08:11+00:00","article_modified_time":"2021-06-16T18:28:17+00:00","og_image":[{"width":720,"height":405,"url":"https:\/\/static.africa-press.net\/centrafricaine\/sites\/45\/2021\/06\/img-60ca2e0c70e5d.jpg","type":"image\/jpeg"}],"author":"cfeditorfr","twitter_card":"summary_large_image","twitter_misc":{"\u00c9crit par":"cfeditorfr","Dur\u00e9e de lecture estim\u00e9e":"2 minutes"},"schema":{"@context":"https:\/\/schema.org","@graph":[{"@type":"Article","@id":"https:\/\/www.africa-press.net\/centrafricaine\/politique\/vital-kamerhe-condamne-en-appel-a-13-ans-de-travaux-forces#article","isPartOf":{"@id":"https:\/\/www.africa-press.net\/centrafricaine\/politique\/vital-kamerhe-condamne-en-appel-a-13-ans-de-travaux-forces"},"author":{"name":"cfeditorfr","@id":"https:\/\/www.africa-press.net\/centrafricaine\/#\/schema\/person\/2b1cf3cd81a31e3cd26889ca66d677f1"},"headline":"Vital Kamerhe condamn\u00e9 en appel \u00e0 13 ans de travaux forc\u00e9s","datePublished":"2021-06-16T17:08:11+00:00","dateModified":"2021-06-16T18:28:17+00:00","mainEntityOfPage":{"@id":"https:\/\/www.africa-press.net\/centrafricaine\/politique\/vital-kamerhe-condamne-en-appel-a-13-ans-de-travaux-forces"},"wordCount":421,"commentCount":0,"image":{"@id":"https:\/\/www.africa-press.net\/centrafricaine\/politique\/vital-kamerhe-condamne-en-appel-a-13-ans-de-travaux-forces#primaryimage"},"thumbnailUrl":"https:\/\/static.africa-press.net\/centrafricaine\/sites\/45\/2021\/06\/img-60ca2e0c70e5d.jpg","keywords":["Africa Press","Africa Press-CentrAfricaine","CentrAfricaine"],"articleSection":["homepage-french","Politique","Toutes les actualit\u00e9s"],"inLanguage":"fr-FR","potentialAction":[{"@type":"CommentAction","name":"Comment","target":["https:\/\/www.africa-press.net\/centrafricaine\/politique\/vital-kamerhe-condamne-en-appel-a-13-ans-de-travaux-forces#respond"]}]},{"@type":"WebPage","@id":"https:\/\/www.africa-press.net\/centrafricaine\/politique\/vital-kamerhe-condamne-en-appel-a-13-ans-de-travaux-forces","url":"https:\/\/www.africa-press.net\/centrafricaine\/politique\/vital-kamerhe-condamne-en-appel-a-13-ans-de-travaux-forces","name":"Vital Kamerhe condamn\u00e9 en appel \u00e0 13 ans de travaux forc\u00e9s - centrafricaine","isPartOf":{"@id":"https:\/\/www.africa-press.net\/centrafricaine\/#website"},"primaryImageOfPage":{"@id":"https:\/\/www.africa-press.net\/centrafricaine\/politique\/vital-kamerhe-condamne-en-appel-a-13-ans-de-travaux-forces#primaryimage"},"image":{"@id":"https:\/\/www.africa-press.net\/centrafricaine\/politique\/vital-kamerhe-condamne-en-appel-a-13-ans-de-travaux-forces#primaryimage"},"thumbnailUrl":"https:\/\/static.africa-press.net\/centrafricaine\/sites\/45\/2021\/06\/img-60ca2e0c70e5d.jpg","datePublished":"2021-06-16T17:08:11+00:00","dateModified":"2021-06-16T18:28:17+00:00","author":{"@id":"https:\/\/www.africa-press.net\/centrafricaine\/#\/schema\/person\/2b1cf3cd81a31e3cd26889ca66d677f1"},"description":"Bangui ( R\u00e9publique centrafricaine ) \u2013 Le verdict est tomb\u00e9 ce mardi \u00e0 Kinshasa. Vital Kamerhe, l\u2019ex-directeur de cab ...","breadcrumb":{"@id":"https:\/\/www.africa-press.net\/centrafricaine\/politique\/vital-kamerhe-condamne-en-appel-a-13-ans-de-travaux-forces#breadcrumb"},"inLanguage":"fr-FR","potentialAction":[{"@type":"ReadAction","target":["https:\/\/www.africa-press.net\/centrafricaine\/politique\/vital-kamerhe-condamne-en-appel-a-13-ans-de-travaux-forces"]}]},{"@type":"ImageObject","inLanguage":"fr-FR","@id":"https:\/\/www.africa-press.net\/centrafricaine\/politique\/vital-kamerhe-condamne-en-appel-a-13-ans-de-travaux-forces#primaryimage","url":"https:\/\/static.africa-press.net\/centrafricaine\/sites\/45\/2021\/06\/img-60ca2e0c70e5d.jpg","contentUrl":"https:\/\/static.africa-press.net\/centrafricaine\/sites\/45\/2021\/06\/img-60ca2e0c70e5d.jpg","width":720,"height":405,"caption":"Vital Kamerhe condamn\u00e9 en appel \u00e0 13 ans de travaux forc\u00e9s"},{"@type":"BreadcrumbList","@id":"https:\/\/www.africa-press.net\/centrafricaine\/politique\/vital-kamerhe-condamne-en-appel-a-13-ans-de-travaux-forces#breadcrumb","itemListElement":[{"@type":"ListItem","position":1,"name":"Accueil","item":"https:\/\/www.africa-press.net\/centrafricaine\/"},{"@type":"ListItem","position":2,"name":"Vital Kamerhe condamn\u00e9 en appel \u00e0 13 ans de travaux forc\u00e9s"}]},{"@type":"WebSite","@id":"https:\/\/www.africa-press.net\/centrafricaine\/#website","url":"https:\/\/www.africa-press.net\/centrafricaine\/","name":"centrafricaine","description":"Just another Africa News Agency Sites site","potentialAction":[{"@type":"SearchAction","target":{"@type":"EntryPoint","urlTemplate":"https:\/\/www.africa-press.net\/centrafricaine\/?s={search_term_string}"},"query-input":{"@type":"PropertyValueSpecification","valueRequired":true,"valueName":"search_term_string"}}],"inLanguage":"fr-FR"},{"@type":"Person","@id":"https:\/\/www.africa-press.net\/centrafricaine\/#\/schema\/person\/2b1cf3cd81a31e3cd26889ca66d677f1","name":"cfeditorfr"}]}},"_links":{"self":[{"href":"https:\/\/www.africa-press.net\/centrafricaine\/wp-json\/wp\/v2\/posts\/8135","targetHints":{"allow":["GET"]}}],"collection":[{"href":"https:\/\/www.africa-press.net\/centrafricaine\/wp-json\/wp\/v2\/posts"}],"about":[{"href":"https:\/\/www.africa-press.net\/centrafricaine\/wp-json\/wp\/v2\/types\/post"}],"author":[{"embeddable":true,"href":"https:\/\/www.africa-press.net\/centrafricaine\/wp-json\/wp\/v2\/users\/82"}],"replies":[{"embeddable":true,"href":"https:\/\/www.africa-press.net\/centrafricaine\/wp-json\/wp\/v2\/comments?post=8135"}],"version-history":[{"count":0,"href":"https:\/\/www.africa-press.net\/centrafricaine\/wp-json\/wp\/v2\/posts\/8135\/revisions"}],"wp:featuredmedia":[{"embeddable":true,"href":"https:\/\/www.africa-press.net\/centrafricaine\/wp-json\/wp\/v2\/media\/8134"}],"wp:attachment":[{"href":"https:\/\/www.africa-press.net\/centrafricaine\/wp-json\/wp\/v2\/media?parent=8135"}],"wp:term":[{"taxonomy":"category","embeddable":true,"href":"https:\/\/www.africa-press.net\/centrafricaine\/wp-json\/wp\/v2\/categories?post=8135"},{"taxonomy":"post_tag","embeddable":true,"href":"https:\/\/www.africa-press.net\/centrafricaine\/wp-json\/wp\/v2\/tags?post=8135"}],"curies":[{"name":"wp","href":"https:\/\/api.w.org\/{rel}","templated":true}]}}