{"id":8138,"date":"2021-06-16T17:18:57","date_gmt":"2021-06-16T17:18:57","guid":{"rendered":"https:\/\/www.africa-press.net\/centrafricaine\/?p=8138"},"modified":"2021-06-16T18:28:28","modified_gmt":"2021-06-16T18:28:28","slug":"rca-greve-des-elements-des-usms-le-troncon-baoro-bouar-bloque","status":"publish","type":"post","link":"https:\/\/www.africa-press.net\/centrafricaine\/politique\/rca-greve-des-elements-des-usms-le-troncon-baoro-bouar-bloque","title":{"rendered":"gr\u00e8ve des \u00e9l\u00e9ments des USMS, le tron\u00e7on Baoro \u2013 Bouar bloqu\u00e9"},"content":{"rendered":"<p><span style=\"color: #ff6600\"><strong><a href=\"https:\/\/www.africa-press.net\/\">Africa-Press<\/a> &#8211; <a href=\"https:\/\/www.africa-press.net\/centrafricaine\">CentrAfricaine<\/a>. <\/strong><\/span>\u00a0La route nationale num\u00e9ro 3, commun\u00e9ment appel\u00e9e corridor Bangui B\u00e9loko, a \u00e9t\u00e9 largement perturb\u00e9e ce mercredi \u00e0 la suite d\u2019une gr\u00e8ve de plus de 300 \u00e9l\u00e9ments de l\u2019unit\u00e9 sp\u00e9ciale mixte de s\u00e9curit\u00e9 (USMS) bas\u00e9s dans la ville de Bouar. Ils r\u00e9clament le paiement d\u2019arri\u00e9r\u00e9 de 11 mois de leur prime ainsi que leur incorporation au sein de l\u2019arm\u00e9e.<\/p>\n<p>Les \u00e9l\u00e9ments des unit\u00e9s sp\u00e9ciales mixtes de s\u00e9curit\u00e9 (USMS) en fin de formation depuis plusieurs mois \u00e0 Bouar, dans la pr\u00e9fecture de la Nana-Mamb\u00e9r\u00e9, ont observ\u00e9 depuis ce mercredi matin une gr\u00e8ve illimit\u00e9e.<\/p>\n<p>Dans leurs revendications, les gr\u00e9vistes r\u00e9clament le paiement sans d\u00e9lai de 11 mois de leur prime et leur incorporation au sein de l\u2019arm\u00e9e nationale.<\/p>\n<p>Ces m\u00e9contents ont \u00e9rig\u00e9 de barricade sur l\u2019axe Bouar Baoro, plus pr\u00e9cis\u00e9ment au village Wantiguira, situ\u00e9 \u00e0 8 kilom\u00e8tres de Bouar.<\/p>\n<p><b>\u00ab Nous d\u00e9marrons ici \u00e0 l\u2019USMS depuis le 16 octobre 2019, et nous finissons nos formations ici au 12 mai 2020. Mais pr\u00e9sentement, nous avons un arri\u00e9r\u00e9 de 11 mois que le gouvernement ne nous a pas encore pay\u00e9. Nous demandons le r\u00e8glement de ces arri\u00e9r\u00e9s ainsi que notre matricule d\u00e8s maintenant. S\u2019il n\u2019y a pas des matricules, nous allons enlever nos tenues et nous regagnons les quartiers \u00bb<\/b><\/p>\n<p>, a d\u00e9clar\u00e9 l\u2019un des manifestants.<\/p>\n<p>Pour l\u2019heure, aucune discussion n\u2019est engag\u00e9e avec les manifestants, et le gouvernement ainsi que l\u2019\u00c9tat major de l\u2019arm\u00e9e n\u2019ont pas encore r\u00e9agi.<\/p>\n<p>Rappelons qu\u2019en avril 2020, les premi\u00e8res promotions des USMS ont observ\u00e9 une gr\u00e8ve de plusieurs jours pour revendiquer le paiement de leur arri\u00e9r\u00e9 de primes ainsi que leur incorporation au sein de l\u2019arm\u00e9e nationale. Ce qui avait \u00e9t\u00e9 fait, et ils sont depuis affect\u00e9s \u00e0 Paoua, dans la pr\u00e9fecture de Lim-Pend\u00e9.<\/p>\n<p><b>\u00a0<\/b><\/p>\n","protected":false},"excerpt":{"rendered":"<p>Africa-Press &#8211; CentrAfricaine. \u00a0La route nationale num\u00e9ro 3, commun\u00e9ment appel\u00e9e corridor Bangui B\u00e9loko, a \u00e9t\u00e9 largement perturb\u00e9e ce mercredi \u00e0 la suite d\u2019une gr\u00e8ve de plus de 300 \u00e9l\u00e9ments de l\u2019unit\u00e9 sp\u00e9ciale mixte de s\u00e9curit\u00e9 (USMS) bas\u00e9s dans la ville de Bouar. Ils r\u00e9clament le paiement d\u2019arri\u00e9r\u00e9 de 11 mois de leur prime ainsi que [&hellip;]<\/p>\n","protected":false},"author":82,"featured_media":8137,"comment_status":"open","ping_status":"closed","sticky":false,"template":"","format":"standard","meta":{"footnotes":""},"categories":[11,2,10],"tags":[36,58,30],"class_list":["post-8138","post","type-post","status-publish","format-standard","has-post-thumbnail","hentry","category-homepage-french","category-politique","category-toutes-les-actualites","tag-africa-press","tag-africa-press-centrafricaine","tag-centrafricaine"],"yoast_head":"<!-- This site is optimized with the Yoast SEO Premium plugin v26.1 (Yoast SEO v27.0) - https:\/\/yoast.com\/product\/yoast-seo-premium-wordpress\/ -->\n<title>gr\u00e8ve des \u00e9l\u00e9ments des USMS, le tron\u00e7on Baoro \u2013 Bouar bloqu\u00e9 - centrafricaine<\/title>\n<meta name=\"description\" content=\"Bangui, R\u00e9publique centrafricaine, mercredi, 16 juin 2021, 08:57:04 ( Corbeaunews-Centrafrique ). La route natio ...\" \/>\n<meta name=\"robots\" content=\"index, follow, max-snippet:-1, max-image-preview:large, max-video-preview:-1\" \/>\n<link rel=\"canonical\" href=\"https:\/\/www.africa-press.net\/centrafricaine\/politique\/rca-greve-des-elements-des-usms-le-troncon-baoro-bouar-bloque\" \/>\n<meta property=\"og:locale\" content=\"fr_FR\" \/>\n<meta property=\"og:type\" content=\"article\" \/>\n<meta property=\"og:title\" content=\"gr\u00e8ve des \u00e9l\u00e9ments des USMS, le tron\u00e7on Baoro \u2013 Bouar bloqu\u00e9\" \/>\n<meta property=\"og:description\" content=\"Bangui, R\u00e9publique centrafricaine, mercredi, 16 juin 2021, 08:57:04 ( Corbeaunews-Centrafrique ). La route natio ...\" \/>\n<meta property=\"og:url\" content=\"https:\/\/www.africa-press.net\/centrafricaine\/politique\/rca-greve-des-elements-des-usms-le-troncon-baoro-bouar-bloque\" \/>\n<meta property=\"og:site_name\" content=\"centrafricaine\" \/>\n<meta property=\"article:published_time\" content=\"2021-06-16T17:18:57+00:00\" \/>\n<meta property=\"article:modified_time\" content=\"2021-06-16T18:28:28+00:00\" \/>\n<meta property=\"og:image\" content=\"https:\/\/static.africa-press.net\/centrafricaine\/sites\/45\/2021\/06\/img-60ca2e3725ef5.jpg\" \/>\n\t<meta property=\"og:image:width\" content=\"720\" \/>\n\t<meta property=\"og:image:height\" content=\"403\" \/>\n\t<meta property=\"og:image:type\" content=\"image\/jpeg\" \/>\n<meta name=\"author\" content=\"cfeditorfr\" \/>\n<meta name=\"twitter:card\" content=\"summary_large_image\" \/>\n<meta name=\"twitter:label1\" content=\"\u00c9crit par\" \/>\n\t<meta name=\"twitter:data1\" content=\"cfeditorfr\" \/>\n\t<meta name=\"twitter:label2\" content=\"Dur\u00e9e de lecture estim\u00e9e\" \/>\n\t<meta name=\"twitter:data2\" content=\"2 minutes\" \/>\n<script type=\"application\/ld+json\" class=\"yoast-schema-graph\">{\"@context\":\"https:\/\/schema.org\",\"@graph\":[{\"@type\":\"Article\",\"@id\":\"https:\/\/www.africa-press.net\/centrafricaine\/politique\/rca-greve-des-elements-des-usms-le-troncon-baoro-bouar-bloque#article\",\"isPartOf\":{\"@id\":\"https:\/\/www.africa-press.net\/centrafricaine\/politique\/rca-greve-des-elements-des-usms-le-troncon-baoro-bouar-bloque\"},\"author\":{\"name\":\"cfeditorfr\",\"@id\":\"https:\/\/www.africa-press.net\/centrafricaine\/#\/schema\/person\/2b1cf3cd81a31e3cd26889ca66d677f1\"},\"headline\":\"gr\u00e8ve des \u00e9l\u00e9ments des USMS, le tron\u00e7on Baoro \u2013 Bouar bloqu\u00e9\",\"datePublished\":\"2021-06-16T17:18:57+00:00\",\"dateModified\":\"2021-06-16T18:28:28+00:00\",\"mainEntityOfPage\":{\"@id\":\"https:\/\/www.africa-press.net\/centrafricaine\/politique\/rca-greve-des-elements-des-usms-le-troncon-baoro-bouar-bloque\"},\"wordCount\":344,\"commentCount\":0,\"image\":{\"@id\":\"https:\/\/www.africa-press.net\/centrafricaine\/politique\/rca-greve-des-elements-des-usms-le-troncon-baoro-bouar-bloque#primaryimage\"},\"thumbnailUrl\":\"https:\/\/static.africa-press.net\/centrafricaine\/sites\/45\/2021\/06\/img-60ca2e3725ef5.jpg\",\"keywords\":[\"Africa Press\",\"Africa Press-CentrAfricaine\",\"CentrAfricaine\"],\"articleSection\":[\"homepage-french\",\"Politique\",\"Toutes les actualit\u00e9s\"],\"inLanguage\":\"fr-FR\",\"potentialAction\":[{\"@type\":\"CommentAction\",\"name\":\"Comment\",\"target\":[\"https:\/\/www.africa-press.net\/centrafricaine\/politique\/rca-greve-des-elements-des-usms-le-troncon-baoro-bouar-bloque#respond\"]}]},{\"@type\":\"WebPage\",\"@id\":\"https:\/\/www.africa-press.net\/centrafricaine\/politique\/rca-greve-des-elements-des-usms-le-troncon-baoro-bouar-bloque\",\"url\":\"https:\/\/www.africa-press.net\/centrafricaine\/politique\/rca-greve-des-elements-des-usms-le-troncon-baoro-bouar-bloque\",\"name\":\"gr\u00e8ve des \u00e9l\u00e9ments des USMS, le tron\u00e7on Baoro \u2013 Bouar bloqu\u00e9 - centrafricaine\",\"isPartOf\":{\"@id\":\"https:\/\/www.africa-press.net\/centrafricaine\/#website\"},\"primaryImageOfPage\":{\"@id\":\"https:\/\/www.africa-press.net\/centrafricaine\/politique\/rca-greve-des-elements-des-usms-le-troncon-baoro-bouar-bloque#primaryimage\"},\"image\":{\"@id\":\"https:\/\/www.africa-press.net\/centrafricaine\/politique\/rca-greve-des-elements-des-usms-le-troncon-baoro-bouar-bloque#primaryimage\"},\"thumbnailUrl\":\"https:\/\/static.africa-press.net\/centrafricaine\/sites\/45\/2021\/06\/img-60ca2e3725ef5.jpg\",\"datePublished\":\"2021-06-16T17:18:57+00:00\",\"dateModified\":\"2021-06-16T18:28:28+00:00\",\"author\":{\"@id\":\"https:\/\/www.africa-press.net\/centrafricaine\/#\/schema\/person\/2b1cf3cd81a31e3cd26889ca66d677f1\"},\"description\":\"Bangui, R\u00e9publique centrafricaine, mercredi, 16 juin 2021, 08:57:04 ( Corbeaunews-Centrafrique ). La route natio ...\",\"breadcrumb\":{\"@id\":\"https:\/\/www.africa-press.net\/centrafricaine\/politique\/rca-greve-des-elements-des-usms-le-troncon-baoro-bouar-bloque#breadcrumb\"},\"inLanguage\":\"fr-FR\",\"potentialAction\":[{\"@type\":\"ReadAction\",\"target\":[\"https:\/\/www.africa-press.net\/centrafricaine\/politique\/rca-greve-des-elements-des-usms-le-troncon-baoro-bouar-bloque\"]}]},{\"@type\":\"ImageObject\",\"inLanguage\":\"fr-FR\",\"@id\":\"https:\/\/www.africa-press.net\/centrafricaine\/politique\/rca-greve-des-elements-des-usms-le-troncon-baoro-bouar-bloque#primaryimage\",\"url\":\"https:\/\/static.africa-press.net\/centrafricaine\/sites\/45\/2021\/06\/img-60ca2e3725ef5.jpg\",\"contentUrl\":\"https:\/\/static.africa-press.net\/centrafricaine\/sites\/45\/2021\/06\/img-60ca2e3725ef5.jpg\",\"width\":720,\"height\":403,\"caption\":\"RCA\u00a0: gr\u00e8ve des \u00e9l\u00e9ments des USMS, le tron\u00e7on Baoro \u2013 Bouar bloqu\u00e9\"},{\"@type\":\"BreadcrumbList\",\"@id\":\"https:\/\/www.africa-press.net\/centrafricaine\/politique\/rca-greve-des-elements-des-usms-le-troncon-baoro-bouar-bloque#breadcrumb\",\"itemListElement\":[{\"@type\":\"ListItem\",\"position\":1,\"name\":\"Accueil\",\"item\":\"https:\/\/www.africa-press.net\/centrafricaine\/\"},{\"@type\":\"ListItem\",\"position\":2,\"name\":\"gr\u00e8ve des \u00e9l\u00e9ments des USMS, le tron\u00e7on Baoro \u2013 Bouar bloqu\u00e9\"}]},{\"@type\":\"WebSite\",\"@id\":\"https:\/\/www.africa-press.net\/centrafricaine\/#website\",\"url\":\"https:\/\/www.africa-press.net\/centrafricaine\/\",\"name\":\"centrafricaine\",\"description\":\"Just another Africa News Agency Sites site\",\"potentialAction\":[{\"@type\":\"SearchAction\",\"target\":{\"@type\":\"EntryPoint\",\"urlTemplate\":\"https:\/\/www.africa-press.net\/centrafricaine\/?s={search_term_string}\"},\"query-input\":{\"@type\":\"PropertyValueSpecification\",\"valueRequired\":true,\"valueName\":\"search_term_string\"}}],\"inLanguage\":\"fr-FR\"},{\"@type\":\"Person\",\"@id\":\"https:\/\/www.africa-press.net\/centrafricaine\/#\/schema\/person\/2b1cf3cd81a31e3cd26889ca66d677f1\",\"name\":\"cfeditorfr\"}]}<\/script>\n<!-- \/ Yoast SEO Premium plugin. -->","yoast_head_json":{"title":"gr\u00e8ve des \u00e9l\u00e9ments des USMS, le tron\u00e7on Baoro \u2013 Bouar bloqu\u00e9 - centrafricaine","description":"Bangui, R\u00e9publique centrafricaine, mercredi, 16 juin 2021, 08:57:04 ( Corbeaunews-Centrafrique ). La route natio ...","robots":{"index":"index","follow":"follow","max-snippet":"max-snippet:-1","max-image-preview":"max-image-preview:large","max-video-preview":"max-video-preview:-1"},"canonical":"https:\/\/www.africa-press.net\/centrafricaine\/politique\/rca-greve-des-elements-des-usms-le-troncon-baoro-bouar-bloque","og_locale":"fr_FR","og_type":"article","og_title":"gr\u00e8ve des \u00e9l\u00e9ments des USMS, le tron\u00e7on Baoro \u2013 Bouar bloqu\u00e9","og_description":"Bangui, R\u00e9publique centrafricaine, mercredi, 16 juin 2021, 08:57:04 ( Corbeaunews-Centrafrique ). La route natio ...","og_url":"https:\/\/www.africa-press.net\/centrafricaine\/politique\/rca-greve-des-elements-des-usms-le-troncon-baoro-bouar-bloque","og_site_name":"centrafricaine","article_published_time":"2021-06-16T17:18:57+00:00","article_modified_time":"2021-06-16T18:28:28+00:00","og_image":[{"width":720,"height":403,"url":"https:\/\/static.africa-press.net\/centrafricaine\/sites\/45\/2021\/06\/img-60ca2e3725ef5.jpg","type":"image\/jpeg"}],"author":"cfeditorfr","twitter_card":"summary_large_image","twitter_misc":{"\u00c9crit par":"cfeditorfr","Dur\u00e9e de lecture estim\u00e9e":"2 minutes"},"schema":{"@context":"https:\/\/schema.org","@graph":[{"@type":"Article","@id":"https:\/\/www.africa-press.net\/centrafricaine\/politique\/rca-greve-des-elements-des-usms-le-troncon-baoro-bouar-bloque#article","isPartOf":{"@id":"https:\/\/www.africa-press.net\/centrafricaine\/politique\/rca-greve-des-elements-des-usms-le-troncon-baoro-bouar-bloque"},"author":{"name":"cfeditorfr","@id":"https:\/\/www.africa-press.net\/centrafricaine\/#\/schema\/person\/2b1cf3cd81a31e3cd26889ca66d677f1"},"headline":"gr\u00e8ve des \u00e9l\u00e9ments des USMS, le tron\u00e7on Baoro \u2013 Bouar bloqu\u00e9","datePublished":"2021-06-16T17:18:57+00:00","dateModified":"2021-06-16T18:28:28+00:00","mainEntityOfPage":{"@id":"https:\/\/www.africa-press.net\/centrafricaine\/politique\/rca-greve-des-elements-des-usms-le-troncon-baoro-bouar-bloque"},"wordCount":344,"commentCount":0,"image":{"@id":"https:\/\/www.africa-press.net\/centrafricaine\/politique\/rca-greve-des-elements-des-usms-le-troncon-baoro-bouar-bloque#primaryimage"},"thumbnailUrl":"https:\/\/static.africa-press.net\/centrafricaine\/sites\/45\/2021\/06\/img-60ca2e3725ef5.jpg","keywords":["Africa Press","Africa Press-CentrAfricaine","CentrAfricaine"],"articleSection":["homepage-french","Politique","Toutes les actualit\u00e9s"],"inLanguage":"fr-FR","potentialAction":[{"@type":"CommentAction","name":"Comment","target":["https:\/\/www.africa-press.net\/centrafricaine\/politique\/rca-greve-des-elements-des-usms-le-troncon-baoro-bouar-bloque#respond"]}]},{"@type":"WebPage","@id":"https:\/\/www.africa-press.net\/centrafricaine\/politique\/rca-greve-des-elements-des-usms-le-troncon-baoro-bouar-bloque","url":"https:\/\/www.africa-press.net\/centrafricaine\/politique\/rca-greve-des-elements-des-usms-le-troncon-baoro-bouar-bloque","name":"gr\u00e8ve des \u00e9l\u00e9ments des USMS, le tron\u00e7on Baoro \u2013 Bouar bloqu\u00e9 - centrafricaine","isPartOf":{"@id":"https:\/\/www.africa-press.net\/centrafricaine\/#website"},"primaryImageOfPage":{"@id":"https:\/\/www.africa-press.net\/centrafricaine\/politique\/rca-greve-des-elements-des-usms-le-troncon-baoro-bouar-bloque#primaryimage"},"image":{"@id":"https:\/\/www.africa-press.net\/centrafricaine\/politique\/rca-greve-des-elements-des-usms-le-troncon-baoro-bouar-bloque#primaryimage"},"thumbnailUrl":"https:\/\/static.africa-press.net\/centrafricaine\/sites\/45\/2021\/06\/img-60ca2e3725ef5.jpg","datePublished":"2021-06-16T17:18:57+00:00","dateModified":"2021-06-16T18:28:28+00:00","author":{"@id":"https:\/\/www.africa-press.net\/centrafricaine\/#\/schema\/person\/2b1cf3cd81a31e3cd26889ca66d677f1"},"description":"Bangui, R\u00e9publique centrafricaine, mercredi, 16 juin 2021, 08:57:04 ( Corbeaunews-Centrafrique ). La route natio ...","breadcrumb":{"@id":"https:\/\/www.africa-press.net\/centrafricaine\/politique\/rca-greve-des-elements-des-usms-le-troncon-baoro-bouar-bloque#breadcrumb"},"inLanguage":"fr-FR","potentialAction":[{"@type":"ReadAction","target":["https:\/\/www.africa-press.net\/centrafricaine\/politique\/rca-greve-des-elements-des-usms-le-troncon-baoro-bouar-bloque"]}]},{"@type":"ImageObject","inLanguage":"fr-FR","@id":"https:\/\/www.africa-press.net\/centrafricaine\/politique\/rca-greve-des-elements-des-usms-le-troncon-baoro-bouar-bloque#primaryimage","url":"https:\/\/static.africa-press.net\/centrafricaine\/sites\/45\/2021\/06\/img-60ca2e3725ef5.jpg","contentUrl":"https:\/\/static.africa-press.net\/centrafricaine\/sites\/45\/2021\/06\/img-60ca2e3725ef5.jpg","width":720,"height":403,"caption":"RCA\u00a0: gr\u00e8ve des \u00e9l\u00e9ments des USMS, le tron\u00e7on Baoro \u2013 Bouar bloqu\u00e9"},{"@type":"BreadcrumbList","@id":"https:\/\/www.africa-press.net\/centrafricaine\/politique\/rca-greve-des-elements-des-usms-le-troncon-baoro-bouar-bloque#breadcrumb","itemListElement":[{"@type":"ListItem","position":1,"name":"Accueil","item":"https:\/\/www.africa-press.net\/centrafricaine\/"},{"@type":"ListItem","position":2,"name":"gr\u00e8ve des \u00e9l\u00e9ments des USMS, le tron\u00e7on Baoro \u2013 Bouar bloqu\u00e9"}]},{"@type":"WebSite","@id":"https:\/\/www.africa-press.net\/centrafricaine\/#website","url":"https:\/\/www.africa-press.net\/centrafricaine\/","name":"centrafricaine","description":"Just another Africa News Agency Sites site","potentialAction":[{"@type":"SearchAction","target":{"@type":"EntryPoint","urlTemplate":"https:\/\/www.africa-press.net\/centrafricaine\/?s={search_term_string}"},"query-input":{"@type":"PropertyValueSpecification","valueRequired":true,"valueName":"search_term_string"}}],"inLanguage":"fr-FR"},{"@type":"Person","@id":"https:\/\/www.africa-press.net\/centrafricaine\/#\/schema\/person\/2b1cf3cd81a31e3cd26889ca66d677f1","name":"cfeditorfr"}]}},"_links":{"self":[{"href":"https:\/\/www.africa-press.net\/centrafricaine\/wp-json\/wp\/v2\/posts\/8138","targetHints":{"allow":["GET"]}}],"collection":[{"href":"https:\/\/www.africa-press.net\/centrafricaine\/wp-json\/wp\/v2\/posts"}],"about":[{"href":"https:\/\/www.africa-press.net\/centrafricaine\/wp-json\/wp\/v2\/types\/post"}],"author":[{"embeddable":true,"href":"https:\/\/www.africa-press.net\/centrafricaine\/wp-json\/wp\/v2\/users\/82"}],"replies":[{"embeddable":true,"href":"https:\/\/www.africa-press.net\/centrafricaine\/wp-json\/wp\/v2\/comments?post=8138"}],"version-history":[{"count":0,"href":"https:\/\/www.africa-press.net\/centrafricaine\/wp-json\/wp\/v2\/posts\/8138\/revisions"}],"wp:featuredmedia":[{"embeddable":true,"href":"https:\/\/www.africa-press.net\/centrafricaine\/wp-json\/wp\/v2\/media\/8137"}],"wp:attachment":[{"href":"https:\/\/www.africa-press.net\/centrafricaine\/wp-json\/wp\/v2\/media?parent=8138"}],"wp:term":[{"taxonomy":"category","embeddable":true,"href":"https:\/\/www.africa-press.net\/centrafricaine\/wp-json\/wp\/v2\/categories?post=8138"},{"taxonomy":"post_tag","embeddable":true,"href":"https:\/\/www.africa-press.net\/centrafricaine\/wp-json\/wp\/v2\/tags?post=8138"}],"curies":[{"name":"wp","href":"https:\/\/api.w.org\/{rel}","templated":true}]}}