{"id":8144,"date":"2021-06-16T17:35:23","date_gmt":"2021-06-16T17:35:23","guid":{"rendered":"https:\/\/www.africa-press.net\/centrafricaine\/?p=8144"},"modified":"2021-06-16T18:29:34","modified_gmt":"2021-06-16T18:29:34","slug":"fin-de-mandat-pour-fatou-bensouda-a-la-cpi","status":"publish","type":"post","link":"https:\/\/www.africa-press.net\/centrafricaine\/politique\/fin-de-mandat-pour-fatou-bensouda-a-la-cpi","title":{"rendered":"Fin de mandat pour Fatou Bensouda \u00e0 la CPI"},"content":{"rendered":"<p><span style=\"color: #ff6600\"><strong><a href=\"https:\/\/www.africa-press.net\/\">Africa-Press<\/a> &#8211; <a href=\"https:\/\/www.africa-press.net\/centrafricaine\">CentrAfricaine<\/a>.\u00a0 <\/strong><\/span><b>Le Britannique Karim Khan devient officiellement le procureur de la CPI, ce 16 juin. Il remplace Fatou Bensouda dont le bilan est diversement appr\u00e9ci\u00e9.<\/b><\/p>\n<p>Le mandat de neuf ans de Fatou Bensouda, la procureure de la Cour p\u00e9nale internationale expire ce mardi (15.06.2021). Son successeur, le Britannique Karim Khan, prend officiellement ses fonctions mercredi dans la salle d\u2019audience de la juridiction internationale \u00e0 la Haye, aux Pays-Bas. Que peut-on retenir du bilan de l\u2019ancienne ministre gambienne de la Justice au parquet de la CPI ? Et quelles seront les marges de man\u0153uvres de Karim Khan, son successeur ?<\/p>\n<p>L\u2019\u00e9chiquier politique ivoirien troubl\u00e9 par Fatou Bensouda<\/p>\n<p>\u201cLa Cour p\u00e9nale internationale a fait plus de show, plus de proc\u00e8s spectaculaires. Mais \u00e0 l\u2019arriv\u00e9e, elle fait juste toujours chou blanc\u201d, estime l\u2019analyste et homme politique s\u00e9n\u00e9galais, Adama Gaye.<\/p>\n<p>Selon lui, beaucoup en Afrique formulent les m\u00eames griefs \u00e0 l\u2019endroit de la Cour p\u00e9nale internationale (CPI), accus\u00e9e de n\u2019avoir jusqu\u2019ici poursuivi que des Africains. Adama Gaye fait un diagnostic sans \u00e9quivoque : \u201cl\u2019\u00e9lan, l\u2019enthousiasme qu\u2019il y avait autour de la Cour p\u00e9nale internationale est retomb\u00e9. Il ne manque pas d\u2019entit\u00e9 ou d\u2019Etat qui s\u2019oppose \u00e0 elle. Madame Bensouda, apr\u00e8s neuf ans de pr\u00e9sence \u00e0 la t\u00eate du parquet de la Cour, ne part pas avec un bilan \u00e9logieux\u201d.<\/p>\n<p>Des actions positives<\/p>\n<p>Cependant, ma\u00eetre Mamadou Isma\u00efla Konat\u00e9, avocat et ancien ministre de la Justice du Mali est moins critique vis-\u00e0-vis de la CPI.<\/p>\n<p>\u201cQuand on prend en compte la nature de la juridiction, quand on prend en compte la situation des difficult\u00e9s \u00e0 laquelle \u00e9tait expos\u00e9e cette juridiction qui ne lui ont pas donn\u00e9 l\u2019occasion d\u2019\u00eatre autonome, bien \u00e9videmment on peut avoir l\u2019impression que le bilan est mitig\u00e9. Mais pour autant, en mati\u00e8re de lutte contre l\u2019impunit\u00e9, en mati\u00e8re de lutte contre le crime, chaque fois que l\u2019on appr\u00e9hende un criminel, c\u2019est quelque chose de tr\u00e8s positif dans le contexte de la CPI\u201d.<\/p>\n<p>Une juridiction sous pression<\/p>\n<p>La prise de fonction de son successeur, le Britannique Karim Khan, survient dans une p\u00e9riode marqu\u00e9e par les fortes pressions que subit la CPI de la part des Etats-Unis qui n\u2019ont toujours pas sign\u00e9 le statut de Rome, fondant la juridiction internationale.<\/p>\n<p>C\u2019est pourquoi Adama Gaye n\u2019attend pas grand-chose de cet avocat, sp\u00e9cialiste des droits humains qui a r\u00e9cemment dirig\u00e9 une enqu\u00eate sp\u00e9ciale de l\u2019Onu sur les crimes du groupe Etat islamique.<\/p>\n<p>Karim Khan, le nouveau procureur de la CPI<\/p>\n<p>\u201cEvidemment, on ne peut pas s\u2019attendre \u00e0 ce que le nouveau procureur, Karim Khan, puisse faire mieux que Fatou Bensouda. Dans la mesure o\u00f9 ce nouveau procureur est connu pour avoir \u00e9t\u00e9 l\u2019avocat des grands criminels, que ce soit Charles Taylor et d\u2019autres. Donc, encore une fois, on a l\u2019impression que cette Cour avance sans savoir o\u00f9 elle va. Et sa cr\u00e9dibilit\u00e9 est plus que jamais remise en question\u201d.<\/p>\n<p>Avocat prolifique<\/p>\n<p>Outre Charles Taylor, Karim Khan a aussi d\u00e9fendu, devant la Cour p\u00e9nale internationale, les int\u00e9r\u00eats de l\u2019ancien vice-pr\u00e9sident k\u00e9nyan William Ruto, du Congolais Jean-Pierre Bemba et du fils de l\u2019ancien dirigeant libyen, Sa\u00eff al-Islam Kadhafi.<\/p>\n<p>Karim Khan est le troisi\u00e8me procureur de la Cour bas\u00e9e \u00e0 La Haye. Celle qui le pr\u00e9c\u00e8de \u00e0 ce poste, Fatou Bensouda avait \u00e9t\u00e9 nomm\u00e9e par consensus en 2011. Tout comme son pr\u00e9d\u00e9cesseur, l\u2019Argentin Luis Moreno Ocampo.<\/p>\n<p>Le nouveau procureur a \u00e9galement travaill\u00e9 dans plusieurs tribunaux internationaux et sp\u00e9ciaux pour le Rwanda, la Sierra Leone, le Liban, le Cambodge et l\u2019ex-Yougoslavie.<\/p>\n<p>Parmi les premiers dossiers qui l\u2019attendent, il y a l\u2019enqu\u00eate sur les crimes de guerre commis en Afghanistan, des crimes qui pourraient impliquer les Etats-Unis. Ainsi que ceux perp\u00e9tr\u00e9s dans les territoires palestiniens.<\/p>\n<p>&nbsp;<\/p>\n","protected":false},"excerpt":{"rendered":"<p>Africa-Press &#8211; CentrAfricaine.\u00a0 Le Britannique Karim Khan devient officiellement le procureur de la CPI, ce 16 juin. Il remplace Fatou Bensouda dont le bilan est diversement appr\u00e9ci\u00e9. Le mandat de neuf ans de Fatou Bensouda, la procureure de la Cour p\u00e9nale internationale expire ce mardi (15.06.2021). Son successeur, le Britannique Karim Khan, prend officiellement ses [&hellip;]<\/p>\n","protected":false},"author":82,"featured_media":8143,"comment_status":"open","ping_status":"closed","sticky":false,"template":"","format":"standard","meta":{"footnotes":""},"categories":[11,2,10],"tags":[36,58,30],"class_list":["post-8144","post","type-post","status-publish","format-standard","has-post-thumbnail","hentry","category-homepage-french","category-politique","category-toutes-les-actualites","tag-africa-press","tag-africa-press-centrafricaine","tag-centrafricaine"],"yoast_head":"<!-- This site is optimized with the Yoast SEO Premium plugin v26.1 (Yoast SEO v27.0) - https:\/\/yoast.com\/product\/yoast-seo-premium-wordpress\/ -->\n<title>Fin de mandat pour Fatou Bensouda \u00e0 la CPI - centrafricaine<\/title>\n<meta name=\"description\" content=\"Bangui ( R\u00e9publique centrafricaine ) \u2013 Le Britannique Karim Khan devient officiellement le procureur de la CPI, ce 16 ...\" \/>\n<meta name=\"robots\" content=\"index, follow, max-snippet:-1, max-image-preview:large, max-video-preview:-1\" \/>\n<link rel=\"canonical\" href=\"https:\/\/www.africa-press.net\/centrafricaine\/politique\/fin-de-mandat-pour-fatou-bensouda-a-la-cpi\" \/>\n<meta property=\"og:locale\" content=\"fr_FR\" \/>\n<meta property=\"og:type\" content=\"article\" \/>\n<meta property=\"og:title\" content=\"Fin de mandat pour Fatou Bensouda \u00e0 la CPI\" \/>\n<meta property=\"og:description\" content=\"Bangui ( R\u00e9publique centrafricaine ) \u2013 Le Britannique Karim Khan devient officiellement le procureur de la CPI, ce 16 ...\" \/>\n<meta property=\"og:url\" content=\"https:\/\/www.africa-press.net\/centrafricaine\/politique\/fin-de-mandat-pour-fatou-bensouda-a-la-cpi\" \/>\n<meta property=\"og:site_name\" content=\"centrafricaine\" \/>\n<meta property=\"article:published_time\" content=\"2021-06-16T17:35:23+00:00\" \/>\n<meta property=\"article:modified_time\" content=\"2021-06-16T18:29:34+00:00\" \/>\n<meta property=\"og:image\" content=\"https:\/\/static.africa-press.net\/centrafricaine\/sites\/45\/2021\/06\/img-60ca2e9149cdd.jpg\" \/>\n\t<meta property=\"og:image:width\" content=\"720\" \/>\n\t<meta property=\"og:image:height\" content=\"405\" \/>\n\t<meta property=\"og:image:type\" content=\"image\/jpeg\" \/>\n<meta name=\"author\" content=\"cfeditorfr\" \/>\n<meta name=\"twitter:card\" content=\"summary_large_image\" \/>\n<meta name=\"twitter:label1\" content=\"\u00c9crit par\" \/>\n\t<meta name=\"twitter:data1\" content=\"cfeditorfr\" \/>\n\t<meta name=\"twitter:label2\" content=\"Dur\u00e9e de lecture estim\u00e9e\" \/>\n\t<meta name=\"twitter:data2\" content=\"3 minutes\" \/>\n<script type=\"application\/ld+json\" class=\"yoast-schema-graph\">{\"@context\":\"https:\/\/schema.org\",\"@graph\":[{\"@type\":\"Article\",\"@id\":\"https:\/\/www.africa-press.net\/centrafricaine\/politique\/fin-de-mandat-pour-fatou-bensouda-a-la-cpi#article\",\"isPartOf\":{\"@id\":\"https:\/\/www.africa-press.net\/centrafricaine\/politique\/fin-de-mandat-pour-fatou-bensouda-a-la-cpi\"},\"author\":{\"name\":\"cfeditorfr\",\"@id\":\"https:\/\/www.africa-press.net\/centrafricaine\/#\/schema\/person\/2b1cf3cd81a31e3cd26889ca66d677f1\"},\"headline\":\"Fin de mandat pour Fatou Bensouda \u00e0 la CPI\",\"datePublished\":\"2021-06-16T17:35:23+00:00\",\"dateModified\":\"2021-06-16T18:29:34+00:00\",\"mainEntityOfPage\":{\"@id\":\"https:\/\/www.africa-press.net\/centrafricaine\/politique\/fin-de-mandat-pour-fatou-bensouda-a-la-cpi\"},\"wordCount\":682,\"commentCount\":0,\"image\":{\"@id\":\"https:\/\/www.africa-press.net\/centrafricaine\/politique\/fin-de-mandat-pour-fatou-bensouda-a-la-cpi#primaryimage\"},\"thumbnailUrl\":\"https:\/\/static.africa-press.net\/centrafricaine\/sites\/45\/2021\/06\/img-60ca2e9149cdd.jpg\",\"keywords\":[\"Africa Press\",\"Africa Press-CentrAfricaine\",\"CentrAfricaine\"],\"articleSection\":[\"homepage-french\",\"Politique\",\"Toutes les actualit\u00e9s\"],\"inLanguage\":\"fr-FR\",\"potentialAction\":[{\"@type\":\"CommentAction\",\"name\":\"Comment\",\"target\":[\"https:\/\/www.africa-press.net\/centrafricaine\/politique\/fin-de-mandat-pour-fatou-bensouda-a-la-cpi#respond\"]}]},{\"@type\":\"WebPage\",\"@id\":\"https:\/\/www.africa-press.net\/centrafricaine\/politique\/fin-de-mandat-pour-fatou-bensouda-a-la-cpi\",\"url\":\"https:\/\/www.africa-press.net\/centrafricaine\/politique\/fin-de-mandat-pour-fatou-bensouda-a-la-cpi\",\"name\":\"Fin de mandat pour Fatou Bensouda \u00e0 la CPI - centrafricaine\",\"isPartOf\":{\"@id\":\"https:\/\/www.africa-press.net\/centrafricaine\/#website\"},\"primaryImageOfPage\":{\"@id\":\"https:\/\/www.africa-press.net\/centrafricaine\/politique\/fin-de-mandat-pour-fatou-bensouda-a-la-cpi#primaryimage\"},\"image\":{\"@id\":\"https:\/\/www.africa-press.net\/centrafricaine\/politique\/fin-de-mandat-pour-fatou-bensouda-a-la-cpi#primaryimage\"},\"thumbnailUrl\":\"https:\/\/static.africa-press.net\/centrafricaine\/sites\/45\/2021\/06\/img-60ca2e9149cdd.jpg\",\"datePublished\":\"2021-06-16T17:35:23+00:00\",\"dateModified\":\"2021-06-16T18:29:34+00:00\",\"author\":{\"@id\":\"https:\/\/www.africa-press.net\/centrafricaine\/#\/schema\/person\/2b1cf3cd81a31e3cd26889ca66d677f1\"},\"description\":\"Bangui ( R\u00e9publique centrafricaine ) \u2013 Le Britannique Karim Khan devient officiellement le procureur de la CPI, ce 16 ...\",\"breadcrumb\":{\"@id\":\"https:\/\/www.africa-press.net\/centrafricaine\/politique\/fin-de-mandat-pour-fatou-bensouda-a-la-cpi#breadcrumb\"},\"inLanguage\":\"fr-FR\",\"potentialAction\":[{\"@type\":\"ReadAction\",\"target\":[\"https:\/\/www.africa-press.net\/centrafricaine\/politique\/fin-de-mandat-pour-fatou-bensouda-a-la-cpi\"]}]},{\"@type\":\"ImageObject\",\"inLanguage\":\"fr-FR\",\"@id\":\"https:\/\/www.africa-press.net\/centrafricaine\/politique\/fin-de-mandat-pour-fatou-bensouda-a-la-cpi#primaryimage\",\"url\":\"https:\/\/static.africa-press.net\/centrafricaine\/sites\/45\/2021\/06\/img-60ca2e9149cdd.jpg\",\"contentUrl\":\"https:\/\/static.africa-press.net\/centrafricaine\/sites\/45\/2021\/06\/img-60ca2e9149cdd.jpg\",\"width\":720,\"height\":405,\"caption\":\"Fin de mandat pour Fatou Bensouda \u00e0 la CPI\"},{\"@type\":\"BreadcrumbList\",\"@id\":\"https:\/\/www.africa-press.net\/centrafricaine\/politique\/fin-de-mandat-pour-fatou-bensouda-a-la-cpi#breadcrumb\",\"itemListElement\":[{\"@type\":\"ListItem\",\"position\":1,\"name\":\"Accueil\",\"item\":\"https:\/\/www.africa-press.net\/centrafricaine\/\"},{\"@type\":\"ListItem\",\"position\":2,\"name\":\"Fin de mandat pour Fatou Bensouda \u00e0 la CPI\"}]},{\"@type\":\"WebSite\",\"@id\":\"https:\/\/www.africa-press.net\/centrafricaine\/#website\",\"url\":\"https:\/\/www.africa-press.net\/centrafricaine\/\",\"name\":\"centrafricaine\",\"description\":\"Just another Africa News Agency Sites site\",\"potentialAction\":[{\"@type\":\"SearchAction\",\"target\":{\"@type\":\"EntryPoint\",\"urlTemplate\":\"https:\/\/www.africa-press.net\/centrafricaine\/?s={search_term_string}\"},\"query-input\":{\"@type\":\"PropertyValueSpecification\",\"valueRequired\":true,\"valueName\":\"search_term_string\"}}],\"inLanguage\":\"fr-FR\"},{\"@type\":\"Person\",\"@id\":\"https:\/\/www.africa-press.net\/centrafricaine\/#\/schema\/person\/2b1cf3cd81a31e3cd26889ca66d677f1\",\"name\":\"cfeditorfr\"}]}<\/script>\n<!-- \/ Yoast SEO Premium plugin. -->","yoast_head_json":{"title":"Fin de mandat pour Fatou Bensouda \u00e0 la CPI - centrafricaine","description":"Bangui ( R\u00e9publique centrafricaine ) \u2013 Le Britannique Karim Khan devient officiellement le procureur de la CPI, ce 16 ...","robots":{"index":"index","follow":"follow","max-snippet":"max-snippet:-1","max-image-preview":"max-image-preview:large","max-video-preview":"max-video-preview:-1"},"canonical":"https:\/\/www.africa-press.net\/centrafricaine\/politique\/fin-de-mandat-pour-fatou-bensouda-a-la-cpi","og_locale":"fr_FR","og_type":"article","og_title":"Fin de mandat pour Fatou Bensouda \u00e0 la CPI","og_description":"Bangui ( R\u00e9publique centrafricaine ) \u2013 Le Britannique Karim Khan devient officiellement le procureur de la CPI, ce 16 ...","og_url":"https:\/\/www.africa-press.net\/centrafricaine\/politique\/fin-de-mandat-pour-fatou-bensouda-a-la-cpi","og_site_name":"centrafricaine","article_published_time":"2021-06-16T17:35:23+00:00","article_modified_time":"2021-06-16T18:29:34+00:00","og_image":[{"width":720,"height":405,"url":"https:\/\/static.africa-press.net\/centrafricaine\/sites\/45\/2021\/06\/img-60ca2e9149cdd.jpg","type":"image\/jpeg"}],"author":"cfeditorfr","twitter_card":"summary_large_image","twitter_misc":{"\u00c9crit par":"cfeditorfr","Dur\u00e9e de lecture estim\u00e9e":"3 minutes"},"schema":{"@context":"https:\/\/schema.org","@graph":[{"@type":"Article","@id":"https:\/\/www.africa-press.net\/centrafricaine\/politique\/fin-de-mandat-pour-fatou-bensouda-a-la-cpi#article","isPartOf":{"@id":"https:\/\/www.africa-press.net\/centrafricaine\/politique\/fin-de-mandat-pour-fatou-bensouda-a-la-cpi"},"author":{"name":"cfeditorfr","@id":"https:\/\/www.africa-press.net\/centrafricaine\/#\/schema\/person\/2b1cf3cd81a31e3cd26889ca66d677f1"},"headline":"Fin de mandat pour Fatou Bensouda \u00e0 la CPI","datePublished":"2021-06-16T17:35:23+00:00","dateModified":"2021-06-16T18:29:34+00:00","mainEntityOfPage":{"@id":"https:\/\/www.africa-press.net\/centrafricaine\/politique\/fin-de-mandat-pour-fatou-bensouda-a-la-cpi"},"wordCount":682,"commentCount":0,"image":{"@id":"https:\/\/www.africa-press.net\/centrafricaine\/politique\/fin-de-mandat-pour-fatou-bensouda-a-la-cpi#primaryimage"},"thumbnailUrl":"https:\/\/static.africa-press.net\/centrafricaine\/sites\/45\/2021\/06\/img-60ca2e9149cdd.jpg","keywords":["Africa Press","Africa Press-CentrAfricaine","CentrAfricaine"],"articleSection":["homepage-french","Politique","Toutes les actualit\u00e9s"],"inLanguage":"fr-FR","potentialAction":[{"@type":"CommentAction","name":"Comment","target":["https:\/\/www.africa-press.net\/centrafricaine\/politique\/fin-de-mandat-pour-fatou-bensouda-a-la-cpi#respond"]}]},{"@type":"WebPage","@id":"https:\/\/www.africa-press.net\/centrafricaine\/politique\/fin-de-mandat-pour-fatou-bensouda-a-la-cpi","url":"https:\/\/www.africa-press.net\/centrafricaine\/politique\/fin-de-mandat-pour-fatou-bensouda-a-la-cpi","name":"Fin de mandat pour Fatou Bensouda \u00e0 la CPI - centrafricaine","isPartOf":{"@id":"https:\/\/www.africa-press.net\/centrafricaine\/#website"},"primaryImageOfPage":{"@id":"https:\/\/www.africa-press.net\/centrafricaine\/politique\/fin-de-mandat-pour-fatou-bensouda-a-la-cpi#primaryimage"},"image":{"@id":"https:\/\/www.africa-press.net\/centrafricaine\/politique\/fin-de-mandat-pour-fatou-bensouda-a-la-cpi#primaryimage"},"thumbnailUrl":"https:\/\/static.africa-press.net\/centrafricaine\/sites\/45\/2021\/06\/img-60ca2e9149cdd.jpg","datePublished":"2021-06-16T17:35:23+00:00","dateModified":"2021-06-16T18:29:34+00:00","author":{"@id":"https:\/\/www.africa-press.net\/centrafricaine\/#\/schema\/person\/2b1cf3cd81a31e3cd26889ca66d677f1"},"description":"Bangui ( R\u00e9publique centrafricaine ) \u2013 Le Britannique Karim Khan devient officiellement le procureur de la CPI, ce 16 ...","breadcrumb":{"@id":"https:\/\/www.africa-press.net\/centrafricaine\/politique\/fin-de-mandat-pour-fatou-bensouda-a-la-cpi#breadcrumb"},"inLanguage":"fr-FR","potentialAction":[{"@type":"ReadAction","target":["https:\/\/www.africa-press.net\/centrafricaine\/politique\/fin-de-mandat-pour-fatou-bensouda-a-la-cpi"]}]},{"@type":"ImageObject","inLanguage":"fr-FR","@id":"https:\/\/www.africa-press.net\/centrafricaine\/politique\/fin-de-mandat-pour-fatou-bensouda-a-la-cpi#primaryimage","url":"https:\/\/static.africa-press.net\/centrafricaine\/sites\/45\/2021\/06\/img-60ca2e9149cdd.jpg","contentUrl":"https:\/\/static.africa-press.net\/centrafricaine\/sites\/45\/2021\/06\/img-60ca2e9149cdd.jpg","width":720,"height":405,"caption":"Fin de mandat pour Fatou Bensouda \u00e0 la CPI"},{"@type":"BreadcrumbList","@id":"https:\/\/www.africa-press.net\/centrafricaine\/politique\/fin-de-mandat-pour-fatou-bensouda-a-la-cpi#breadcrumb","itemListElement":[{"@type":"ListItem","position":1,"name":"Accueil","item":"https:\/\/www.africa-press.net\/centrafricaine\/"},{"@type":"ListItem","position":2,"name":"Fin de mandat pour Fatou Bensouda \u00e0 la CPI"}]},{"@type":"WebSite","@id":"https:\/\/www.africa-press.net\/centrafricaine\/#website","url":"https:\/\/www.africa-press.net\/centrafricaine\/","name":"centrafricaine","description":"Just another Africa News Agency Sites site","potentialAction":[{"@type":"SearchAction","target":{"@type":"EntryPoint","urlTemplate":"https:\/\/www.africa-press.net\/centrafricaine\/?s={search_term_string}"},"query-input":{"@type":"PropertyValueSpecification","valueRequired":true,"valueName":"search_term_string"}}],"inLanguage":"fr-FR"},{"@type":"Person","@id":"https:\/\/www.africa-press.net\/centrafricaine\/#\/schema\/person\/2b1cf3cd81a31e3cd26889ca66d677f1","name":"cfeditorfr"}]}},"_links":{"self":[{"href":"https:\/\/www.africa-press.net\/centrafricaine\/wp-json\/wp\/v2\/posts\/8144","targetHints":{"allow":["GET"]}}],"collection":[{"href":"https:\/\/www.africa-press.net\/centrafricaine\/wp-json\/wp\/v2\/posts"}],"about":[{"href":"https:\/\/www.africa-press.net\/centrafricaine\/wp-json\/wp\/v2\/types\/post"}],"author":[{"embeddable":true,"href":"https:\/\/www.africa-press.net\/centrafricaine\/wp-json\/wp\/v2\/users\/82"}],"replies":[{"embeddable":true,"href":"https:\/\/www.africa-press.net\/centrafricaine\/wp-json\/wp\/v2\/comments?post=8144"}],"version-history":[{"count":0,"href":"https:\/\/www.africa-press.net\/centrafricaine\/wp-json\/wp\/v2\/posts\/8144\/revisions"}],"wp:featuredmedia":[{"embeddable":true,"href":"https:\/\/www.africa-press.net\/centrafricaine\/wp-json\/wp\/v2\/media\/8143"}],"wp:attachment":[{"href":"https:\/\/www.africa-press.net\/centrafricaine\/wp-json\/wp\/v2\/media?parent=8144"}],"wp:term":[{"taxonomy":"category","embeddable":true,"href":"https:\/\/www.africa-press.net\/centrafricaine\/wp-json\/wp\/v2\/categories?post=8144"},{"taxonomy":"post_tag","embeddable":true,"href":"https:\/\/www.africa-press.net\/centrafricaine\/wp-json\/wp\/v2\/tags?post=8144"}],"curies":[{"name":"wp","href":"https:\/\/api.w.org\/{rel}","templated":true}]}}