{"id":8147,"date":"2021-06-16T17:40:07","date_gmt":"2021-06-16T17:40:07","guid":{"rendered":"https:\/\/www.africa-press.net\/centrafricaine\/?p=8147"},"modified":"2021-06-16T18:29:48","modified_gmt":"2021-06-16T18:29:48","slug":"rca-le-nouveau-premier-ministre-henri-marie-dondra-a-pris-ses-fonctions-mardi","status":"publish","type":"post","link":"https:\/\/www.africa-press.net\/centrafricaine\/politique\/rca-le-nouveau-premier-ministre-henri-marie-dondra-a-pris-ses-fonctions-mardi","title":{"rendered":"le nouveau premier ministre Henri \u2013 Marie Dondra a pris ses fonctions mardi"},"content":{"rendered":"<p><span style=\"color: #ff6600\"><strong><a href=\"https:\/\/www.africa-press.net\/\">Africa-Press<\/a> &#8211; <a href=\"https:\/\/www.africa-press.net\/centrafricaine\">CentrAfricaine<\/a>. <\/strong><\/span>La c\u00e9r\u00e9monie de passation de service entre le premier ministre, chef du gouvernement sortant Firmin Ngrebada et le premier ministre, chef du gouvernement Henri-Marie Dondra s\u2019est tenue ce mardi 15 juin 2021 \u00e0 l\u2019h\u00f4tel de la primature en pr\u00e9sence des repr\u00e9sentants de la pr\u00e9sidence de la R\u00e9publique et des cadres de la primature.<\/p>\n<p>Le premier ministre sortant, apr\u00e8s un \u00e9change fructueux sur l\u2019\u00e9tat des dossiers en cours ainsi que leur transmission, a f\u00e9licit\u00e9 le nouveau premier ministre, chef du gouvernement Henri \u2013 Marie Dondra pour sa nomination<\/p>\n<p>Apr\u00e8s la prise de parole de l\u2019ancien premier ministre Firmin Ngrebada, le nouveau chef du gouvernement Henri \u2013 Marie Dondra se pr\u00e9sente comme l\u2019homme de la situation. Le nouveau premier ministre entend faire de la s\u00e9curit\u00e9 et la relance de l\u2019\u00e9conomie son fer de lance.<\/p>\n<p><b>\u00ab On a d\u00e9j\u00e0 un acquis s\u00e9curitaire qui est l\u00e0. Il va falloir faire de notre mieux pour mettre en place un m\u00e9canisme qui nous permet de conserver ces acquis. Je pense il y\u2019aura la relance des \u00e9changes avec les groupes arm\u00e9s dans le cadre de l\u2019accord de paix que nous avons sign\u00e9 avec ces groupes arm\u00e9s \u00bb,<\/b><\/p>\n<p>a d\u00e9clar\u00e9 le premier ministre Henri Marie Dondra.<\/p>\n<p>Il souhaite \u00e9galement vouloir \u00abrelancer l\u2019\u00e9conomie\u00bb avec comme \u00abpartenaire strat\u00e9gique\u00bb la France, qui a r\u00e9cemment gel\u00e9 son aide budg\u00e9taire sur fond de campagne antifran\u00e7aise.<\/p>\n<p>\u00abIl y a des r\u00e9formes que nous devons poursuivre avec nos partenaires fran\u00e7ais\u00bb, ajoute Henri \u2013 Marie Dondra.<\/p>\n<p><b>\u00abJe pense aussi \u00e0 l\u2019Union europ\u00e9enne (\u2026) \u00e0 la communaut\u00e9 internationale et bien \u00e9videmment \u00e0 notre partenaire strat\u00e9gique qu\u2019est la France, et les autres partenaires vont nous permettre de relancer l\u2019\u00e9conomie\u00bb,<\/b><\/p>\n<p>a-t-il poursuivi.<\/p>\n<p>Rappelons que Monsieur Henri Marie Dondra, \u00e9conomiste financier, ancien ministre des finances et du budget, avait \u00e9t\u00e9 nomm\u00e9 premier ministre par le Pr\u00e9sident de la R\u00e9publique Faustin Archange Touadera le 11 juin dernier.<\/p>\n<p>Pour des nombreux observateurs, sa nomination est vue comme un signe d\u2019apaisement avec la France, pays colonisateur.<\/p>\n<p><b>\u00ab C\u2019est un premier pas vers un apaisement \u00bb<\/b><\/p>\n<p>, d\u00e9clare un diplomate europ\u00e9en.<\/p>\n<p>Notons que le minist\u00e8re fran\u00e7ais des Arm\u00e9es a annonc\u00e9 d\u00e9but juin avoir suspendu sa coop\u00e9ration militaire avec Bangui, jug\u00e9 \u00abcomplice\u00bb d\u2019une \u00abcampagne de d\u00e9sinformation massive\u00bb contre Paris, t\u00e9l\u00e9guid\u00e9e par la Russie.<\/p>\n<p><b>\u00a0<\/b><\/p>\n","protected":false},"excerpt":{"rendered":"<p>Africa-Press &#8211; CentrAfricaine. La c\u00e9r\u00e9monie de passation de service entre le premier ministre, chef du gouvernement sortant Firmin Ngrebada et le premier ministre, chef du gouvernement Henri-Marie Dondra s\u2019est tenue ce mardi 15 juin 2021 \u00e0 l\u2019h\u00f4tel de la primature en pr\u00e9sence des repr\u00e9sentants de la pr\u00e9sidence de la R\u00e9publique et des cadres de la [&hellip;]<\/p>\n","protected":false},"author":82,"featured_media":8146,"comment_status":"open","ping_status":"closed","sticky":false,"template":"","format":"standard","meta":{"footnotes":""},"categories":[11,2,10],"tags":[36,58,30],"class_list":["post-8147","post","type-post","status-publish","format-standard","has-post-thumbnail","hentry","category-homepage-french","category-politique","category-toutes-les-actualites","tag-africa-press","tag-africa-press-centrafricaine","tag-centrafricaine"],"yoast_head":"<!-- This site is optimized with the Yoast SEO Premium plugin v26.1 (Yoast SEO v27.0) - https:\/\/yoast.com\/product\/yoast-seo-premium-wordpress\/ -->\n<title>le nouveau premier ministre Henri \u2013 Marie Dondra a pris ses fonctions mardi - centrafricaine<\/title>\n<meta name=\"description\" content=\"Bangui, R\u00e9publique centrafricaine, mercredi, 16 juin 2021, 03:42:38 ( Corbeaunews-Centrafrique ). La c\u00e9r\u00e9monie d ...\" \/>\n<meta name=\"robots\" content=\"index, follow, max-snippet:-1, max-image-preview:large, max-video-preview:-1\" \/>\n<link rel=\"canonical\" href=\"https:\/\/www.africa-press.net\/centrafricaine\/politique\/rca-le-nouveau-premier-ministre-henri-marie-dondra-a-pris-ses-fonctions-mardi\" \/>\n<meta property=\"og:locale\" content=\"fr_FR\" \/>\n<meta property=\"og:type\" content=\"article\" \/>\n<meta property=\"og:title\" content=\"le nouveau premier ministre Henri \u2013 Marie Dondra a pris ses fonctions mardi\" \/>\n<meta property=\"og:description\" content=\"Bangui, R\u00e9publique centrafricaine, mercredi, 16 juin 2021, 03:42:38 ( Corbeaunews-Centrafrique ). La c\u00e9r\u00e9monie d ...\" \/>\n<meta property=\"og:url\" content=\"https:\/\/www.africa-press.net\/centrafricaine\/politique\/rca-le-nouveau-premier-ministre-henri-marie-dondra-a-pris-ses-fonctions-mardi\" \/>\n<meta property=\"og:site_name\" content=\"centrafricaine\" \/>\n<meta property=\"article:published_time\" content=\"2021-06-16T17:40:07+00:00\" \/>\n<meta property=\"article:modified_time\" content=\"2021-06-16T18:29:48+00:00\" \/>\n<meta property=\"og:image\" content=\"https:\/\/static.africa-press.net\/centrafricaine\/sites\/45\/2021\/06\/img-60ca2eb9dc0fa.jpg\" \/>\n\t<meta property=\"og:image:width\" content=\"1000\" \/>\n\t<meta property=\"og:image:height\" content=\"740\" \/>\n\t<meta property=\"og:image:type\" content=\"image\/jpeg\" \/>\n<meta name=\"author\" content=\"cfeditorfr\" \/>\n<meta name=\"twitter:card\" content=\"summary_large_image\" \/>\n<meta name=\"twitter:label1\" content=\"\u00c9crit par\" \/>\n\t<meta name=\"twitter:data1\" content=\"cfeditorfr\" \/>\n\t<meta name=\"twitter:label2\" content=\"Dur\u00e9e de lecture estim\u00e9e\" \/>\n\t<meta name=\"twitter:data2\" content=\"2 minutes\" \/>\n<script type=\"application\/ld+json\" class=\"yoast-schema-graph\">{\"@context\":\"https:\/\/schema.org\",\"@graph\":[{\"@type\":\"Article\",\"@id\":\"https:\/\/www.africa-press.net\/centrafricaine\/politique\/rca-le-nouveau-premier-ministre-henri-marie-dondra-a-pris-ses-fonctions-mardi#article\",\"isPartOf\":{\"@id\":\"https:\/\/www.africa-press.net\/centrafricaine\/politique\/rca-le-nouveau-premier-ministre-henri-marie-dondra-a-pris-ses-fonctions-mardi\"},\"author\":{\"name\":\"cfeditorfr\",\"@id\":\"https:\/\/www.africa-press.net\/centrafricaine\/#\/schema\/person\/2b1cf3cd81a31e3cd26889ca66d677f1\"},\"headline\":\"le nouveau premier ministre Henri \u2013 Marie Dondra a pris ses fonctions mardi\",\"datePublished\":\"2021-06-16T17:40:07+00:00\",\"dateModified\":\"2021-06-16T18:29:48+00:00\",\"mainEntityOfPage\":{\"@id\":\"https:\/\/www.africa-press.net\/centrafricaine\/politique\/rca-le-nouveau-premier-ministre-henri-marie-dondra-a-pris-ses-fonctions-mardi\"},\"wordCount\":421,\"commentCount\":0,\"image\":{\"@id\":\"https:\/\/www.africa-press.net\/centrafricaine\/politique\/rca-le-nouveau-premier-ministre-henri-marie-dondra-a-pris-ses-fonctions-mardi#primaryimage\"},\"thumbnailUrl\":\"https:\/\/static.africa-press.net\/centrafricaine\/sites\/45\/2021\/06\/img-60ca2eb9dc0fa.jpg\",\"keywords\":[\"Africa Press\",\"Africa Press-CentrAfricaine\",\"CentrAfricaine\"],\"articleSection\":[\"homepage-french\",\"Politique\",\"Toutes les actualit\u00e9s\"],\"inLanguage\":\"fr-FR\",\"potentialAction\":[{\"@type\":\"CommentAction\",\"name\":\"Comment\",\"target\":[\"https:\/\/www.africa-press.net\/centrafricaine\/politique\/rca-le-nouveau-premier-ministre-henri-marie-dondra-a-pris-ses-fonctions-mardi#respond\"]}]},{\"@type\":\"WebPage\",\"@id\":\"https:\/\/www.africa-press.net\/centrafricaine\/politique\/rca-le-nouveau-premier-ministre-henri-marie-dondra-a-pris-ses-fonctions-mardi\",\"url\":\"https:\/\/www.africa-press.net\/centrafricaine\/politique\/rca-le-nouveau-premier-ministre-henri-marie-dondra-a-pris-ses-fonctions-mardi\",\"name\":\"le nouveau premier ministre Henri \u2013 Marie Dondra a pris ses fonctions mardi - centrafricaine\",\"isPartOf\":{\"@id\":\"https:\/\/www.africa-press.net\/centrafricaine\/#website\"},\"primaryImageOfPage\":{\"@id\":\"https:\/\/www.africa-press.net\/centrafricaine\/politique\/rca-le-nouveau-premier-ministre-henri-marie-dondra-a-pris-ses-fonctions-mardi#primaryimage\"},\"image\":{\"@id\":\"https:\/\/www.africa-press.net\/centrafricaine\/politique\/rca-le-nouveau-premier-ministre-henri-marie-dondra-a-pris-ses-fonctions-mardi#primaryimage\"},\"thumbnailUrl\":\"https:\/\/static.africa-press.net\/centrafricaine\/sites\/45\/2021\/06\/img-60ca2eb9dc0fa.jpg\",\"datePublished\":\"2021-06-16T17:40:07+00:00\",\"dateModified\":\"2021-06-16T18:29:48+00:00\",\"author\":{\"@id\":\"https:\/\/www.africa-press.net\/centrafricaine\/#\/schema\/person\/2b1cf3cd81a31e3cd26889ca66d677f1\"},\"description\":\"Bangui, R\u00e9publique centrafricaine, mercredi, 16 juin 2021, 03:42:38 ( Corbeaunews-Centrafrique ). La c\u00e9r\u00e9monie d ...\",\"breadcrumb\":{\"@id\":\"https:\/\/www.africa-press.net\/centrafricaine\/politique\/rca-le-nouveau-premier-ministre-henri-marie-dondra-a-pris-ses-fonctions-mardi#breadcrumb\"},\"inLanguage\":\"fr-FR\",\"potentialAction\":[{\"@type\":\"ReadAction\",\"target\":[\"https:\/\/www.africa-press.net\/centrafricaine\/politique\/rca-le-nouveau-premier-ministre-henri-marie-dondra-a-pris-ses-fonctions-mardi\"]}]},{\"@type\":\"ImageObject\",\"inLanguage\":\"fr-FR\",\"@id\":\"https:\/\/www.africa-press.net\/centrafricaine\/politique\/rca-le-nouveau-premier-ministre-henri-marie-dondra-a-pris-ses-fonctions-mardi#primaryimage\",\"url\":\"https:\/\/static.africa-press.net\/centrafricaine\/sites\/45\/2021\/06\/img-60ca2eb9dc0fa.jpg\",\"contentUrl\":\"https:\/\/static.africa-press.net\/centrafricaine\/sites\/45\/2021\/06\/img-60ca2eb9dc0fa.jpg\",\"width\":1000,\"height\":740,\"caption\":\"RCA\u00a0: le nouveau premier ministre Henri \u2013 Marie Dondra a pris ses fonctions mardi\"},{\"@type\":\"BreadcrumbList\",\"@id\":\"https:\/\/www.africa-press.net\/centrafricaine\/politique\/rca-le-nouveau-premier-ministre-henri-marie-dondra-a-pris-ses-fonctions-mardi#breadcrumb\",\"itemListElement\":[{\"@type\":\"ListItem\",\"position\":1,\"name\":\"Accueil\",\"item\":\"https:\/\/www.africa-press.net\/centrafricaine\/\"},{\"@type\":\"ListItem\",\"position\":2,\"name\":\"le nouveau premier ministre Henri \u2013 Marie Dondra a pris ses fonctions mardi\"}]},{\"@type\":\"WebSite\",\"@id\":\"https:\/\/www.africa-press.net\/centrafricaine\/#website\",\"url\":\"https:\/\/www.africa-press.net\/centrafricaine\/\",\"name\":\"centrafricaine\",\"description\":\"Just another Africa News Agency Sites site\",\"potentialAction\":[{\"@type\":\"SearchAction\",\"target\":{\"@type\":\"EntryPoint\",\"urlTemplate\":\"https:\/\/www.africa-press.net\/centrafricaine\/?s={search_term_string}\"},\"query-input\":{\"@type\":\"PropertyValueSpecification\",\"valueRequired\":true,\"valueName\":\"search_term_string\"}}],\"inLanguage\":\"fr-FR\"},{\"@type\":\"Person\",\"@id\":\"https:\/\/www.africa-press.net\/centrafricaine\/#\/schema\/person\/2b1cf3cd81a31e3cd26889ca66d677f1\",\"name\":\"cfeditorfr\"}]}<\/script>\n<!-- \/ Yoast SEO Premium plugin. -->","yoast_head_json":{"title":"le nouveau premier ministre Henri \u2013 Marie Dondra a pris ses fonctions mardi - centrafricaine","description":"Bangui, R\u00e9publique centrafricaine, mercredi, 16 juin 2021, 03:42:38 ( Corbeaunews-Centrafrique ). La c\u00e9r\u00e9monie d ...","robots":{"index":"index","follow":"follow","max-snippet":"max-snippet:-1","max-image-preview":"max-image-preview:large","max-video-preview":"max-video-preview:-1"},"canonical":"https:\/\/www.africa-press.net\/centrafricaine\/politique\/rca-le-nouveau-premier-ministre-henri-marie-dondra-a-pris-ses-fonctions-mardi","og_locale":"fr_FR","og_type":"article","og_title":"le nouveau premier ministre Henri \u2013 Marie Dondra a pris ses fonctions mardi","og_description":"Bangui, R\u00e9publique centrafricaine, mercredi, 16 juin 2021, 03:42:38 ( Corbeaunews-Centrafrique ). La c\u00e9r\u00e9monie d ...","og_url":"https:\/\/www.africa-press.net\/centrafricaine\/politique\/rca-le-nouveau-premier-ministre-henri-marie-dondra-a-pris-ses-fonctions-mardi","og_site_name":"centrafricaine","article_published_time":"2021-06-16T17:40:07+00:00","article_modified_time":"2021-06-16T18:29:48+00:00","og_image":[{"width":1000,"height":740,"url":"https:\/\/static.africa-press.net\/centrafricaine\/sites\/45\/2021\/06\/img-60ca2eb9dc0fa.jpg","type":"image\/jpeg"}],"author":"cfeditorfr","twitter_card":"summary_large_image","twitter_misc":{"\u00c9crit par":"cfeditorfr","Dur\u00e9e de lecture estim\u00e9e":"2 minutes"},"schema":{"@context":"https:\/\/schema.org","@graph":[{"@type":"Article","@id":"https:\/\/www.africa-press.net\/centrafricaine\/politique\/rca-le-nouveau-premier-ministre-henri-marie-dondra-a-pris-ses-fonctions-mardi#article","isPartOf":{"@id":"https:\/\/www.africa-press.net\/centrafricaine\/politique\/rca-le-nouveau-premier-ministre-henri-marie-dondra-a-pris-ses-fonctions-mardi"},"author":{"name":"cfeditorfr","@id":"https:\/\/www.africa-press.net\/centrafricaine\/#\/schema\/person\/2b1cf3cd81a31e3cd26889ca66d677f1"},"headline":"le nouveau premier ministre Henri \u2013 Marie Dondra a pris ses fonctions mardi","datePublished":"2021-06-16T17:40:07+00:00","dateModified":"2021-06-16T18:29:48+00:00","mainEntityOfPage":{"@id":"https:\/\/www.africa-press.net\/centrafricaine\/politique\/rca-le-nouveau-premier-ministre-henri-marie-dondra-a-pris-ses-fonctions-mardi"},"wordCount":421,"commentCount":0,"image":{"@id":"https:\/\/www.africa-press.net\/centrafricaine\/politique\/rca-le-nouveau-premier-ministre-henri-marie-dondra-a-pris-ses-fonctions-mardi#primaryimage"},"thumbnailUrl":"https:\/\/static.africa-press.net\/centrafricaine\/sites\/45\/2021\/06\/img-60ca2eb9dc0fa.jpg","keywords":["Africa Press","Africa Press-CentrAfricaine","CentrAfricaine"],"articleSection":["homepage-french","Politique","Toutes les actualit\u00e9s"],"inLanguage":"fr-FR","potentialAction":[{"@type":"CommentAction","name":"Comment","target":["https:\/\/www.africa-press.net\/centrafricaine\/politique\/rca-le-nouveau-premier-ministre-henri-marie-dondra-a-pris-ses-fonctions-mardi#respond"]}]},{"@type":"WebPage","@id":"https:\/\/www.africa-press.net\/centrafricaine\/politique\/rca-le-nouveau-premier-ministre-henri-marie-dondra-a-pris-ses-fonctions-mardi","url":"https:\/\/www.africa-press.net\/centrafricaine\/politique\/rca-le-nouveau-premier-ministre-henri-marie-dondra-a-pris-ses-fonctions-mardi","name":"le nouveau premier ministre Henri \u2013 Marie Dondra a pris ses fonctions mardi - centrafricaine","isPartOf":{"@id":"https:\/\/www.africa-press.net\/centrafricaine\/#website"},"primaryImageOfPage":{"@id":"https:\/\/www.africa-press.net\/centrafricaine\/politique\/rca-le-nouveau-premier-ministre-henri-marie-dondra-a-pris-ses-fonctions-mardi#primaryimage"},"image":{"@id":"https:\/\/www.africa-press.net\/centrafricaine\/politique\/rca-le-nouveau-premier-ministre-henri-marie-dondra-a-pris-ses-fonctions-mardi#primaryimage"},"thumbnailUrl":"https:\/\/static.africa-press.net\/centrafricaine\/sites\/45\/2021\/06\/img-60ca2eb9dc0fa.jpg","datePublished":"2021-06-16T17:40:07+00:00","dateModified":"2021-06-16T18:29:48+00:00","author":{"@id":"https:\/\/www.africa-press.net\/centrafricaine\/#\/schema\/person\/2b1cf3cd81a31e3cd26889ca66d677f1"},"description":"Bangui, R\u00e9publique centrafricaine, mercredi, 16 juin 2021, 03:42:38 ( Corbeaunews-Centrafrique ). La c\u00e9r\u00e9monie d ...","breadcrumb":{"@id":"https:\/\/www.africa-press.net\/centrafricaine\/politique\/rca-le-nouveau-premier-ministre-henri-marie-dondra-a-pris-ses-fonctions-mardi#breadcrumb"},"inLanguage":"fr-FR","potentialAction":[{"@type":"ReadAction","target":["https:\/\/www.africa-press.net\/centrafricaine\/politique\/rca-le-nouveau-premier-ministre-henri-marie-dondra-a-pris-ses-fonctions-mardi"]}]},{"@type":"ImageObject","inLanguage":"fr-FR","@id":"https:\/\/www.africa-press.net\/centrafricaine\/politique\/rca-le-nouveau-premier-ministre-henri-marie-dondra-a-pris-ses-fonctions-mardi#primaryimage","url":"https:\/\/static.africa-press.net\/centrafricaine\/sites\/45\/2021\/06\/img-60ca2eb9dc0fa.jpg","contentUrl":"https:\/\/static.africa-press.net\/centrafricaine\/sites\/45\/2021\/06\/img-60ca2eb9dc0fa.jpg","width":1000,"height":740,"caption":"RCA\u00a0: le nouveau premier ministre Henri \u2013 Marie Dondra a pris ses fonctions mardi"},{"@type":"BreadcrumbList","@id":"https:\/\/www.africa-press.net\/centrafricaine\/politique\/rca-le-nouveau-premier-ministre-henri-marie-dondra-a-pris-ses-fonctions-mardi#breadcrumb","itemListElement":[{"@type":"ListItem","position":1,"name":"Accueil","item":"https:\/\/www.africa-press.net\/centrafricaine\/"},{"@type":"ListItem","position":2,"name":"le nouveau premier ministre Henri \u2013 Marie Dondra a pris ses fonctions mardi"}]},{"@type":"WebSite","@id":"https:\/\/www.africa-press.net\/centrafricaine\/#website","url":"https:\/\/www.africa-press.net\/centrafricaine\/","name":"centrafricaine","description":"Just another Africa News Agency Sites site","potentialAction":[{"@type":"SearchAction","target":{"@type":"EntryPoint","urlTemplate":"https:\/\/www.africa-press.net\/centrafricaine\/?s={search_term_string}"},"query-input":{"@type":"PropertyValueSpecification","valueRequired":true,"valueName":"search_term_string"}}],"inLanguage":"fr-FR"},{"@type":"Person","@id":"https:\/\/www.africa-press.net\/centrafricaine\/#\/schema\/person\/2b1cf3cd81a31e3cd26889ca66d677f1","name":"cfeditorfr"}]}},"_links":{"self":[{"href":"https:\/\/www.africa-press.net\/centrafricaine\/wp-json\/wp\/v2\/posts\/8147","targetHints":{"allow":["GET"]}}],"collection":[{"href":"https:\/\/www.africa-press.net\/centrafricaine\/wp-json\/wp\/v2\/posts"}],"about":[{"href":"https:\/\/www.africa-press.net\/centrafricaine\/wp-json\/wp\/v2\/types\/post"}],"author":[{"embeddable":true,"href":"https:\/\/www.africa-press.net\/centrafricaine\/wp-json\/wp\/v2\/users\/82"}],"replies":[{"embeddable":true,"href":"https:\/\/www.africa-press.net\/centrafricaine\/wp-json\/wp\/v2\/comments?post=8147"}],"version-history":[{"count":0,"href":"https:\/\/www.africa-press.net\/centrafricaine\/wp-json\/wp\/v2\/posts\/8147\/revisions"}],"wp:featuredmedia":[{"embeddable":true,"href":"https:\/\/www.africa-press.net\/centrafricaine\/wp-json\/wp\/v2\/media\/8146"}],"wp:attachment":[{"href":"https:\/\/www.africa-press.net\/centrafricaine\/wp-json\/wp\/v2\/media?parent=8147"}],"wp:term":[{"taxonomy":"category","embeddable":true,"href":"https:\/\/www.africa-press.net\/centrafricaine\/wp-json\/wp\/v2\/categories?post=8147"},{"taxonomy":"post_tag","embeddable":true,"href":"https:\/\/www.africa-press.net\/centrafricaine\/wp-json\/wp\/v2\/tags?post=8147"}],"curies":[{"name":"wp","href":"https:\/\/api.w.org\/{rel}","templated":true}]}}