{"id":81480,"date":"2026-02-03T16:51:37","date_gmt":"2026-02-03T16:51:37","guid":{"rendered":"https:\/\/www.africa-press.net\/centrafricaine\/politique\/cloture-de-linstruction-sur-bozize-et-extradition"},"modified":"2026-02-03T16:58:20","modified_gmt":"2026-02-03T16:58:20","slug":"cloture-de-linstruction-sur-bozize-et-extradition","status":"publish","type":"post","link":"https:\/\/www.africa-press.net\/centrafricaine\/politique\/cloture-de-linstruction-sur-bozize-et-extradition","title":{"rendered":"Cl\u00f4ture de l&rsquo;instruction sur Boziz\u00e9 et Extradition"},"content":{"rendered":"<p><span style=\"color: #ff6600\"><strong>Africa-Press &#8211; CentrAfricaine. <\/strong><\/span>Franc\u0327ois Bozize\u0301 sera-t-il extrade\u0301 vers la Centrafrique? La question se pose alors que l&rsquo;instruction vient de se terminer dans l&rsquo;affaire dite \u00ab Bossembe\u0301le\u0301 \u00bb. Aux co\u0302te\u0301s de trois de ses principaux lieutenants, Euge\u0300ne Barret Ngai\u0308koisset, Vianney Semdiro et Firmin Junior Danboy, l&rsquo;ancien pre\u0301sident est poursuivi par la Cour pe\u0301nale spe\u0301ciale pour de graves violations des droits humains. Ceux-ci ont e\u0301te\u0301 perpe\u0301tre\u0301es par la garde pre\u0301sidentielle et d&rsquo;autres organes de se\u0301curite\u0301 de son re\u0301gime a\u0300 Bosse\u0301mbe\u0301le\u0301, Bouar et Bangui dans les dernie\u0300res anne\u0301es de son re\u0300gne entre 2009 et 2013. Et alors que le proce\u0300s se profile, la CPS fait tout pour obtenir l&rsquo;extradition de Franc\u0327ois Bozize\u0301, en exil en Guine\u0301e-Bissau.<\/p>\n<p>Avec le renvoi de l&rsquo;affaire Bossembe\u0301le\u0301 devant la section d&rsquo;assises, la <b>Cour pe\u0301nale spe\u0301ciale<\/b> (CPS) va de\u0301sormais explorer toutes les voies juridiques pour obtenir l&rsquo;extradition de Franc\u0327ois Bozize\u0301 de la Guine\u0301e-Bissau vers la Re\u0301publique centrafricaine. Les explications de Gervais Opportun Bodagay, porte-parole de la CPS: \u00ab Pour le moment, il n&rsquo;existe pas un accord d&rsquo;extradition entre la Re\u0301publique centrafricaine, territoire sur lequel se trouve la Cour pe\u0301nale spe\u0301ciale et le <b>pays d&rsquo;accueil<\/b> de l&rsquo;accuse\u0301 Franc\u0327ois Bozize\u0301 Yangouvonda. Cependant, les de\u0301marches sont en cours. Si les autorite\u0301s du pays dans lequel se trouve l&rsquo;accuse\u0301 refusent de l&rsquo;extrader, la Cour pe\u0301nale spe\u0301ciale exploitera d&rsquo;autres voies et moyens afin de remplir son mandat avec efficacite\u0301. \u00bb<\/p>\n<p><b>\u00ab Un cadre de proce\u0300s e\u0301quitable \u00bb<\/b><br \/>\n<b>Franc\u0327ois Bozize\u0301<\/b> fait e\u0301galement l&rsquo;objet de poursuites devant la Cour pe\u0301nale internationale (CPI) pour de possibles crimes contre l&rsquo;humanite\u0301, ainsi que devant des juridictions nationales. La CPS estime cependant qu&rsquo;il n&rsquo;existera pas de conflit de compe\u0301tences entre ces juridictions: \u00ab Il existe des passerelles de collaboration entre le procureur de la Cour pe\u0301nale internationale et le procureur de la cour pe\u0301nale spe\u0301ciale. Le plus important pour la justice, que c\u0327a soit la CPI, la CPS ou les juridictions nationales, c&rsquo;est que la lutte contre l&rsquo;impunite\u0301 des auteurs des crimes graves en <b>Re\u0301publique centrafricaine<\/b> soit une re\u0301alite\u0301. Que la poursuite des auteurs soit faite dans un cadre de proce\u0300s e\u0301quitable. \u00bb<\/p>\n<p>Il n&rsquo;y a pas encore de date officielle, mais, selon une source a\u0300 la CPS, l&rsquo;objectif est de voir de\u0301buter ce proce\u0300s en avril 2026, avec &#8211; ou sans &#8211; l&rsquo;ancien chef de l&rsquo;E\u0301tat a\u0300 la barre.<\/p>\n<p><strong>Pour plus d&rsquo;informations et d&rsquo;analyses sur la <span style=\"color: #ff6600\">CentrAfricaine<\/span>, suivez <span style=\"color: #ff6600\">Africa-Press<\/span><\/strong><\/p>\n","protected":false},"excerpt":{"rendered":"<p>Africa-Press &#8211; CentrAfricaine. Franc\u0327ois Bozize\u0301 sera-t-il extrade\u0301 vers la Centrafrique? La question se pose alors que l&rsquo;instruction vient de se terminer dans l&rsquo;affaire dite \u00ab Bossembe\u0301le\u0301 \u00bb. Aux co\u0302te\u0301s de trois de ses principaux lieutenants, Euge\u0300ne Barret Ngai\u0308koisset, Vianney Semdiro et Firmin Junior Danboy, l&rsquo;ancien pre\u0301sident est poursuivi par la Cour pe\u0301nale spe\u0301ciale pour de [&hellip;]<\/p>\n","protected":false},"author":82,"featured_media":81479,"comment_status":"open","ping_status":"closed","sticky":false,"template":"","format":"standard","meta":{"footnotes":""},"categories":[2,84,20,10],"tags":[30],"class_list":["post-81480","post","type-post","status-publish","format-standard","has-post-thumbnail","hentry","category-politique","category-to-homepage","category-top-nouvelles","category-toutes-les-actualites","tag-centrafricaine"],"yoast_head":"<!-- This site is optimized with the Yoast SEO Premium plugin v26.1 (Yoast SEO v27.0) - https:\/\/yoast.com\/product\/yoast-seo-premium-wordpress\/ -->\n<title>Cl\u00f4ture de l&#039;instruction sur Boziz\u00e9 et Extradition - centrafricaine<\/title>\n<meta name=\"description\" content=\"Franc\u0327ois Bozize\u0301 sera-t-il extrade\u0301 vers la Centrafrique? La question se pose alors que l&#039;instruction vient de se termi ...\" \/>\n<meta name=\"robots\" content=\"index, follow, max-snippet:-1, max-image-preview:large, max-video-preview:-1\" \/>\n<link rel=\"canonical\" href=\"https:\/\/www.africa-press.net\/centrafricaine\/politique\/cloture-de-linstruction-sur-bozize-et-extradition\" \/>\n<meta property=\"og:locale\" content=\"fr_FR\" \/>\n<meta property=\"og:type\" content=\"article\" \/>\n<meta property=\"og:title\" content=\"Cl\u00f4ture de l&#039;instruction sur Boziz\u00e9 et Extradition\" \/>\n<meta property=\"og:description\" content=\"Franc\u0327ois Bozize\u0301 sera-t-il extrade\u0301 vers la Centrafrique? La question se pose alors que l&#039;instruction vient de se termi ...\" \/>\n<meta property=\"og:url\" content=\"https:\/\/www.africa-press.net\/centrafricaine\/politique\/cloture-de-linstruction-sur-bozize-et-extradition\" \/>\n<meta property=\"og:site_name\" content=\"centrafricaine\" \/>\n<meta property=\"article:published_time\" content=\"2026-02-03T16:51:37+00:00\" \/>\n<meta property=\"article:modified_time\" content=\"2026-02-03T16:58:20+00:00\" \/>\n<meta property=\"og:image\" content=\"https:\/\/static.africa-press.net\/centrafricaine\/sites\/45\/2026\/02\/sm_1770125109.972038.jpg\" \/>\n\t<meta property=\"og:image:width\" content=\"882\" \/>\n\t<meta property=\"og:image:height\" content=\"540\" \/>\n\t<meta property=\"og:image:type\" content=\"image\/jpeg\" \/>\n<meta name=\"author\" content=\"cfeditorfr\" \/>\n<meta name=\"twitter:card\" content=\"summary_large_image\" \/>\n<meta name=\"twitter:label1\" content=\"\u00c9crit par\" \/>\n\t<meta name=\"twitter:data1\" content=\"cfeditorfr\" \/>\n\t<meta name=\"twitter:label2\" content=\"Dur\u00e9e de lecture estim\u00e9e\" \/>\n\t<meta name=\"twitter:data2\" content=\"3 minutes\" \/>\n<script type=\"application\/ld+json\" class=\"yoast-schema-graph\">{\"@context\":\"https:\/\/schema.org\",\"@graph\":[{\"@type\":\"Article\",\"@id\":\"https:\/\/www.africa-press.net\/centrafricaine\/politique\/cloture-de-linstruction-sur-bozize-et-extradition#article\",\"isPartOf\":{\"@id\":\"https:\/\/www.africa-press.net\/centrafricaine\/politique\/cloture-de-linstruction-sur-bozize-et-extradition\"},\"author\":{\"name\":\"cfeditorfr\",\"@id\":\"https:\/\/www.africa-press.net\/centrafricaine\/#\/schema\/person\/2b1cf3cd81a31e3cd26889ca66d677f1\"},\"headline\":\"Cl\u00f4ture de l&rsquo;instruction sur Boziz\u00e9 et Extradition\",\"datePublished\":\"2026-02-03T16:51:37+00:00\",\"dateModified\":\"2026-02-03T16:58:20+00:00\",\"mainEntityOfPage\":{\"@id\":\"https:\/\/www.africa-press.net\/centrafricaine\/politique\/cloture-de-linstruction-sur-bozize-et-extradition\"},\"wordCount\":470,\"commentCount\":0,\"image\":{\"@id\":\"https:\/\/www.africa-press.net\/centrafricaine\/politique\/cloture-de-linstruction-sur-bozize-et-extradition#primaryimage\"},\"thumbnailUrl\":\"https:\/\/static.africa-press.net\/centrafricaine\/sites\/45\/2026\/02\/sm_1770125109.972038.jpg\",\"keywords\":[\"CentrAfricaine\"],\"articleSection\":[\"Politique\",\"to-homepage\",\"Top Nouvelles\",\"Toutes les actualit\u00e9s\"],\"inLanguage\":\"fr-FR\",\"potentialAction\":[{\"@type\":\"CommentAction\",\"name\":\"Comment\",\"target\":[\"https:\/\/www.africa-press.net\/centrafricaine\/politique\/cloture-de-linstruction-sur-bozize-et-extradition#respond\"]}]},{\"@type\":\"WebPage\",\"@id\":\"https:\/\/www.africa-press.net\/centrafricaine\/politique\/cloture-de-linstruction-sur-bozize-et-extradition\",\"url\":\"https:\/\/www.africa-press.net\/centrafricaine\/politique\/cloture-de-linstruction-sur-bozize-et-extradition\",\"name\":\"Cl\u00f4ture de l'instruction sur Boziz\u00e9 et Extradition - centrafricaine\",\"isPartOf\":{\"@id\":\"https:\/\/www.africa-press.net\/centrafricaine\/#website\"},\"primaryImageOfPage\":{\"@id\":\"https:\/\/www.africa-press.net\/centrafricaine\/politique\/cloture-de-linstruction-sur-bozize-et-extradition#primaryimage\"},\"image\":{\"@id\":\"https:\/\/www.africa-press.net\/centrafricaine\/politique\/cloture-de-linstruction-sur-bozize-et-extradition#primaryimage\"},\"thumbnailUrl\":\"https:\/\/static.africa-press.net\/centrafricaine\/sites\/45\/2026\/02\/sm_1770125109.972038.jpg\",\"datePublished\":\"2026-02-03T16:51:37+00:00\",\"dateModified\":\"2026-02-03T16:58:20+00:00\",\"author\":{\"@id\":\"https:\/\/www.africa-press.net\/centrafricaine\/#\/schema\/person\/2b1cf3cd81a31e3cd26889ca66d677f1\"},\"description\":\"Franc\u0327ois Bozize\u0301 sera-t-il extrade\u0301 vers la Centrafrique? La question se pose alors que l'instruction vient de se termi ...\",\"breadcrumb\":{\"@id\":\"https:\/\/www.africa-press.net\/centrafricaine\/politique\/cloture-de-linstruction-sur-bozize-et-extradition#breadcrumb\"},\"inLanguage\":\"fr-FR\",\"potentialAction\":[{\"@type\":\"ReadAction\",\"target\":[\"https:\/\/www.africa-press.net\/centrafricaine\/politique\/cloture-de-linstruction-sur-bozize-et-extradition\"]}]},{\"@type\":\"ImageObject\",\"inLanguage\":\"fr-FR\",\"@id\":\"https:\/\/www.africa-press.net\/centrafricaine\/politique\/cloture-de-linstruction-sur-bozize-et-extradition#primaryimage\",\"url\":\"https:\/\/static.africa-press.net\/centrafricaine\/sites\/45\/2026\/02\/sm_1770125109.972038.jpg\",\"contentUrl\":\"https:\/\/static.africa-press.net\/centrafricaine\/sites\/45\/2026\/02\/sm_1770125109.972038.jpg\",\"width\":882,\"height\":540,\"caption\":\"Cl\u00f4ture de l'instruction sur Boziz\u00e9 et Extradition\"},{\"@type\":\"BreadcrumbList\",\"@id\":\"https:\/\/www.africa-press.net\/centrafricaine\/politique\/cloture-de-linstruction-sur-bozize-et-extradition#breadcrumb\",\"itemListElement\":[{\"@type\":\"ListItem\",\"position\":1,\"name\":\"Accueil\",\"item\":\"https:\/\/www.africa-press.net\/centrafricaine\/\"},{\"@type\":\"ListItem\",\"position\":2,\"name\":\"Cl\u00f4ture de l&#8217;instruction sur Boziz\u00e9 et Extradition\"}]},{\"@type\":\"WebSite\",\"@id\":\"https:\/\/www.africa-press.net\/centrafricaine\/#website\",\"url\":\"https:\/\/www.africa-press.net\/centrafricaine\/\",\"name\":\"centrafricaine\",\"description\":\"Just another Africa News Agency Sites site\",\"potentialAction\":[{\"@type\":\"SearchAction\",\"target\":{\"@type\":\"EntryPoint\",\"urlTemplate\":\"https:\/\/www.africa-press.net\/centrafricaine\/?s={search_term_string}\"},\"query-input\":{\"@type\":\"PropertyValueSpecification\",\"valueRequired\":true,\"valueName\":\"search_term_string\"}}],\"inLanguage\":\"fr-FR\"},{\"@type\":\"Person\",\"@id\":\"https:\/\/www.africa-press.net\/centrafricaine\/#\/schema\/person\/2b1cf3cd81a31e3cd26889ca66d677f1\",\"name\":\"cfeditorfr\"}]}<\/script>\n<!-- \/ Yoast SEO Premium plugin. -->","yoast_head_json":{"title":"Cl\u00f4ture de l'instruction sur Boziz\u00e9 et Extradition - centrafricaine","description":"Franc\u0327ois Bozize\u0301 sera-t-il extrade\u0301 vers la Centrafrique? La question se pose alors que l'instruction vient de se termi ...","robots":{"index":"index","follow":"follow","max-snippet":"max-snippet:-1","max-image-preview":"max-image-preview:large","max-video-preview":"max-video-preview:-1"},"canonical":"https:\/\/www.africa-press.net\/centrafricaine\/politique\/cloture-de-linstruction-sur-bozize-et-extradition","og_locale":"fr_FR","og_type":"article","og_title":"Cl\u00f4ture de l'instruction sur Boziz\u00e9 et Extradition","og_description":"Franc\u0327ois Bozize\u0301 sera-t-il extrade\u0301 vers la Centrafrique? La question se pose alors que l'instruction vient de se termi ...","og_url":"https:\/\/www.africa-press.net\/centrafricaine\/politique\/cloture-de-linstruction-sur-bozize-et-extradition","og_site_name":"centrafricaine","article_published_time":"2026-02-03T16:51:37+00:00","article_modified_time":"2026-02-03T16:58:20+00:00","og_image":[{"width":882,"height":540,"url":"https:\/\/static.africa-press.net\/centrafricaine\/sites\/45\/2026\/02\/sm_1770125109.972038.jpg","type":"image\/jpeg"}],"author":"cfeditorfr","twitter_card":"summary_large_image","twitter_misc":{"\u00c9crit par":"cfeditorfr","Dur\u00e9e de lecture estim\u00e9e":"3 minutes"},"schema":{"@context":"https:\/\/schema.org","@graph":[{"@type":"Article","@id":"https:\/\/www.africa-press.net\/centrafricaine\/politique\/cloture-de-linstruction-sur-bozize-et-extradition#article","isPartOf":{"@id":"https:\/\/www.africa-press.net\/centrafricaine\/politique\/cloture-de-linstruction-sur-bozize-et-extradition"},"author":{"name":"cfeditorfr","@id":"https:\/\/www.africa-press.net\/centrafricaine\/#\/schema\/person\/2b1cf3cd81a31e3cd26889ca66d677f1"},"headline":"Cl\u00f4ture de l&rsquo;instruction sur Boziz\u00e9 et Extradition","datePublished":"2026-02-03T16:51:37+00:00","dateModified":"2026-02-03T16:58:20+00:00","mainEntityOfPage":{"@id":"https:\/\/www.africa-press.net\/centrafricaine\/politique\/cloture-de-linstruction-sur-bozize-et-extradition"},"wordCount":470,"commentCount":0,"image":{"@id":"https:\/\/www.africa-press.net\/centrafricaine\/politique\/cloture-de-linstruction-sur-bozize-et-extradition#primaryimage"},"thumbnailUrl":"https:\/\/static.africa-press.net\/centrafricaine\/sites\/45\/2026\/02\/sm_1770125109.972038.jpg","keywords":["CentrAfricaine"],"articleSection":["Politique","to-homepage","Top Nouvelles","Toutes les actualit\u00e9s"],"inLanguage":"fr-FR","potentialAction":[{"@type":"CommentAction","name":"Comment","target":["https:\/\/www.africa-press.net\/centrafricaine\/politique\/cloture-de-linstruction-sur-bozize-et-extradition#respond"]}]},{"@type":"WebPage","@id":"https:\/\/www.africa-press.net\/centrafricaine\/politique\/cloture-de-linstruction-sur-bozize-et-extradition","url":"https:\/\/www.africa-press.net\/centrafricaine\/politique\/cloture-de-linstruction-sur-bozize-et-extradition","name":"Cl\u00f4ture de l'instruction sur Boziz\u00e9 et Extradition - centrafricaine","isPartOf":{"@id":"https:\/\/www.africa-press.net\/centrafricaine\/#website"},"primaryImageOfPage":{"@id":"https:\/\/www.africa-press.net\/centrafricaine\/politique\/cloture-de-linstruction-sur-bozize-et-extradition#primaryimage"},"image":{"@id":"https:\/\/www.africa-press.net\/centrafricaine\/politique\/cloture-de-linstruction-sur-bozize-et-extradition#primaryimage"},"thumbnailUrl":"https:\/\/static.africa-press.net\/centrafricaine\/sites\/45\/2026\/02\/sm_1770125109.972038.jpg","datePublished":"2026-02-03T16:51:37+00:00","dateModified":"2026-02-03T16:58:20+00:00","author":{"@id":"https:\/\/www.africa-press.net\/centrafricaine\/#\/schema\/person\/2b1cf3cd81a31e3cd26889ca66d677f1"},"description":"Franc\u0327ois Bozize\u0301 sera-t-il extrade\u0301 vers la Centrafrique? La question se pose alors que l'instruction vient de se termi ...","breadcrumb":{"@id":"https:\/\/www.africa-press.net\/centrafricaine\/politique\/cloture-de-linstruction-sur-bozize-et-extradition#breadcrumb"},"inLanguage":"fr-FR","potentialAction":[{"@type":"ReadAction","target":["https:\/\/www.africa-press.net\/centrafricaine\/politique\/cloture-de-linstruction-sur-bozize-et-extradition"]}]},{"@type":"ImageObject","inLanguage":"fr-FR","@id":"https:\/\/www.africa-press.net\/centrafricaine\/politique\/cloture-de-linstruction-sur-bozize-et-extradition#primaryimage","url":"https:\/\/static.africa-press.net\/centrafricaine\/sites\/45\/2026\/02\/sm_1770125109.972038.jpg","contentUrl":"https:\/\/static.africa-press.net\/centrafricaine\/sites\/45\/2026\/02\/sm_1770125109.972038.jpg","width":882,"height":540,"caption":"Cl\u00f4ture de l'instruction sur Boziz\u00e9 et Extradition"},{"@type":"BreadcrumbList","@id":"https:\/\/www.africa-press.net\/centrafricaine\/politique\/cloture-de-linstruction-sur-bozize-et-extradition#breadcrumb","itemListElement":[{"@type":"ListItem","position":1,"name":"Accueil","item":"https:\/\/www.africa-press.net\/centrafricaine\/"},{"@type":"ListItem","position":2,"name":"Cl\u00f4ture de l&#8217;instruction sur Boziz\u00e9 et Extradition"}]},{"@type":"WebSite","@id":"https:\/\/www.africa-press.net\/centrafricaine\/#website","url":"https:\/\/www.africa-press.net\/centrafricaine\/","name":"centrafricaine","description":"Just another Africa News Agency Sites site","potentialAction":[{"@type":"SearchAction","target":{"@type":"EntryPoint","urlTemplate":"https:\/\/www.africa-press.net\/centrafricaine\/?s={search_term_string}"},"query-input":{"@type":"PropertyValueSpecification","valueRequired":true,"valueName":"search_term_string"}}],"inLanguage":"fr-FR"},{"@type":"Person","@id":"https:\/\/www.africa-press.net\/centrafricaine\/#\/schema\/person\/2b1cf3cd81a31e3cd26889ca66d677f1","name":"cfeditorfr"}]}},"_links":{"self":[{"href":"https:\/\/www.africa-press.net\/centrafricaine\/wp-json\/wp\/v2\/posts\/81480","targetHints":{"allow":["GET"]}}],"collection":[{"href":"https:\/\/www.africa-press.net\/centrafricaine\/wp-json\/wp\/v2\/posts"}],"about":[{"href":"https:\/\/www.africa-press.net\/centrafricaine\/wp-json\/wp\/v2\/types\/post"}],"author":[{"embeddable":true,"href":"https:\/\/www.africa-press.net\/centrafricaine\/wp-json\/wp\/v2\/users\/82"}],"replies":[{"embeddable":true,"href":"https:\/\/www.africa-press.net\/centrafricaine\/wp-json\/wp\/v2\/comments?post=81480"}],"version-history":[{"count":0,"href":"https:\/\/www.africa-press.net\/centrafricaine\/wp-json\/wp\/v2\/posts\/81480\/revisions"}],"wp:featuredmedia":[{"embeddable":true,"href":"https:\/\/www.africa-press.net\/centrafricaine\/wp-json\/wp\/v2\/media\/81479"}],"wp:attachment":[{"href":"https:\/\/www.africa-press.net\/centrafricaine\/wp-json\/wp\/v2\/media?parent=81480"}],"wp:term":[{"taxonomy":"category","embeddable":true,"href":"https:\/\/www.africa-press.net\/centrafricaine\/wp-json\/wp\/v2\/categories?post=81480"},{"taxonomy":"post_tag","embeddable":true,"href":"https:\/\/www.africa-press.net\/centrafricaine\/wp-json\/wp\/v2\/tags?post=81480"}],"curies":[{"name":"wp","href":"https:\/\/api.w.org\/{rel}","templated":true}]}}