{"id":8150,"date":"2021-06-16T17:47:58","date_gmt":"2021-06-16T17:47:58","guid":{"rendered":"https:\/\/www.africa-press.net\/centrafricaine\/?p=8150"},"modified":"2021-06-16T18:29:58","modified_gmt":"2021-06-16T18:29:58","slug":"bamingui-bangoran-au-moins-14-morts-dans-des-violences-intercommunautaires-entre-eleveurs-et-cultivateurs-au-nord","status":"publish","type":"post","link":"https:\/\/www.africa-press.net\/centrafricaine\/toutes-les-actualites\/bamingui-bangoran-au-moins-14-morts-dans-des-violences-intercommunautaires-entre-eleveurs-et-cultivateurs-au-nord","title":{"rendered":"Bamingui-Bangoran, au moins 14 morts dans des violences intercommunautaires entre \u00e9leveurs et cultivateurs au nord"},"content":{"rendered":"<p><span style=\"color: #ff6600\"><strong><a href=\"https:\/\/www.africa-press.net\/\">Africa-Press<\/a> &#8211; <a href=\"https:\/\/www.africa-press.net\/centrafricaine\">CentrAfricaine<\/a>.\u00a0 <\/strong><\/span>\u00a0Un conflit entre un \u00e9leveur et un agriculteur a d\u00e9g\u00e9n\u00e9r\u00e9 \u00e0 une explosion de violences intercommunautaire dans le village Tiri, situ\u00e9 au nord de la Centrafrique, pr\u00e8s de la fronti\u00e8re avec le Tchad, en proie \u00e0 des conflits meurtriers entre ces communaut\u00e9s, selon les autorit\u00e9s locales.<\/p>\n<p>Jeudi 10 juin 2021, un conflit a \u00e9clat\u00e9 entre un \u00e9leveur peul et un agriculteur provoquant un d\u00e9cha\u00eenement de violences dans le village Tiri, non loin de la ville de Nd\u00e9l\u00e9.<\/p>\n<p>Selon les autorit\u00e9s locales, \u00abcertains \u00e9leveurs peuls, qui sont venus au village Tiri pour faire pa\u00eetre leur troupeau, et ce dernier auraient d\u00e9vast\u00e9 le champ et les r\u00e9coltes d\u2019un agriculteur. Apr\u00e8s de violentes disputes entre les \u00e9leveurs et les agriculteurs, un \u00e9leveur a \u00e9t\u00e9 tu\u00e9. En repr\u00e9sailles, les \u00e9leveurs, venus du Tchad, ont tu\u00e9 14 personnes, dont des femmes et des enfants. Ils ont incendi\u00e9 plus de 66 maisons et des greniers. Pr\u00e8s de 3.000 personnes ont fui leur village\u00bb, a indiqu\u00e9 au m\u00e9dia le pr\u00e9fet de Bamingui \u2013 Bangoran Fran\u00e7ois Dieudonn\u00e9 Bata Wapi Yepi.<\/p>\n<p>Selon des sources hospitali\u00e8res, deux bless\u00e9s graves ont \u00e9t\u00e9 transport\u00e9s \u00e0 l\u2019h\u00f4pital de Nd\u00e9l\u00e9, \u00e0 environ 81 kilom\u00e8tres de Tiri.<\/p>\n<p>Notons que des conflits entre cultivateurs et \u00e9leveurs sont r\u00e9currents dans la r\u00e9gion, surtout en p\u00e9riode de transhumance. Les cultivateurs accusent les \u00e9leveurs de saccager leurs champs en faisant pa\u00eetre leurs animaux.<\/p>\n<p><b>\u00a0<\/b><\/p>\n","protected":false},"excerpt":{"rendered":"<p>Africa-Press &#8211; CentrAfricaine.\u00a0 \u00a0Un conflit entre un \u00e9leveur et un agriculteur a d\u00e9g\u00e9n\u00e9r\u00e9 \u00e0 une explosion de violences intercommunautaire dans le village Tiri, situ\u00e9 au nord de la Centrafrique, pr\u00e8s de la fronti\u00e8re avec le Tchad, en proie \u00e0 des conflits meurtriers entre ces communaut\u00e9s, selon les autorit\u00e9s locales. Jeudi 10 juin 2021, un conflit [&hellip;]<\/p>\n","protected":false},"author":82,"featured_media":8149,"comment_status":"open","ping_status":"closed","sticky":false,"template":"","format":"standard","meta":{"footnotes":""},"categories":[21,11,10],"tags":[36,58,30],"class_list":["post-8150","post","type-post","status-publish","format-standard","has-post-thumbnail","hentry","category-communaute","category-homepage-french","category-toutes-les-actualites","tag-africa-press","tag-africa-press-centrafricaine","tag-centrafricaine"],"yoast_head":"<!-- This site is optimized with the Yoast SEO Premium plugin v26.1 (Yoast SEO v27.0) - https:\/\/yoast.com\/product\/yoast-seo-premium-wordpress\/ -->\n<title>Bamingui-Bangoran, au moins 14 morts dans des violences intercommunautaires entre \u00e9leveurs et cultivateurs au nord - centrafricaine<\/title>\n<meta name=\"description\" content=\"Bangui, R\u00e9publique centrafricaine, mercredi, 16 juin 2021, 03:25:56 ( Corbeaunews-Centrafrique ). Un conflit ent ...\" \/>\n<meta name=\"robots\" content=\"index, follow, max-snippet:-1, max-image-preview:large, max-video-preview:-1\" \/>\n<link rel=\"canonical\" href=\"https:\/\/www.africa-press.net\/centrafricaine\/toutes-les-actualites\/bamingui-bangoran-au-moins-14-morts-dans-des-violences-intercommunautaires-entre-eleveurs-et-cultivateurs-au-nord\" \/>\n<meta property=\"og:locale\" content=\"fr_FR\" \/>\n<meta property=\"og:type\" content=\"article\" \/>\n<meta property=\"og:title\" content=\"Bamingui-Bangoran, au moins 14 morts dans des violences intercommunautaires entre \u00e9leveurs et cultivateurs au nord\" \/>\n<meta property=\"og:description\" content=\"Bangui, R\u00e9publique centrafricaine, mercredi, 16 juin 2021, 03:25:56 ( Corbeaunews-Centrafrique ). Un conflit ent ...\" \/>\n<meta property=\"og:url\" content=\"https:\/\/www.africa-press.net\/centrafricaine\/toutes-les-actualites\/bamingui-bangoran-au-moins-14-morts-dans-des-violences-intercommunautaires-entre-eleveurs-et-cultivateurs-au-nord\" \/>\n<meta property=\"og:site_name\" content=\"centrafricaine\" \/>\n<meta property=\"article:published_time\" content=\"2021-06-16T17:47:58+00:00\" \/>\n<meta property=\"article:modified_time\" content=\"2021-06-16T18:29:58+00:00\" \/>\n<meta property=\"og:image\" content=\"https:\/\/static.africa-press.net\/centrafricaine\/sites\/45\/2021\/06\/img-60ca2ee4a015f.jpg\" \/>\n\t<meta property=\"og:image:width\" content=\"750\" \/>\n\t<meta property=\"og:image:height\" content=\"423\" \/>\n\t<meta property=\"og:image:type\" content=\"image\/jpeg\" \/>\n<meta name=\"author\" content=\"cfeditorfr\" \/>\n<meta name=\"twitter:card\" content=\"summary_large_image\" \/>\n<meta name=\"twitter:label1\" content=\"\u00c9crit par\" \/>\n\t<meta name=\"twitter:data1\" content=\"cfeditorfr\" \/>\n\t<meta name=\"twitter:label2\" content=\"Dur\u00e9e de lecture estim\u00e9e\" \/>\n\t<meta name=\"twitter:data2\" content=\"1 minute\" \/>\n<script type=\"application\/ld+json\" class=\"yoast-schema-graph\">{\"@context\":\"https:\/\/schema.org\",\"@graph\":[{\"@type\":\"Article\",\"@id\":\"https:\/\/www.africa-press.net\/centrafricaine\/toutes-les-actualites\/bamingui-bangoran-au-moins-14-morts-dans-des-violences-intercommunautaires-entre-eleveurs-et-cultivateurs-au-nord#article\",\"isPartOf\":{\"@id\":\"https:\/\/www.africa-press.net\/centrafricaine\/toutes-les-actualites\/bamingui-bangoran-au-moins-14-morts-dans-des-violences-intercommunautaires-entre-eleveurs-et-cultivateurs-au-nord\"},\"author\":{\"name\":\"cfeditorfr\",\"@id\":\"https:\/\/www.africa-press.net\/centrafricaine\/#\/schema\/person\/2b1cf3cd81a31e3cd26889ca66d677f1\"},\"headline\":\"Bamingui-Bangoran, au moins 14 morts dans des violences intercommunautaires entre \u00e9leveurs et cultivateurs au nord\",\"datePublished\":\"2021-06-16T17:47:58+00:00\",\"dateModified\":\"2021-06-16T18:29:58+00:00\",\"mainEntityOfPage\":{\"@id\":\"https:\/\/www.africa-press.net\/centrafricaine\/toutes-les-actualites\/bamingui-bangoran-au-moins-14-morts-dans-des-violences-intercommunautaires-entre-eleveurs-et-cultivateurs-au-nord\"},\"wordCount\":262,\"commentCount\":0,\"image\":{\"@id\":\"https:\/\/www.africa-press.net\/centrafricaine\/toutes-les-actualites\/bamingui-bangoran-au-moins-14-morts-dans-des-violences-intercommunautaires-entre-eleveurs-et-cultivateurs-au-nord#primaryimage\"},\"thumbnailUrl\":\"https:\/\/static.africa-press.net\/centrafricaine\/sites\/45\/2021\/06\/img-60ca2ee4a015f.jpg\",\"keywords\":[\"Africa Press\",\"Africa Press-CentrAfricaine\",\"CentrAfricaine\"],\"articleSection\":[\"Communaut\u00e9\",\"homepage-french\",\"Toutes les actualit\u00e9s\"],\"inLanguage\":\"fr-FR\",\"potentialAction\":[{\"@type\":\"CommentAction\",\"name\":\"Comment\",\"target\":[\"https:\/\/www.africa-press.net\/centrafricaine\/toutes-les-actualites\/bamingui-bangoran-au-moins-14-morts-dans-des-violences-intercommunautaires-entre-eleveurs-et-cultivateurs-au-nord#respond\"]}]},{\"@type\":\"WebPage\",\"@id\":\"https:\/\/www.africa-press.net\/centrafricaine\/toutes-les-actualites\/bamingui-bangoran-au-moins-14-morts-dans-des-violences-intercommunautaires-entre-eleveurs-et-cultivateurs-au-nord\",\"url\":\"https:\/\/www.africa-press.net\/centrafricaine\/toutes-les-actualites\/bamingui-bangoran-au-moins-14-morts-dans-des-violences-intercommunautaires-entre-eleveurs-et-cultivateurs-au-nord\",\"name\":\"Bamingui-Bangoran, au moins 14 morts dans des violences intercommunautaires entre \u00e9leveurs et cultivateurs au nord - centrafricaine\",\"isPartOf\":{\"@id\":\"https:\/\/www.africa-press.net\/centrafricaine\/#website\"},\"primaryImageOfPage\":{\"@id\":\"https:\/\/www.africa-press.net\/centrafricaine\/toutes-les-actualites\/bamingui-bangoran-au-moins-14-morts-dans-des-violences-intercommunautaires-entre-eleveurs-et-cultivateurs-au-nord#primaryimage\"},\"image\":{\"@id\":\"https:\/\/www.africa-press.net\/centrafricaine\/toutes-les-actualites\/bamingui-bangoran-au-moins-14-morts-dans-des-violences-intercommunautaires-entre-eleveurs-et-cultivateurs-au-nord#primaryimage\"},\"thumbnailUrl\":\"https:\/\/static.africa-press.net\/centrafricaine\/sites\/45\/2021\/06\/img-60ca2ee4a015f.jpg\",\"datePublished\":\"2021-06-16T17:47:58+00:00\",\"dateModified\":\"2021-06-16T18:29:58+00:00\",\"author\":{\"@id\":\"https:\/\/www.africa-press.net\/centrafricaine\/#\/schema\/person\/2b1cf3cd81a31e3cd26889ca66d677f1\"},\"description\":\"Bangui, R\u00e9publique centrafricaine, mercredi, 16 juin 2021, 03:25:56 ( Corbeaunews-Centrafrique ). Un conflit ent ...\",\"breadcrumb\":{\"@id\":\"https:\/\/www.africa-press.net\/centrafricaine\/toutes-les-actualites\/bamingui-bangoran-au-moins-14-morts-dans-des-violences-intercommunautaires-entre-eleveurs-et-cultivateurs-au-nord#breadcrumb\"},\"inLanguage\":\"fr-FR\",\"potentialAction\":[{\"@type\":\"ReadAction\",\"target\":[\"https:\/\/www.africa-press.net\/centrafricaine\/toutes-les-actualites\/bamingui-bangoran-au-moins-14-morts-dans-des-violences-intercommunautaires-entre-eleveurs-et-cultivateurs-au-nord\"]}]},{\"@type\":\"ImageObject\",\"inLanguage\":\"fr-FR\",\"@id\":\"https:\/\/www.africa-press.net\/centrafricaine\/toutes-les-actualites\/bamingui-bangoran-au-moins-14-morts-dans-des-violences-intercommunautaires-entre-eleveurs-et-cultivateurs-au-nord#primaryimage\",\"url\":\"https:\/\/static.africa-press.net\/centrafricaine\/sites\/45\/2021\/06\/img-60ca2ee4a015f.jpg\",\"contentUrl\":\"https:\/\/static.africa-press.net\/centrafricaine\/sites\/45\/2021\/06\/img-60ca2ee4a015f.jpg\",\"width\":750,\"height\":423,\"caption\":\"Bamingui-Bangoran, au moins 14 morts dans des violences intercommunautaires entre \u00e9leveurs et cultivateurs au nord\"},{\"@type\":\"BreadcrumbList\",\"@id\":\"https:\/\/www.africa-press.net\/centrafricaine\/toutes-les-actualites\/bamingui-bangoran-au-moins-14-morts-dans-des-violences-intercommunautaires-entre-eleveurs-et-cultivateurs-au-nord#breadcrumb\",\"itemListElement\":[{\"@type\":\"ListItem\",\"position\":1,\"name\":\"Accueil\",\"item\":\"https:\/\/www.africa-press.net\/centrafricaine\/\"},{\"@type\":\"ListItem\",\"position\":2,\"name\":\"Bamingui-Bangoran, au moins 14 morts dans des violences intercommunautaires entre \u00e9leveurs et cultivateurs au nord\"}]},{\"@type\":\"WebSite\",\"@id\":\"https:\/\/www.africa-press.net\/centrafricaine\/#website\",\"url\":\"https:\/\/www.africa-press.net\/centrafricaine\/\",\"name\":\"centrafricaine\",\"description\":\"Just another Africa News Agency Sites site\",\"potentialAction\":[{\"@type\":\"SearchAction\",\"target\":{\"@type\":\"EntryPoint\",\"urlTemplate\":\"https:\/\/www.africa-press.net\/centrafricaine\/?s={search_term_string}\"},\"query-input\":{\"@type\":\"PropertyValueSpecification\",\"valueRequired\":true,\"valueName\":\"search_term_string\"}}],\"inLanguage\":\"fr-FR\"},{\"@type\":\"Person\",\"@id\":\"https:\/\/www.africa-press.net\/centrafricaine\/#\/schema\/person\/2b1cf3cd81a31e3cd26889ca66d677f1\",\"name\":\"cfeditorfr\"}]}<\/script>\n<!-- \/ Yoast SEO Premium plugin. -->","yoast_head_json":{"title":"Bamingui-Bangoran, au moins 14 morts dans des violences intercommunautaires entre \u00e9leveurs et cultivateurs au nord - centrafricaine","description":"Bangui, R\u00e9publique centrafricaine, mercredi, 16 juin 2021, 03:25:56 ( Corbeaunews-Centrafrique ). Un conflit ent ...","robots":{"index":"index","follow":"follow","max-snippet":"max-snippet:-1","max-image-preview":"max-image-preview:large","max-video-preview":"max-video-preview:-1"},"canonical":"https:\/\/www.africa-press.net\/centrafricaine\/toutes-les-actualites\/bamingui-bangoran-au-moins-14-morts-dans-des-violences-intercommunautaires-entre-eleveurs-et-cultivateurs-au-nord","og_locale":"fr_FR","og_type":"article","og_title":"Bamingui-Bangoran, au moins 14 morts dans des violences intercommunautaires entre \u00e9leveurs et cultivateurs au nord","og_description":"Bangui, R\u00e9publique centrafricaine, mercredi, 16 juin 2021, 03:25:56 ( Corbeaunews-Centrafrique ). Un conflit ent ...","og_url":"https:\/\/www.africa-press.net\/centrafricaine\/toutes-les-actualites\/bamingui-bangoran-au-moins-14-morts-dans-des-violences-intercommunautaires-entre-eleveurs-et-cultivateurs-au-nord","og_site_name":"centrafricaine","article_published_time":"2021-06-16T17:47:58+00:00","article_modified_time":"2021-06-16T18:29:58+00:00","og_image":[{"width":750,"height":423,"url":"https:\/\/static.africa-press.net\/centrafricaine\/sites\/45\/2021\/06\/img-60ca2ee4a015f.jpg","type":"image\/jpeg"}],"author":"cfeditorfr","twitter_card":"summary_large_image","twitter_misc":{"\u00c9crit par":"cfeditorfr","Dur\u00e9e de lecture estim\u00e9e":"1 minute"},"schema":{"@context":"https:\/\/schema.org","@graph":[{"@type":"Article","@id":"https:\/\/www.africa-press.net\/centrafricaine\/toutes-les-actualites\/bamingui-bangoran-au-moins-14-morts-dans-des-violences-intercommunautaires-entre-eleveurs-et-cultivateurs-au-nord#article","isPartOf":{"@id":"https:\/\/www.africa-press.net\/centrafricaine\/toutes-les-actualites\/bamingui-bangoran-au-moins-14-morts-dans-des-violences-intercommunautaires-entre-eleveurs-et-cultivateurs-au-nord"},"author":{"name":"cfeditorfr","@id":"https:\/\/www.africa-press.net\/centrafricaine\/#\/schema\/person\/2b1cf3cd81a31e3cd26889ca66d677f1"},"headline":"Bamingui-Bangoran, au moins 14 morts dans des violences intercommunautaires entre \u00e9leveurs et cultivateurs au nord","datePublished":"2021-06-16T17:47:58+00:00","dateModified":"2021-06-16T18:29:58+00:00","mainEntityOfPage":{"@id":"https:\/\/www.africa-press.net\/centrafricaine\/toutes-les-actualites\/bamingui-bangoran-au-moins-14-morts-dans-des-violences-intercommunautaires-entre-eleveurs-et-cultivateurs-au-nord"},"wordCount":262,"commentCount":0,"image":{"@id":"https:\/\/www.africa-press.net\/centrafricaine\/toutes-les-actualites\/bamingui-bangoran-au-moins-14-morts-dans-des-violences-intercommunautaires-entre-eleveurs-et-cultivateurs-au-nord#primaryimage"},"thumbnailUrl":"https:\/\/static.africa-press.net\/centrafricaine\/sites\/45\/2021\/06\/img-60ca2ee4a015f.jpg","keywords":["Africa Press","Africa Press-CentrAfricaine","CentrAfricaine"],"articleSection":["Communaut\u00e9","homepage-french","Toutes les actualit\u00e9s"],"inLanguage":"fr-FR","potentialAction":[{"@type":"CommentAction","name":"Comment","target":["https:\/\/www.africa-press.net\/centrafricaine\/toutes-les-actualites\/bamingui-bangoran-au-moins-14-morts-dans-des-violences-intercommunautaires-entre-eleveurs-et-cultivateurs-au-nord#respond"]}]},{"@type":"WebPage","@id":"https:\/\/www.africa-press.net\/centrafricaine\/toutes-les-actualites\/bamingui-bangoran-au-moins-14-morts-dans-des-violences-intercommunautaires-entre-eleveurs-et-cultivateurs-au-nord","url":"https:\/\/www.africa-press.net\/centrafricaine\/toutes-les-actualites\/bamingui-bangoran-au-moins-14-morts-dans-des-violences-intercommunautaires-entre-eleveurs-et-cultivateurs-au-nord","name":"Bamingui-Bangoran, au moins 14 morts dans des violences intercommunautaires entre \u00e9leveurs et cultivateurs au nord - centrafricaine","isPartOf":{"@id":"https:\/\/www.africa-press.net\/centrafricaine\/#website"},"primaryImageOfPage":{"@id":"https:\/\/www.africa-press.net\/centrafricaine\/toutes-les-actualites\/bamingui-bangoran-au-moins-14-morts-dans-des-violences-intercommunautaires-entre-eleveurs-et-cultivateurs-au-nord#primaryimage"},"image":{"@id":"https:\/\/www.africa-press.net\/centrafricaine\/toutes-les-actualites\/bamingui-bangoran-au-moins-14-morts-dans-des-violences-intercommunautaires-entre-eleveurs-et-cultivateurs-au-nord#primaryimage"},"thumbnailUrl":"https:\/\/static.africa-press.net\/centrafricaine\/sites\/45\/2021\/06\/img-60ca2ee4a015f.jpg","datePublished":"2021-06-16T17:47:58+00:00","dateModified":"2021-06-16T18:29:58+00:00","author":{"@id":"https:\/\/www.africa-press.net\/centrafricaine\/#\/schema\/person\/2b1cf3cd81a31e3cd26889ca66d677f1"},"description":"Bangui, R\u00e9publique centrafricaine, mercredi, 16 juin 2021, 03:25:56 ( Corbeaunews-Centrafrique ). Un conflit ent ...","breadcrumb":{"@id":"https:\/\/www.africa-press.net\/centrafricaine\/toutes-les-actualites\/bamingui-bangoran-au-moins-14-morts-dans-des-violences-intercommunautaires-entre-eleveurs-et-cultivateurs-au-nord#breadcrumb"},"inLanguage":"fr-FR","potentialAction":[{"@type":"ReadAction","target":["https:\/\/www.africa-press.net\/centrafricaine\/toutes-les-actualites\/bamingui-bangoran-au-moins-14-morts-dans-des-violences-intercommunautaires-entre-eleveurs-et-cultivateurs-au-nord"]}]},{"@type":"ImageObject","inLanguage":"fr-FR","@id":"https:\/\/www.africa-press.net\/centrafricaine\/toutes-les-actualites\/bamingui-bangoran-au-moins-14-morts-dans-des-violences-intercommunautaires-entre-eleveurs-et-cultivateurs-au-nord#primaryimage","url":"https:\/\/static.africa-press.net\/centrafricaine\/sites\/45\/2021\/06\/img-60ca2ee4a015f.jpg","contentUrl":"https:\/\/static.africa-press.net\/centrafricaine\/sites\/45\/2021\/06\/img-60ca2ee4a015f.jpg","width":750,"height":423,"caption":"Bamingui-Bangoran, au moins 14 morts dans des violences intercommunautaires entre \u00e9leveurs et cultivateurs au nord"},{"@type":"BreadcrumbList","@id":"https:\/\/www.africa-press.net\/centrafricaine\/toutes-les-actualites\/bamingui-bangoran-au-moins-14-morts-dans-des-violences-intercommunautaires-entre-eleveurs-et-cultivateurs-au-nord#breadcrumb","itemListElement":[{"@type":"ListItem","position":1,"name":"Accueil","item":"https:\/\/www.africa-press.net\/centrafricaine\/"},{"@type":"ListItem","position":2,"name":"Bamingui-Bangoran, au moins 14 morts dans des violences intercommunautaires entre \u00e9leveurs et cultivateurs au nord"}]},{"@type":"WebSite","@id":"https:\/\/www.africa-press.net\/centrafricaine\/#website","url":"https:\/\/www.africa-press.net\/centrafricaine\/","name":"centrafricaine","description":"Just another Africa News Agency Sites site","potentialAction":[{"@type":"SearchAction","target":{"@type":"EntryPoint","urlTemplate":"https:\/\/www.africa-press.net\/centrafricaine\/?s={search_term_string}"},"query-input":{"@type":"PropertyValueSpecification","valueRequired":true,"valueName":"search_term_string"}}],"inLanguage":"fr-FR"},{"@type":"Person","@id":"https:\/\/www.africa-press.net\/centrafricaine\/#\/schema\/person\/2b1cf3cd81a31e3cd26889ca66d677f1","name":"cfeditorfr"}]}},"_links":{"self":[{"href":"https:\/\/www.africa-press.net\/centrafricaine\/wp-json\/wp\/v2\/posts\/8150","targetHints":{"allow":["GET"]}}],"collection":[{"href":"https:\/\/www.africa-press.net\/centrafricaine\/wp-json\/wp\/v2\/posts"}],"about":[{"href":"https:\/\/www.africa-press.net\/centrafricaine\/wp-json\/wp\/v2\/types\/post"}],"author":[{"embeddable":true,"href":"https:\/\/www.africa-press.net\/centrafricaine\/wp-json\/wp\/v2\/users\/82"}],"replies":[{"embeddable":true,"href":"https:\/\/www.africa-press.net\/centrafricaine\/wp-json\/wp\/v2\/comments?post=8150"}],"version-history":[{"count":0,"href":"https:\/\/www.africa-press.net\/centrafricaine\/wp-json\/wp\/v2\/posts\/8150\/revisions"}],"wp:featuredmedia":[{"embeddable":true,"href":"https:\/\/www.africa-press.net\/centrafricaine\/wp-json\/wp\/v2\/media\/8149"}],"wp:attachment":[{"href":"https:\/\/www.africa-press.net\/centrafricaine\/wp-json\/wp\/v2\/media?parent=8150"}],"wp:term":[{"taxonomy":"category","embeddable":true,"href":"https:\/\/www.africa-press.net\/centrafricaine\/wp-json\/wp\/v2\/categories?post=8150"},{"taxonomy":"post_tag","embeddable":true,"href":"https:\/\/www.africa-press.net\/centrafricaine\/wp-json\/wp\/v2\/tags?post=8150"}],"curies":[{"name":"wp","href":"https:\/\/api.w.org\/{rel}","templated":true}]}}