{"id":8153,"date":"2021-06-16T17:58:38","date_gmt":"2021-06-16T17:58:38","guid":{"rendered":"https:\/\/www.africa-press.net\/centrafricaine\/?p=8153"},"modified":"2021-06-16T18:30:07","modified_gmt":"2021-06-16T18:30:07","slug":"les-mines-le-nouveau-mode-operatoire-a-surveiller","status":"publish","type":"post","link":"https:\/\/www.africa-press.net\/centrafricaine\/politique\/les-mines-le-nouveau-mode-operatoire-a-surveiller","title":{"rendered":"Les mines, le nouveau mode op\u00e9ratoire \u00e0 surveiller"},"content":{"rendered":"<p><span style=\"color: #ff6600\"><strong><a href=\"https:\/\/www.africa-press.net\/\">Africa-Press<\/a> &#8211; <a href=\"https:\/\/www.africa-press.net\/centrafricaine\">CentrAfricaine<\/a>.\u00a0 <\/strong><\/span>\u00a0Dans le monde, le nombre de victimes de mines antipersonnel reste \u00e9lev\u00e9. N\u00e9anmoins, selon les donn\u00e9es du rapport annuel de l\u2019Observatoire des mines, en 2019 le nombre de victimes aurait diminu\u00e9 en passant de 6\u2009897 en 2018 \u00e0 5\u2009500 en 2019 dont 71 % de civils. La RCA n\u2019\u00e9chappe plus \u00e0 la r\u00e8gle. Pourtant marqu\u00e9e par des ann\u00e9es de conflits arm\u00e9s, la pr\u00e9sence de mines et d\u2019engins explosifs est un ph\u00e9nom\u00e8ne assez r\u00e9cent dans le pays.<\/p>\n<p>En effet, en 2020, dans la r\u00e9gion de la Nana-Mamb\u00e9r\u00e9, les rebelles des 3R auraient pos\u00e9 des mines explosives visant les forces loyalistes du pays. Selon l\u2019ONG Handicap International, une mine est \u00ab une charge explosive con\u00e7ue et plac\u00e9e de fa\u00e7on \u00e0 \u00eatre d\u00e9clench\u00e9e, par l\u2019action involontaire de l\u2019ennemi, au passage des personnes ou des v\u00e9hicules \u00bb.<\/p>\n<p>Sur la p\u00e9riode des mois d\u2019avril et mai de cette ann\u00e9e, au moins onze personnes civiles ont ainsi perdu la vie sur des mines. Une menace qui prend de l\u2019ampleur dans le pays.<\/p>\n<p><b>\u00ab\u2009Les premi\u00e8res utilisations de mines anti-v\u00e9hicules avaient \u00e9t\u00e9 rapport\u00e9es en juillet 2020\u2009\u00bb<\/b><\/p>\n<p>, a rappel\u00e9 le bureau de la coordination des affaires humanitaires des Nations unies (OCHA). \u00ab\u2009Apr\u00e8s une accalmie relative, le probl\u00e8me a pris une dimension s\u00e9rieuse depuis avril avec de graves cons\u00e9quences pour les civils\u2009\u00bb, a indiqu\u00e9 l\u2019ONU dans l\u2019un de ses communiqu\u00e9s.<\/p>\n<p><b>La situation sanitaire et humanitaire du pays reste probl\u00e9matique.<\/b><\/p>\n<p>Afin de restaurer et r\u00e9pondre aux besoins des plus vuln\u00e9rables, les ONG interviennent de plus en plus. N\u00e9anmoins, la pr\u00e9sence d\u2019engins explosifs restreint justement fortement l\u2019acc\u00e8s et donc les actions humanitaires au profit des populations.<\/p>\n<p>Contrairement au Mali, au Tchad, ou au Congo, la Centrafrique n\u2019est pas pr\u00e9par\u00e9e \u00e0 faire face \u00e0 ce type d\u2019armes. Afin de limiter les risques de d\u00e9c\u00e8s et blessures caus\u00e9es par ces mines, les FACA et les populations doivent \u00eatre form\u00e9s et sensibilis\u00e9s sur le comportement \u00e0 avoir.<\/p>\n<p>Dans l\u2019\u00e9ventualit\u00e9 o\u00f9 vous voyez une mine ou quelque-chose qui y ressemble : ne vous approchez pas de l\u2019\u00e9l\u00e9ment explosif et pr\u00e9venez les autorit\u00e9s.<\/p>\n<p><b>\u00a0<\/b><\/p>\n","protected":false},"excerpt":{"rendered":"<p>Africa-Press &#8211; CentrAfricaine.\u00a0 \u00a0Dans le monde, le nombre de victimes de mines antipersonnel reste \u00e9lev\u00e9. N\u00e9anmoins, selon les donn\u00e9es du rapport annuel de l\u2019Observatoire des mines, en 2019 le nombre de victimes aurait diminu\u00e9 en passant de 6\u2009897 en 2018 \u00e0 5\u2009500 en 2019 dont 71 % de civils. La RCA n\u2019\u00e9chappe plus \u00e0 la [&hellip;]<\/p>\n","protected":false},"author":82,"featured_media":8152,"comment_status":"open","ping_status":"closed","sticky":false,"template":"","format":"standard","meta":{"footnotes":""},"categories":[11,2,20,10],"tags":[36,58,30],"class_list":["post-8153","post","type-post","status-publish","format-standard","has-post-thumbnail","hentry","category-homepage-french","category-politique","category-top-nouvelles","category-toutes-les-actualites","tag-africa-press","tag-africa-press-centrafricaine","tag-centrafricaine"],"yoast_head":"<!-- This site is optimized with the Yoast SEO Premium plugin v26.1 (Yoast SEO v27.0) - https:\/\/yoast.com\/product\/yoast-seo-premium-wordpress\/ -->\n<title>Les mines, le nouveau mode op\u00e9ratoire \u00e0 surveiller - centrafricaine<\/title>\n<meta name=\"description\" content=\"Bangui, R\u00e9publique centrafricaine, mercredi, 16 juin 2021, 03:42:45 ( Corbeaunews-Centrafrique ). Dans le monde, ...\" \/>\n<meta name=\"robots\" content=\"index, follow, max-snippet:-1, max-image-preview:large, max-video-preview:-1\" \/>\n<link rel=\"canonical\" href=\"https:\/\/www.africa-press.net\/centrafricaine\/politique\/les-mines-le-nouveau-mode-operatoire-a-surveiller\" \/>\n<meta property=\"og:locale\" content=\"fr_FR\" \/>\n<meta property=\"og:type\" content=\"article\" \/>\n<meta property=\"og:title\" content=\"Les mines, le nouveau mode op\u00e9ratoire \u00e0 surveiller\" \/>\n<meta property=\"og:description\" content=\"Bangui, R\u00e9publique centrafricaine, mercredi, 16 juin 2021, 03:42:45 ( Corbeaunews-Centrafrique ). Dans le monde, ...\" \/>\n<meta property=\"og:url\" content=\"https:\/\/www.africa-press.net\/centrafricaine\/politique\/les-mines-le-nouveau-mode-operatoire-a-surveiller\" \/>\n<meta property=\"og:site_name\" content=\"centrafricaine\" \/>\n<meta property=\"article:published_time\" content=\"2021-06-16T17:58:38+00:00\" \/>\n<meta property=\"article:modified_time\" content=\"2021-06-16T18:30:07+00:00\" \/>\n<meta property=\"og:image\" content=\"https:\/\/static.africa-press.net\/centrafricaine\/sites\/45\/2021\/06\/img-60ca2f17a53e5.jpg\" \/>\n\t<meta property=\"og:image:width\" content=\"720\" \/>\n\t<meta property=\"og:image:height\" content=\"404\" \/>\n\t<meta property=\"og:image:type\" content=\"image\/jpeg\" \/>\n<meta name=\"author\" content=\"cfeditorfr\" \/>\n<meta name=\"twitter:card\" content=\"summary_large_image\" \/>\n<meta name=\"twitter:label1\" content=\"\u00c9crit par\" \/>\n\t<meta name=\"twitter:data1\" content=\"cfeditorfr\" \/>\n\t<meta name=\"twitter:label2\" content=\"Dur\u00e9e de lecture estim\u00e9e\" \/>\n\t<meta name=\"twitter:data2\" content=\"2 minutes\" \/>\n<script type=\"application\/ld+json\" class=\"yoast-schema-graph\">{\"@context\":\"https:\/\/schema.org\",\"@graph\":[{\"@type\":\"Article\",\"@id\":\"https:\/\/www.africa-press.net\/centrafricaine\/politique\/les-mines-le-nouveau-mode-operatoire-a-surveiller#article\",\"isPartOf\":{\"@id\":\"https:\/\/www.africa-press.net\/centrafricaine\/politique\/les-mines-le-nouveau-mode-operatoire-a-surveiller\"},\"author\":{\"name\":\"cfeditorfr\",\"@id\":\"https:\/\/www.africa-press.net\/centrafricaine\/#\/schema\/person\/2b1cf3cd81a31e3cd26889ca66d677f1\"},\"headline\":\"Les mines, le nouveau mode op\u00e9ratoire \u00e0 surveiller\",\"datePublished\":\"2021-06-16T17:58:38+00:00\",\"dateModified\":\"2021-06-16T18:30:07+00:00\",\"mainEntityOfPage\":{\"@id\":\"https:\/\/www.africa-press.net\/centrafricaine\/politique\/les-mines-le-nouveau-mode-operatoire-a-surveiller\"},\"wordCount\":389,\"commentCount\":0,\"image\":{\"@id\":\"https:\/\/www.africa-press.net\/centrafricaine\/politique\/les-mines-le-nouveau-mode-operatoire-a-surveiller#primaryimage\"},\"thumbnailUrl\":\"https:\/\/static.africa-press.net\/centrafricaine\/sites\/45\/2021\/06\/img-60ca2f17a53e5.jpg\",\"keywords\":[\"Africa Press\",\"Africa Press-CentrAfricaine\",\"CentrAfricaine\"],\"articleSection\":[\"homepage-french\",\"Politique\",\"Top Nouvelles\",\"Toutes les actualit\u00e9s\"],\"inLanguage\":\"fr-FR\",\"potentialAction\":[{\"@type\":\"CommentAction\",\"name\":\"Comment\",\"target\":[\"https:\/\/www.africa-press.net\/centrafricaine\/politique\/les-mines-le-nouveau-mode-operatoire-a-surveiller#respond\"]}]},{\"@type\":\"WebPage\",\"@id\":\"https:\/\/www.africa-press.net\/centrafricaine\/politique\/les-mines-le-nouveau-mode-operatoire-a-surveiller\",\"url\":\"https:\/\/www.africa-press.net\/centrafricaine\/politique\/les-mines-le-nouveau-mode-operatoire-a-surveiller\",\"name\":\"Les mines, le nouveau mode op\u00e9ratoire \u00e0 surveiller - centrafricaine\",\"isPartOf\":{\"@id\":\"https:\/\/www.africa-press.net\/centrafricaine\/#website\"},\"primaryImageOfPage\":{\"@id\":\"https:\/\/www.africa-press.net\/centrafricaine\/politique\/les-mines-le-nouveau-mode-operatoire-a-surveiller#primaryimage\"},\"image\":{\"@id\":\"https:\/\/www.africa-press.net\/centrafricaine\/politique\/les-mines-le-nouveau-mode-operatoire-a-surveiller#primaryimage\"},\"thumbnailUrl\":\"https:\/\/static.africa-press.net\/centrafricaine\/sites\/45\/2021\/06\/img-60ca2f17a53e5.jpg\",\"datePublished\":\"2021-06-16T17:58:38+00:00\",\"dateModified\":\"2021-06-16T18:30:07+00:00\",\"author\":{\"@id\":\"https:\/\/www.africa-press.net\/centrafricaine\/#\/schema\/person\/2b1cf3cd81a31e3cd26889ca66d677f1\"},\"description\":\"Bangui, R\u00e9publique centrafricaine, mercredi, 16 juin 2021, 03:42:45 ( Corbeaunews-Centrafrique ). Dans le monde, ...\",\"breadcrumb\":{\"@id\":\"https:\/\/www.africa-press.net\/centrafricaine\/politique\/les-mines-le-nouveau-mode-operatoire-a-surveiller#breadcrumb\"},\"inLanguage\":\"fr-FR\",\"potentialAction\":[{\"@type\":\"ReadAction\",\"target\":[\"https:\/\/www.africa-press.net\/centrafricaine\/politique\/les-mines-le-nouveau-mode-operatoire-a-surveiller\"]}]},{\"@type\":\"ImageObject\",\"inLanguage\":\"fr-FR\",\"@id\":\"https:\/\/www.africa-press.net\/centrafricaine\/politique\/les-mines-le-nouveau-mode-operatoire-a-surveiller#primaryimage\",\"url\":\"https:\/\/static.africa-press.net\/centrafricaine\/sites\/45\/2021\/06\/img-60ca2f17a53e5.jpg\",\"contentUrl\":\"https:\/\/static.africa-press.net\/centrafricaine\/sites\/45\/2021\/06\/img-60ca2f17a53e5.jpg\",\"width\":720,\"height\":404,\"caption\":\"Les mines, le nouveau mode op\u00e9ratoire \u00e0 surveiller\"},{\"@type\":\"BreadcrumbList\",\"@id\":\"https:\/\/www.africa-press.net\/centrafricaine\/politique\/les-mines-le-nouveau-mode-operatoire-a-surveiller#breadcrumb\",\"itemListElement\":[{\"@type\":\"ListItem\",\"position\":1,\"name\":\"Accueil\",\"item\":\"https:\/\/www.africa-press.net\/centrafricaine\/\"},{\"@type\":\"ListItem\",\"position\":2,\"name\":\"Les mines, le nouveau mode op\u00e9ratoire \u00e0 surveiller\"}]},{\"@type\":\"WebSite\",\"@id\":\"https:\/\/www.africa-press.net\/centrafricaine\/#website\",\"url\":\"https:\/\/www.africa-press.net\/centrafricaine\/\",\"name\":\"centrafricaine\",\"description\":\"Just another Africa News Agency Sites site\",\"potentialAction\":[{\"@type\":\"SearchAction\",\"target\":{\"@type\":\"EntryPoint\",\"urlTemplate\":\"https:\/\/www.africa-press.net\/centrafricaine\/?s={search_term_string}\"},\"query-input\":{\"@type\":\"PropertyValueSpecification\",\"valueRequired\":true,\"valueName\":\"search_term_string\"}}],\"inLanguage\":\"fr-FR\"},{\"@type\":\"Person\",\"@id\":\"https:\/\/www.africa-press.net\/centrafricaine\/#\/schema\/person\/2b1cf3cd81a31e3cd26889ca66d677f1\",\"name\":\"cfeditorfr\"}]}<\/script>\n<!-- \/ Yoast SEO Premium plugin. -->","yoast_head_json":{"title":"Les mines, le nouveau mode op\u00e9ratoire \u00e0 surveiller - centrafricaine","description":"Bangui, R\u00e9publique centrafricaine, mercredi, 16 juin 2021, 03:42:45 ( Corbeaunews-Centrafrique ). Dans le monde, ...","robots":{"index":"index","follow":"follow","max-snippet":"max-snippet:-1","max-image-preview":"max-image-preview:large","max-video-preview":"max-video-preview:-1"},"canonical":"https:\/\/www.africa-press.net\/centrafricaine\/politique\/les-mines-le-nouveau-mode-operatoire-a-surveiller","og_locale":"fr_FR","og_type":"article","og_title":"Les mines, le nouveau mode op\u00e9ratoire \u00e0 surveiller","og_description":"Bangui, R\u00e9publique centrafricaine, mercredi, 16 juin 2021, 03:42:45 ( Corbeaunews-Centrafrique ). Dans le monde, ...","og_url":"https:\/\/www.africa-press.net\/centrafricaine\/politique\/les-mines-le-nouveau-mode-operatoire-a-surveiller","og_site_name":"centrafricaine","article_published_time":"2021-06-16T17:58:38+00:00","article_modified_time":"2021-06-16T18:30:07+00:00","og_image":[{"width":720,"height":404,"url":"https:\/\/static.africa-press.net\/centrafricaine\/sites\/45\/2021\/06\/img-60ca2f17a53e5.jpg","type":"image\/jpeg"}],"author":"cfeditorfr","twitter_card":"summary_large_image","twitter_misc":{"\u00c9crit par":"cfeditorfr","Dur\u00e9e de lecture estim\u00e9e":"2 minutes"},"schema":{"@context":"https:\/\/schema.org","@graph":[{"@type":"Article","@id":"https:\/\/www.africa-press.net\/centrafricaine\/politique\/les-mines-le-nouveau-mode-operatoire-a-surveiller#article","isPartOf":{"@id":"https:\/\/www.africa-press.net\/centrafricaine\/politique\/les-mines-le-nouveau-mode-operatoire-a-surveiller"},"author":{"name":"cfeditorfr","@id":"https:\/\/www.africa-press.net\/centrafricaine\/#\/schema\/person\/2b1cf3cd81a31e3cd26889ca66d677f1"},"headline":"Les mines, le nouveau mode op\u00e9ratoire \u00e0 surveiller","datePublished":"2021-06-16T17:58:38+00:00","dateModified":"2021-06-16T18:30:07+00:00","mainEntityOfPage":{"@id":"https:\/\/www.africa-press.net\/centrafricaine\/politique\/les-mines-le-nouveau-mode-operatoire-a-surveiller"},"wordCount":389,"commentCount":0,"image":{"@id":"https:\/\/www.africa-press.net\/centrafricaine\/politique\/les-mines-le-nouveau-mode-operatoire-a-surveiller#primaryimage"},"thumbnailUrl":"https:\/\/static.africa-press.net\/centrafricaine\/sites\/45\/2021\/06\/img-60ca2f17a53e5.jpg","keywords":["Africa Press","Africa Press-CentrAfricaine","CentrAfricaine"],"articleSection":["homepage-french","Politique","Top Nouvelles","Toutes les actualit\u00e9s"],"inLanguage":"fr-FR","potentialAction":[{"@type":"CommentAction","name":"Comment","target":["https:\/\/www.africa-press.net\/centrafricaine\/politique\/les-mines-le-nouveau-mode-operatoire-a-surveiller#respond"]}]},{"@type":"WebPage","@id":"https:\/\/www.africa-press.net\/centrafricaine\/politique\/les-mines-le-nouveau-mode-operatoire-a-surveiller","url":"https:\/\/www.africa-press.net\/centrafricaine\/politique\/les-mines-le-nouveau-mode-operatoire-a-surveiller","name":"Les mines, le nouveau mode op\u00e9ratoire \u00e0 surveiller - centrafricaine","isPartOf":{"@id":"https:\/\/www.africa-press.net\/centrafricaine\/#website"},"primaryImageOfPage":{"@id":"https:\/\/www.africa-press.net\/centrafricaine\/politique\/les-mines-le-nouveau-mode-operatoire-a-surveiller#primaryimage"},"image":{"@id":"https:\/\/www.africa-press.net\/centrafricaine\/politique\/les-mines-le-nouveau-mode-operatoire-a-surveiller#primaryimage"},"thumbnailUrl":"https:\/\/static.africa-press.net\/centrafricaine\/sites\/45\/2021\/06\/img-60ca2f17a53e5.jpg","datePublished":"2021-06-16T17:58:38+00:00","dateModified":"2021-06-16T18:30:07+00:00","author":{"@id":"https:\/\/www.africa-press.net\/centrafricaine\/#\/schema\/person\/2b1cf3cd81a31e3cd26889ca66d677f1"},"description":"Bangui, R\u00e9publique centrafricaine, mercredi, 16 juin 2021, 03:42:45 ( Corbeaunews-Centrafrique ). Dans le monde, ...","breadcrumb":{"@id":"https:\/\/www.africa-press.net\/centrafricaine\/politique\/les-mines-le-nouveau-mode-operatoire-a-surveiller#breadcrumb"},"inLanguage":"fr-FR","potentialAction":[{"@type":"ReadAction","target":["https:\/\/www.africa-press.net\/centrafricaine\/politique\/les-mines-le-nouveau-mode-operatoire-a-surveiller"]}]},{"@type":"ImageObject","inLanguage":"fr-FR","@id":"https:\/\/www.africa-press.net\/centrafricaine\/politique\/les-mines-le-nouveau-mode-operatoire-a-surveiller#primaryimage","url":"https:\/\/static.africa-press.net\/centrafricaine\/sites\/45\/2021\/06\/img-60ca2f17a53e5.jpg","contentUrl":"https:\/\/static.africa-press.net\/centrafricaine\/sites\/45\/2021\/06\/img-60ca2f17a53e5.jpg","width":720,"height":404,"caption":"Les mines, le nouveau mode op\u00e9ratoire \u00e0 surveiller"},{"@type":"BreadcrumbList","@id":"https:\/\/www.africa-press.net\/centrafricaine\/politique\/les-mines-le-nouveau-mode-operatoire-a-surveiller#breadcrumb","itemListElement":[{"@type":"ListItem","position":1,"name":"Accueil","item":"https:\/\/www.africa-press.net\/centrafricaine\/"},{"@type":"ListItem","position":2,"name":"Les mines, le nouveau mode op\u00e9ratoire \u00e0 surveiller"}]},{"@type":"WebSite","@id":"https:\/\/www.africa-press.net\/centrafricaine\/#website","url":"https:\/\/www.africa-press.net\/centrafricaine\/","name":"centrafricaine","description":"Just another Africa News Agency Sites site","potentialAction":[{"@type":"SearchAction","target":{"@type":"EntryPoint","urlTemplate":"https:\/\/www.africa-press.net\/centrafricaine\/?s={search_term_string}"},"query-input":{"@type":"PropertyValueSpecification","valueRequired":true,"valueName":"search_term_string"}}],"inLanguage":"fr-FR"},{"@type":"Person","@id":"https:\/\/www.africa-press.net\/centrafricaine\/#\/schema\/person\/2b1cf3cd81a31e3cd26889ca66d677f1","name":"cfeditorfr"}]}},"_links":{"self":[{"href":"https:\/\/www.africa-press.net\/centrafricaine\/wp-json\/wp\/v2\/posts\/8153","targetHints":{"allow":["GET"]}}],"collection":[{"href":"https:\/\/www.africa-press.net\/centrafricaine\/wp-json\/wp\/v2\/posts"}],"about":[{"href":"https:\/\/www.africa-press.net\/centrafricaine\/wp-json\/wp\/v2\/types\/post"}],"author":[{"embeddable":true,"href":"https:\/\/www.africa-press.net\/centrafricaine\/wp-json\/wp\/v2\/users\/82"}],"replies":[{"embeddable":true,"href":"https:\/\/www.africa-press.net\/centrafricaine\/wp-json\/wp\/v2\/comments?post=8153"}],"version-history":[{"count":0,"href":"https:\/\/www.africa-press.net\/centrafricaine\/wp-json\/wp\/v2\/posts\/8153\/revisions"}],"wp:featuredmedia":[{"embeddable":true,"href":"https:\/\/www.africa-press.net\/centrafricaine\/wp-json\/wp\/v2\/media\/8152"}],"wp:attachment":[{"href":"https:\/\/www.africa-press.net\/centrafricaine\/wp-json\/wp\/v2\/media?parent=8153"}],"wp:term":[{"taxonomy":"category","embeddable":true,"href":"https:\/\/www.africa-press.net\/centrafricaine\/wp-json\/wp\/v2\/categories?post=8153"},{"taxonomy":"post_tag","embeddable":true,"href":"https:\/\/www.africa-press.net\/centrafricaine\/wp-json\/wp\/v2\/tags?post=8153"}],"curies":[{"name":"wp","href":"https:\/\/api.w.org\/{rel}","templated":true}]}}