{"id":81656,"date":"2026-02-08T13:47:12","date_gmt":"2026-02-08T13:47:12","guid":{"rendered":"https:\/\/www.africa-press.net\/centrafricaine\/politique\/policier-arrete-apres-mort-de-nourd-gregaza"},"modified":"2026-02-08T14:21:48","modified_gmt":"2026-02-08T14:21:48","slug":"policier-arrete-apres-mort-de-nourd-gregaza","status":"publish","type":"post","link":"https:\/\/www.africa-press.net\/centrafricaine\/politique\/policier-arrete-apres-mort-de-nourd-gregaza","title":{"rendered":"Policier Arr\u00eat\u00e9 Apr\u00e8s Mort de Nourd Gregaza"},"content":{"rendered":"<p><span style=\"color: #ff6600\"><strong>Africa-Press &#8211; CentrAfricaine. <\/strong><\/span>Le corps de Romaric Mokoboulou a e\u0301te\u0301 retrouve\u0301 a\u0300 la morgue de l&rsquo;ho\u0302pital ge\u0301ne\u0301ral de Bangui en de\u0301but de semaine, un mois et demi apre\u0300s son arrestation intervenue juste apre\u0300s la disparition de sa cellule du chef du groupe politco-militaire PRNC.<\/p>\n<p>Nouveau rebondissement dans l\u2019affaire de l\u2019e\u0301vasion de l&rsquo;ex-chef rebelle Nourd Gre\u0301gaza en Centrafrique. Lundi 2 fe\u0301vrier, le corps de l&rsquo;un des policiers arre\u0302te\u0301s dans le cadre de l&rsquo;enque\u0302te de\u0301clenche\u0301e a\u0300 la suite de cet e\u0301ve\u0301nement a e\u0301te\u0301 retrouve\u0301 en e\u0301tat de de\u0301composition avance\u0301e a\u0300 la morgue de l&rsquo;ho\u0302pital ge\u0301ne\u0301ral de Bangui. Interpelle\u0301 a\u0300 la mi-de\u0301cembre en compagnie de deux colle\u0300gues, Romaric Mokoboulou n&rsquo;avait, depuis, jamais e\u0301te\u0301 pre\u0301sente\u0301 a\u0300 un juge. Quant a\u0300 son lieu de de\u0301tention, il e\u0301tait reste\u0301 inconnu.<\/p>\n<p>Selon une source se\u0301curitaire, ce dernier, qui avait e\u0301te\u0301 arre\u0302te\u0301 juste apre\u0300s l&rsquo;e\u0301vasion de Nourd Gre\u0301gaza, aurait e\u0301te\u0301 exfiltre\u0301 de son lieu de de\u0301tention puis torture\u0301 et abattu sans jugement.<\/p>\n<p><b>Une e\u0301vasion et beaucoup de questions<\/b><\/p>\n<p>Tandis que sa famille et des organisations de de\u0301fense des droits humains re\u0301clament la ve\u0301rite\u0301 sur les causes de sa mort, la Ligue centrafricaine des droits de l\u2019homme qualifie, elle, ce de\u0301ce\u0300s d\u2019\u00ab extrajudiciaire \u00bb et de\u0301nonce une grave violation des droits humains. Son pre\u0301sident, Joseph Bindoumi, a d&rsquo;ailleurs sollicite\u0301 une audience aupre\u0300s du chef de l\u2019E\u0301tat, Faustin-Archange Touade\u0301ra, alors que les autorite\u0301s centrafricaines ne se sont toujours pas exprime\u0301es officiellement sur la question.<\/p>\n<p>Ex-chef du Parti du rassemblement de la nation centrafricaine (PRNC), un groupe rebelle cre\u0301e\u0301 en 2019 en opposition aux accords de Khartoum, Nourd Gre\u0301gaza s\u2019est e\u0301vade\u0301 des locaux de l\u2019Office central de re\u0301pression du banditisme (OCRB) a\u0300 la mi-de\u0301cembre. Sa fuite suscite depuis de nombreuses questions, certains n&rsquo;excluant pas de possibles complicite\u0301s au sein de l&rsquo;OCRB, une police d&rsquo;e\u0301lite.<\/p>\n<p><b>Source: rfi<\/b><\/p>\n<p><strong>Pour plus d&rsquo;informations et d&rsquo;analyses sur la <span style=\"color: #ff6600\">CentrAfricaine<\/span>, suivez <span style=\"color: #ff6600\">Africa-Press<\/span><\/strong><\/p>\n","protected":false},"excerpt":{"rendered":"<p>Africa-Press &#8211; CentrAfricaine. Le corps de Romaric Mokoboulou a e\u0301te\u0301 retrouve\u0301 a\u0300 la morgue de l&rsquo;ho\u0302pital ge\u0301ne\u0301ral de Bangui en de\u0301but de semaine, un mois et demi apre\u0300s son arrestation intervenue juste apre\u0300s la disparition de sa cellule du chef du groupe politco-militaire PRNC. Nouveau rebondissement dans l\u2019affaire de l\u2019e\u0301vasion de l&rsquo;ex-chef rebelle Nourd Gre\u0301gaza [&hellip;]<\/p>\n","protected":false},"author":82,"featured_media":81655,"comment_status":"open","ping_status":"closed","sticky":false,"template":"","format":"standard","meta":{"footnotes":""},"categories":[2,84,20,10],"tags":[30],"class_list":["post-81656","post","type-post","status-publish","format-standard","has-post-thumbnail","hentry","category-politique","category-to-homepage","category-top-nouvelles","category-toutes-les-actualites","tag-centrafricaine"],"yoast_head":"<!-- This site is optimized with the Yoast SEO Premium plugin v26.1 (Yoast SEO v27.0) - https:\/\/yoast.com\/product\/yoast-seo-premium-wordpress\/ -->\n<title>Policier Arr\u00eat\u00e9 Apr\u00e8s Mort de Nourd Gregaza - centrafricaine<\/title>\n<meta name=\"description\" content=\"Le corps de Romaric Mokoboulou a e\u0301te\u0301 retrouve\u0301 a\u0300 la morgue de l&#039;ho\u0302pital ge\u0301ne\u0301ral de Bangui en de\u0301but de semaine, un ...\" \/>\n<meta name=\"robots\" content=\"index, follow, max-snippet:-1, max-image-preview:large, max-video-preview:-1\" \/>\n<link rel=\"canonical\" href=\"https:\/\/www.africa-press.net\/centrafricaine\/politique\/policier-arrete-apres-mort-de-nourd-gregaza\" \/>\n<meta property=\"og:locale\" content=\"fr_FR\" \/>\n<meta property=\"og:type\" content=\"article\" \/>\n<meta property=\"og:title\" content=\"Policier Arr\u00eat\u00e9 Apr\u00e8s Mort de Nourd Gregaza\" \/>\n<meta property=\"og:description\" content=\"Le corps de Romaric Mokoboulou a e\u0301te\u0301 retrouve\u0301 a\u0300 la morgue de l&#039;ho\u0302pital ge\u0301ne\u0301ral de Bangui en de\u0301but de semaine, un ...\" \/>\n<meta property=\"og:url\" content=\"https:\/\/www.africa-press.net\/centrafricaine\/politique\/policier-arrete-apres-mort-de-nourd-gregaza\" \/>\n<meta property=\"og:site_name\" content=\"centrafricaine\" \/>\n<meta property=\"article:published_time\" content=\"2026-02-08T13:47:12+00:00\" \/>\n<meta property=\"article:modified_time\" content=\"2026-02-08T14:21:48+00:00\" \/>\n<meta property=\"og:image\" content=\"https:\/\/static.africa-press.net\/centrafricaine\/sites\/45\/2026\/02\/sm_1770547891.936724.jpg\" \/>\n\t<meta property=\"og:image:width\" content=\"889\" \/>\n\t<meta property=\"og:image:height\" content=\"483\" \/>\n\t<meta property=\"og:image:type\" content=\"image\/jpeg\" \/>\n<meta name=\"author\" content=\"cfeditorfr\" \/>\n<meta name=\"twitter:card\" content=\"summary_large_image\" \/>\n<meta name=\"twitter:label1\" content=\"\u00c9crit par\" \/>\n\t<meta name=\"twitter:data1\" content=\"cfeditorfr\" \/>\n\t<meta name=\"twitter:label2\" content=\"Dur\u00e9e de lecture estim\u00e9e\" \/>\n\t<meta name=\"twitter:data2\" content=\"2 minutes\" \/>\n<script type=\"application\/ld+json\" class=\"yoast-schema-graph\">{\"@context\":\"https:\/\/schema.org\",\"@graph\":[{\"@type\":\"Article\",\"@id\":\"https:\/\/www.africa-press.net\/centrafricaine\/politique\/policier-arrete-apres-mort-de-nourd-gregaza#article\",\"isPartOf\":{\"@id\":\"https:\/\/www.africa-press.net\/centrafricaine\/politique\/policier-arrete-apres-mort-de-nourd-gregaza\"},\"author\":{\"name\":\"cfeditorfr\",\"@id\":\"https:\/\/www.africa-press.net\/centrafricaine\/#\/schema\/person\/2b1cf3cd81a31e3cd26889ca66d677f1\"},\"headline\":\"Policier Arr\u00eat\u00e9 Apr\u00e8s Mort de Nourd Gregaza\",\"datePublished\":\"2026-02-08T13:47:12+00:00\",\"dateModified\":\"2026-02-08T14:21:48+00:00\",\"mainEntityOfPage\":{\"@id\":\"https:\/\/www.africa-press.net\/centrafricaine\/politique\/policier-arrete-apres-mort-de-nourd-gregaza\"},\"wordCount\":388,\"commentCount\":0,\"image\":{\"@id\":\"https:\/\/www.africa-press.net\/centrafricaine\/politique\/policier-arrete-apres-mort-de-nourd-gregaza#primaryimage\"},\"thumbnailUrl\":\"https:\/\/static.africa-press.net\/centrafricaine\/sites\/45\/2026\/02\/sm_1770547891.936724.jpg\",\"keywords\":[\"CentrAfricaine\"],\"articleSection\":[\"Politique\",\"to-homepage\",\"Top Nouvelles\",\"Toutes les actualit\u00e9s\"],\"inLanguage\":\"fr-FR\",\"potentialAction\":[{\"@type\":\"CommentAction\",\"name\":\"Comment\",\"target\":[\"https:\/\/www.africa-press.net\/centrafricaine\/politique\/policier-arrete-apres-mort-de-nourd-gregaza#respond\"]}]},{\"@type\":\"WebPage\",\"@id\":\"https:\/\/www.africa-press.net\/centrafricaine\/politique\/policier-arrete-apres-mort-de-nourd-gregaza\",\"url\":\"https:\/\/www.africa-press.net\/centrafricaine\/politique\/policier-arrete-apres-mort-de-nourd-gregaza\",\"name\":\"Policier Arr\u00eat\u00e9 Apr\u00e8s Mort de Nourd Gregaza - centrafricaine\",\"isPartOf\":{\"@id\":\"https:\/\/www.africa-press.net\/centrafricaine\/#website\"},\"primaryImageOfPage\":{\"@id\":\"https:\/\/www.africa-press.net\/centrafricaine\/politique\/policier-arrete-apres-mort-de-nourd-gregaza#primaryimage\"},\"image\":{\"@id\":\"https:\/\/www.africa-press.net\/centrafricaine\/politique\/policier-arrete-apres-mort-de-nourd-gregaza#primaryimage\"},\"thumbnailUrl\":\"https:\/\/static.africa-press.net\/centrafricaine\/sites\/45\/2026\/02\/sm_1770547891.936724.jpg\",\"datePublished\":\"2026-02-08T13:47:12+00:00\",\"dateModified\":\"2026-02-08T14:21:48+00:00\",\"author\":{\"@id\":\"https:\/\/www.africa-press.net\/centrafricaine\/#\/schema\/person\/2b1cf3cd81a31e3cd26889ca66d677f1\"},\"description\":\"Le corps de Romaric Mokoboulou a e\u0301te\u0301 retrouve\u0301 a\u0300 la morgue de l'ho\u0302pital ge\u0301ne\u0301ral de Bangui en de\u0301but de semaine, un ...\",\"breadcrumb\":{\"@id\":\"https:\/\/www.africa-press.net\/centrafricaine\/politique\/policier-arrete-apres-mort-de-nourd-gregaza#breadcrumb\"},\"inLanguage\":\"fr-FR\",\"potentialAction\":[{\"@type\":\"ReadAction\",\"target\":[\"https:\/\/www.africa-press.net\/centrafricaine\/politique\/policier-arrete-apres-mort-de-nourd-gregaza\"]}]},{\"@type\":\"ImageObject\",\"inLanguage\":\"fr-FR\",\"@id\":\"https:\/\/www.africa-press.net\/centrafricaine\/politique\/policier-arrete-apres-mort-de-nourd-gregaza#primaryimage\",\"url\":\"https:\/\/static.africa-press.net\/centrafricaine\/sites\/45\/2026\/02\/sm_1770547891.936724.jpg\",\"contentUrl\":\"https:\/\/static.africa-press.net\/centrafricaine\/sites\/45\/2026\/02\/sm_1770547891.936724.jpg\",\"width\":889,\"height\":483,\"caption\":\"Policier Arr\u00eat\u00e9 Apr\u00e8s Mort de Nourd Gregaza\"},{\"@type\":\"BreadcrumbList\",\"@id\":\"https:\/\/www.africa-press.net\/centrafricaine\/politique\/policier-arrete-apres-mort-de-nourd-gregaza#breadcrumb\",\"itemListElement\":[{\"@type\":\"ListItem\",\"position\":1,\"name\":\"Accueil\",\"item\":\"https:\/\/www.africa-press.net\/centrafricaine\/\"},{\"@type\":\"ListItem\",\"position\":2,\"name\":\"Policier Arr\u00eat\u00e9 Apr\u00e8s Mort de Nourd Gregaza\"}]},{\"@type\":\"WebSite\",\"@id\":\"https:\/\/www.africa-press.net\/centrafricaine\/#website\",\"url\":\"https:\/\/www.africa-press.net\/centrafricaine\/\",\"name\":\"centrafricaine\",\"description\":\"Just another Africa News Agency Sites site\",\"potentialAction\":[{\"@type\":\"SearchAction\",\"target\":{\"@type\":\"EntryPoint\",\"urlTemplate\":\"https:\/\/www.africa-press.net\/centrafricaine\/?s={search_term_string}\"},\"query-input\":{\"@type\":\"PropertyValueSpecification\",\"valueRequired\":true,\"valueName\":\"search_term_string\"}}],\"inLanguage\":\"fr-FR\"},{\"@type\":\"Person\",\"@id\":\"https:\/\/www.africa-press.net\/centrafricaine\/#\/schema\/person\/2b1cf3cd81a31e3cd26889ca66d677f1\",\"name\":\"cfeditorfr\"}]}<\/script>\n<!-- \/ Yoast SEO Premium plugin. -->","yoast_head_json":{"title":"Policier Arr\u00eat\u00e9 Apr\u00e8s Mort de Nourd Gregaza - centrafricaine","description":"Le corps de Romaric Mokoboulou a e\u0301te\u0301 retrouve\u0301 a\u0300 la morgue de l'ho\u0302pital ge\u0301ne\u0301ral de Bangui en de\u0301but de semaine, un ...","robots":{"index":"index","follow":"follow","max-snippet":"max-snippet:-1","max-image-preview":"max-image-preview:large","max-video-preview":"max-video-preview:-1"},"canonical":"https:\/\/www.africa-press.net\/centrafricaine\/politique\/policier-arrete-apres-mort-de-nourd-gregaza","og_locale":"fr_FR","og_type":"article","og_title":"Policier Arr\u00eat\u00e9 Apr\u00e8s Mort de Nourd Gregaza","og_description":"Le corps de Romaric Mokoboulou a e\u0301te\u0301 retrouve\u0301 a\u0300 la morgue de l'ho\u0302pital ge\u0301ne\u0301ral de Bangui en de\u0301but de semaine, un ...","og_url":"https:\/\/www.africa-press.net\/centrafricaine\/politique\/policier-arrete-apres-mort-de-nourd-gregaza","og_site_name":"centrafricaine","article_published_time":"2026-02-08T13:47:12+00:00","article_modified_time":"2026-02-08T14:21:48+00:00","og_image":[{"width":889,"height":483,"url":"https:\/\/static.africa-press.net\/centrafricaine\/sites\/45\/2026\/02\/sm_1770547891.936724.jpg","type":"image\/jpeg"}],"author":"cfeditorfr","twitter_card":"summary_large_image","twitter_misc":{"\u00c9crit par":"cfeditorfr","Dur\u00e9e de lecture estim\u00e9e":"2 minutes"},"schema":{"@context":"https:\/\/schema.org","@graph":[{"@type":"Article","@id":"https:\/\/www.africa-press.net\/centrafricaine\/politique\/policier-arrete-apres-mort-de-nourd-gregaza#article","isPartOf":{"@id":"https:\/\/www.africa-press.net\/centrafricaine\/politique\/policier-arrete-apres-mort-de-nourd-gregaza"},"author":{"name":"cfeditorfr","@id":"https:\/\/www.africa-press.net\/centrafricaine\/#\/schema\/person\/2b1cf3cd81a31e3cd26889ca66d677f1"},"headline":"Policier Arr\u00eat\u00e9 Apr\u00e8s Mort de Nourd Gregaza","datePublished":"2026-02-08T13:47:12+00:00","dateModified":"2026-02-08T14:21:48+00:00","mainEntityOfPage":{"@id":"https:\/\/www.africa-press.net\/centrafricaine\/politique\/policier-arrete-apres-mort-de-nourd-gregaza"},"wordCount":388,"commentCount":0,"image":{"@id":"https:\/\/www.africa-press.net\/centrafricaine\/politique\/policier-arrete-apres-mort-de-nourd-gregaza#primaryimage"},"thumbnailUrl":"https:\/\/static.africa-press.net\/centrafricaine\/sites\/45\/2026\/02\/sm_1770547891.936724.jpg","keywords":["CentrAfricaine"],"articleSection":["Politique","to-homepage","Top Nouvelles","Toutes les actualit\u00e9s"],"inLanguage":"fr-FR","potentialAction":[{"@type":"CommentAction","name":"Comment","target":["https:\/\/www.africa-press.net\/centrafricaine\/politique\/policier-arrete-apres-mort-de-nourd-gregaza#respond"]}]},{"@type":"WebPage","@id":"https:\/\/www.africa-press.net\/centrafricaine\/politique\/policier-arrete-apres-mort-de-nourd-gregaza","url":"https:\/\/www.africa-press.net\/centrafricaine\/politique\/policier-arrete-apres-mort-de-nourd-gregaza","name":"Policier Arr\u00eat\u00e9 Apr\u00e8s Mort de Nourd Gregaza - centrafricaine","isPartOf":{"@id":"https:\/\/www.africa-press.net\/centrafricaine\/#website"},"primaryImageOfPage":{"@id":"https:\/\/www.africa-press.net\/centrafricaine\/politique\/policier-arrete-apres-mort-de-nourd-gregaza#primaryimage"},"image":{"@id":"https:\/\/www.africa-press.net\/centrafricaine\/politique\/policier-arrete-apres-mort-de-nourd-gregaza#primaryimage"},"thumbnailUrl":"https:\/\/static.africa-press.net\/centrafricaine\/sites\/45\/2026\/02\/sm_1770547891.936724.jpg","datePublished":"2026-02-08T13:47:12+00:00","dateModified":"2026-02-08T14:21:48+00:00","author":{"@id":"https:\/\/www.africa-press.net\/centrafricaine\/#\/schema\/person\/2b1cf3cd81a31e3cd26889ca66d677f1"},"description":"Le corps de Romaric Mokoboulou a e\u0301te\u0301 retrouve\u0301 a\u0300 la morgue de l'ho\u0302pital ge\u0301ne\u0301ral de Bangui en de\u0301but de semaine, un ...","breadcrumb":{"@id":"https:\/\/www.africa-press.net\/centrafricaine\/politique\/policier-arrete-apres-mort-de-nourd-gregaza#breadcrumb"},"inLanguage":"fr-FR","potentialAction":[{"@type":"ReadAction","target":["https:\/\/www.africa-press.net\/centrafricaine\/politique\/policier-arrete-apres-mort-de-nourd-gregaza"]}]},{"@type":"ImageObject","inLanguage":"fr-FR","@id":"https:\/\/www.africa-press.net\/centrafricaine\/politique\/policier-arrete-apres-mort-de-nourd-gregaza#primaryimage","url":"https:\/\/static.africa-press.net\/centrafricaine\/sites\/45\/2026\/02\/sm_1770547891.936724.jpg","contentUrl":"https:\/\/static.africa-press.net\/centrafricaine\/sites\/45\/2026\/02\/sm_1770547891.936724.jpg","width":889,"height":483,"caption":"Policier Arr\u00eat\u00e9 Apr\u00e8s Mort de Nourd Gregaza"},{"@type":"BreadcrumbList","@id":"https:\/\/www.africa-press.net\/centrafricaine\/politique\/policier-arrete-apres-mort-de-nourd-gregaza#breadcrumb","itemListElement":[{"@type":"ListItem","position":1,"name":"Accueil","item":"https:\/\/www.africa-press.net\/centrafricaine\/"},{"@type":"ListItem","position":2,"name":"Policier Arr\u00eat\u00e9 Apr\u00e8s Mort de Nourd Gregaza"}]},{"@type":"WebSite","@id":"https:\/\/www.africa-press.net\/centrafricaine\/#website","url":"https:\/\/www.africa-press.net\/centrafricaine\/","name":"centrafricaine","description":"Just another Africa News Agency Sites site","potentialAction":[{"@type":"SearchAction","target":{"@type":"EntryPoint","urlTemplate":"https:\/\/www.africa-press.net\/centrafricaine\/?s={search_term_string}"},"query-input":{"@type":"PropertyValueSpecification","valueRequired":true,"valueName":"search_term_string"}}],"inLanguage":"fr-FR"},{"@type":"Person","@id":"https:\/\/www.africa-press.net\/centrafricaine\/#\/schema\/person\/2b1cf3cd81a31e3cd26889ca66d677f1","name":"cfeditorfr"}]}},"_links":{"self":[{"href":"https:\/\/www.africa-press.net\/centrafricaine\/wp-json\/wp\/v2\/posts\/81656","targetHints":{"allow":["GET"]}}],"collection":[{"href":"https:\/\/www.africa-press.net\/centrafricaine\/wp-json\/wp\/v2\/posts"}],"about":[{"href":"https:\/\/www.africa-press.net\/centrafricaine\/wp-json\/wp\/v2\/types\/post"}],"author":[{"embeddable":true,"href":"https:\/\/www.africa-press.net\/centrafricaine\/wp-json\/wp\/v2\/users\/82"}],"replies":[{"embeddable":true,"href":"https:\/\/www.africa-press.net\/centrafricaine\/wp-json\/wp\/v2\/comments?post=81656"}],"version-history":[{"count":0,"href":"https:\/\/www.africa-press.net\/centrafricaine\/wp-json\/wp\/v2\/posts\/81656\/revisions"}],"wp:featuredmedia":[{"embeddable":true,"href":"https:\/\/www.africa-press.net\/centrafricaine\/wp-json\/wp\/v2\/media\/81655"}],"wp:attachment":[{"href":"https:\/\/www.africa-press.net\/centrafricaine\/wp-json\/wp\/v2\/media?parent=81656"}],"wp:term":[{"taxonomy":"category","embeddable":true,"href":"https:\/\/www.africa-press.net\/centrafricaine\/wp-json\/wp\/v2\/categories?post=81656"},{"taxonomy":"post_tag","embeddable":true,"href":"https:\/\/www.africa-press.net\/centrafricaine\/wp-json\/wp\/v2\/tags?post=81656"}],"curies":[{"name":"wp","href":"https:\/\/api.w.org\/{rel}","templated":true}]}}