{"id":8173,"date":"2021-06-17T12:30:14","date_gmt":"2021-06-17T12:30:14","guid":{"rendered":"https:\/\/www.africa-press.net\/centrafricaine\/?p=8173"},"modified":"2021-06-17T19:09:45","modified_gmt":"2021-06-17T19:09:45","slug":"euphorie-avant-meme-le-retour-de-laurent-gbagbo","status":"publish","type":"post","link":"https:\/\/www.africa-press.net\/centrafricaine\/politique\/euphorie-avant-meme-le-retour-de-laurent-gbagbo","title":{"rendered":"Euphorie avant m\u00eame le retour de Laurent Gbagbo"},"content":{"rendered":"<p><span style=\"color: #ff6600\"><strong><a href=\"https:\/\/www.africa-press.net\/\">Africa-Press<\/a> &#8211; <a href=\"https:\/\/www.africa-press.net\/centrafricaine\">CentrAfricaine<\/a>. <\/strong><\/span><b>\u00a0L\u2019ex-pr\u00e9sident Laurent Gbagbo doit atterrir ce jeudi \u00e0 15H45 en provenance de Bruxelles. Il est tr\u00e8s attendu.<\/b><\/p>\n<p>A l\u2019approche du 17 juin, la fi\u00e8vre du retour de l\u2019ex-pr\u00e9sident Laurent Gbagbo monte chaque jour un peu plus dans sa r\u00e9gion natale. Il sera de retour ce jeudi 17 juin, dix ans apr\u00e8s avoir \u00e9t\u00e9 contraint de quitter la C\u00f4te d\u2019Ivoire. Dans le centre-ville d\u2019Ouragahio, \u00e0 seulement quelques kilom\u00e8tres de Mama, le village natal de Laurent Gbagbo, Ano Sylvestre, habill\u00e9 dans un ensemble pagne baptis\u00e9 \u201cAllons \u00e0 Gagnoa\u201d, explique qu\u2019il ne sera pas \u00e0 Abidjan pour l\u2019accueil de son leader, car il habite \u00e0 une quinzaine de minutes de Mama. Mais il l\u2019attend tout de m\u00eame de pied ferme. \u201cJe pr\u00e9f\u00e8re venir me mettre \u00e0 Mama devant son portail que d\u2019aller \u00e0 Abidjan\u201d, raconte-t-il.\u201dR\u00e9conciliation\u201dA Gagnoa, le chef-lieu de r\u00e9gion, ce dont tout le monde parle ici c\u2019est aussi, \u00e9videmment, le retour du \u201cfils de la r\u00e9gion\u201d. Certains voyaient son absence comme un vrai deuil, consid\u00e9rant l\u2019homme encore comme leur pr\u00e9sident. \u201cL\u2019arriv\u00e9e du pr\u00e9sident Laurent Gbagbo ici \u00e0 Gagnoa, c\u2019est une joie pour nous\u201d, sourit un habitant. Un autre parle d\u00e9j\u00e0 de \u201cr\u00e9conciliation\u201d. Un th\u00e8me qui revient dans les discours de nombreuses personnes quand ils parlent \u201cdu p\u00e8re de la d\u00e9mocratie et de la paix\u201d. \u201cC\u2019est parce qu\u2019il n\u2019\u00e9tait pas l\u00e0 qu\u2019il y avait une m\u00e9sentente\u201d, soutient-on ici. \u201cLa paix c\u2019est pour toute la C\u00f4te d\u2019Ivoire, surtout ici \u00e0 Gagnoa. On sera tr\u00e8s content parce que c\u2019est ce qu\u2019on attendait.\u201dDes questions encore en suspensMais l\u2019arriv\u00e9e de l\u2019ancien pr\u00e9sident Laurent Gbagbo suffira-t-elle pour r\u00e9concilier les Ivoiriens ? Il est encore difficile de r\u00e9pondre par l\u2019affirmative. Car d\u2019autres personnalit\u00e9s comme Charles Bl\u00e9 Goud\u00e9, l\u2019ex-leader de la galaxie patriotique, l\u2019ancien pr\u00e9sident de l\u2019Assembl\u00e9e nationale Guillaume Soro, et l\u2019ex-maire PDCI de la commune du Plateau Akossi Benjo, qui comptent beaucoup de partisans au sein de la population ivoirienne, sont encore en exil. Comme plusieurs centaines d\u2019autres Ivoiriens anonymes.Or, la C\u00f4te d\u2019Ivoire a besoin d\u2019eux \u00e9galement pour r\u00e9ussir le pari de la r\u00e9conciliation. Mais pour l\u2019heure, ici dans la r\u00e9gion du G\u00f4h, c\u2019est la date du 17 juin qui est dans toutes les t\u00eates.<\/p>\n<p>&nbsp;<\/p>\n","protected":false},"excerpt":{"rendered":"<p>Africa-Press &#8211; CentrAfricaine. \u00a0L\u2019ex-pr\u00e9sident Laurent Gbagbo doit atterrir ce jeudi \u00e0 15H45 en provenance de Bruxelles. Il est tr\u00e8s attendu. A l\u2019approche du 17 juin, la fi\u00e8vre du retour de l\u2019ex-pr\u00e9sident Laurent Gbagbo monte chaque jour un peu plus dans sa r\u00e9gion natale. Il sera de retour ce jeudi 17 juin, dix ans apr\u00e8s avoir [&hellip;]<\/p>\n","protected":false},"author":82,"featured_media":8172,"comment_status":"open","ping_status":"closed","sticky":false,"template":"","format":"standard","meta":{"footnotes":""},"categories":[11,2,10],"tags":[36,58,30],"class_list":["post-8173","post","type-post","status-publish","format-standard","has-post-thumbnail","hentry","category-homepage-french","category-politique","category-toutes-les-actualites","tag-africa-press","tag-africa-press-centrafricaine","tag-centrafricaine"],"yoast_head":"<!-- This site is optimized with the Yoast SEO Premium plugin v26.1 (Yoast SEO v27.0) - https:\/\/yoast.com\/product\/yoast-seo-premium-wordpress\/ -->\n<title>Euphorie avant m\u00eame le retour de Laurent Gbagbo - centrafricaine<\/title>\n<meta name=\"description\" content=\"Bangui ( R\u00e9publique centrafricaine ) \u2013 L\u2019ex-pr\u00e9sident Laurent Gbagbo doit atterrir ce jeudi \u00e0 15H45 en provenance de ...\" \/>\n<meta name=\"robots\" content=\"index, follow, max-snippet:-1, max-image-preview:large, max-video-preview:-1\" \/>\n<link rel=\"canonical\" href=\"https:\/\/www.africa-press.net\/centrafricaine\/politique\/euphorie-avant-meme-le-retour-de-laurent-gbagbo\" \/>\n<meta property=\"og:locale\" content=\"fr_FR\" \/>\n<meta property=\"og:type\" content=\"article\" \/>\n<meta property=\"og:title\" content=\"Euphorie avant m\u00eame le retour de Laurent Gbagbo\" \/>\n<meta property=\"og:description\" content=\"Bangui ( R\u00e9publique centrafricaine ) \u2013 L\u2019ex-pr\u00e9sident Laurent Gbagbo doit atterrir ce jeudi \u00e0 15H45 en provenance de ...\" \/>\n<meta property=\"og:url\" content=\"https:\/\/www.africa-press.net\/centrafricaine\/politique\/euphorie-avant-meme-le-retour-de-laurent-gbagbo\" \/>\n<meta property=\"og:site_name\" content=\"centrafricaine\" \/>\n<meta property=\"article:published_time\" content=\"2021-06-17T12:30:14+00:00\" \/>\n<meta property=\"article:modified_time\" content=\"2021-06-17T19:09:45+00:00\" \/>\n<meta property=\"og:image\" content=\"https:\/\/static.africa-press.net\/centrafricaine\/sites\/45\/2021\/06\/img-60cb3f1c1544b.jpg\" \/>\n\t<meta property=\"og:image:width\" content=\"720\" \/>\n\t<meta property=\"og:image:height\" content=\"405\" \/>\n\t<meta property=\"og:image:type\" content=\"image\/jpeg\" \/>\n<meta name=\"author\" content=\"cfeditorfr\" \/>\n<meta name=\"twitter:card\" content=\"summary_large_image\" \/>\n<meta name=\"twitter:label1\" content=\"\u00c9crit par\" \/>\n\t<meta name=\"twitter:data1\" content=\"cfeditorfr\" \/>\n\t<meta name=\"twitter:label2\" content=\"Dur\u00e9e de lecture estim\u00e9e\" \/>\n\t<meta name=\"twitter:data2\" content=\"2 minutes\" \/>\n<script type=\"application\/ld+json\" class=\"yoast-schema-graph\">{\"@context\":\"https:\/\/schema.org\",\"@graph\":[{\"@type\":\"Article\",\"@id\":\"https:\/\/www.africa-press.net\/centrafricaine\/politique\/euphorie-avant-meme-le-retour-de-laurent-gbagbo#article\",\"isPartOf\":{\"@id\":\"https:\/\/www.africa-press.net\/centrafricaine\/politique\/euphorie-avant-meme-le-retour-de-laurent-gbagbo\"},\"author\":{\"name\":\"cfeditorfr\",\"@id\":\"https:\/\/www.africa-press.net\/centrafricaine\/#\/schema\/person\/2b1cf3cd81a31e3cd26889ca66d677f1\"},\"headline\":\"Euphorie avant m\u00eame le retour de Laurent Gbagbo\",\"datePublished\":\"2021-06-17T12:30:14+00:00\",\"dateModified\":\"2021-06-17T19:09:45+00:00\",\"mainEntityOfPage\":{\"@id\":\"https:\/\/www.africa-press.net\/centrafricaine\/politique\/euphorie-avant-meme-le-retour-de-laurent-gbagbo\"},\"wordCount\":433,\"commentCount\":0,\"image\":{\"@id\":\"https:\/\/www.africa-press.net\/centrafricaine\/politique\/euphorie-avant-meme-le-retour-de-laurent-gbagbo#primaryimage\"},\"thumbnailUrl\":\"https:\/\/static.africa-press.net\/centrafricaine\/sites\/45\/2021\/06\/img-60cb3f1c1544b.jpg\",\"keywords\":[\"Africa Press\",\"Africa Press-CentrAfricaine\",\"CentrAfricaine\"],\"articleSection\":[\"homepage-french\",\"Politique\",\"Toutes les actualit\u00e9s\"],\"inLanguage\":\"fr-FR\",\"potentialAction\":[{\"@type\":\"CommentAction\",\"name\":\"Comment\",\"target\":[\"https:\/\/www.africa-press.net\/centrafricaine\/politique\/euphorie-avant-meme-le-retour-de-laurent-gbagbo#respond\"]}]},{\"@type\":\"WebPage\",\"@id\":\"https:\/\/www.africa-press.net\/centrafricaine\/politique\/euphorie-avant-meme-le-retour-de-laurent-gbagbo\",\"url\":\"https:\/\/www.africa-press.net\/centrafricaine\/politique\/euphorie-avant-meme-le-retour-de-laurent-gbagbo\",\"name\":\"Euphorie avant m\u00eame le retour de Laurent Gbagbo - centrafricaine\",\"isPartOf\":{\"@id\":\"https:\/\/www.africa-press.net\/centrafricaine\/#website\"},\"primaryImageOfPage\":{\"@id\":\"https:\/\/www.africa-press.net\/centrafricaine\/politique\/euphorie-avant-meme-le-retour-de-laurent-gbagbo#primaryimage\"},\"image\":{\"@id\":\"https:\/\/www.africa-press.net\/centrafricaine\/politique\/euphorie-avant-meme-le-retour-de-laurent-gbagbo#primaryimage\"},\"thumbnailUrl\":\"https:\/\/static.africa-press.net\/centrafricaine\/sites\/45\/2021\/06\/img-60cb3f1c1544b.jpg\",\"datePublished\":\"2021-06-17T12:30:14+00:00\",\"dateModified\":\"2021-06-17T19:09:45+00:00\",\"author\":{\"@id\":\"https:\/\/www.africa-press.net\/centrafricaine\/#\/schema\/person\/2b1cf3cd81a31e3cd26889ca66d677f1\"},\"description\":\"Bangui ( R\u00e9publique centrafricaine ) \u2013 L\u2019ex-pr\u00e9sident Laurent Gbagbo doit atterrir ce jeudi \u00e0 15H45 en provenance de ...\",\"breadcrumb\":{\"@id\":\"https:\/\/www.africa-press.net\/centrafricaine\/politique\/euphorie-avant-meme-le-retour-de-laurent-gbagbo#breadcrumb\"},\"inLanguage\":\"fr-FR\",\"potentialAction\":[{\"@type\":\"ReadAction\",\"target\":[\"https:\/\/www.africa-press.net\/centrafricaine\/politique\/euphorie-avant-meme-le-retour-de-laurent-gbagbo\"]}]},{\"@type\":\"ImageObject\",\"inLanguage\":\"fr-FR\",\"@id\":\"https:\/\/www.africa-press.net\/centrafricaine\/politique\/euphorie-avant-meme-le-retour-de-laurent-gbagbo#primaryimage\",\"url\":\"https:\/\/static.africa-press.net\/centrafricaine\/sites\/45\/2021\/06\/img-60cb3f1c1544b.jpg\",\"contentUrl\":\"https:\/\/static.africa-press.net\/centrafricaine\/sites\/45\/2021\/06\/img-60cb3f1c1544b.jpg\",\"width\":720,\"height\":405,\"caption\":\"Euphorie avant m\u00eame le retour de Laurent Gbagbo\"},{\"@type\":\"BreadcrumbList\",\"@id\":\"https:\/\/www.africa-press.net\/centrafricaine\/politique\/euphorie-avant-meme-le-retour-de-laurent-gbagbo#breadcrumb\",\"itemListElement\":[{\"@type\":\"ListItem\",\"position\":1,\"name\":\"Accueil\",\"item\":\"https:\/\/www.africa-press.net\/centrafricaine\/\"},{\"@type\":\"ListItem\",\"position\":2,\"name\":\"Euphorie avant m\u00eame le retour de Laurent Gbagbo\"}]},{\"@type\":\"WebSite\",\"@id\":\"https:\/\/www.africa-press.net\/centrafricaine\/#website\",\"url\":\"https:\/\/www.africa-press.net\/centrafricaine\/\",\"name\":\"centrafricaine\",\"description\":\"Just another Africa News Agency Sites site\",\"potentialAction\":[{\"@type\":\"SearchAction\",\"target\":{\"@type\":\"EntryPoint\",\"urlTemplate\":\"https:\/\/www.africa-press.net\/centrafricaine\/?s={search_term_string}\"},\"query-input\":{\"@type\":\"PropertyValueSpecification\",\"valueRequired\":true,\"valueName\":\"search_term_string\"}}],\"inLanguage\":\"fr-FR\"},{\"@type\":\"Person\",\"@id\":\"https:\/\/www.africa-press.net\/centrafricaine\/#\/schema\/person\/2b1cf3cd81a31e3cd26889ca66d677f1\",\"name\":\"cfeditorfr\"}]}<\/script>\n<!-- \/ Yoast SEO Premium plugin. -->","yoast_head_json":{"title":"Euphorie avant m\u00eame le retour de Laurent Gbagbo - centrafricaine","description":"Bangui ( R\u00e9publique centrafricaine ) \u2013 L\u2019ex-pr\u00e9sident Laurent Gbagbo doit atterrir ce jeudi \u00e0 15H45 en provenance de ...","robots":{"index":"index","follow":"follow","max-snippet":"max-snippet:-1","max-image-preview":"max-image-preview:large","max-video-preview":"max-video-preview:-1"},"canonical":"https:\/\/www.africa-press.net\/centrafricaine\/politique\/euphorie-avant-meme-le-retour-de-laurent-gbagbo","og_locale":"fr_FR","og_type":"article","og_title":"Euphorie avant m\u00eame le retour de Laurent Gbagbo","og_description":"Bangui ( R\u00e9publique centrafricaine ) \u2013 L\u2019ex-pr\u00e9sident Laurent Gbagbo doit atterrir ce jeudi \u00e0 15H45 en provenance de ...","og_url":"https:\/\/www.africa-press.net\/centrafricaine\/politique\/euphorie-avant-meme-le-retour-de-laurent-gbagbo","og_site_name":"centrafricaine","article_published_time":"2021-06-17T12:30:14+00:00","article_modified_time":"2021-06-17T19:09:45+00:00","og_image":[{"width":720,"height":405,"url":"https:\/\/static.africa-press.net\/centrafricaine\/sites\/45\/2021\/06\/img-60cb3f1c1544b.jpg","type":"image\/jpeg"}],"author":"cfeditorfr","twitter_card":"summary_large_image","twitter_misc":{"\u00c9crit par":"cfeditorfr","Dur\u00e9e de lecture estim\u00e9e":"2 minutes"},"schema":{"@context":"https:\/\/schema.org","@graph":[{"@type":"Article","@id":"https:\/\/www.africa-press.net\/centrafricaine\/politique\/euphorie-avant-meme-le-retour-de-laurent-gbagbo#article","isPartOf":{"@id":"https:\/\/www.africa-press.net\/centrafricaine\/politique\/euphorie-avant-meme-le-retour-de-laurent-gbagbo"},"author":{"name":"cfeditorfr","@id":"https:\/\/www.africa-press.net\/centrafricaine\/#\/schema\/person\/2b1cf3cd81a31e3cd26889ca66d677f1"},"headline":"Euphorie avant m\u00eame le retour de Laurent Gbagbo","datePublished":"2021-06-17T12:30:14+00:00","dateModified":"2021-06-17T19:09:45+00:00","mainEntityOfPage":{"@id":"https:\/\/www.africa-press.net\/centrafricaine\/politique\/euphorie-avant-meme-le-retour-de-laurent-gbagbo"},"wordCount":433,"commentCount":0,"image":{"@id":"https:\/\/www.africa-press.net\/centrafricaine\/politique\/euphorie-avant-meme-le-retour-de-laurent-gbagbo#primaryimage"},"thumbnailUrl":"https:\/\/static.africa-press.net\/centrafricaine\/sites\/45\/2021\/06\/img-60cb3f1c1544b.jpg","keywords":["Africa Press","Africa Press-CentrAfricaine","CentrAfricaine"],"articleSection":["homepage-french","Politique","Toutes les actualit\u00e9s"],"inLanguage":"fr-FR","potentialAction":[{"@type":"CommentAction","name":"Comment","target":["https:\/\/www.africa-press.net\/centrafricaine\/politique\/euphorie-avant-meme-le-retour-de-laurent-gbagbo#respond"]}]},{"@type":"WebPage","@id":"https:\/\/www.africa-press.net\/centrafricaine\/politique\/euphorie-avant-meme-le-retour-de-laurent-gbagbo","url":"https:\/\/www.africa-press.net\/centrafricaine\/politique\/euphorie-avant-meme-le-retour-de-laurent-gbagbo","name":"Euphorie avant m\u00eame le retour de Laurent Gbagbo - centrafricaine","isPartOf":{"@id":"https:\/\/www.africa-press.net\/centrafricaine\/#website"},"primaryImageOfPage":{"@id":"https:\/\/www.africa-press.net\/centrafricaine\/politique\/euphorie-avant-meme-le-retour-de-laurent-gbagbo#primaryimage"},"image":{"@id":"https:\/\/www.africa-press.net\/centrafricaine\/politique\/euphorie-avant-meme-le-retour-de-laurent-gbagbo#primaryimage"},"thumbnailUrl":"https:\/\/static.africa-press.net\/centrafricaine\/sites\/45\/2021\/06\/img-60cb3f1c1544b.jpg","datePublished":"2021-06-17T12:30:14+00:00","dateModified":"2021-06-17T19:09:45+00:00","author":{"@id":"https:\/\/www.africa-press.net\/centrafricaine\/#\/schema\/person\/2b1cf3cd81a31e3cd26889ca66d677f1"},"description":"Bangui ( R\u00e9publique centrafricaine ) \u2013 L\u2019ex-pr\u00e9sident Laurent Gbagbo doit atterrir ce jeudi \u00e0 15H45 en provenance de ...","breadcrumb":{"@id":"https:\/\/www.africa-press.net\/centrafricaine\/politique\/euphorie-avant-meme-le-retour-de-laurent-gbagbo#breadcrumb"},"inLanguage":"fr-FR","potentialAction":[{"@type":"ReadAction","target":["https:\/\/www.africa-press.net\/centrafricaine\/politique\/euphorie-avant-meme-le-retour-de-laurent-gbagbo"]}]},{"@type":"ImageObject","inLanguage":"fr-FR","@id":"https:\/\/www.africa-press.net\/centrafricaine\/politique\/euphorie-avant-meme-le-retour-de-laurent-gbagbo#primaryimage","url":"https:\/\/static.africa-press.net\/centrafricaine\/sites\/45\/2021\/06\/img-60cb3f1c1544b.jpg","contentUrl":"https:\/\/static.africa-press.net\/centrafricaine\/sites\/45\/2021\/06\/img-60cb3f1c1544b.jpg","width":720,"height":405,"caption":"Euphorie avant m\u00eame le retour de Laurent Gbagbo"},{"@type":"BreadcrumbList","@id":"https:\/\/www.africa-press.net\/centrafricaine\/politique\/euphorie-avant-meme-le-retour-de-laurent-gbagbo#breadcrumb","itemListElement":[{"@type":"ListItem","position":1,"name":"Accueil","item":"https:\/\/www.africa-press.net\/centrafricaine\/"},{"@type":"ListItem","position":2,"name":"Euphorie avant m\u00eame le retour de Laurent Gbagbo"}]},{"@type":"WebSite","@id":"https:\/\/www.africa-press.net\/centrafricaine\/#website","url":"https:\/\/www.africa-press.net\/centrafricaine\/","name":"centrafricaine","description":"Just another Africa News Agency Sites site","potentialAction":[{"@type":"SearchAction","target":{"@type":"EntryPoint","urlTemplate":"https:\/\/www.africa-press.net\/centrafricaine\/?s={search_term_string}"},"query-input":{"@type":"PropertyValueSpecification","valueRequired":true,"valueName":"search_term_string"}}],"inLanguage":"fr-FR"},{"@type":"Person","@id":"https:\/\/www.africa-press.net\/centrafricaine\/#\/schema\/person\/2b1cf3cd81a31e3cd26889ca66d677f1","name":"cfeditorfr"}]}},"_links":{"self":[{"href":"https:\/\/www.africa-press.net\/centrafricaine\/wp-json\/wp\/v2\/posts\/8173","targetHints":{"allow":["GET"]}}],"collection":[{"href":"https:\/\/www.africa-press.net\/centrafricaine\/wp-json\/wp\/v2\/posts"}],"about":[{"href":"https:\/\/www.africa-press.net\/centrafricaine\/wp-json\/wp\/v2\/types\/post"}],"author":[{"embeddable":true,"href":"https:\/\/www.africa-press.net\/centrafricaine\/wp-json\/wp\/v2\/users\/82"}],"replies":[{"embeddable":true,"href":"https:\/\/www.africa-press.net\/centrafricaine\/wp-json\/wp\/v2\/comments?post=8173"}],"version-history":[{"count":0,"href":"https:\/\/www.africa-press.net\/centrafricaine\/wp-json\/wp\/v2\/posts\/8173\/revisions"}],"wp:featuredmedia":[{"embeddable":true,"href":"https:\/\/www.africa-press.net\/centrafricaine\/wp-json\/wp\/v2\/media\/8172"}],"wp:attachment":[{"href":"https:\/\/www.africa-press.net\/centrafricaine\/wp-json\/wp\/v2\/media?parent=8173"}],"wp:term":[{"taxonomy":"category","embeddable":true,"href":"https:\/\/www.africa-press.net\/centrafricaine\/wp-json\/wp\/v2\/categories?post=8173"},{"taxonomy":"post_tag","embeddable":true,"href":"https:\/\/www.africa-press.net\/centrafricaine\/wp-json\/wp\/v2\/tags?post=8173"}],"curies":[{"name":"wp","href":"https:\/\/api.w.org\/{rel}","templated":true}]}}