{"id":8179,"date":"2021-06-17T12:44:35","date_gmt":"2021-06-17T12:44:35","guid":{"rendered":"https:\/\/www.africa-press.net\/centrafricaine\/?p=8179"},"modified":"2021-06-17T19:10:09","modified_gmt":"2021-06-17T19:10:09","slug":"reaction-de-la-minusca-sur-les-accusations-de-fraude-a-la-douane","status":"publish","type":"post","link":"https:\/\/www.africa-press.net\/centrafricaine\/politique\/reaction-de-la-minusca-sur-les-accusations-de-fraude-a-la-douane","title":{"rendered":"R\u00c9ACTION DE LA MINUSCA SUR LES ACCUSATIONS DE FRAUDE \u00c0 LA DOUANE"},"content":{"rendered":"<p><span style=\"color: #ff6600\"><strong><a href=\"https:\/\/www.africa-press.net\/\">Africa-Press<\/a> &#8211; <a href=\"https:\/\/www.africa-press.net\/centrafricaine\">CentrAfricaine<\/a>.\u00a0 <\/strong><\/span><b>Suite \u00e0 la diffusion, dans la presse centrafricaine et sur les r\u00e9seaux sociaux, d\u2019un article accusant la MINUSCA de fraude et tenue de payer une amende d\u2019un million de dollars, la Mission tient \u00e0 pr\u00e9ciser ce qui suit :<\/b><\/p>\n<p>Sur demande de la MINUSCA, un repr\u00e9sentant de la Mission s\u2019est rendu \u00e0 la Direction g\u00e9n\u00e9rale des douanes et droits indirects, le 4 juin 2021, pour une r\u00e9union. L\u2019objectif de ladite r\u00e9union \u00e9tait de discuter avec les autorit\u00e9s douani\u00e8res centrafricaines, sur les questions li\u00e9es \u00e0 la livraison des cargaisons contenant la nourriture des contingents militaires de la MINUSCA, qui avaient \u00e9t\u00e9 bloqu\u00e9es en date du 10 mai 2021.<\/p>\n","protected":false},"excerpt":{"rendered":"<p>Africa-Press &#8211; CentrAfricaine.\u00a0 Suite \u00e0 la diffusion, dans la presse centrafricaine et sur les r\u00e9seaux sociaux, d\u2019un article accusant la MINUSCA de fraude et tenue de payer une amende d\u2019un million de dollars, la Mission tient \u00e0 pr\u00e9ciser ce qui suit : Sur demande de la MINUSCA, un repr\u00e9sentant de la Mission s\u2019est rendu \u00e0 [&hellip;]<\/p>\n","protected":false},"author":82,"featured_media":8178,"comment_status":"open","ping_status":"closed","sticky":false,"template":"","format":"standard","meta":{"footnotes":""},"categories":[11,2,10],"tags":[36,58,30],"class_list":["post-8179","post","type-post","status-publish","format-standard","has-post-thumbnail","hentry","category-homepage-french","category-politique","category-toutes-les-actualites","tag-africa-press","tag-africa-press-centrafricaine","tag-centrafricaine"],"yoast_head":"<!-- This site is optimized with the Yoast SEO Premium plugin v26.1 (Yoast SEO v27.0) - https:\/\/yoast.com\/product\/yoast-seo-premium-wordpress\/ -->\n<title>R\u00c9ACTION DE LA MINUSCA SUR LES ACCUSATIONS DE FRAUDE \u00c0 LA DOUANE - centrafricaine<\/title>\n<meta name=\"description\" content=\"Bangui, R\u00e9publique centrafricaine, jeudi, 17 juin 2021 ( Corbeaunews \u2013 Centrafrique ). Suite \u00e0 la diffusion, ...\" \/>\n<meta name=\"robots\" content=\"index, follow, max-snippet:-1, max-image-preview:large, max-video-preview:-1\" \/>\n<link rel=\"canonical\" href=\"https:\/\/www.africa-press.net\/centrafricaine\/politique\/reaction-de-la-minusca-sur-les-accusations-de-fraude-a-la-douane\" \/>\n<meta property=\"og:locale\" content=\"fr_FR\" \/>\n<meta property=\"og:type\" content=\"article\" \/>\n<meta property=\"og:title\" content=\"R\u00c9ACTION DE LA MINUSCA SUR LES ACCUSATIONS DE FRAUDE \u00c0 LA DOUANE\" \/>\n<meta property=\"og:description\" content=\"Bangui, R\u00e9publique centrafricaine, jeudi, 17 juin 2021 ( Corbeaunews \u2013 Centrafrique ). Suite \u00e0 la diffusion, ...\" \/>\n<meta property=\"og:url\" content=\"https:\/\/www.africa-press.net\/centrafricaine\/politique\/reaction-de-la-minusca-sur-les-accusations-de-fraude-a-la-douane\" \/>\n<meta property=\"og:site_name\" content=\"centrafricaine\" \/>\n<meta property=\"article:published_time\" content=\"2021-06-17T12:44:35+00:00\" \/>\n<meta property=\"article:modified_time\" content=\"2021-06-17T19:10:09+00:00\" \/>\n<meta property=\"og:image\" content=\"https:\/\/static.africa-press.net\/centrafricaine\/sites\/45\/2021\/06\/img-60cb3f6ca73cf.jpg\" \/>\n\t<meta property=\"og:image:width\" content=\"750\" \/>\n\t<meta property=\"og:image:height\" content=\"452\" \/>\n\t<meta property=\"og:image:type\" content=\"image\/jpeg\" \/>\n<meta name=\"author\" content=\"cfeditorfr\" \/>\n<meta name=\"twitter:card\" content=\"summary_large_image\" \/>\n<meta name=\"twitter:label1\" content=\"\u00c9crit par\" \/>\n\t<meta name=\"twitter:data1\" content=\"cfeditorfr\" \/>\n\t<meta name=\"twitter:label2\" content=\"Dur\u00e9e de lecture estim\u00e9e\" \/>\n\t<meta name=\"twitter:data2\" content=\"1 minute\" \/>\n<script type=\"application\/ld+json\" class=\"yoast-schema-graph\">{\"@context\":\"https:\/\/schema.org\",\"@graph\":[{\"@type\":\"Article\",\"@id\":\"https:\/\/www.africa-press.net\/centrafricaine\/politique\/reaction-de-la-minusca-sur-les-accusations-de-fraude-a-la-douane#article\",\"isPartOf\":{\"@id\":\"https:\/\/www.africa-press.net\/centrafricaine\/politique\/reaction-de-la-minusca-sur-les-accusations-de-fraude-a-la-douane\"},\"author\":{\"name\":\"cfeditorfr\",\"@id\":\"https:\/\/www.africa-press.net\/centrafricaine\/#\/schema\/person\/2b1cf3cd81a31e3cd26889ca66d677f1\"},\"headline\":\"R\u00c9ACTION DE LA MINUSCA SUR LES ACCUSATIONS DE FRAUDE \u00c0 LA DOUANE\",\"datePublished\":\"2021-06-17T12:44:35+00:00\",\"dateModified\":\"2021-06-17T19:10:09+00:00\",\"mainEntityOfPage\":{\"@id\":\"https:\/\/www.africa-press.net\/centrafricaine\/politique\/reaction-de-la-minusca-sur-les-accusations-de-fraude-a-la-douane\"},\"wordCount\":128,\"commentCount\":0,\"image\":{\"@id\":\"https:\/\/www.africa-press.net\/centrafricaine\/politique\/reaction-de-la-minusca-sur-les-accusations-de-fraude-a-la-douane#primaryimage\"},\"thumbnailUrl\":\"https:\/\/static.africa-press.net\/centrafricaine\/sites\/45\/2021\/06\/img-60cb3f6ca73cf.jpg\",\"keywords\":[\"Africa Press\",\"Africa Press-CentrAfricaine\",\"CentrAfricaine\"],\"articleSection\":[\"homepage-french\",\"Politique\",\"Toutes les actualit\u00e9s\"],\"inLanguage\":\"fr-FR\",\"potentialAction\":[{\"@type\":\"CommentAction\",\"name\":\"Comment\",\"target\":[\"https:\/\/www.africa-press.net\/centrafricaine\/politique\/reaction-de-la-minusca-sur-les-accusations-de-fraude-a-la-douane#respond\"]}]},{\"@type\":\"WebPage\",\"@id\":\"https:\/\/www.africa-press.net\/centrafricaine\/politique\/reaction-de-la-minusca-sur-les-accusations-de-fraude-a-la-douane\",\"url\":\"https:\/\/www.africa-press.net\/centrafricaine\/politique\/reaction-de-la-minusca-sur-les-accusations-de-fraude-a-la-douane\",\"name\":\"R\u00c9ACTION DE LA MINUSCA SUR LES ACCUSATIONS DE FRAUDE \u00c0 LA DOUANE - centrafricaine\",\"isPartOf\":{\"@id\":\"https:\/\/www.africa-press.net\/centrafricaine\/#website\"},\"primaryImageOfPage\":{\"@id\":\"https:\/\/www.africa-press.net\/centrafricaine\/politique\/reaction-de-la-minusca-sur-les-accusations-de-fraude-a-la-douane#primaryimage\"},\"image\":{\"@id\":\"https:\/\/www.africa-press.net\/centrafricaine\/politique\/reaction-de-la-minusca-sur-les-accusations-de-fraude-a-la-douane#primaryimage\"},\"thumbnailUrl\":\"https:\/\/static.africa-press.net\/centrafricaine\/sites\/45\/2021\/06\/img-60cb3f6ca73cf.jpg\",\"datePublished\":\"2021-06-17T12:44:35+00:00\",\"dateModified\":\"2021-06-17T19:10:09+00:00\",\"author\":{\"@id\":\"https:\/\/www.africa-press.net\/centrafricaine\/#\/schema\/person\/2b1cf3cd81a31e3cd26889ca66d677f1\"},\"description\":\"Bangui, R\u00e9publique centrafricaine, jeudi, 17 juin 2021 ( Corbeaunews \u2013 Centrafrique ). Suite \u00e0 la diffusion, ...\",\"breadcrumb\":{\"@id\":\"https:\/\/www.africa-press.net\/centrafricaine\/politique\/reaction-de-la-minusca-sur-les-accusations-de-fraude-a-la-douane#breadcrumb\"},\"inLanguage\":\"fr-FR\",\"potentialAction\":[{\"@type\":\"ReadAction\",\"target\":[\"https:\/\/www.africa-press.net\/centrafricaine\/politique\/reaction-de-la-minusca-sur-les-accusations-de-fraude-a-la-douane\"]}]},{\"@type\":\"ImageObject\",\"inLanguage\":\"fr-FR\",\"@id\":\"https:\/\/www.africa-press.net\/centrafricaine\/politique\/reaction-de-la-minusca-sur-les-accusations-de-fraude-a-la-douane#primaryimage\",\"url\":\"https:\/\/static.africa-press.net\/centrafricaine\/sites\/45\/2021\/06\/img-60cb3f6ca73cf.jpg\",\"contentUrl\":\"https:\/\/static.africa-press.net\/centrafricaine\/sites\/45\/2021\/06\/img-60cb3f6ca73cf.jpg\",\"width\":750,\"height\":452,\"caption\":\"R\u00c9ACTION DE LA MINUSCA SUR LES ACCUSATIONS DE FRAUDE \u00c0 LA DOUANE\"},{\"@type\":\"BreadcrumbList\",\"@id\":\"https:\/\/www.africa-press.net\/centrafricaine\/politique\/reaction-de-la-minusca-sur-les-accusations-de-fraude-a-la-douane#breadcrumb\",\"itemListElement\":[{\"@type\":\"ListItem\",\"position\":1,\"name\":\"Accueil\",\"item\":\"https:\/\/www.africa-press.net\/centrafricaine\/\"},{\"@type\":\"ListItem\",\"position\":2,\"name\":\"R\u00c9ACTION DE LA MINUSCA SUR LES ACCUSATIONS DE FRAUDE \u00c0 LA DOUANE\"}]},{\"@type\":\"WebSite\",\"@id\":\"https:\/\/www.africa-press.net\/centrafricaine\/#website\",\"url\":\"https:\/\/www.africa-press.net\/centrafricaine\/\",\"name\":\"centrafricaine\",\"description\":\"Just another Africa News Agency Sites site\",\"potentialAction\":[{\"@type\":\"SearchAction\",\"target\":{\"@type\":\"EntryPoint\",\"urlTemplate\":\"https:\/\/www.africa-press.net\/centrafricaine\/?s={search_term_string}\"},\"query-input\":{\"@type\":\"PropertyValueSpecification\",\"valueRequired\":true,\"valueName\":\"search_term_string\"}}],\"inLanguage\":\"fr-FR\"},{\"@type\":\"Person\",\"@id\":\"https:\/\/www.africa-press.net\/centrafricaine\/#\/schema\/person\/2b1cf3cd81a31e3cd26889ca66d677f1\",\"name\":\"cfeditorfr\"}]}<\/script>\n<!-- \/ Yoast SEO Premium plugin. -->","yoast_head_json":{"title":"R\u00c9ACTION DE LA MINUSCA SUR LES ACCUSATIONS DE FRAUDE \u00c0 LA DOUANE - centrafricaine","description":"Bangui, R\u00e9publique centrafricaine, jeudi, 17 juin 2021 ( Corbeaunews \u2013 Centrafrique ). Suite \u00e0 la diffusion, ...","robots":{"index":"index","follow":"follow","max-snippet":"max-snippet:-1","max-image-preview":"max-image-preview:large","max-video-preview":"max-video-preview:-1"},"canonical":"https:\/\/www.africa-press.net\/centrafricaine\/politique\/reaction-de-la-minusca-sur-les-accusations-de-fraude-a-la-douane","og_locale":"fr_FR","og_type":"article","og_title":"R\u00c9ACTION DE LA MINUSCA SUR LES ACCUSATIONS DE FRAUDE \u00c0 LA DOUANE","og_description":"Bangui, R\u00e9publique centrafricaine, jeudi, 17 juin 2021 ( Corbeaunews \u2013 Centrafrique ). Suite \u00e0 la diffusion, ...","og_url":"https:\/\/www.africa-press.net\/centrafricaine\/politique\/reaction-de-la-minusca-sur-les-accusations-de-fraude-a-la-douane","og_site_name":"centrafricaine","article_published_time":"2021-06-17T12:44:35+00:00","article_modified_time":"2021-06-17T19:10:09+00:00","og_image":[{"width":750,"height":452,"url":"https:\/\/static.africa-press.net\/centrafricaine\/sites\/45\/2021\/06\/img-60cb3f6ca73cf.jpg","type":"image\/jpeg"}],"author":"cfeditorfr","twitter_card":"summary_large_image","twitter_misc":{"\u00c9crit par":"cfeditorfr","Dur\u00e9e de lecture estim\u00e9e":"1 minute"},"schema":{"@context":"https:\/\/schema.org","@graph":[{"@type":"Article","@id":"https:\/\/www.africa-press.net\/centrafricaine\/politique\/reaction-de-la-minusca-sur-les-accusations-de-fraude-a-la-douane#article","isPartOf":{"@id":"https:\/\/www.africa-press.net\/centrafricaine\/politique\/reaction-de-la-minusca-sur-les-accusations-de-fraude-a-la-douane"},"author":{"name":"cfeditorfr","@id":"https:\/\/www.africa-press.net\/centrafricaine\/#\/schema\/person\/2b1cf3cd81a31e3cd26889ca66d677f1"},"headline":"R\u00c9ACTION DE LA MINUSCA SUR LES ACCUSATIONS DE FRAUDE \u00c0 LA DOUANE","datePublished":"2021-06-17T12:44:35+00:00","dateModified":"2021-06-17T19:10:09+00:00","mainEntityOfPage":{"@id":"https:\/\/www.africa-press.net\/centrafricaine\/politique\/reaction-de-la-minusca-sur-les-accusations-de-fraude-a-la-douane"},"wordCount":128,"commentCount":0,"image":{"@id":"https:\/\/www.africa-press.net\/centrafricaine\/politique\/reaction-de-la-minusca-sur-les-accusations-de-fraude-a-la-douane#primaryimage"},"thumbnailUrl":"https:\/\/static.africa-press.net\/centrafricaine\/sites\/45\/2021\/06\/img-60cb3f6ca73cf.jpg","keywords":["Africa Press","Africa Press-CentrAfricaine","CentrAfricaine"],"articleSection":["homepage-french","Politique","Toutes les actualit\u00e9s"],"inLanguage":"fr-FR","potentialAction":[{"@type":"CommentAction","name":"Comment","target":["https:\/\/www.africa-press.net\/centrafricaine\/politique\/reaction-de-la-minusca-sur-les-accusations-de-fraude-a-la-douane#respond"]}]},{"@type":"WebPage","@id":"https:\/\/www.africa-press.net\/centrafricaine\/politique\/reaction-de-la-minusca-sur-les-accusations-de-fraude-a-la-douane","url":"https:\/\/www.africa-press.net\/centrafricaine\/politique\/reaction-de-la-minusca-sur-les-accusations-de-fraude-a-la-douane","name":"R\u00c9ACTION DE LA MINUSCA SUR LES ACCUSATIONS DE FRAUDE \u00c0 LA DOUANE - centrafricaine","isPartOf":{"@id":"https:\/\/www.africa-press.net\/centrafricaine\/#website"},"primaryImageOfPage":{"@id":"https:\/\/www.africa-press.net\/centrafricaine\/politique\/reaction-de-la-minusca-sur-les-accusations-de-fraude-a-la-douane#primaryimage"},"image":{"@id":"https:\/\/www.africa-press.net\/centrafricaine\/politique\/reaction-de-la-minusca-sur-les-accusations-de-fraude-a-la-douane#primaryimage"},"thumbnailUrl":"https:\/\/static.africa-press.net\/centrafricaine\/sites\/45\/2021\/06\/img-60cb3f6ca73cf.jpg","datePublished":"2021-06-17T12:44:35+00:00","dateModified":"2021-06-17T19:10:09+00:00","author":{"@id":"https:\/\/www.africa-press.net\/centrafricaine\/#\/schema\/person\/2b1cf3cd81a31e3cd26889ca66d677f1"},"description":"Bangui, R\u00e9publique centrafricaine, jeudi, 17 juin 2021 ( Corbeaunews \u2013 Centrafrique ). Suite \u00e0 la diffusion, ...","breadcrumb":{"@id":"https:\/\/www.africa-press.net\/centrafricaine\/politique\/reaction-de-la-minusca-sur-les-accusations-de-fraude-a-la-douane#breadcrumb"},"inLanguage":"fr-FR","potentialAction":[{"@type":"ReadAction","target":["https:\/\/www.africa-press.net\/centrafricaine\/politique\/reaction-de-la-minusca-sur-les-accusations-de-fraude-a-la-douane"]}]},{"@type":"ImageObject","inLanguage":"fr-FR","@id":"https:\/\/www.africa-press.net\/centrafricaine\/politique\/reaction-de-la-minusca-sur-les-accusations-de-fraude-a-la-douane#primaryimage","url":"https:\/\/static.africa-press.net\/centrafricaine\/sites\/45\/2021\/06\/img-60cb3f6ca73cf.jpg","contentUrl":"https:\/\/static.africa-press.net\/centrafricaine\/sites\/45\/2021\/06\/img-60cb3f6ca73cf.jpg","width":750,"height":452,"caption":"R\u00c9ACTION DE LA MINUSCA SUR LES ACCUSATIONS DE FRAUDE \u00c0 LA DOUANE"},{"@type":"BreadcrumbList","@id":"https:\/\/www.africa-press.net\/centrafricaine\/politique\/reaction-de-la-minusca-sur-les-accusations-de-fraude-a-la-douane#breadcrumb","itemListElement":[{"@type":"ListItem","position":1,"name":"Accueil","item":"https:\/\/www.africa-press.net\/centrafricaine\/"},{"@type":"ListItem","position":2,"name":"R\u00c9ACTION DE LA MINUSCA SUR LES ACCUSATIONS DE FRAUDE \u00c0 LA DOUANE"}]},{"@type":"WebSite","@id":"https:\/\/www.africa-press.net\/centrafricaine\/#website","url":"https:\/\/www.africa-press.net\/centrafricaine\/","name":"centrafricaine","description":"Just another Africa News Agency Sites site","potentialAction":[{"@type":"SearchAction","target":{"@type":"EntryPoint","urlTemplate":"https:\/\/www.africa-press.net\/centrafricaine\/?s={search_term_string}"},"query-input":{"@type":"PropertyValueSpecification","valueRequired":true,"valueName":"search_term_string"}}],"inLanguage":"fr-FR"},{"@type":"Person","@id":"https:\/\/www.africa-press.net\/centrafricaine\/#\/schema\/person\/2b1cf3cd81a31e3cd26889ca66d677f1","name":"cfeditorfr"}]}},"_links":{"self":[{"href":"https:\/\/www.africa-press.net\/centrafricaine\/wp-json\/wp\/v2\/posts\/8179","targetHints":{"allow":["GET"]}}],"collection":[{"href":"https:\/\/www.africa-press.net\/centrafricaine\/wp-json\/wp\/v2\/posts"}],"about":[{"href":"https:\/\/www.africa-press.net\/centrafricaine\/wp-json\/wp\/v2\/types\/post"}],"author":[{"embeddable":true,"href":"https:\/\/www.africa-press.net\/centrafricaine\/wp-json\/wp\/v2\/users\/82"}],"replies":[{"embeddable":true,"href":"https:\/\/www.africa-press.net\/centrafricaine\/wp-json\/wp\/v2\/comments?post=8179"}],"version-history":[{"count":0,"href":"https:\/\/www.africa-press.net\/centrafricaine\/wp-json\/wp\/v2\/posts\/8179\/revisions"}],"wp:featuredmedia":[{"embeddable":true,"href":"https:\/\/www.africa-press.net\/centrafricaine\/wp-json\/wp\/v2\/media\/8178"}],"wp:attachment":[{"href":"https:\/\/www.africa-press.net\/centrafricaine\/wp-json\/wp\/v2\/media?parent=8179"}],"wp:term":[{"taxonomy":"category","embeddable":true,"href":"https:\/\/www.africa-press.net\/centrafricaine\/wp-json\/wp\/v2\/categories?post=8179"},{"taxonomy":"post_tag","embeddable":true,"href":"https:\/\/www.africa-press.net\/centrafricaine\/wp-json\/wp\/v2\/tags?post=8179"}],"curies":[{"name":"wp","href":"https:\/\/api.w.org\/{rel}","templated":true}]}}