{"id":8197,"date":"2021-06-19T11:03:38","date_gmt":"2021-06-19T11:03:38","guid":{"rendered":"https:\/\/www.africa-press.net\/centrafricaine\/?p=8197"},"modified":"2021-06-19T12:24:43","modified_gmt":"2021-06-19T12:24:43","slug":"france-russie-paris-denonce-la-captation-de-pouvoir-de-moscou-en-centrafrique","status":"publish","type":"post","link":"https:\/\/www.africa-press.net\/centrafricaine\/dossiers\/france-russie-paris-denonce-la-captation-de-pouvoir-de-moscou-en-centrafrique","title":{"rendered":"France-Russie : Paris d\u00e9nonce la \u00ab captation de pouvoir \u00bb de Moscou en Centrafrique"},"content":{"rendered":"<p><span style=\"color: #ff6600\"><strong><a href=\"https:\/\/www.africa-press.net\/\">Africa-Press<\/a> &#8211; <a href=\"https:\/\/www.africa-press.net\/centrafricaine\">CentrAfricaine<\/a>. <\/strong><\/span>La Russie a proc\u00e9d\u00e9 \u00e0 une \u00ab captation de pouvoir \u00bb en Centrafrique via les mercenaires de la force Wagner, a d\u00e9clar\u00e9 vendredi le chef de la diplomatie fran\u00e7aise, estimant en revanche improbable une telle menace au Sahel.<\/p>\n<p>\u00ab En R\u00e9publique centrafricaine, par les mercenaires russes, il y a une forme de captation de pouvoir, et en particulier de pouvoir militaire, ce que nous combattons et ce qui nous amen\u00e9 \u00e0 prendre des mesures de retrait d\u2019un certain nombre de nos personnels militaires \u00bb, a lanc\u00e9 Jean-Yves Le Drian sur la cha\u00eene BFM TV.<\/p>\n<p>La France a gel\u00e9 son aide budg\u00e9taire \u00e0 la Centrafrique et suspendu sa coop\u00e9ration militaire avec cet Etat d\u2019Afrique centrale, qu\u2019elle juge \u00ab complice \u00bb d\u2019une campagne antifran\u00e7aise t\u00e9l\u00e9guid\u00e9e par la Russie. \u00ab En R\u00e9publique centrafricaine, les milices sont l\u00e0, elles encadrent le pr\u00e9sident [Faustin Archange] Touad\u00e9ra et elles se servent sur la b\u00eate dans les richesses du pays \u00bb, a accus\u00e9 le ministre fran\u00e7ais des Affaires \u00e9trang\u00e8res.<\/p>\n<p><b>Une campagne antifran\u00e7aise au Sahel<\/b><\/p>\n<p>Pour autant, le m\u00eame ph\u00e9nom\u00e8ne n\u2019est pas perceptible au Sahel, selon Paris. \u00ab Je ne crois pas que ce soit un danger \u00bb, a estim\u00e9 Jean-Yves Le Drian, ajoutant ne pas d\u00e9celer, \u00ab pour l\u2019instant \u00bb, une \u00ab grande p\u00e9n\u00e9tration \u00bb russe.<\/p>\n<p>Les inqui\u00e9tudes concernent notamment le colonel Assimi Go\u00efta, chef de file de la junte \u00e0 l\u2019origine d\u2019un double putsch ces derniers mois au Mali et form\u00e9 en Russie. \u00ab C\u2019est pas parce qu\u2019il a \u00e9t\u00e9 form\u00e9, que certains ont \u00e9t\u00e9 form\u00e9s \u00e0 Moscou qu\u2019ils sont aujourd\u2019hui align\u00e9s sur Moscou \u00bb, a r\u00e9pliqu\u00e9 le chef de la diplomatie fran\u00e7aise.<\/p>\n<p>La France d\u00e9nonce en revanche une campagne antifran\u00e7aise au Sahel, notamment sur les r\u00e9seaux sociaux, aliment\u00e9e en partie selon elle par des groupes se r\u00e9clamant de la Russie. \u00ab Ce qui est certain (\u2026) c\u2019est que les pays membres du G5 Sahel en particulier, ce qu\u2019on appelle aussi la Cedeao, sont extr\u00eamement vigilants sur leur volont\u00e9 de souverainet\u00e9 et sur les pr\u00e9cautions qu\u2019ils prennent \u00e0 l\u2019\u00e9gard de tiers \u00bb, a poursuivi le ministre. Au Sahel, \u00e0 la diff\u00e9rence de la Centrafrique, \u00ab il n\u2019y a pas de diamants, pas de ressources naturelles sur lesquelles on peut financer l\u2019effort de guerre \u00bb, rel\u00e8ve \u00e9galement une source diplomatique.<\/p>\n","protected":false},"excerpt":{"rendered":"<p>Africa-Press &#8211; CentrAfricaine. La Russie a proc\u00e9d\u00e9 \u00e0 une \u00ab captation de pouvoir \u00bb en Centrafrique via les mercenaires de la force Wagner, a d\u00e9clar\u00e9 vendredi le chef de la diplomatie fran\u00e7aise, estimant en revanche improbable une telle menace au Sahel. \u00ab En R\u00e9publique centrafricaine, par les mercenaires russes, il y a une forme de [&hellip;]<\/p>\n","protected":false},"author":82,"featured_media":8196,"comment_status":"open","ping_status":"closed","sticky":false,"template":"","format":"standard","meta":{"footnotes":""},"categories":[7,11,20,10],"tags":[36,58,30],"class_list":["post-8197","post","type-post","status-publish","format-standard","has-post-thumbnail","hentry","category-dossiers","category-homepage-french","category-top-nouvelles","category-toutes-les-actualites","tag-africa-press","tag-africa-press-centrafricaine","tag-centrafricaine"],"yoast_head":"<!-- This site is optimized with the Yoast SEO Premium plugin v26.1 (Yoast SEO v27.0) - https:\/\/yoast.com\/product\/yoast-seo-premium-wordpress\/ -->\n<title>France-Russie : Paris d\u00e9nonce la \u00ab captation de pouvoir \u00bb de Moscou en Centrafrique - centrafricaine<\/title>\n<meta name=\"description\" content=\"La Russie a proc\u00e9d\u00e9 \u00e0 une \u00ab captation de pouvoir \u00bb en Centrafrique via les mercenaires de la force Wagner, a d\u00e9clar\u00e9 ven ...\" \/>\n<meta name=\"robots\" content=\"index, follow, max-snippet:-1, max-image-preview:large, max-video-preview:-1\" \/>\n<link rel=\"canonical\" href=\"https:\/\/www.africa-press.net\/centrafricaine\/dossiers\/france-russie-paris-denonce-la-captation-de-pouvoir-de-moscou-en-centrafrique\" \/>\n<meta property=\"og:locale\" content=\"fr_FR\" \/>\n<meta property=\"og:type\" content=\"article\" \/>\n<meta property=\"og:title\" content=\"France-Russie : Paris d\u00e9nonce la \u00ab captation de pouvoir \u00bb de Moscou en Centrafrique\" \/>\n<meta property=\"og:description\" content=\"La Russie a proc\u00e9d\u00e9 \u00e0 une \u00ab captation de pouvoir \u00bb en Centrafrique via les mercenaires de la force Wagner, a d\u00e9clar\u00e9 ven ...\" \/>\n<meta property=\"og:url\" content=\"https:\/\/www.africa-press.net\/centrafricaine\/dossiers\/france-russie-paris-denonce-la-captation-de-pouvoir-de-moscou-en-centrafrique\" \/>\n<meta property=\"og:site_name\" content=\"centrafricaine\" \/>\n<meta property=\"article:published_time\" content=\"2021-06-19T11:03:38+00:00\" \/>\n<meta property=\"article:modified_time\" content=\"2021-06-19T12:24:43+00:00\" \/>\n<meta property=\"og:image\" content=\"https:\/\/static.africa-press.net\/centrafricaine\/sites\/45\/2021\/06\/img-60cdcdd095870.jpg\" \/>\n\t<meta property=\"og:image:width\" content=\"720\" \/>\n\t<meta property=\"og:image:height\" content=\"360\" \/>\n\t<meta property=\"og:image:type\" content=\"image\/jpeg\" \/>\n<meta name=\"author\" content=\"cfeditorfr\" \/>\n<meta name=\"twitter:card\" content=\"summary_large_image\" \/>\n<meta name=\"twitter:label1\" content=\"\u00c9crit par\" \/>\n\t<meta name=\"twitter:data1\" content=\"cfeditorfr\" \/>\n\t<meta name=\"twitter:label2\" content=\"Dur\u00e9e de lecture estim\u00e9e\" \/>\n\t<meta name=\"twitter:data2\" content=\"2 minutes\" \/>\n<script type=\"application\/ld+json\" class=\"yoast-schema-graph\">{\"@context\":\"https:\/\/schema.org\",\"@graph\":[{\"@type\":\"Article\",\"@id\":\"https:\/\/www.africa-press.net\/centrafricaine\/dossiers\/france-russie-paris-denonce-la-captation-de-pouvoir-de-moscou-en-centrafrique#article\",\"isPartOf\":{\"@id\":\"https:\/\/www.africa-press.net\/centrafricaine\/dossiers\/france-russie-paris-denonce-la-captation-de-pouvoir-de-moscou-en-centrafrique\"},\"author\":{\"name\":\"cfeditorfr\",\"@id\":\"https:\/\/www.africa-press.net\/centrafricaine\/#\/schema\/person\/2b1cf3cd81a31e3cd26889ca66d677f1\"},\"headline\":\"France-Russie : Paris d\u00e9nonce la \u00ab captation de pouvoir \u00bb de Moscou en Centrafrique\",\"datePublished\":\"2021-06-19T11:03:38+00:00\",\"dateModified\":\"2021-06-19T12:24:43+00:00\",\"mainEntityOfPage\":{\"@id\":\"https:\/\/www.africa-press.net\/centrafricaine\/dossiers\/france-russie-paris-denonce-la-captation-de-pouvoir-de-moscou-en-centrafrique\"},\"wordCount\":417,\"commentCount\":0,\"image\":{\"@id\":\"https:\/\/www.africa-press.net\/centrafricaine\/dossiers\/france-russie-paris-denonce-la-captation-de-pouvoir-de-moscou-en-centrafrique#primaryimage\"},\"thumbnailUrl\":\"https:\/\/static.africa-press.net\/centrafricaine\/sites\/45\/2021\/06\/img-60cdcdd095870.jpg\",\"keywords\":[\"Africa Press\",\"Africa Press-CentrAfricaine\",\"CentrAfricaine\"],\"articleSection\":[\"Dossiers\",\"homepage-french\",\"Top Nouvelles\",\"Toutes les actualit\u00e9s\"],\"inLanguage\":\"fr-FR\",\"potentialAction\":[{\"@type\":\"CommentAction\",\"name\":\"Comment\",\"target\":[\"https:\/\/www.africa-press.net\/centrafricaine\/dossiers\/france-russie-paris-denonce-la-captation-de-pouvoir-de-moscou-en-centrafrique#respond\"]}]},{\"@type\":\"WebPage\",\"@id\":\"https:\/\/www.africa-press.net\/centrafricaine\/dossiers\/france-russie-paris-denonce-la-captation-de-pouvoir-de-moscou-en-centrafrique\",\"url\":\"https:\/\/www.africa-press.net\/centrafricaine\/dossiers\/france-russie-paris-denonce-la-captation-de-pouvoir-de-moscou-en-centrafrique\",\"name\":\"France-Russie : Paris d\u00e9nonce la \u00ab captation de pouvoir \u00bb de Moscou en Centrafrique - centrafricaine\",\"isPartOf\":{\"@id\":\"https:\/\/www.africa-press.net\/centrafricaine\/#website\"},\"primaryImageOfPage\":{\"@id\":\"https:\/\/www.africa-press.net\/centrafricaine\/dossiers\/france-russie-paris-denonce-la-captation-de-pouvoir-de-moscou-en-centrafrique#primaryimage\"},\"image\":{\"@id\":\"https:\/\/www.africa-press.net\/centrafricaine\/dossiers\/france-russie-paris-denonce-la-captation-de-pouvoir-de-moscou-en-centrafrique#primaryimage\"},\"thumbnailUrl\":\"https:\/\/static.africa-press.net\/centrafricaine\/sites\/45\/2021\/06\/img-60cdcdd095870.jpg\",\"datePublished\":\"2021-06-19T11:03:38+00:00\",\"dateModified\":\"2021-06-19T12:24:43+00:00\",\"author\":{\"@id\":\"https:\/\/www.africa-press.net\/centrafricaine\/#\/schema\/person\/2b1cf3cd81a31e3cd26889ca66d677f1\"},\"description\":\"La Russie a proc\u00e9d\u00e9 \u00e0 une \u00ab captation de pouvoir \u00bb en Centrafrique via les mercenaires de la force Wagner, a d\u00e9clar\u00e9 ven ...\",\"breadcrumb\":{\"@id\":\"https:\/\/www.africa-press.net\/centrafricaine\/dossiers\/france-russie-paris-denonce-la-captation-de-pouvoir-de-moscou-en-centrafrique#breadcrumb\"},\"inLanguage\":\"fr-FR\",\"potentialAction\":[{\"@type\":\"ReadAction\",\"target\":[\"https:\/\/www.africa-press.net\/centrafricaine\/dossiers\/france-russie-paris-denonce-la-captation-de-pouvoir-de-moscou-en-centrafrique\"]}]},{\"@type\":\"ImageObject\",\"inLanguage\":\"fr-FR\",\"@id\":\"https:\/\/www.africa-press.net\/centrafricaine\/dossiers\/france-russie-paris-denonce-la-captation-de-pouvoir-de-moscou-en-centrafrique#primaryimage\",\"url\":\"https:\/\/static.africa-press.net\/centrafricaine\/sites\/45\/2021\/06\/img-60cdcdd095870.jpg\",\"contentUrl\":\"https:\/\/static.africa-press.net\/centrafricaine\/sites\/45\/2021\/06\/img-60cdcdd095870.jpg\",\"width\":720,\"height\":360,\"caption\":\"France-Russie : Paris d\u00e9nonce la \u00ab captation de pouvoir \u00bb de Moscou en Centrafrique\"},{\"@type\":\"BreadcrumbList\",\"@id\":\"https:\/\/www.africa-press.net\/centrafricaine\/dossiers\/france-russie-paris-denonce-la-captation-de-pouvoir-de-moscou-en-centrafrique#breadcrumb\",\"itemListElement\":[{\"@type\":\"ListItem\",\"position\":1,\"name\":\"Accueil\",\"item\":\"https:\/\/www.africa-press.net\/centrafricaine\/\"},{\"@type\":\"ListItem\",\"position\":2,\"name\":\"France-Russie : Paris d\u00e9nonce la \u00ab captation de pouvoir \u00bb de Moscou en Centrafrique\"}]},{\"@type\":\"WebSite\",\"@id\":\"https:\/\/www.africa-press.net\/centrafricaine\/#website\",\"url\":\"https:\/\/www.africa-press.net\/centrafricaine\/\",\"name\":\"centrafricaine\",\"description\":\"Just another Africa News Agency Sites site\",\"potentialAction\":[{\"@type\":\"SearchAction\",\"target\":{\"@type\":\"EntryPoint\",\"urlTemplate\":\"https:\/\/www.africa-press.net\/centrafricaine\/?s={search_term_string}\"},\"query-input\":{\"@type\":\"PropertyValueSpecification\",\"valueRequired\":true,\"valueName\":\"search_term_string\"}}],\"inLanguage\":\"fr-FR\"},{\"@type\":\"Person\",\"@id\":\"https:\/\/www.africa-press.net\/centrafricaine\/#\/schema\/person\/2b1cf3cd81a31e3cd26889ca66d677f1\",\"name\":\"cfeditorfr\"}]}<\/script>\n<!-- \/ Yoast SEO Premium plugin. -->","yoast_head_json":{"title":"France-Russie : Paris d\u00e9nonce la \u00ab captation de pouvoir \u00bb de Moscou en Centrafrique - centrafricaine","description":"La Russie a proc\u00e9d\u00e9 \u00e0 une \u00ab captation de pouvoir \u00bb en Centrafrique via les mercenaires de la force Wagner, a d\u00e9clar\u00e9 ven ...","robots":{"index":"index","follow":"follow","max-snippet":"max-snippet:-1","max-image-preview":"max-image-preview:large","max-video-preview":"max-video-preview:-1"},"canonical":"https:\/\/www.africa-press.net\/centrafricaine\/dossiers\/france-russie-paris-denonce-la-captation-de-pouvoir-de-moscou-en-centrafrique","og_locale":"fr_FR","og_type":"article","og_title":"France-Russie : Paris d\u00e9nonce la \u00ab captation de pouvoir \u00bb de Moscou en Centrafrique","og_description":"La Russie a proc\u00e9d\u00e9 \u00e0 une \u00ab captation de pouvoir \u00bb en Centrafrique via les mercenaires de la force Wagner, a d\u00e9clar\u00e9 ven ...","og_url":"https:\/\/www.africa-press.net\/centrafricaine\/dossiers\/france-russie-paris-denonce-la-captation-de-pouvoir-de-moscou-en-centrafrique","og_site_name":"centrafricaine","article_published_time":"2021-06-19T11:03:38+00:00","article_modified_time":"2021-06-19T12:24:43+00:00","og_image":[{"width":720,"height":360,"url":"https:\/\/static.africa-press.net\/centrafricaine\/sites\/45\/2021\/06\/img-60cdcdd095870.jpg","type":"image\/jpeg"}],"author":"cfeditorfr","twitter_card":"summary_large_image","twitter_misc":{"\u00c9crit par":"cfeditorfr","Dur\u00e9e de lecture estim\u00e9e":"2 minutes"},"schema":{"@context":"https:\/\/schema.org","@graph":[{"@type":"Article","@id":"https:\/\/www.africa-press.net\/centrafricaine\/dossiers\/france-russie-paris-denonce-la-captation-de-pouvoir-de-moscou-en-centrafrique#article","isPartOf":{"@id":"https:\/\/www.africa-press.net\/centrafricaine\/dossiers\/france-russie-paris-denonce-la-captation-de-pouvoir-de-moscou-en-centrafrique"},"author":{"name":"cfeditorfr","@id":"https:\/\/www.africa-press.net\/centrafricaine\/#\/schema\/person\/2b1cf3cd81a31e3cd26889ca66d677f1"},"headline":"France-Russie : Paris d\u00e9nonce la \u00ab captation de pouvoir \u00bb de Moscou en Centrafrique","datePublished":"2021-06-19T11:03:38+00:00","dateModified":"2021-06-19T12:24:43+00:00","mainEntityOfPage":{"@id":"https:\/\/www.africa-press.net\/centrafricaine\/dossiers\/france-russie-paris-denonce-la-captation-de-pouvoir-de-moscou-en-centrafrique"},"wordCount":417,"commentCount":0,"image":{"@id":"https:\/\/www.africa-press.net\/centrafricaine\/dossiers\/france-russie-paris-denonce-la-captation-de-pouvoir-de-moscou-en-centrafrique#primaryimage"},"thumbnailUrl":"https:\/\/static.africa-press.net\/centrafricaine\/sites\/45\/2021\/06\/img-60cdcdd095870.jpg","keywords":["Africa Press","Africa Press-CentrAfricaine","CentrAfricaine"],"articleSection":["Dossiers","homepage-french","Top Nouvelles","Toutes les actualit\u00e9s"],"inLanguage":"fr-FR","potentialAction":[{"@type":"CommentAction","name":"Comment","target":["https:\/\/www.africa-press.net\/centrafricaine\/dossiers\/france-russie-paris-denonce-la-captation-de-pouvoir-de-moscou-en-centrafrique#respond"]}]},{"@type":"WebPage","@id":"https:\/\/www.africa-press.net\/centrafricaine\/dossiers\/france-russie-paris-denonce-la-captation-de-pouvoir-de-moscou-en-centrafrique","url":"https:\/\/www.africa-press.net\/centrafricaine\/dossiers\/france-russie-paris-denonce-la-captation-de-pouvoir-de-moscou-en-centrafrique","name":"France-Russie : Paris d\u00e9nonce la \u00ab captation de pouvoir \u00bb de Moscou en Centrafrique - centrafricaine","isPartOf":{"@id":"https:\/\/www.africa-press.net\/centrafricaine\/#website"},"primaryImageOfPage":{"@id":"https:\/\/www.africa-press.net\/centrafricaine\/dossiers\/france-russie-paris-denonce-la-captation-de-pouvoir-de-moscou-en-centrafrique#primaryimage"},"image":{"@id":"https:\/\/www.africa-press.net\/centrafricaine\/dossiers\/france-russie-paris-denonce-la-captation-de-pouvoir-de-moscou-en-centrafrique#primaryimage"},"thumbnailUrl":"https:\/\/static.africa-press.net\/centrafricaine\/sites\/45\/2021\/06\/img-60cdcdd095870.jpg","datePublished":"2021-06-19T11:03:38+00:00","dateModified":"2021-06-19T12:24:43+00:00","author":{"@id":"https:\/\/www.africa-press.net\/centrafricaine\/#\/schema\/person\/2b1cf3cd81a31e3cd26889ca66d677f1"},"description":"La Russie a proc\u00e9d\u00e9 \u00e0 une \u00ab captation de pouvoir \u00bb en Centrafrique via les mercenaires de la force Wagner, a d\u00e9clar\u00e9 ven ...","breadcrumb":{"@id":"https:\/\/www.africa-press.net\/centrafricaine\/dossiers\/france-russie-paris-denonce-la-captation-de-pouvoir-de-moscou-en-centrafrique#breadcrumb"},"inLanguage":"fr-FR","potentialAction":[{"@type":"ReadAction","target":["https:\/\/www.africa-press.net\/centrafricaine\/dossiers\/france-russie-paris-denonce-la-captation-de-pouvoir-de-moscou-en-centrafrique"]}]},{"@type":"ImageObject","inLanguage":"fr-FR","@id":"https:\/\/www.africa-press.net\/centrafricaine\/dossiers\/france-russie-paris-denonce-la-captation-de-pouvoir-de-moscou-en-centrafrique#primaryimage","url":"https:\/\/static.africa-press.net\/centrafricaine\/sites\/45\/2021\/06\/img-60cdcdd095870.jpg","contentUrl":"https:\/\/static.africa-press.net\/centrafricaine\/sites\/45\/2021\/06\/img-60cdcdd095870.jpg","width":720,"height":360,"caption":"France-Russie : Paris d\u00e9nonce la \u00ab captation de pouvoir \u00bb de Moscou en Centrafrique"},{"@type":"BreadcrumbList","@id":"https:\/\/www.africa-press.net\/centrafricaine\/dossiers\/france-russie-paris-denonce-la-captation-de-pouvoir-de-moscou-en-centrafrique#breadcrumb","itemListElement":[{"@type":"ListItem","position":1,"name":"Accueil","item":"https:\/\/www.africa-press.net\/centrafricaine\/"},{"@type":"ListItem","position":2,"name":"France-Russie : Paris d\u00e9nonce la \u00ab captation de pouvoir \u00bb de Moscou en Centrafrique"}]},{"@type":"WebSite","@id":"https:\/\/www.africa-press.net\/centrafricaine\/#website","url":"https:\/\/www.africa-press.net\/centrafricaine\/","name":"centrafricaine","description":"Just another Africa News Agency Sites site","potentialAction":[{"@type":"SearchAction","target":{"@type":"EntryPoint","urlTemplate":"https:\/\/www.africa-press.net\/centrafricaine\/?s={search_term_string}"},"query-input":{"@type":"PropertyValueSpecification","valueRequired":true,"valueName":"search_term_string"}}],"inLanguage":"fr-FR"},{"@type":"Person","@id":"https:\/\/www.africa-press.net\/centrafricaine\/#\/schema\/person\/2b1cf3cd81a31e3cd26889ca66d677f1","name":"cfeditorfr"}]}},"_links":{"self":[{"href":"https:\/\/www.africa-press.net\/centrafricaine\/wp-json\/wp\/v2\/posts\/8197","targetHints":{"allow":["GET"]}}],"collection":[{"href":"https:\/\/www.africa-press.net\/centrafricaine\/wp-json\/wp\/v2\/posts"}],"about":[{"href":"https:\/\/www.africa-press.net\/centrafricaine\/wp-json\/wp\/v2\/types\/post"}],"author":[{"embeddable":true,"href":"https:\/\/www.africa-press.net\/centrafricaine\/wp-json\/wp\/v2\/users\/82"}],"replies":[{"embeddable":true,"href":"https:\/\/www.africa-press.net\/centrafricaine\/wp-json\/wp\/v2\/comments?post=8197"}],"version-history":[{"count":0,"href":"https:\/\/www.africa-press.net\/centrafricaine\/wp-json\/wp\/v2\/posts\/8197\/revisions"}],"wp:featuredmedia":[{"embeddable":true,"href":"https:\/\/www.africa-press.net\/centrafricaine\/wp-json\/wp\/v2\/media\/8196"}],"wp:attachment":[{"href":"https:\/\/www.africa-press.net\/centrafricaine\/wp-json\/wp\/v2\/media?parent=8197"}],"wp:term":[{"taxonomy":"category","embeddable":true,"href":"https:\/\/www.africa-press.net\/centrafricaine\/wp-json\/wp\/v2\/categories?post=8197"},{"taxonomy":"post_tag","embeddable":true,"href":"https:\/\/www.africa-press.net\/centrafricaine\/wp-json\/wp\/v2\/tags?post=8197"}],"curies":[{"name":"wp","href":"https:\/\/api.w.org\/{rel}","templated":true}]}}