{"id":8203,"date":"2021-06-19T11:17:18","date_gmt":"2021-06-19T11:17:18","guid":{"rendered":"https:\/\/www.africa-press.net\/centrafricaine\/?p=8203"},"modified":"2021-06-19T12:25:13","modified_gmt":"2021-06-19T12:25:13","slug":"le-retour-de-gbagbo-fait-des-mecontents-et-des-heureux","status":"publish","type":"post","link":"https:\/\/www.africa-press.net\/centrafricaine\/politique\/le-retour-de-gbagbo-fait-des-mecontents-et-des-heureux","title":{"rendered":"Le retour de Gbagbo fait des m\u00e9contents et des heureux"},"content":{"rendered":"<p><span style=\"color: #ff6600\"><strong><a href=\"https:\/\/www.africa-press.net\/\">Africa-Press<\/a> &#8211; <a href=\"https:\/\/www.africa-press.net\/centrafricaine\">CentrAfricaine<\/a>.\u00a0 <\/strong><\/span><b>\u00a0L\u2019ancien pr\u00e9sident ivoirien rentre dans son pays apr\u00e8s plus de dix ans de d\u00e9tention \u00e0 la CPI. Un jour de f\u00eate pour ses partisans, mais chez certaines victimes de la crise ivoirienne, c\u2019est la frustration.<\/b><\/p>\n<p>La crise politique de 2010-2011 a conduit Laurent Gbagbo devant la CPI \u00e0 La Haye, qui l\u2019a jug\u00e9 pour \u201ccrimes contre l\u2019humanit\u00e9\u201d mais l\u2019a d\u00e9finitivement acquitt\u00e9 en mars 2021.<\/p>\n<p>Apr\u00e8s une d\u00e9cennie loin de son pays, l\u2019ancien pr\u00e9sident revient donc en C\u00f4te d\u2019Ivoire. Les partisans de l\u2019ancien pr\u00e9sident se pr\u00e9parent \u00e0 l\u2019accueillir dans la ferveur \u00e0 son arriv\u00e9e \u00e0 Abidjan.<\/p>\n<p>La r\u00e9conciliation nationale a du plomb dans l\u2019aile<\/p>\n<p>Si les anciens adversaires appellent aujourd\u2019hui \u00e0 la \u201cr\u00e9conciliation nationale\u201d, ce n\u2019est pas l\u2019avis des pr\u00e9sum\u00e9es victimes qui, ces derniers jours, ont exprim\u00e9 leurs frustrations.<\/p>\n<p>\u201cSi Laurent Gbagbo a \u00e9t\u00e9 jug\u00e9 et acquitt\u00e9 et qu\u2019il rentre dans son pays, nous n\u2019avons pas d\u2019autre sentiment \u00e0 avoir. Quel est le sort qu\u2019on va r\u00e9server aux victimes ? On a d\u00e9nombr\u00e9 3 000 morts\u2026\u201d, a fait remarquer Bamba Drissa, le pr\u00e9sident du Mouvement ivoirien des droits de l\u2019homme.<\/p>\n<p>Certaines pr\u00e9sum\u00e9es victimes ont m\u00eame demand\u00e9 l\u2019arrestation de celui qui a \u00e9t\u00e9 \u00e0 la t\u00eate de la C\u00f4te d\u2019Ivoire de 2000 \u00e0 2011.<\/p>\n<p>Si Bamba Drissa s\u2019inqui\u00e8te du sort des victimes du camp Gbagbo, il reconna\u00eet aussi que d\u2019autres victimes comme celles de Du\u00e9kou\u00e9, ont v\u00e9cu ces derni\u00e8res ann\u00e9es avec leurs bourreaux, certains promus \u00e0 des postes de responsabilit\u00e9.<\/p>\n<p>\u201cNous sommes bien inform\u00e9s de cela, c\u2019est d\u2019ailleurs pourquoi nous, d\u00e9fenseurs des droits de l\u2019homme, nous luttons fermement contre l\u2019impunit\u00e9. \u00c7a a \u00e9t\u00e9 une guerre, et il faut admettre que seuls les pro-Gbagbo ont fait l\u2019objet de proc\u00e8s. Mais en C\u00f4te d\u2019Ivoire on avait eu recemment le proc\u00e8s d\u2019Amad\u00e9 Ou\u00e9r\u00e9mi\u201d.<\/p>\n<p>&nbsp;<\/p>\n","protected":false},"excerpt":{"rendered":"<p>Africa-Press &#8211; CentrAfricaine.\u00a0 \u00a0L\u2019ancien pr\u00e9sident ivoirien rentre dans son pays apr\u00e8s plus de dix ans de d\u00e9tention \u00e0 la CPI. Un jour de f\u00eate pour ses partisans, mais chez certaines victimes de la crise ivoirienne, c\u2019est la frustration. La crise politique de 2010-2011 a conduit Laurent Gbagbo devant la CPI \u00e0 La Haye, qui l\u2019a [&hellip;]<\/p>\n","protected":false},"author":82,"featured_media":8202,"comment_status":"open","ping_status":"closed","sticky":false,"template":"","format":"standard","meta":{"footnotes":""},"categories":[11,2,10],"tags":[36,58,30],"class_list":["post-8203","post","type-post","status-publish","format-standard","has-post-thumbnail","hentry","category-homepage-french","category-politique","category-toutes-les-actualites","tag-africa-press","tag-africa-press-centrafricaine","tag-centrafricaine"],"yoast_head":"<!-- This site is optimized with the Yoast SEO Premium plugin v26.1 (Yoast SEO v27.0) - https:\/\/yoast.com\/product\/yoast-seo-premium-wordpress\/ -->\n<title>Le retour de Gbagbo fait des m\u00e9contents et des heureux - centrafricaine<\/title>\n<meta name=\"description\" content=\"Bangui ( R\u00e9publique centrafricaine ) \u2013 L\u2019ancien pr\u00e9sident ivoirien rentre dans son pays apr\u00e8s plus de dix ans de d\u00e9te ...\" \/>\n<meta name=\"robots\" content=\"index, follow, max-snippet:-1, max-image-preview:large, max-video-preview:-1\" \/>\n<link rel=\"canonical\" href=\"https:\/\/www.africa-press.net\/centrafricaine\/politique\/le-retour-de-gbagbo-fait-des-mecontents-et-des-heureux\" \/>\n<meta property=\"og:locale\" content=\"fr_FR\" \/>\n<meta property=\"og:type\" content=\"article\" \/>\n<meta property=\"og:title\" content=\"Le retour de Gbagbo fait des m\u00e9contents et des heureux\" \/>\n<meta property=\"og:description\" content=\"Bangui ( R\u00e9publique centrafricaine ) \u2013 L\u2019ancien pr\u00e9sident ivoirien rentre dans son pays apr\u00e8s plus de dix ans de d\u00e9te ...\" \/>\n<meta property=\"og:url\" content=\"https:\/\/www.africa-press.net\/centrafricaine\/politique\/le-retour-de-gbagbo-fait-des-mecontents-et-des-heureux\" \/>\n<meta property=\"og:site_name\" content=\"centrafricaine\" \/>\n<meta property=\"article:published_time\" content=\"2021-06-19T11:17:18+00:00\" \/>\n<meta property=\"article:modified_time\" content=\"2021-06-19T12:25:13+00:00\" \/>\n<meta property=\"og:image\" content=\"https:\/\/static.africa-press.net\/centrafricaine\/sites\/45\/2021\/06\/img-60cdce34c292d.jpg\" \/>\n\t<meta property=\"og:image:width\" content=\"720\" \/>\n\t<meta property=\"og:image:height\" content=\"405\" \/>\n\t<meta property=\"og:image:type\" content=\"image\/jpeg\" \/>\n<meta name=\"author\" content=\"cfeditorfr\" \/>\n<meta name=\"twitter:card\" content=\"summary_large_image\" \/>\n<meta name=\"twitter:label1\" content=\"\u00c9crit par\" \/>\n\t<meta name=\"twitter:data1\" content=\"cfeditorfr\" \/>\n\t<meta name=\"twitter:label2\" content=\"Dur\u00e9e de lecture estim\u00e9e\" \/>\n\t<meta name=\"twitter:data2\" content=\"2 minutes\" \/>\n<script type=\"application\/ld+json\" class=\"yoast-schema-graph\">{\"@context\":\"https:\/\/schema.org\",\"@graph\":[{\"@type\":\"Article\",\"@id\":\"https:\/\/www.africa-press.net\/centrafricaine\/politique\/le-retour-de-gbagbo-fait-des-mecontents-et-des-heureux#article\",\"isPartOf\":{\"@id\":\"https:\/\/www.africa-press.net\/centrafricaine\/politique\/le-retour-de-gbagbo-fait-des-mecontents-et-des-heureux\"},\"author\":{\"name\":\"cfeditorfr\",\"@id\":\"https:\/\/www.africa-press.net\/centrafricaine\/#\/schema\/person\/2b1cf3cd81a31e3cd26889ca66d677f1\"},\"headline\":\"Le retour de Gbagbo fait des m\u00e9contents et des heureux\",\"datePublished\":\"2021-06-19T11:17:18+00:00\",\"dateModified\":\"2021-06-19T12:25:13+00:00\",\"mainEntityOfPage\":{\"@id\":\"https:\/\/www.africa-press.net\/centrafricaine\/politique\/le-retour-de-gbagbo-fait-des-mecontents-et-des-heureux\"},\"wordCount\":353,\"commentCount\":0,\"image\":{\"@id\":\"https:\/\/www.africa-press.net\/centrafricaine\/politique\/le-retour-de-gbagbo-fait-des-mecontents-et-des-heureux#primaryimage\"},\"thumbnailUrl\":\"https:\/\/static.africa-press.net\/centrafricaine\/sites\/45\/2021\/06\/img-60cdce34c292d.jpg\",\"keywords\":[\"Africa Press\",\"Africa Press-CentrAfricaine\",\"CentrAfricaine\"],\"articleSection\":[\"homepage-french\",\"Politique\",\"Toutes les actualit\u00e9s\"],\"inLanguage\":\"fr-FR\",\"potentialAction\":[{\"@type\":\"CommentAction\",\"name\":\"Comment\",\"target\":[\"https:\/\/www.africa-press.net\/centrafricaine\/politique\/le-retour-de-gbagbo-fait-des-mecontents-et-des-heureux#respond\"]}]},{\"@type\":\"WebPage\",\"@id\":\"https:\/\/www.africa-press.net\/centrafricaine\/politique\/le-retour-de-gbagbo-fait-des-mecontents-et-des-heureux\",\"url\":\"https:\/\/www.africa-press.net\/centrafricaine\/politique\/le-retour-de-gbagbo-fait-des-mecontents-et-des-heureux\",\"name\":\"Le retour de Gbagbo fait des m\u00e9contents et des heureux - centrafricaine\",\"isPartOf\":{\"@id\":\"https:\/\/www.africa-press.net\/centrafricaine\/#website\"},\"primaryImageOfPage\":{\"@id\":\"https:\/\/www.africa-press.net\/centrafricaine\/politique\/le-retour-de-gbagbo-fait-des-mecontents-et-des-heureux#primaryimage\"},\"image\":{\"@id\":\"https:\/\/www.africa-press.net\/centrafricaine\/politique\/le-retour-de-gbagbo-fait-des-mecontents-et-des-heureux#primaryimage\"},\"thumbnailUrl\":\"https:\/\/static.africa-press.net\/centrafricaine\/sites\/45\/2021\/06\/img-60cdce34c292d.jpg\",\"datePublished\":\"2021-06-19T11:17:18+00:00\",\"dateModified\":\"2021-06-19T12:25:13+00:00\",\"author\":{\"@id\":\"https:\/\/www.africa-press.net\/centrafricaine\/#\/schema\/person\/2b1cf3cd81a31e3cd26889ca66d677f1\"},\"description\":\"Bangui ( R\u00e9publique centrafricaine ) \u2013 L\u2019ancien pr\u00e9sident ivoirien rentre dans son pays apr\u00e8s plus de dix ans de d\u00e9te ...\",\"breadcrumb\":{\"@id\":\"https:\/\/www.africa-press.net\/centrafricaine\/politique\/le-retour-de-gbagbo-fait-des-mecontents-et-des-heureux#breadcrumb\"},\"inLanguage\":\"fr-FR\",\"potentialAction\":[{\"@type\":\"ReadAction\",\"target\":[\"https:\/\/www.africa-press.net\/centrafricaine\/politique\/le-retour-de-gbagbo-fait-des-mecontents-et-des-heureux\"]}]},{\"@type\":\"ImageObject\",\"inLanguage\":\"fr-FR\",\"@id\":\"https:\/\/www.africa-press.net\/centrafricaine\/politique\/le-retour-de-gbagbo-fait-des-mecontents-et-des-heureux#primaryimage\",\"url\":\"https:\/\/static.africa-press.net\/centrafricaine\/sites\/45\/2021\/06\/img-60cdce34c292d.jpg\",\"contentUrl\":\"https:\/\/static.africa-press.net\/centrafricaine\/sites\/45\/2021\/06\/img-60cdce34c292d.jpg\",\"width\":720,\"height\":405,\"caption\":\"Le retour de Gbagbo fait des m\u00e9contents et des heureux\"},{\"@type\":\"BreadcrumbList\",\"@id\":\"https:\/\/www.africa-press.net\/centrafricaine\/politique\/le-retour-de-gbagbo-fait-des-mecontents-et-des-heureux#breadcrumb\",\"itemListElement\":[{\"@type\":\"ListItem\",\"position\":1,\"name\":\"Accueil\",\"item\":\"https:\/\/www.africa-press.net\/centrafricaine\/\"},{\"@type\":\"ListItem\",\"position\":2,\"name\":\"Le retour de Gbagbo fait des m\u00e9contents et des heureux\"}]},{\"@type\":\"WebSite\",\"@id\":\"https:\/\/www.africa-press.net\/centrafricaine\/#website\",\"url\":\"https:\/\/www.africa-press.net\/centrafricaine\/\",\"name\":\"centrafricaine\",\"description\":\"Just another Africa News Agency Sites site\",\"potentialAction\":[{\"@type\":\"SearchAction\",\"target\":{\"@type\":\"EntryPoint\",\"urlTemplate\":\"https:\/\/www.africa-press.net\/centrafricaine\/?s={search_term_string}\"},\"query-input\":{\"@type\":\"PropertyValueSpecification\",\"valueRequired\":true,\"valueName\":\"search_term_string\"}}],\"inLanguage\":\"fr-FR\"},{\"@type\":\"Person\",\"@id\":\"https:\/\/www.africa-press.net\/centrafricaine\/#\/schema\/person\/2b1cf3cd81a31e3cd26889ca66d677f1\",\"name\":\"cfeditorfr\"}]}<\/script>\n<!-- \/ Yoast SEO Premium plugin. -->","yoast_head_json":{"title":"Le retour de Gbagbo fait des m\u00e9contents et des heureux - centrafricaine","description":"Bangui ( R\u00e9publique centrafricaine ) \u2013 L\u2019ancien pr\u00e9sident ivoirien rentre dans son pays apr\u00e8s plus de dix ans de d\u00e9te ...","robots":{"index":"index","follow":"follow","max-snippet":"max-snippet:-1","max-image-preview":"max-image-preview:large","max-video-preview":"max-video-preview:-1"},"canonical":"https:\/\/www.africa-press.net\/centrafricaine\/politique\/le-retour-de-gbagbo-fait-des-mecontents-et-des-heureux","og_locale":"fr_FR","og_type":"article","og_title":"Le retour de Gbagbo fait des m\u00e9contents et des heureux","og_description":"Bangui ( R\u00e9publique centrafricaine ) \u2013 L\u2019ancien pr\u00e9sident ivoirien rentre dans son pays apr\u00e8s plus de dix ans de d\u00e9te ...","og_url":"https:\/\/www.africa-press.net\/centrafricaine\/politique\/le-retour-de-gbagbo-fait-des-mecontents-et-des-heureux","og_site_name":"centrafricaine","article_published_time":"2021-06-19T11:17:18+00:00","article_modified_time":"2021-06-19T12:25:13+00:00","og_image":[{"width":720,"height":405,"url":"https:\/\/static.africa-press.net\/centrafricaine\/sites\/45\/2021\/06\/img-60cdce34c292d.jpg","type":"image\/jpeg"}],"author":"cfeditorfr","twitter_card":"summary_large_image","twitter_misc":{"\u00c9crit par":"cfeditorfr","Dur\u00e9e de lecture estim\u00e9e":"2 minutes"},"schema":{"@context":"https:\/\/schema.org","@graph":[{"@type":"Article","@id":"https:\/\/www.africa-press.net\/centrafricaine\/politique\/le-retour-de-gbagbo-fait-des-mecontents-et-des-heureux#article","isPartOf":{"@id":"https:\/\/www.africa-press.net\/centrafricaine\/politique\/le-retour-de-gbagbo-fait-des-mecontents-et-des-heureux"},"author":{"name":"cfeditorfr","@id":"https:\/\/www.africa-press.net\/centrafricaine\/#\/schema\/person\/2b1cf3cd81a31e3cd26889ca66d677f1"},"headline":"Le retour de Gbagbo fait des m\u00e9contents et des heureux","datePublished":"2021-06-19T11:17:18+00:00","dateModified":"2021-06-19T12:25:13+00:00","mainEntityOfPage":{"@id":"https:\/\/www.africa-press.net\/centrafricaine\/politique\/le-retour-de-gbagbo-fait-des-mecontents-et-des-heureux"},"wordCount":353,"commentCount":0,"image":{"@id":"https:\/\/www.africa-press.net\/centrafricaine\/politique\/le-retour-de-gbagbo-fait-des-mecontents-et-des-heureux#primaryimage"},"thumbnailUrl":"https:\/\/static.africa-press.net\/centrafricaine\/sites\/45\/2021\/06\/img-60cdce34c292d.jpg","keywords":["Africa Press","Africa Press-CentrAfricaine","CentrAfricaine"],"articleSection":["homepage-french","Politique","Toutes les actualit\u00e9s"],"inLanguage":"fr-FR","potentialAction":[{"@type":"CommentAction","name":"Comment","target":["https:\/\/www.africa-press.net\/centrafricaine\/politique\/le-retour-de-gbagbo-fait-des-mecontents-et-des-heureux#respond"]}]},{"@type":"WebPage","@id":"https:\/\/www.africa-press.net\/centrafricaine\/politique\/le-retour-de-gbagbo-fait-des-mecontents-et-des-heureux","url":"https:\/\/www.africa-press.net\/centrafricaine\/politique\/le-retour-de-gbagbo-fait-des-mecontents-et-des-heureux","name":"Le retour de Gbagbo fait des m\u00e9contents et des heureux - centrafricaine","isPartOf":{"@id":"https:\/\/www.africa-press.net\/centrafricaine\/#website"},"primaryImageOfPage":{"@id":"https:\/\/www.africa-press.net\/centrafricaine\/politique\/le-retour-de-gbagbo-fait-des-mecontents-et-des-heureux#primaryimage"},"image":{"@id":"https:\/\/www.africa-press.net\/centrafricaine\/politique\/le-retour-de-gbagbo-fait-des-mecontents-et-des-heureux#primaryimage"},"thumbnailUrl":"https:\/\/static.africa-press.net\/centrafricaine\/sites\/45\/2021\/06\/img-60cdce34c292d.jpg","datePublished":"2021-06-19T11:17:18+00:00","dateModified":"2021-06-19T12:25:13+00:00","author":{"@id":"https:\/\/www.africa-press.net\/centrafricaine\/#\/schema\/person\/2b1cf3cd81a31e3cd26889ca66d677f1"},"description":"Bangui ( R\u00e9publique centrafricaine ) \u2013 L\u2019ancien pr\u00e9sident ivoirien rentre dans son pays apr\u00e8s plus de dix ans de d\u00e9te ...","breadcrumb":{"@id":"https:\/\/www.africa-press.net\/centrafricaine\/politique\/le-retour-de-gbagbo-fait-des-mecontents-et-des-heureux#breadcrumb"},"inLanguage":"fr-FR","potentialAction":[{"@type":"ReadAction","target":["https:\/\/www.africa-press.net\/centrafricaine\/politique\/le-retour-de-gbagbo-fait-des-mecontents-et-des-heureux"]}]},{"@type":"ImageObject","inLanguage":"fr-FR","@id":"https:\/\/www.africa-press.net\/centrafricaine\/politique\/le-retour-de-gbagbo-fait-des-mecontents-et-des-heureux#primaryimage","url":"https:\/\/static.africa-press.net\/centrafricaine\/sites\/45\/2021\/06\/img-60cdce34c292d.jpg","contentUrl":"https:\/\/static.africa-press.net\/centrafricaine\/sites\/45\/2021\/06\/img-60cdce34c292d.jpg","width":720,"height":405,"caption":"Le retour de Gbagbo fait des m\u00e9contents et des heureux"},{"@type":"BreadcrumbList","@id":"https:\/\/www.africa-press.net\/centrafricaine\/politique\/le-retour-de-gbagbo-fait-des-mecontents-et-des-heureux#breadcrumb","itemListElement":[{"@type":"ListItem","position":1,"name":"Accueil","item":"https:\/\/www.africa-press.net\/centrafricaine\/"},{"@type":"ListItem","position":2,"name":"Le retour de Gbagbo fait des m\u00e9contents et des heureux"}]},{"@type":"WebSite","@id":"https:\/\/www.africa-press.net\/centrafricaine\/#website","url":"https:\/\/www.africa-press.net\/centrafricaine\/","name":"centrafricaine","description":"Just another Africa News Agency Sites site","potentialAction":[{"@type":"SearchAction","target":{"@type":"EntryPoint","urlTemplate":"https:\/\/www.africa-press.net\/centrafricaine\/?s={search_term_string}"},"query-input":{"@type":"PropertyValueSpecification","valueRequired":true,"valueName":"search_term_string"}}],"inLanguage":"fr-FR"},{"@type":"Person","@id":"https:\/\/www.africa-press.net\/centrafricaine\/#\/schema\/person\/2b1cf3cd81a31e3cd26889ca66d677f1","name":"cfeditorfr"}]}},"_links":{"self":[{"href":"https:\/\/www.africa-press.net\/centrafricaine\/wp-json\/wp\/v2\/posts\/8203","targetHints":{"allow":["GET"]}}],"collection":[{"href":"https:\/\/www.africa-press.net\/centrafricaine\/wp-json\/wp\/v2\/posts"}],"about":[{"href":"https:\/\/www.africa-press.net\/centrafricaine\/wp-json\/wp\/v2\/types\/post"}],"author":[{"embeddable":true,"href":"https:\/\/www.africa-press.net\/centrafricaine\/wp-json\/wp\/v2\/users\/82"}],"replies":[{"embeddable":true,"href":"https:\/\/www.africa-press.net\/centrafricaine\/wp-json\/wp\/v2\/comments?post=8203"}],"version-history":[{"count":0,"href":"https:\/\/www.africa-press.net\/centrafricaine\/wp-json\/wp\/v2\/posts\/8203\/revisions"}],"wp:featuredmedia":[{"embeddable":true,"href":"https:\/\/www.africa-press.net\/centrafricaine\/wp-json\/wp\/v2\/media\/8202"}],"wp:attachment":[{"href":"https:\/\/www.africa-press.net\/centrafricaine\/wp-json\/wp\/v2\/media?parent=8203"}],"wp:term":[{"taxonomy":"category","embeddable":true,"href":"https:\/\/www.africa-press.net\/centrafricaine\/wp-json\/wp\/v2\/categories?post=8203"},{"taxonomy":"post_tag","embeddable":true,"href":"https:\/\/www.africa-press.net\/centrafricaine\/wp-json\/wp\/v2\/tags?post=8203"}],"curies":[{"name":"wp","href":"https:\/\/api.w.org\/{rel}","templated":true}]}}