{"id":8215,"date":"2021-06-19T11:48:11","date_gmt":"2021-06-19T11:48:11","guid":{"rendered":"https:\/\/www.africa-press.net\/centrafricaine\/?p=8215"},"modified":"2021-06-19T12:26:03","modified_gmt":"2021-06-19T12:26:03","slug":"lonu-denonce-un-usage-aveugle-de-la-force-par-les-soldats-centrafricains-et-les-paramilitaires-russes","status":"publish","type":"post","link":"https:\/\/www.africa-press.net\/centrafricaine\/politique\/lonu-denonce-un-usage-aveugle-de-la-force-par-les-soldats-centrafricains-et-les-paramilitaires-russes","title":{"rendered":"l\u2019ONU d\u00e9nonce \u201cun usage aveugle\u201d de la force par les soldats centrafricains et les paramilitaires russes"},"content":{"rendered":"<p><span style=\"color: #ff6600\"><strong><a href=\"https:\/\/www.africa-press.net\/\">Africa-Press<\/a> &#8211; <a href=\"https:\/\/www.africa-press.net\/centrafricaine\">CentrAfricaine<\/a>. <\/strong><\/span><b>Bangui ( R\u00e9publique centrafricaine ) \u2013 Se basant sur un rapport r\u00e9cent concernant la Centrafrique, le chef de l\u2019ONU se dit \u201ctroubl\u00e9\u201d par l\u2019usage excessif de la force contre les civils. Antonio Guterres r\u00e9clame par ailleurs l\u2019arr\u00eat imm\u00e9diat des actions hostiles contre les Casques bleus de la Minusca et pointe du doigt les forces de s\u00e9curit\u00e9 nationale et les paramilitaires russes sans les identifier nomm\u00e9ment.<\/b><\/p>\n<p><strong>Que se passe-t-il ?<\/strong><\/p>\n<p>Le document cit\u00e9 par le secr\u00e9taire g\u00e9n\u00e9ral de l\u2019ONU est r\u00e9dig\u00e9 par des experts ind\u00e9pendants. Le rapport, qui porte sur les quatre derniers mois, souligne une augmentation importante des violations des droits humains en Centrafrique. Plus de 140 incidents ont \u00e9t\u00e9 r\u00e9pertori\u00e9s lors de cette p\u00e9riode faisant 249 victimes civiles. Ces actions violentes sont commises par ceux qui sont cens\u00e9s prot\u00e9ger les Centrafricains et ceux qui leur pr\u00eatent main forte.<\/p>\n<p>\u201cLa plupart des d\u00e9c\u00e8s de civils r\u00e9sultaient d\u2019un usage aveugle, disproportionn\u00e9 et excessif de la force par les militaires centrafricains et le personnel de s\u00e9curit\u00e9 d\u00e9ploy\u00e9 de mani\u00e8re bilat\u00e9rale\u201dd\u00e9clare Antonio Guterres, Secr\u00e9taire g\u00e9n\u00e9ral de l\u2019ONU,<\/p>\n<p><b>La force de paix, une cibleLe<\/b><\/p>\n<p>Secr\u00e9taire g\u00e9n\u00e9ral de l\u2019ONU ne nomme pas explicitement les mercenaires, ni les \u201cinstructeurs\u201d russes d\u00e9ploy\u00e9s dans le pays \u00e0 la demande du pouvoir en place. Il d\u00e9nonce en revanche leurs m\u00e9thodes et leurs actions in\u00e9dites. Ces hommes, venus soutenir le pr\u00e9sident Touad\u00e9ra face aux rebelles, s\u2019en prennent aussi aux Casques bleus de la Minusca, la force de paix des Nations unies. Tentative de fouilles de leurs v\u00e9hicules, de leurs domiciles, blocage de leurs mouvements, destruction de leurs drones de surveillance\u2026 Des intimidations qui se rajoutent \u00e0 une vaste campagne de d\u00e9sinformation men\u00e9e depuis mars dernier \u00e0 l\u2019\u00e9gard de la force de paix.<\/p>\n<p>\u201cJe suis profond\u00e9ment troubl\u00e9 par l\u2019augmentation inacceptable et sans pr\u00e9c\u00e9dent des menaces et des incidents hostiles (\u2026) ciblant la Minusca\u201d. Antonio Guterres, Secr\u00e9taire g\u00e9n\u00e9ral de l\u2019ONU,<\/p>\n<p><b>Le r\u00f4le trouble des paramilitaires<\/b><\/p>\n<p>&nbsp;<\/p>\n<p>L\u2019ONU exige depuis d\u00e9but juin des mesures pour ne pas entraver la mission de paix en Centrafrique et r\u00e9clame une coordination entre les Casques bleus et \u201cles forces pr\u00e9sentes sur le terrain\u201d.<\/p>\n<p>Depuis fin mars, les Nations unies s\u2019inqui\u00e8tent du r\u00f4le tr\u00e8s flou des paramilitaires russes. Les agents priv\u00e9s de Moscou, qui op\u00e8rent aux c\u00f4t\u00e9s des forces gouvernementales centrafricaines, sont accus\u00e9s de multiples exactions. Ils ne peuvent pas \u00eatre poursuivis ou rendre des comptes tant que leurs missions ne sont pas clairement d\u00e9finies.<\/p>\n<p>Selon de nombreux t\u00e9moins et des ONG, plusieurs centaines de combattants du groupe de s\u00e9curit\u00e9 priv\u00e9 russe Wagner participent aux combats men\u00e9s contre les rebelles centrafricains. La Russie ne reconna\u00eet que la pr\u00e9sence de 1 135 \u201cinstructeurs non arm\u00e9s\u201d charg\u00e9s de la formation des soldats centrafricains.<\/p>\n<p>Pr\u00e8s de 17 000 Casques bleus de la force de maintien de la paix de la Mission de l\u2019ONU en Centrafrique sont pr\u00e9sents dans le pays depuis 2014, notamment pour prot\u00e9ger les civils, \u00e9viter les abus et lutter contre l\u2019impunit\u00e9.<\/p>\n<p>&nbsp;<\/p>\n","protected":false},"excerpt":{"rendered":"<p>Africa-Press &#8211; CentrAfricaine. Bangui ( R\u00e9publique centrafricaine ) \u2013 Se basant sur un rapport r\u00e9cent concernant la Centrafrique, le chef de l\u2019ONU se dit \u201ctroubl\u00e9\u201d par l\u2019usage excessif de la force contre les civils. Antonio Guterres r\u00e9clame par ailleurs l\u2019arr\u00eat imm\u00e9diat des actions hostiles contre les Casques bleus de la Minusca et pointe du doigt [&hellip;]<\/p>\n","protected":false},"author":82,"featured_media":8214,"comment_status":"open","ping_status":"closed","sticky":false,"template":"","format":"standard","meta":{"footnotes":""},"categories":[11,2,10],"tags":[36,58,30],"class_list":["post-8215","post","type-post","status-publish","format-standard","has-post-thumbnail","hentry","category-homepage-french","category-politique","category-toutes-les-actualites","tag-africa-press","tag-africa-press-centrafricaine","tag-centrafricaine"],"yoast_head":"<!-- This site is optimized with the Yoast SEO Premium plugin v26.1 (Yoast SEO v27.0) - https:\/\/yoast.com\/product\/yoast-seo-premium-wordpress\/ -->\n<title>l\u2019ONU d\u00e9nonce \u201cun usage aveugle\u201d de la force par les soldats centrafricains et les paramilitaires russes - centrafricaine<\/title>\n<meta name=\"description\" content=\"Bangui ( R\u00e9publique centrafricaine ) \u2013 Se basant sur un rapport r\u00e9cent concernant la Centrafrique, le chef de l\u2019ONU s ...\" \/>\n<meta name=\"robots\" content=\"index, follow, max-snippet:-1, max-image-preview:large, max-video-preview:-1\" \/>\n<link rel=\"canonical\" href=\"https:\/\/www.africa-press.net\/centrafricaine\/politique\/lonu-denonce-un-usage-aveugle-de-la-force-par-les-soldats-centrafricains-et-les-paramilitaires-russes\" \/>\n<meta property=\"og:locale\" content=\"fr_FR\" \/>\n<meta property=\"og:type\" content=\"article\" \/>\n<meta property=\"og:title\" content=\"l\u2019ONU d\u00e9nonce \u201cun usage aveugle\u201d de la force par les soldats centrafricains et les paramilitaires russes\" \/>\n<meta property=\"og:description\" content=\"Bangui ( R\u00e9publique centrafricaine ) \u2013 Se basant sur un rapport r\u00e9cent concernant la Centrafrique, le chef de l\u2019ONU s ...\" \/>\n<meta property=\"og:url\" content=\"https:\/\/www.africa-press.net\/centrafricaine\/politique\/lonu-denonce-un-usage-aveugle-de-la-force-par-les-soldats-centrafricains-et-les-paramilitaires-russes\" \/>\n<meta property=\"og:site_name\" content=\"centrafricaine\" \/>\n<meta property=\"article:published_time\" content=\"2021-06-19T11:48:11+00:00\" \/>\n<meta property=\"article:modified_time\" content=\"2021-06-19T12:26:03+00:00\" \/>\n<meta property=\"og:image\" content=\"https:\/\/static.africa-press.net\/centrafricaine\/sites\/45\/2021\/06\/img-60cdcee194f88.jpg\" \/>\n\t<meta property=\"og:image:width\" content=\"720\" \/>\n\t<meta property=\"og:image:height\" content=\"405\" \/>\n\t<meta property=\"og:image:type\" content=\"image\/jpeg\" \/>\n<meta name=\"author\" content=\"cfeditorfr\" \/>\n<meta name=\"twitter:card\" content=\"summary_large_image\" \/>\n<meta name=\"twitter:label1\" content=\"\u00c9crit par\" \/>\n\t<meta name=\"twitter:data1\" content=\"cfeditorfr\" \/>\n\t<meta name=\"twitter:label2\" content=\"Dur\u00e9e de lecture estim\u00e9e\" \/>\n\t<meta name=\"twitter:data2\" content=\"3 minutes\" \/>\n<script type=\"application\/ld+json\" class=\"yoast-schema-graph\">{\"@context\":\"https:\/\/schema.org\",\"@graph\":[{\"@type\":\"Article\",\"@id\":\"https:\/\/www.africa-press.net\/centrafricaine\/politique\/lonu-denonce-un-usage-aveugle-de-la-force-par-les-soldats-centrafricains-et-les-paramilitaires-russes#article\",\"isPartOf\":{\"@id\":\"https:\/\/www.africa-press.net\/centrafricaine\/politique\/lonu-denonce-un-usage-aveugle-de-la-force-par-les-soldats-centrafricains-et-les-paramilitaires-russes\"},\"author\":{\"name\":\"cfeditorfr\",\"@id\":\"https:\/\/www.africa-press.net\/centrafricaine\/#\/schema\/person\/2b1cf3cd81a31e3cd26889ca66d677f1\"},\"headline\":\"l\u2019ONU d\u00e9nonce \u201cun usage aveugle\u201d de la force par les soldats centrafricains et les paramilitaires russes\",\"datePublished\":\"2021-06-19T11:48:11+00:00\",\"dateModified\":\"2021-06-19T12:26:03+00:00\",\"mainEntityOfPage\":{\"@id\":\"https:\/\/www.africa-press.net\/centrafricaine\/politique\/lonu-denonce-un-usage-aveugle-de-la-force-par-les-soldats-centrafricains-et-les-paramilitaires-russes\"},\"wordCount\":577,\"commentCount\":0,\"image\":{\"@id\":\"https:\/\/www.africa-press.net\/centrafricaine\/politique\/lonu-denonce-un-usage-aveugle-de-la-force-par-les-soldats-centrafricains-et-les-paramilitaires-russes#primaryimage\"},\"thumbnailUrl\":\"https:\/\/static.africa-press.net\/centrafricaine\/sites\/45\/2021\/06\/img-60cdcee194f88.jpg\",\"keywords\":[\"Africa Press\",\"Africa Press-CentrAfricaine\",\"CentrAfricaine\"],\"articleSection\":[\"homepage-french\",\"Politique\",\"Toutes les actualit\u00e9s\"],\"inLanguage\":\"fr-FR\",\"potentialAction\":[{\"@type\":\"CommentAction\",\"name\":\"Comment\",\"target\":[\"https:\/\/www.africa-press.net\/centrafricaine\/politique\/lonu-denonce-un-usage-aveugle-de-la-force-par-les-soldats-centrafricains-et-les-paramilitaires-russes#respond\"]}]},{\"@type\":\"WebPage\",\"@id\":\"https:\/\/www.africa-press.net\/centrafricaine\/politique\/lonu-denonce-un-usage-aveugle-de-la-force-par-les-soldats-centrafricains-et-les-paramilitaires-russes\",\"url\":\"https:\/\/www.africa-press.net\/centrafricaine\/politique\/lonu-denonce-un-usage-aveugle-de-la-force-par-les-soldats-centrafricains-et-les-paramilitaires-russes\",\"name\":\"l\u2019ONU d\u00e9nonce \u201cun usage aveugle\u201d de la force par les soldats centrafricains et les paramilitaires russes - centrafricaine\",\"isPartOf\":{\"@id\":\"https:\/\/www.africa-press.net\/centrafricaine\/#website\"},\"primaryImageOfPage\":{\"@id\":\"https:\/\/www.africa-press.net\/centrafricaine\/politique\/lonu-denonce-un-usage-aveugle-de-la-force-par-les-soldats-centrafricains-et-les-paramilitaires-russes#primaryimage\"},\"image\":{\"@id\":\"https:\/\/www.africa-press.net\/centrafricaine\/politique\/lonu-denonce-un-usage-aveugle-de-la-force-par-les-soldats-centrafricains-et-les-paramilitaires-russes#primaryimage\"},\"thumbnailUrl\":\"https:\/\/static.africa-press.net\/centrafricaine\/sites\/45\/2021\/06\/img-60cdcee194f88.jpg\",\"datePublished\":\"2021-06-19T11:48:11+00:00\",\"dateModified\":\"2021-06-19T12:26:03+00:00\",\"author\":{\"@id\":\"https:\/\/www.africa-press.net\/centrafricaine\/#\/schema\/person\/2b1cf3cd81a31e3cd26889ca66d677f1\"},\"description\":\"Bangui ( R\u00e9publique centrafricaine ) \u2013 Se basant sur un rapport r\u00e9cent concernant la Centrafrique, le chef de l\u2019ONU s ...\",\"breadcrumb\":{\"@id\":\"https:\/\/www.africa-press.net\/centrafricaine\/politique\/lonu-denonce-un-usage-aveugle-de-la-force-par-les-soldats-centrafricains-et-les-paramilitaires-russes#breadcrumb\"},\"inLanguage\":\"fr-FR\",\"potentialAction\":[{\"@type\":\"ReadAction\",\"target\":[\"https:\/\/www.africa-press.net\/centrafricaine\/politique\/lonu-denonce-un-usage-aveugle-de-la-force-par-les-soldats-centrafricains-et-les-paramilitaires-russes\"]}]},{\"@type\":\"ImageObject\",\"inLanguage\":\"fr-FR\",\"@id\":\"https:\/\/www.africa-press.net\/centrafricaine\/politique\/lonu-denonce-un-usage-aveugle-de-la-force-par-les-soldats-centrafricains-et-les-paramilitaires-russes#primaryimage\",\"url\":\"https:\/\/static.africa-press.net\/centrafricaine\/sites\/45\/2021\/06\/img-60cdcee194f88.jpg\",\"contentUrl\":\"https:\/\/static.africa-press.net\/centrafricaine\/sites\/45\/2021\/06\/img-60cdcee194f88.jpg\",\"width\":720,\"height\":405,\"caption\":\"l\u2019ONU d\u00e9nonce \u201cun usage aveugle\u201d de la force par les soldats centrafricains et les paramilitaires russes\"},{\"@type\":\"BreadcrumbList\",\"@id\":\"https:\/\/www.africa-press.net\/centrafricaine\/politique\/lonu-denonce-un-usage-aveugle-de-la-force-par-les-soldats-centrafricains-et-les-paramilitaires-russes#breadcrumb\",\"itemListElement\":[{\"@type\":\"ListItem\",\"position\":1,\"name\":\"Accueil\",\"item\":\"https:\/\/www.africa-press.net\/centrafricaine\/\"},{\"@type\":\"ListItem\",\"position\":2,\"name\":\"l\u2019ONU d\u00e9nonce \u201cun usage aveugle\u201d de la force par les soldats centrafricains et les paramilitaires russes\"}]},{\"@type\":\"WebSite\",\"@id\":\"https:\/\/www.africa-press.net\/centrafricaine\/#website\",\"url\":\"https:\/\/www.africa-press.net\/centrafricaine\/\",\"name\":\"centrafricaine\",\"description\":\"Just another Africa News Agency Sites site\",\"potentialAction\":[{\"@type\":\"SearchAction\",\"target\":{\"@type\":\"EntryPoint\",\"urlTemplate\":\"https:\/\/www.africa-press.net\/centrafricaine\/?s={search_term_string}\"},\"query-input\":{\"@type\":\"PropertyValueSpecification\",\"valueRequired\":true,\"valueName\":\"search_term_string\"}}],\"inLanguage\":\"fr-FR\"},{\"@type\":\"Person\",\"@id\":\"https:\/\/www.africa-press.net\/centrafricaine\/#\/schema\/person\/2b1cf3cd81a31e3cd26889ca66d677f1\",\"name\":\"cfeditorfr\"}]}<\/script>\n<!-- \/ Yoast SEO Premium plugin. -->","yoast_head_json":{"title":"l\u2019ONU d\u00e9nonce \u201cun usage aveugle\u201d de la force par les soldats centrafricains et les paramilitaires russes - centrafricaine","description":"Bangui ( R\u00e9publique centrafricaine ) \u2013 Se basant sur un rapport r\u00e9cent concernant la Centrafrique, le chef de l\u2019ONU s ...","robots":{"index":"index","follow":"follow","max-snippet":"max-snippet:-1","max-image-preview":"max-image-preview:large","max-video-preview":"max-video-preview:-1"},"canonical":"https:\/\/www.africa-press.net\/centrafricaine\/politique\/lonu-denonce-un-usage-aveugle-de-la-force-par-les-soldats-centrafricains-et-les-paramilitaires-russes","og_locale":"fr_FR","og_type":"article","og_title":"l\u2019ONU d\u00e9nonce \u201cun usage aveugle\u201d de la force par les soldats centrafricains et les paramilitaires russes","og_description":"Bangui ( R\u00e9publique centrafricaine ) \u2013 Se basant sur un rapport r\u00e9cent concernant la Centrafrique, le chef de l\u2019ONU s ...","og_url":"https:\/\/www.africa-press.net\/centrafricaine\/politique\/lonu-denonce-un-usage-aveugle-de-la-force-par-les-soldats-centrafricains-et-les-paramilitaires-russes","og_site_name":"centrafricaine","article_published_time":"2021-06-19T11:48:11+00:00","article_modified_time":"2021-06-19T12:26:03+00:00","og_image":[{"width":720,"height":405,"url":"https:\/\/static.africa-press.net\/centrafricaine\/sites\/45\/2021\/06\/img-60cdcee194f88.jpg","type":"image\/jpeg"}],"author":"cfeditorfr","twitter_card":"summary_large_image","twitter_misc":{"\u00c9crit par":"cfeditorfr","Dur\u00e9e de lecture estim\u00e9e":"3 minutes"},"schema":{"@context":"https:\/\/schema.org","@graph":[{"@type":"Article","@id":"https:\/\/www.africa-press.net\/centrafricaine\/politique\/lonu-denonce-un-usage-aveugle-de-la-force-par-les-soldats-centrafricains-et-les-paramilitaires-russes#article","isPartOf":{"@id":"https:\/\/www.africa-press.net\/centrafricaine\/politique\/lonu-denonce-un-usage-aveugle-de-la-force-par-les-soldats-centrafricains-et-les-paramilitaires-russes"},"author":{"name":"cfeditorfr","@id":"https:\/\/www.africa-press.net\/centrafricaine\/#\/schema\/person\/2b1cf3cd81a31e3cd26889ca66d677f1"},"headline":"l\u2019ONU d\u00e9nonce \u201cun usage aveugle\u201d de la force par les soldats centrafricains et les paramilitaires russes","datePublished":"2021-06-19T11:48:11+00:00","dateModified":"2021-06-19T12:26:03+00:00","mainEntityOfPage":{"@id":"https:\/\/www.africa-press.net\/centrafricaine\/politique\/lonu-denonce-un-usage-aveugle-de-la-force-par-les-soldats-centrafricains-et-les-paramilitaires-russes"},"wordCount":577,"commentCount":0,"image":{"@id":"https:\/\/www.africa-press.net\/centrafricaine\/politique\/lonu-denonce-un-usage-aveugle-de-la-force-par-les-soldats-centrafricains-et-les-paramilitaires-russes#primaryimage"},"thumbnailUrl":"https:\/\/static.africa-press.net\/centrafricaine\/sites\/45\/2021\/06\/img-60cdcee194f88.jpg","keywords":["Africa Press","Africa Press-CentrAfricaine","CentrAfricaine"],"articleSection":["homepage-french","Politique","Toutes les actualit\u00e9s"],"inLanguage":"fr-FR","potentialAction":[{"@type":"CommentAction","name":"Comment","target":["https:\/\/www.africa-press.net\/centrafricaine\/politique\/lonu-denonce-un-usage-aveugle-de-la-force-par-les-soldats-centrafricains-et-les-paramilitaires-russes#respond"]}]},{"@type":"WebPage","@id":"https:\/\/www.africa-press.net\/centrafricaine\/politique\/lonu-denonce-un-usage-aveugle-de-la-force-par-les-soldats-centrafricains-et-les-paramilitaires-russes","url":"https:\/\/www.africa-press.net\/centrafricaine\/politique\/lonu-denonce-un-usage-aveugle-de-la-force-par-les-soldats-centrafricains-et-les-paramilitaires-russes","name":"l\u2019ONU d\u00e9nonce \u201cun usage aveugle\u201d de la force par les soldats centrafricains et les paramilitaires russes - centrafricaine","isPartOf":{"@id":"https:\/\/www.africa-press.net\/centrafricaine\/#website"},"primaryImageOfPage":{"@id":"https:\/\/www.africa-press.net\/centrafricaine\/politique\/lonu-denonce-un-usage-aveugle-de-la-force-par-les-soldats-centrafricains-et-les-paramilitaires-russes#primaryimage"},"image":{"@id":"https:\/\/www.africa-press.net\/centrafricaine\/politique\/lonu-denonce-un-usage-aveugle-de-la-force-par-les-soldats-centrafricains-et-les-paramilitaires-russes#primaryimage"},"thumbnailUrl":"https:\/\/static.africa-press.net\/centrafricaine\/sites\/45\/2021\/06\/img-60cdcee194f88.jpg","datePublished":"2021-06-19T11:48:11+00:00","dateModified":"2021-06-19T12:26:03+00:00","author":{"@id":"https:\/\/www.africa-press.net\/centrafricaine\/#\/schema\/person\/2b1cf3cd81a31e3cd26889ca66d677f1"},"description":"Bangui ( R\u00e9publique centrafricaine ) \u2013 Se basant sur un rapport r\u00e9cent concernant la Centrafrique, le chef de l\u2019ONU s ...","breadcrumb":{"@id":"https:\/\/www.africa-press.net\/centrafricaine\/politique\/lonu-denonce-un-usage-aveugle-de-la-force-par-les-soldats-centrafricains-et-les-paramilitaires-russes#breadcrumb"},"inLanguage":"fr-FR","potentialAction":[{"@type":"ReadAction","target":["https:\/\/www.africa-press.net\/centrafricaine\/politique\/lonu-denonce-un-usage-aveugle-de-la-force-par-les-soldats-centrafricains-et-les-paramilitaires-russes"]}]},{"@type":"ImageObject","inLanguage":"fr-FR","@id":"https:\/\/www.africa-press.net\/centrafricaine\/politique\/lonu-denonce-un-usage-aveugle-de-la-force-par-les-soldats-centrafricains-et-les-paramilitaires-russes#primaryimage","url":"https:\/\/static.africa-press.net\/centrafricaine\/sites\/45\/2021\/06\/img-60cdcee194f88.jpg","contentUrl":"https:\/\/static.africa-press.net\/centrafricaine\/sites\/45\/2021\/06\/img-60cdcee194f88.jpg","width":720,"height":405,"caption":"l\u2019ONU d\u00e9nonce \u201cun usage aveugle\u201d de la force par les soldats centrafricains et les paramilitaires russes"},{"@type":"BreadcrumbList","@id":"https:\/\/www.africa-press.net\/centrafricaine\/politique\/lonu-denonce-un-usage-aveugle-de-la-force-par-les-soldats-centrafricains-et-les-paramilitaires-russes#breadcrumb","itemListElement":[{"@type":"ListItem","position":1,"name":"Accueil","item":"https:\/\/www.africa-press.net\/centrafricaine\/"},{"@type":"ListItem","position":2,"name":"l\u2019ONU d\u00e9nonce \u201cun usage aveugle\u201d de la force par les soldats centrafricains et les paramilitaires russes"}]},{"@type":"WebSite","@id":"https:\/\/www.africa-press.net\/centrafricaine\/#website","url":"https:\/\/www.africa-press.net\/centrafricaine\/","name":"centrafricaine","description":"Just another Africa News Agency Sites site","potentialAction":[{"@type":"SearchAction","target":{"@type":"EntryPoint","urlTemplate":"https:\/\/www.africa-press.net\/centrafricaine\/?s={search_term_string}"},"query-input":{"@type":"PropertyValueSpecification","valueRequired":true,"valueName":"search_term_string"}}],"inLanguage":"fr-FR"},{"@type":"Person","@id":"https:\/\/www.africa-press.net\/centrafricaine\/#\/schema\/person\/2b1cf3cd81a31e3cd26889ca66d677f1","name":"cfeditorfr"}]}},"_links":{"self":[{"href":"https:\/\/www.africa-press.net\/centrafricaine\/wp-json\/wp\/v2\/posts\/8215","targetHints":{"allow":["GET"]}}],"collection":[{"href":"https:\/\/www.africa-press.net\/centrafricaine\/wp-json\/wp\/v2\/posts"}],"about":[{"href":"https:\/\/www.africa-press.net\/centrafricaine\/wp-json\/wp\/v2\/types\/post"}],"author":[{"embeddable":true,"href":"https:\/\/www.africa-press.net\/centrafricaine\/wp-json\/wp\/v2\/users\/82"}],"replies":[{"embeddable":true,"href":"https:\/\/www.africa-press.net\/centrafricaine\/wp-json\/wp\/v2\/comments?post=8215"}],"version-history":[{"count":0,"href":"https:\/\/www.africa-press.net\/centrafricaine\/wp-json\/wp\/v2\/posts\/8215\/revisions"}],"wp:featuredmedia":[{"embeddable":true,"href":"https:\/\/www.africa-press.net\/centrafricaine\/wp-json\/wp\/v2\/media\/8214"}],"wp:attachment":[{"href":"https:\/\/www.africa-press.net\/centrafricaine\/wp-json\/wp\/v2\/media?parent=8215"}],"wp:term":[{"taxonomy":"category","embeddable":true,"href":"https:\/\/www.africa-press.net\/centrafricaine\/wp-json\/wp\/v2\/categories?post=8215"},{"taxonomy":"post_tag","embeddable":true,"href":"https:\/\/www.africa-press.net\/centrafricaine\/wp-json\/wp\/v2\/tags?post=8215"}],"curies":[{"name":"wp","href":"https:\/\/api.w.org\/{rel}","templated":true}]}}