{"id":8224,"date":"2021-06-19T12:10:12","date_gmt":"2021-06-19T12:10:12","guid":{"rendered":"https:\/\/www.africa-press.net\/centrafricaine\/?p=8224"},"modified":"2021-06-19T12:39:41","modified_gmt":"2021-06-19T12:39:41","slug":"laurent-gbagbo-heureux-detre-de-retour-en-cote-divoire","status":"publish","type":"post","link":"https:\/\/www.africa-press.net\/centrafricaine\/politique\/laurent-gbagbo-heureux-detre-de-retour-en-cote-divoire","title":{"rendered":"Laurent Gbagbo \u201cheureux\u201d d\u2019\u00eatre de retour en C\u00f4te d\u2019Ivoire"},"content":{"rendered":"<p><span style=\"color: #ff6600\"><strong><a href=\"https:\/\/www.africa-press.net\/\">Africa-Press<\/a> &#8211; <a href=\"https:\/\/www.africa-press.net\/centrafricaine\">CentrAfricaine<\/a>.\u00a0 <\/strong><\/span><b>\u00a0L\u2019ancien pr\u00e9sident ivoirien est rentr\u00e9 ce jeudi \u00e0 Abidjan, accueilli par une foule immense, malgr\u00e9 des tirs de gaz lacrymog\u00e8nes pour disperses ses militants.<\/b><\/p>\n<p>C\u2019est un Laurent Gbagbo apparemment vieilli et fatigu\u00e9 qui est arriv\u00e9 ce jeudi 17 juin \u00e0 Abidjan. Quelques heures apr\u00e8s son retour, Laurent Gbagbo s\u2019est adress\u00e9 \u00e0 ses partisans en liesse depuis son ancien quartier g\u00e9n\u00e9ral :<\/p>\n<p>\u201cJe suis heureux de retrouver la C\u00f4te d\u2019Ivoire et l\u2019Afrique. Toute l\u2019Afrique. Merci\u201d, a-t-il lanc\u00e9.<\/p>\n<p>Ce retour de Laurent Gbagbo a oppos\u00e9 toute la journ\u00e9e de jeudi dans des affrontements, ses partisans \u00e0 la police qui avait barr\u00e9 les voies d\u2019acc\u00e8s \u00e0 l\u2019a\u00e9roport, emp\u00eachant ainsi les nombreux militants du FPI d\u2019accueillir leur leader dans la joie.<\/p>\n<p>La r\u00e9pression de la police a provoqu\u00e9 la col\u00e8re de Katinan Kon\u00e9, le porte-parole de l\u2019ancien pr\u00e9sident ivoirien, qui explique que le gouvernement fait deux poids deux mesures.<\/p>\n<p>\u201cIl vaut mieux \u00e9viter les frustrations. Parce qu\u2019hier, il y\u2019a des gens qui ont manifest\u00e9 se pr\u00e9valant donc d\u2019\u00eatre des victimes, personne ne les a d\u00e9rang\u00e9s.\u201d<\/p>\n<p>\u201dLe capitaine du navire ivoire est de retour\u201d<\/p>\n<p>Malgr\u00e9 l\u2019impressionnant dispositif s\u00e9curitaire mis en place par la police, certaines personnes comme Jonas Teky, ont r\u00e9ussi \u00e0 le d\u00e9jouer pour \u00eatre \u00e0 l\u2019int\u00e9rieur de l\u2019a\u00e9roport.<\/p>\n<p>\u2018\u2019Nous sommes venus pour accueillir le pr\u00e9sident Laurent Gbagbo. Le capitaine du navire ivoire est de retour\u201d, a-t-il dit.<\/p>\n<p>Au nombre des personnalit\u00e9s venues accueillir l\u2019ex-d\u00e9tenu de la CPI, figurent en bonne place, les leaders de nombreux partis politiques de l\u2019opposition ; dont Ouattara Gnonzi\u00e9 pr\u00e9sident du Rassemblement pour la paix, le progr\u00e8s et le partage (Rpp) qui explique que beaucoup d\u2019ivoiriens ne croyaient plus revoir Laurent Gbagbo. Ouattara Gnonzi\u00e9 exprime sa joie.<\/p>\n<p>\u201cJe me retrouve l\u00e0 avec beaucoup d\u2019\u00e9motions, parce qu\u2019il y\u2019a environ dix ans, le pr\u00e9sident Gbagbo partait d\u2019ici, beaucoup d\u2019ivoiriens pensaient que c\u2019en \u00e9tait fini pour lui. Malheureusement pour eux, ils ont perdu. Et c\u2019est le pr\u00e9sident Laurent Gbagbo qui se retrouve aujourd\u2019hui en C\u00f4te d\u2019Ivoire\u201d, se r\u00e9jouit Gnonzi\u00e9.<\/p>\n<p>Quel avenir politique pour Gbagbo?<\/p>\n<p>Les victimes de la crise post\u00e9lectorale de 2010 voulaient s\u2019inviter dans l\u2019accueil de Laurent Gbagbo. Mais le dispositif s\u00e9curitaire de la journ\u00e9e du jeudi les a contraintes \u00e0 rester chez elles. Issiaka Diaby pr\u00e9sident des victimes promet des actions d\u2019envergure les jours \u00e0 venir.<\/p>\n<p>\u201dLes victimes devaient aller \u00e0 l\u2019a\u00e9roport pour continuer leurs actions de lutte contre l\u2019impunit\u00e9\u201d, dit Diaby.<\/p>\n<p>\u2018\u201dMais aujourd\u2019hui, elles (les victimes) constatent franchement avec tristesse et d\u00e9solation que lorsqu\u2019il s\u2019agit de promouvoir l\u2019impunit\u00e9 et les auteurs de crimes, l\u2019\u00e9tat de C\u00f4te d\u2019Ivoire sait bander ses muscles\u201d, a-t-il regret\u00e9.<\/p>\n<p>Laurent Gbagbo, \u00e0 son retour, a refus\u00e9 le pavillon pr\u00e9sidentiel qui avait \u00e9t\u00e9 mis \u00e0 sa disposition, pour protester contre la brutalit\u00e9 avec laquelle, la police a bastonn\u00e9 ou arr\u00eat\u00e9 ses partisans qui venaient l\u2019accueillir. Nous a confi\u00e9 un membre de son protocole.<\/p>\n<p>\u00c0 partir de ce moment, tout le dispositif est boulevers\u00e9 et les agents commis \u00e0 sa s\u00e9curit\u00e9 ont \u00e9t\u00e9 d\u00e9bord\u00e9s. Laurent Gbagbo vient de passer sa premi\u00e8re nuit \u00e0 Abidjan apr\u00e8s dix ans d\u2019absence.<\/p>\n<p>&nbsp;<\/p>\n","protected":false},"excerpt":{"rendered":"<p>Africa-Press &#8211; CentrAfricaine.\u00a0 \u00a0L\u2019ancien pr\u00e9sident ivoirien est rentr\u00e9 ce jeudi \u00e0 Abidjan, accueilli par une foule immense, malgr\u00e9 des tirs de gaz lacrymog\u00e8nes pour disperses ses militants. C\u2019est un Laurent Gbagbo apparemment vieilli et fatigu\u00e9 qui est arriv\u00e9 ce jeudi 17 juin \u00e0 Abidjan. Quelques heures apr\u00e8s son retour, Laurent Gbagbo s\u2019est adress\u00e9 \u00e0 ses [&hellip;]<\/p>\n","protected":false},"author":82,"featured_media":8223,"comment_status":"open","ping_status":"closed","sticky":false,"template":"","format":"standard","meta":{"footnotes":""},"categories":[11,2,20,10],"tags":[36,58,30],"class_list":["post-8224","post","type-post","status-publish","format-standard","has-post-thumbnail","hentry","category-homepage-french","category-politique","category-top-nouvelles","category-toutes-les-actualites","tag-africa-press","tag-africa-press-centrafricaine","tag-centrafricaine"],"yoast_head":"<!-- This site is optimized with the Yoast SEO Premium plugin v26.1 (Yoast SEO v27.0) - https:\/\/yoast.com\/product\/yoast-seo-premium-wordpress\/ -->\n<title>Laurent Gbagbo \u201cheureux\u201d d\u2019\u00eatre de retour en C\u00f4te d\u2019Ivoire - centrafricaine<\/title>\n<meta name=\"description\" content=\"Bangui ( R\u00e9publique centrafricaine ) \u2013 L\u2019ancien pr\u00e9sident ivoirien est rentr\u00e9 ce jeudi \u00e0 Abidjan, accueilli par une f ...\" \/>\n<meta name=\"robots\" content=\"index, follow, max-snippet:-1, max-image-preview:large, max-video-preview:-1\" \/>\n<link rel=\"canonical\" href=\"https:\/\/www.africa-press.net\/centrafricaine\/politique\/laurent-gbagbo-heureux-detre-de-retour-en-cote-divoire\" \/>\n<meta property=\"og:locale\" content=\"fr_FR\" \/>\n<meta property=\"og:type\" content=\"article\" \/>\n<meta property=\"og:title\" content=\"Laurent Gbagbo \u201cheureux\u201d d\u2019\u00eatre de retour en C\u00f4te d\u2019Ivoire\" \/>\n<meta property=\"og:description\" content=\"Bangui ( R\u00e9publique centrafricaine ) \u2013 L\u2019ancien pr\u00e9sident ivoirien est rentr\u00e9 ce jeudi \u00e0 Abidjan, accueilli par une f ...\" \/>\n<meta property=\"og:url\" content=\"https:\/\/www.africa-press.net\/centrafricaine\/politique\/laurent-gbagbo-heureux-detre-de-retour-en-cote-divoire\" \/>\n<meta property=\"og:site_name\" content=\"centrafricaine\" \/>\n<meta property=\"article:published_time\" content=\"2021-06-19T12:10:12+00:00\" \/>\n<meta property=\"article:modified_time\" content=\"2021-06-19T12:39:41+00:00\" \/>\n<meta property=\"og:image\" content=\"https:\/\/static.africa-press.net\/centrafricaine\/sites\/45\/2021\/06\/img-60cdcf5a5ec04.jpg\" \/>\n\t<meta property=\"og:image:width\" content=\"720\" \/>\n\t<meta property=\"og:image:height\" content=\"405\" \/>\n\t<meta property=\"og:image:type\" content=\"image\/jpeg\" \/>\n<meta name=\"author\" content=\"cfeditorfr\" \/>\n<meta name=\"twitter:card\" content=\"summary_large_image\" \/>\n<meta name=\"twitter:label1\" content=\"\u00c9crit par\" \/>\n\t<meta name=\"twitter:data1\" content=\"cfeditorfr\" \/>\n\t<meta name=\"twitter:label2\" content=\"Dur\u00e9e de lecture estim\u00e9e\" \/>\n\t<meta name=\"twitter:data2\" content=\"3 minutes\" \/>\n<script type=\"application\/ld+json\" class=\"yoast-schema-graph\">{\"@context\":\"https:\/\/schema.org\",\"@graph\":[{\"@type\":\"Article\",\"@id\":\"https:\/\/www.africa-press.net\/centrafricaine\/politique\/laurent-gbagbo-heureux-detre-de-retour-en-cote-divoire#article\",\"isPartOf\":{\"@id\":\"https:\/\/www.africa-press.net\/centrafricaine\/politique\/laurent-gbagbo-heureux-detre-de-retour-en-cote-divoire\"},\"author\":{\"name\":\"cfeditorfr\",\"@id\":\"https:\/\/www.africa-press.net\/centrafricaine\/#\/schema\/person\/2b1cf3cd81a31e3cd26889ca66d677f1\"},\"headline\":\"Laurent Gbagbo \u201cheureux\u201d d\u2019\u00eatre de retour en C\u00f4te d\u2019Ivoire\",\"datePublished\":\"2021-06-19T12:10:12+00:00\",\"dateModified\":\"2021-06-19T12:39:41+00:00\",\"mainEntityOfPage\":{\"@id\":\"https:\/\/www.africa-press.net\/centrafricaine\/politique\/laurent-gbagbo-heureux-detre-de-retour-en-cote-divoire\"},\"wordCount\":583,\"commentCount\":0,\"image\":{\"@id\":\"https:\/\/www.africa-press.net\/centrafricaine\/politique\/laurent-gbagbo-heureux-detre-de-retour-en-cote-divoire#primaryimage\"},\"thumbnailUrl\":\"https:\/\/static.africa-press.net\/centrafricaine\/sites\/45\/2021\/06\/img-60cdcf5a5ec04.jpg\",\"keywords\":[\"Africa Press\",\"Africa Press-CentrAfricaine\",\"CentrAfricaine\"],\"articleSection\":[\"homepage-french\",\"Politique\",\"Top Nouvelles\",\"Toutes les actualit\u00e9s\"],\"inLanguage\":\"fr-FR\",\"potentialAction\":[{\"@type\":\"CommentAction\",\"name\":\"Comment\",\"target\":[\"https:\/\/www.africa-press.net\/centrafricaine\/politique\/laurent-gbagbo-heureux-detre-de-retour-en-cote-divoire#respond\"]}]},{\"@type\":\"WebPage\",\"@id\":\"https:\/\/www.africa-press.net\/centrafricaine\/politique\/laurent-gbagbo-heureux-detre-de-retour-en-cote-divoire\",\"url\":\"https:\/\/www.africa-press.net\/centrafricaine\/politique\/laurent-gbagbo-heureux-detre-de-retour-en-cote-divoire\",\"name\":\"Laurent Gbagbo \u201cheureux\u201d d\u2019\u00eatre de retour en C\u00f4te d\u2019Ivoire - centrafricaine\",\"isPartOf\":{\"@id\":\"https:\/\/www.africa-press.net\/centrafricaine\/#website\"},\"primaryImageOfPage\":{\"@id\":\"https:\/\/www.africa-press.net\/centrafricaine\/politique\/laurent-gbagbo-heureux-detre-de-retour-en-cote-divoire#primaryimage\"},\"image\":{\"@id\":\"https:\/\/www.africa-press.net\/centrafricaine\/politique\/laurent-gbagbo-heureux-detre-de-retour-en-cote-divoire#primaryimage\"},\"thumbnailUrl\":\"https:\/\/static.africa-press.net\/centrafricaine\/sites\/45\/2021\/06\/img-60cdcf5a5ec04.jpg\",\"datePublished\":\"2021-06-19T12:10:12+00:00\",\"dateModified\":\"2021-06-19T12:39:41+00:00\",\"author\":{\"@id\":\"https:\/\/www.africa-press.net\/centrafricaine\/#\/schema\/person\/2b1cf3cd81a31e3cd26889ca66d677f1\"},\"description\":\"Bangui ( R\u00e9publique centrafricaine ) \u2013 L\u2019ancien pr\u00e9sident ivoirien est rentr\u00e9 ce jeudi \u00e0 Abidjan, accueilli par une f ...\",\"breadcrumb\":{\"@id\":\"https:\/\/www.africa-press.net\/centrafricaine\/politique\/laurent-gbagbo-heureux-detre-de-retour-en-cote-divoire#breadcrumb\"},\"inLanguage\":\"fr-FR\",\"potentialAction\":[{\"@type\":\"ReadAction\",\"target\":[\"https:\/\/www.africa-press.net\/centrafricaine\/politique\/laurent-gbagbo-heureux-detre-de-retour-en-cote-divoire\"]}]},{\"@type\":\"ImageObject\",\"inLanguage\":\"fr-FR\",\"@id\":\"https:\/\/www.africa-press.net\/centrafricaine\/politique\/laurent-gbagbo-heureux-detre-de-retour-en-cote-divoire#primaryimage\",\"url\":\"https:\/\/static.africa-press.net\/centrafricaine\/sites\/45\/2021\/06\/img-60cdcf5a5ec04.jpg\",\"contentUrl\":\"https:\/\/static.africa-press.net\/centrafricaine\/sites\/45\/2021\/06\/img-60cdcf5a5ec04.jpg\",\"width\":720,\"height\":405,\"caption\":\"Laurent Gbagbo \u201cheureux\u201d d\u2019\u00eatre de retour en C\u00f4te d\u2019Ivoire\"},{\"@type\":\"BreadcrumbList\",\"@id\":\"https:\/\/www.africa-press.net\/centrafricaine\/politique\/laurent-gbagbo-heureux-detre-de-retour-en-cote-divoire#breadcrumb\",\"itemListElement\":[{\"@type\":\"ListItem\",\"position\":1,\"name\":\"Accueil\",\"item\":\"https:\/\/www.africa-press.net\/centrafricaine\/\"},{\"@type\":\"ListItem\",\"position\":2,\"name\":\"Laurent Gbagbo \u201cheureux\u201d d\u2019\u00eatre de retour en C\u00f4te d\u2019Ivoire\"}]},{\"@type\":\"WebSite\",\"@id\":\"https:\/\/www.africa-press.net\/centrafricaine\/#website\",\"url\":\"https:\/\/www.africa-press.net\/centrafricaine\/\",\"name\":\"centrafricaine\",\"description\":\"Just another Africa News Agency Sites site\",\"potentialAction\":[{\"@type\":\"SearchAction\",\"target\":{\"@type\":\"EntryPoint\",\"urlTemplate\":\"https:\/\/www.africa-press.net\/centrafricaine\/?s={search_term_string}\"},\"query-input\":{\"@type\":\"PropertyValueSpecification\",\"valueRequired\":true,\"valueName\":\"search_term_string\"}}],\"inLanguage\":\"fr-FR\"},{\"@type\":\"Person\",\"@id\":\"https:\/\/www.africa-press.net\/centrafricaine\/#\/schema\/person\/2b1cf3cd81a31e3cd26889ca66d677f1\",\"name\":\"cfeditorfr\"}]}<\/script>\n<!-- \/ Yoast SEO Premium plugin. -->","yoast_head_json":{"title":"Laurent Gbagbo \u201cheureux\u201d d\u2019\u00eatre de retour en C\u00f4te d\u2019Ivoire - centrafricaine","description":"Bangui ( R\u00e9publique centrafricaine ) \u2013 L\u2019ancien pr\u00e9sident ivoirien est rentr\u00e9 ce jeudi \u00e0 Abidjan, accueilli par une f ...","robots":{"index":"index","follow":"follow","max-snippet":"max-snippet:-1","max-image-preview":"max-image-preview:large","max-video-preview":"max-video-preview:-1"},"canonical":"https:\/\/www.africa-press.net\/centrafricaine\/politique\/laurent-gbagbo-heureux-detre-de-retour-en-cote-divoire","og_locale":"fr_FR","og_type":"article","og_title":"Laurent Gbagbo \u201cheureux\u201d d\u2019\u00eatre de retour en C\u00f4te d\u2019Ivoire","og_description":"Bangui ( R\u00e9publique centrafricaine ) \u2013 L\u2019ancien pr\u00e9sident ivoirien est rentr\u00e9 ce jeudi \u00e0 Abidjan, accueilli par une f ...","og_url":"https:\/\/www.africa-press.net\/centrafricaine\/politique\/laurent-gbagbo-heureux-detre-de-retour-en-cote-divoire","og_site_name":"centrafricaine","article_published_time":"2021-06-19T12:10:12+00:00","article_modified_time":"2021-06-19T12:39:41+00:00","og_image":[{"width":720,"height":405,"url":"https:\/\/static.africa-press.net\/centrafricaine\/sites\/45\/2021\/06\/img-60cdcf5a5ec04.jpg","type":"image\/jpeg"}],"author":"cfeditorfr","twitter_card":"summary_large_image","twitter_misc":{"\u00c9crit par":"cfeditorfr","Dur\u00e9e de lecture estim\u00e9e":"3 minutes"},"schema":{"@context":"https:\/\/schema.org","@graph":[{"@type":"Article","@id":"https:\/\/www.africa-press.net\/centrafricaine\/politique\/laurent-gbagbo-heureux-detre-de-retour-en-cote-divoire#article","isPartOf":{"@id":"https:\/\/www.africa-press.net\/centrafricaine\/politique\/laurent-gbagbo-heureux-detre-de-retour-en-cote-divoire"},"author":{"name":"cfeditorfr","@id":"https:\/\/www.africa-press.net\/centrafricaine\/#\/schema\/person\/2b1cf3cd81a31e3cd26889ca66d677f1"},"headline":"Laurent Gbagbo \u201cheureux\u201d d\u2019\u00eatre de retour en C\u00f4te d\u2019Ivoire","datePublished":"2021-06-19T12:10:12+00:00","dateModified":"2021-06-19T12:39:41+00:00","mainEntityOfPage":{"@id":"https:\/\/www.africa-press.net\/centrafricaine\/politique\/laurent-gbagbo-heureux-detre-de-retour-en-cote-divoire"},"wordCount":583,"commentCount":0,"image":{"@id":"https:\/\/www.africa-press.net\/centrafricaine\/politique\/laurent-gbagbo-heureux-detre-de-retour-en-cote-divoire#primaryimage"},"thumbnailUrl":"https:\/\/static.africa-press.net\/centrafricaine\/sites\/45\/2021\/06\/img-60cdcf5a5ec04.jpg","keywords":["Africa Press","Africa Press-CentrAfricaine","CentrAfricaine"],"articleSection":["homepage-french","Politique","Top Nouvelles","Toutes les actualit\u00e9s"],"inLanguage":"fr-FR","potentialAction":[{"@type":"CommentAction","name":"Comment","target":["https:\/\/www.africa-press.net\/centrafricaine\/politique\/laurent-gbagbo-heureux-detre-de-retour-en-cote-divoire#respond"]}]},{"@type":"WebPage","@id":"https:\/\/www.africa-press.net\/centrafricaine\/politique\/laurent-gbagbo-heureux-detre-de-retour-en-cote-divoire","url":"https:\/\/www.africa-press.net\/centrafricaine\/politique\/laurent-gbagbo-heureux-detre-de-retour-en-cote-divoire","name":"Laurent Gbagbo \u201cheureux\u201d d\u2019\u00eatre de retour en C\u00f4te d\u2019Ivoire - centrafricaine","isPartOf":{"@id":"https:\/\/www.africa-press.net\/centrafricaine\/#website"},"primaryImageOfPage":{"@id":"https:\/\/www.africa-press.net\/centrafricaine\/politique\/laurent-gbagbo-heureux-detre-de-retour-en-cote-divoire#primaryimage"},"image":{"@id":"https:\/\/www.africa-press.net\/centrafricaine\/politique\/laurent-gbagbo-heureux-detre-de-retour-en-cote-divoire#primaryimage"},"thumbnailUrl":"https:\/\/static.africa-press.net\/centrafricaine\/sites\/45\/2021\/06\/img-60cdcf5a5ec04.jpg","datePublished":"2021-06-19T12:10:12+00:00","dateModified":"2021-06-19T12:39:41+00:00","author":{"@id":"https:\/\/www.africa-press.net\/centrafricaine\/#\/schema\/person\/2b1cf3cd81a31e3cd26889ca66d677f1"},"description":"Bangui ( R\u00e9publique centrafricaine ) \u2013 L\u2019ancien pr\u00e9sident ivoirien est rentr\u00e9 ce jeudi \u00e0 Abidjan, accueilli par une f ...","breadcrumb":{"@id":"https:\/\/www.africa-press.net\/centrafricaine\/politique\/laurent-gbagbo-heureux-detre-de-retour-en-cote-divoire#breadcrumb"},"inLanguage":"fr-FR","potentialAction":[{"@type":"ReadAction","target":["https:\/\/www.africa-press.net\/centrafricaine\/politique\/laurent-gbagbo-heureux-detre-de-retour-en-cote-divoire"]}]},{"@type":"ImageObject","inLanguage":"fr-FR","@id":"https:\/\/www.africa-press.net\/centrafricaine\/politique\/laurent-gbagbo-heureux-detre-de-retour-en-cote-divoire#primaryimage","url":"https:\/\/static.africa-press.net\/centrafricaine\/sites\/45\/2021\/06\/img-60cdcf5a5ec04.jpg","contentUrl":"https:\/\/static.africa-press.net\/centrafricaine\/sites\/45\/2021\/06\/img-60cdcf5a5ec04.jpg","width":720,"height":405,"caption":"Laurent Gbagbo \u201cheureux\u201d d\u2019\u00eatre de retour en C\u00f4te d\u2019Ivoire"},{"@type":"BreadcrumbList","@id":"https:\/\/www.africa-press.net\/centrafricaine\/politique\/laurent-gbagbo-heureux-detre-de-retour-en-cote-divoire#breadcrumb","itemListElement":[{"@type":"ListItem","position":1,"name":"Accueil","item":"https:\/\/www.africa-press.net\/centrafricaine\/"},{"@type":"ListItem","position":2,"name":"Laurent Gbagbo \u201cheureux\u201d d\u2019\u00eatre de retour en C\u00f4te d\u2019Ivoire"}]},{"@type":"WebSite","@id":"https:\/\/www.africa-press.net\/centrafricaine\/#website","url":"https:\/\/www.africa-press.net\/centrafricaine\/","name":"centrafricaine","description":"Just another Africa News Agency Sites site","potentialAction":[{"@type":"SearchAction","target":{"@type":"EntryPoint","urlTemplate":"https:\/\/www.africa-press.net\/centrafricaine\/?s={search_term_string}"},"query-input":{"@type":"PropertyValueSpecification","valueRequired":true,"valueName":"search_term_string"}}],"inLanguage":"fr-FR"},{"@type":"Person","@id":"https:\/\/www.africa-press.net\/centrafricaine\/#\/schema\/person\/2b1cf3cd81a31e3cd26889ca66d677f1","name":"cfeditorfr"}]}},"_links":{"self":[{"href":"https:\/\/www.africa-press.net\/centrafricaine\/wp-json\/wp\/v2\/posts\/8224","targetHints":{"allow":["GET"]}}],"collection":[{"href":"https:\/\/www.africa-press.net\/centrafricaine\/wp-json\/wp\/v2\/posts"}],"about":[{"href":"https:\/\/www.africa-press.net\/centrafricaine\/wp-json\/wp\/v2\/types\/post"}],"author":[{"embeddable":true,"href":"https:\/\/www.africa-press.net\/centrafricaine\/wp-json\/wp\/v2\/users\/82"}],"replies":[{"embeddable":true,"href":"https:\/\/www.africa-press.net\/centrafricaine\/wp-json\/wp\/v2\/comments?post=8224"}],"version-history":[{"count":0,"href":"https:\/\/www.africa-press.net\/centrafricaine\/wp-json\/wp\/v2\/posts\/8224\/revisions"}],"wp:featuredmedia":[{"embeddable":true,"href":"https:\/\/www.africa-press.net\/centrafricaine\/wp-json\/wp\/v2\/media\/8223"}],"wp:attachment":[{"href":"https:\/\/www.africa-press.net\/centrafricaine\/wp-json\/wp\/v2\/media?parent=8224"}],"wp:term":[{"taxonomy":"category","embeddable":true,"href":"https:\/\/www.africa-press.net\/centrafricaine\/wp-json\/wp\/v2\/categories?post=8224"},{"taxonomy":"post_tag","embeddable":true,"href":"https:\/\/www.africa-press.net\/centrafricaine\/wp-json\/wp\/v2\/tags?post=8224"}],"curies":[{"name":"wp","href":"https:\/\/api.w.org\/{rel}","templated":true}]}}