{"id":8227,"date":"2021-06-19T12:19:53","date_gmt":"2021-06-19T12:19:53","guid":{"rendered":"https:\/\/www.africa-press.net\/centrafricaine\/?p=8227"},"modified":"2021-06-19T12:39:58","modified_gmt":"2021-06-19T12:39:58","slug":"centrafrique-la-designation-du-nouveau-premier-ministre-est-elle-une-aubaine-dans-le-processus-de-democratisation-en-vue-dun-dialogue-politique-inclusif","status":"publish","type":"post","link":"https:\/\/www.africa-press.net\/centrafricaine\/politique\/centrafrique-la-designation-du-nouveau-premier-ministre-est-elle-une-aubaine-dans-le-processus-de-democratisation-en-vue-dun-dialogue-politique-inclusif","title":{"rendered":"LA D\u00c9SIGNATION DU NOUVEAU PREMIER MINISTRE EST-ELLE UNE AUBAINE DANS LE PROCESSUS DE D\u00c9MOCRATISATION EN VUE D\u2019UN DIALOGUE POLITIQUE INCLUSIF ?"},"content":{"rendered":"<p><span style=\"color: #ff6600\"><strong><a href=\"https:\/\/www.africa-press.net\/\">Africa-Press<\/a> &#8211; <a href=\"https:\/\/www.africa-press.net\/centrafricaine\">CentrAfricaine<\/a>.\u00a0 <\/strong><\/span><b>Au lendemain de la r\u00e9\u00e9lection peu contest\u00e9e du pr\u00e9sident de la r\u00e9publique, la tradition r\u00e9publicaine n\u00e9e des faits constitutionnels impose au premier de d\u00e9poser sa d\u00e9mission ainsi que celle de son gouvernement. Apr\u00e8s deux mois de moult h\u00e9sitations et tractations incomprises par l\u2019opinion publique, le premier ministre a enfin rendu son tablier. Comme une bouff\u00e9e d\u2019oxyg\u00e8ne, le pr\u00e9sident de la r\u00e9publique a d\u00e9sign\u00e9 par d\u00e9cret un nouveau premier ministre qualifi\u00e9 par les m\u00e9dias locaux et internationaux de comp\u00e9tent, pragmatique et politiquement mod\u00e9r\u00e9. D\u00e8s la passation de service, le nouveau premier ministre a marqu\u00e9 son territoire de son empreinte en d\u00e9finissant trois (3) axes prioritaires comme \u00ab cheville ouvri\u00e8re \u00bb de sa nouvelle mission.<\/b><\/p>\n<p>En effet, le nouveau locataire de la tour Petroca a d\u2019abord \u00e9voqu\u00e9 la relance de l\u2019\u00e9conomie, ensuite le renouvellement des relations avec les traditionnels partenaires au d\u00e9veloppement y compris la France, et enfin la mobilisation des ressources financi\u00e8res au profit du pays.<\/p>\n<p>Dans l\u2019optique d\u2019atteindre promptement ses diff\u00e9rents objectifs, le nouveau chef du gouvernement a multipli\u00e9 des rencontres avec les diff\u00e9rents acteurs de la vie politique en vue de s\u2019impr\u00e9gner des attentes et des r\u00e9alit\u00e9s de terrain afin de d\u00e9crisper globalement le climat politique, s\u00e9curitaire, diplomatique.<\/p>\n<p>C\u2019est ainsi que le repr\u00e9sentant sp\u00e9cial du secr\u00e9taire g\u00e9n\u00e9ral de l\u2019ONU aupr\u00e8s de la Minusca, l\u2019ambassadeur de France accr\u00e9dit\u00e9 en Centrafrique, le repr\u00e9sentant du pr\u00e9sident de la commission de l\u2019Union Africaineen Centrafrique et les membres de la Coalition de l\u2019Opposition D\u00e9mocratique (COD 2020) ont \u00e9t\u00e9 re\u00e7u chacun \u00e0 son tour.<\/p>\n<p>Il importe de rappeler \u00e0 ce stade qu\u2019\u00e0 la sortie de cette audience, la COD 2020 r\u00e9clame toujours l\u2019organisation d\u2019un dialogue politique inclusif sous la supervision d\u2019un m\u00e9diateur international en vue de d\u00e9finir un consensus national \u00e0 la crise centrafricaine. Conscient de la d\u00e9licatesse de la mission du nouveau premier ministre qui s\u2019apparente \u00e0 un g\u00e2teau empoisonn\u00e9 pouvant impact\u00e9 n\u00e9gativement son avenir politique, le citoyen lambda s\u2019interroge :<\/p>\n<p>Le nouveau premier ministre sera t-il \u00e0 la hauteur de sa charge ?<\/p>\n<p>Par ailleurs, le chef du gouvernement avait-il obtenu des gages et garanties n\u00e9cessaires avant d\u2019accepter cette mission ?<\/p>\n<p>L\u2019influence du parti au pouvoir qui monopolise les principales institutions de la r\u00e9publique \u00e0 l\u2019instar de la pr\u00e9sidence, de l\u2019assembl\u00e9e nationale et de la primature ne constitue t-elle pas un obstacle \u00e0 la mission du premier ministre ?<\/p>\n<p>La nomination du nouveau premier ministre rapproche t-elle la Centrafrique des partenaires et pays qui ont pris leur distance ?<\/p>\n<p>De nouvelles n\u00e9gociations sont-elles envisageables pour le d\u00e9gel de l\u2019aide budg\u00e9taire fran\u00e7aise ?<\/p>\n<p>Le nouveau chef du gouvernement mettra t-il un terme au partenariat tous azimuts avec les mercenaires du groupe Wagner ?<\/p>\n<p>Entend t-il mettre en place un gouvernement dit inclusif ou de large ouverture ?<\/p>\n<p>Dans l\u2019affirmative, que deviendrait alors le dialogue r\u00e9publicain pr\u00f4n\u00e9 par son \u00ab faiseur de roi \u00bb ?<\/p>\n<p>Le retard dans l\u2019officialisation du gouvernement est-il du aux difficiles n\u00e9gociations et man\u0153uvres des coulisses ?<\/p>\n<p>En tout \u00e9tat de cause et loin de d\u00e9livrer un ch\u00e8que en blanc au nouveau chef du gouvernement, nous attendons des actions concr\u00e8tes pour appr\u00e9cier. Rendez-vous est ainsi pris pour les cent (100) premier jours pour juger de l\u2019allure de la courbe g\u00e9om\u00e9trique made in Dondra.<\/p>\n<p>Mais attention, ne le dites \u00e0 personne. Si on vous demande, ne dites surtout pas que c\u2019est moi.<\/p>\n<p>&nbsp;<\/p>\n<p>&nbsp;<\/p>\n","protected":false},"excerpt":{"rendered":"<p>Africa-Press &#8211; CentrAfricaine.\u00a0 Au lendemain de la r\u00e9\u00e9lection peu contest\u00e9e du pr\u00e9sident de la r\u00e9publique, la tradition r\u00e9publicaine n\u00e9e des faits constitutionnels impose au premier de d\u00e9poser sa d\u00e9mission ainsi que celle de son gouvernement. Apr\u00e8s deux mois de moult h\u00e9sitations et tractations incomprises par l\u2019opinion publique, le premier ministre a enfin rendu son tablier. [&hellip;]<\/p>\n","protected":false},"author":82,"featured_media":8226,"comment_status":"open","ping_status":"closed","sticky":false,"template":"","format":"standard","meta":{"footnotes":""},"categories":[11,2,20,10],"tags":[36,58,30],"class_list":["post-8227","post","type-post","status-publish","format-standard","has-post-thumbnail","hentry","category-homepage-french","category-politique","category-top-nouvelles","category-toutes-les-actualites","tag-africa-press","tag-africa-press-centrafricaine","tag-centrafricaine"],"yoast_head":"<!-- This site is optimized with the Yoast SEO Premium plugin v26.1 (Yoast SEO v27.0) - https:\/\/yoast.com\/product\/yoast-seo-premium-wordpress\/ -->\n<title>LA D\u00c9SIGNATION DU NOUVEAU PREMIER MINISTRE EST-ELLE UNE AUBAINE DANS LE PROCESSUS DE D\u00c9MOCRATISATION EN VUE D\u2019UN DIALOGUE POLITIQUE INCLUSIF ? - centrafricaine<\/title>\n<meta name=\"description\" content=\"Bangui, R\u00e9publique centrafricaine, samedi, 19 juin 2021, 03:24:42 ( Corbeaunews-Centrafrique ). Au lendemain de la r\u00e9 ...\" \/>\n<meta name=\"robots\" content=\"index, follow, max-snippet:-1, max-image-preview:large, max-video-preview:-1\" \/>\n<link rel=\"canonical\" href=\"https:\/\/www.africa-press.net\/centrafricaine\/politique\/centrafrique-la-designation-du-nouveau-premier-ministre-est-elle-une-aubaine-dans-le-processus-de-democratisation-en-vue-dun-dialogue-politique-inclusif\" \/>\n<meta property=\"og:locale\" content=\"fr_FR\" \/>\n<meta property=\"og:type\" content=\"article\" \/>\n<meta property=\"og:title\" content=\"LA D\u00c9SIGNATION DU NOUVEAU PREMIER MINISTRE EST-ELLE UNE AUBAINE DANS LE PROCESSUS DE D\u00c9MOCRATISATION EN VUE D\u2019UN DIALOGUE POLITIQUE INCLUSIF ?\" \/>\n<meta property=\"og:description\" content=\"Bangui, R\u00e9publique centrafricaine, samedi, 19 juin 2021, 03:24:42 ( Corbeaunews-Centrafrique ). Au lendemain de la r\u00e9 ...\" \/>\n<meta property=\"og:url\" content=\"https:\/\/www.africa-press.net\/centrafricaine\/politique\/centrafrique-la-designation-du-nouveau-premier-ministre-est-elle-une-aubaine-dans-le-processus-de-democratisation-en-vue-dun-dialogue-politique-inclusif\" \/>\n<meta property=\"og:site_name\" content=\"centrafricaine\" \/>\n<meta property=\"article:published_time\" content=\"2021-06-19T12:19:53+00:00\" \/>\n<meta property=\"article:modified_time\" content=\"2021-06-19T12:39:58+00:00\" \/>\n<meta property=\"og:image\" content=\"https:\/\/static.africa-press.net\/centrafricaine\/sites\/45\/2021\/06\/img-60cdcf81c3b99.jpg\" \/>\n\t<meta property=\"og:image:width\" content=\"750\" \/>\n\t<meta property=\"og:image:height\" content=\"625\" \/>\n\t<meta property=\"og:image:type\" content=\"image\/jpeg\" \/>\n<meta name=\"author\" content=\"cfeditorfr\" \/>\n<meta name=\"twitter:card\" content=\"summary_large_image\" \/>\n<meta name=\"twitter:label1\" content=\"\u00c9crit par\" \/>\n\t<meta name=\"twitter:data1\" content=\"cfeditorfr\" \/>\n\t<meta name=\"twitter:label2\" content=\"Dur\u00e9e de lecture estim\u00e9e\" \/>\n\t<meta name=\"twitter:data2\" content=\"3 minutes\" \/>\n<script type=\"application\/ld+json\" class=\"yoast-schema-graph\">{\"@context\":\"https:\/\/schema.org\",\"@graph\":[{\"@type\":\"Article\",\"@id\":\"https:\/\/www.africa-press.net\/centrafricaine\/politique\/centrafrique-la-designation-du-nouveau-premier-ministre-est-elle-une-aubaine-dans-le-processus-de-democratisation-en-vue-dun-dialogue-politique-inclusif#article\",\"isPartOf\":{\"@id\":\"https:\/\/www.africa-press.net\/centrafricaine\/politique\/centrafrique-la-designation-du-nouveau-premier-ministre-est-elle-une-aubaine-dans-le-processus-de-democratisation-en-vue-dun-dialogue-politique-inclusif\"},\"author\":{\"name\":\"cfeditorfr\",\"@id\":\"https:\/\/www.africa-press.net\/centrafricaine\/#\/schema\/person\/2b1cf3cd81a31e3cd26889ca66d677f1\"},\"headline\":\"LA D\u00c9SIGNATION DU NOUVEAU PREMIER MINISTRE EST-ELLE UNE AUBAINE DANS LE PROCESSUS DE D\u00c9MOCRATISATION EN VUE D\u2019UN DIALOGUE POLITIQUE INCLUSIF ?\",\"datePublished\":\"2021-06-19T12:19:53+00:00\",\"dateModified\":\"2021-06-19T12:39:58+00:00\",\"mainEntityOfPage\":{\"@id\":\"https:\/\/www.africa-press.net\/centrafricaine\/politique\/centrafrique-la-designation-du-nouveau-premier-ministre-est-elle-une-aubaine-dans-le-processus-de-democratisation-en-vue-dun-dialogue-politique-inclusif\"},\"wordCount\":644,\"commentCount\":0,\"image\":{\"@id\":\"https:\/\/www.africa-press.net\/centrafricaine\/politique\/centrafrique-la-designation-du-nouveau-premier-ministre-est-elle-une-aubaine-dans-le-processus-de-democratisation-en-vue-dun-dialogue-politique-inclusif#primaryimage\"},\"thumbnailUrl\":\"https:\/\/static.africa-press.net\/centrafricaine\/sites\/45\/2021\/06\/img-60cdcf81c3b99.jpg\",\"keywords\":[\"Africa Press\",\"Africa Press-CentrAfricaine\",\"CentrAfricaine\"],\"articleSection\":[\"homepage-french\",\"Politique\",\"Top Nouvelles\",\"Toutes les actualit\u00e9s\"],\"inLanguage\":\"fr-FR\",\"potentialAction\":[{\"@type\":\"CommentAction\",\"name\":\"Comment\",\"target\":[\"https:\/\/www.africa-press.net\/centrafricaine\/politique\/centrafrique-la-designation-du-nouveau-premier-ministre-est-elle-une-aubaine-dans-le-processus-de-democratisation-en-vue-dun-dialogue-politique-inclusif#respond\"]}]},{\"@type\":\"WebPage\",\"@id\":\"https:\/\/www.africa-press.net\/centrafricaine\/politique\/centrafrique-la-designation-du-nouveau-premier-ministre-est-elle-une-aubaine-dans-le-processus-de-democratisation-en-vue-dun-dialogue-politique-inclusif\",\"url\":\"https:\/\/www.africa-press.net\/centrafricaine\/politique\/centrafrique-la-designation-du-nouveau-premier-ministre-est-elle-une-aubaine-dans-le-processus-de-democratisation-en-vue-dun-dialogue-politique-inclusif\",\"name\":\"LA D\u00c9SIGNATION DU NOUVEAU PREMIER MINISTRE EST-ELLE UNE AUBAINE DANS LE PROCESSUS DE D\u00c9MOCRATISATION EN VUE D\u2019UN DIALOGUE POLITIQUE INCLUSIF ? - centrafricaine\",\"isPartOf\":{\"@id\":\"https:\/\/www.africa-press.net\/centrafricaine\/#website\"},\"primaryImageOfPage\":{\"@id\":\"https:\/\/www.africa-press.net\/centrafricaine\/politique\/centrafrique-la-designation-du-nouveau-premier-ministre-est-elle-une-aubaine-dans-le-processus-de-democratisation-en-vue-dun-dialogue-politique-inclusif#primaryimage\"},\"image\":{\"@id\":\"https:\/\/www.africa-press.net\/centrafricaine\/politique\/centrafrique-la-designation-du-nouveau-premier-ministre-est-elle-une-aubaine-dans-le-processus-de-democratisation-en-vue-dun-dialogue-politique-inclusif#primaryimage\"},\"thumbnailUrl\":\"https:\/\/static.africa-press.net\/centrafricaine\/sites\/45\/2021\/06\/img-60cdcf81c3b99.jpg\",\"datePublished\":\"2021-06-19T12:19:53+00:00\",\"dateModified\":\"2021-06-19T12:39:58+00:00\",\"author\":{\"@id\":\"https:\/\/www.africa-press.net\/centrafricaine\/#\/schema\/person\/2b1cf3cd81a31e3cd26889ca66d677f1\"},\"description\":\"Bangui, R\u00e9publique centrafricaine, samedi, 19 juin 2021, 03:24:42 ( Corbeaunews-Centrafrique ). Au lendemain de la r\u00e9 ...\",\"breadcrumb\":{\"@id\":\"https:\/\/www.africa-press.net\/centrafricaine\/politique\/centrafrique-la-designation-du-nouveau-premier-ministre-est-elle-une-aubaine-dans-le-processus-de-democratisation-en-vue-dun-dialogue-politique-inclusif#breadcrumb\"},\"inLanguage\":\"fr-FR\",\"potentialAction\":[{\"@type\":\"ReadAction\",\"target\":[\"https:\/\/www.africa-press.net\/centrafricaine\/politique\/centrafrique-la-designation-du-nouveau-premier-ministre-est-elle-une-aubaine-dans-le-processus-de-democratisation-en-vue-dun-dialogue-politique-inclusif\"]}]},{\"@type\":\"ImageObject\",\"inLanguage\":\"fr-FR\",\"@id\":\"https:\/\/www.africa-press.net\/centrafricaine\/politique\/centrafrique-la-designation-du-nouveau-premier-ministre-est-elle-une-aubaine-dans-le-processus-de-democratisation-en-vue-dun-dialogue-politique-inclusif#primaryimage\",\"url\":\"https:\/\/static.africa-press.net\/centrafricaine\/sites\/45\/2021\/06\/img-60cdcf81c3b99.jpg\",\"contentUrl\":\"https:\/\/static.africa-press.net\/centrafricaine\/sites\/45\/2021\/06\/img-60cdcf81c3b99.jpg\",\"width\":750,\"height\":625,\"caption\":\"CENTRAFRIQUE : LA D\u00c9SIGNATION DU NOUVEAU PREMIER MINISTRE EST-ELLE UNE AUBAINE DANS LE PROCESSUS DE D\u00c9MOCRATISATION EN VUE D\u2019UN DIALOGUE POLITIQUE INCLUSIF ?\"},{\"@type\":\"BreadcrumbList\",\"@id\":\"https:\/\/www.africa-press.net\/centrafricaine\/politique\/centrafrique-la-designation-du-nouveau-premier-ministre-est-elle-une-aubaine-dans-le-processus-de-democratisation-en-vue-dun-dialogue-politique-inclusif#breadcrumb\",\"itemListElement\":[{\"@type\":\"ListItem\",\"position\":1,\"name\":\"Accueil\",\"item\":\"https:\/\/www.africa-press.net\/centrafricaine\/\"},{\"@type\":\"ListItem\",\"position\":2,\"name\":\"LA D\u00c9SIGNATION DU NOUVEAU PREMIER MINISTRE EST-ELLE UNE AUBAINE DANS LE PROCESSUS DE D\u00c9MOCRATISATION EN VUE D\u2019UN DIALOGUE POLITIQUE INCLUSIF ?\"}]},{\"@type\":\"WebSite\",\"@id\":\"https:\/\/www.africa-press.net\/centrafricaine\/#website\",\"url\":\"https:\/\/www.africa-press.net\/centrafricaine\/\",\"name\":\"centrafricaine\",\"description\":\"Just another Africa News Agency Sites site\",\"potentialAction\":[{\"@type\":\"SearchAction\",\"target\":{\"@type\":\"EntryPoint\",\"urlTemplate\":\"https:\/\/www.africa-press.net\/centrafricaine\/?s={search_term_string}\"},\"query-input\":{\"@type\":\"PropertyValueSpecification\",\"valueRequired\":true,\"valueName\":\"search_term_string\"}}],\"inLanguage\":\"fr-FR\"},{\"@type\":\"Person\",\"@id\":\"https:\/\/www.africa-press.net\/centrafricaine\/#\/schema\/person\/2b1cf3cd81a31e3cd26889ca66d677f1\",\"name\":\"cfeditorfr\"}]}<\/script>\n<!-- \/ Yoast SEO Premium plugin. -->","yoast_head_json":{"title":"LA D\u00c9SIGNATION DU NOUVEAU PREMIER MINISTRE EST-ELLE UNE AUBAINE DANS LE PROCESSUS DE D\u00c9MOCRATISATION EN VUE D\u2019UN DIALOGUE POLITIQUE INCLUSIF ? - centrafricaine","description":"Bangui, R\u00e9publique centrafricaine, samedi, 19 juin 2021, 03:24:42 ( Corbeaunews-Centrafrique ). Au lendemain de la r\u00e9 ...","robots":{"index":"index","follow":"follow","max-snippet":"max-snippet:-1","max-image-preview":"max-image-preview:large","max-video-preview":"max-video-preview:-1"},"canonical":"https:\/\/www.africa-press.net\/centrafricaine\/politique\/centrafrique-la-designation-du-nouveau-premier-ministre-est-elle-une-aubaine-dans-le-processus-de-democratisation-en-vue-dun-dialogue-politique-inclusif","og_locale":"fr_FR","og_type":"article","og_title":"LA D\u00c9SIGNATION DU NOUVEAU PREMIER MINISTRE EST-ELLE UNE AUBAINE DANS LE PROCESSUS DE D\u00c9MOCRATISATION EN VUE D\u2019UN DIALOGUE POLITIQUE INCLUSIF ?","og_description":"Bangui, R\u00e9publique centrafricaine, samedi, 19 juin 2021, 03:24:42 ( Corbeaunews-Centrafrique ). Au lendemain de la r\u00e9 ...","og_url":"https:\/\/www.africa-press.net\/centrafricaine\/politique\/centrafrique-la-designation-du-nouveau-premier-ministre-est-elle-une-aubaine-dans-le-processus-de-democratisation-en-vue-dun-dialogue-politique-inclusif","og_site_name":"centrafricaine","article_published_time":"2021-06-19T12:19:53+00:00","article_modified_time":"2021-06-19T12:39:58+00:00","og_image":[{"width":750,"height":625,"url":"https:\/\/static.africa-press.net\/centrafricaine\/sites\/45\/2021\/06\/img-60cdcf81c3b99.jpg","type":"image\/jpeg"}],"author":"cfeditorfr","twitter_card":"summary_large_image","twitter_misc":{"\u00c9crit par":"cfeditorfr","Dur\u00e9e de lecture estim\u00e9e":"3 minutes"},"schema":{"@context":"https:\/\/schema.org","@graph":[{"@type":"Article","@id":"https:\/\/www.africa-press.net\/centrafricaine\/politique\/centrafrique-la-designation-du-nouveau-premier-ministre-est-elle-une-aubaine-dans-le-processus-de-democratisation-en-vue-dun-dialogue-politique-inclusif#article","isPartOf":{"@id":"https:\/\/www.africa-press.net\/centrafricaine\/politique\/centrafrique-la-designation-du-nouveau-premier-ministre-est-elle-une-aubaine-dans-le-processus-de-democratisation-en-vue-dun-dialogue-politique-inclusif"},"author":{"name":"cfeditorfr","@id":"https:\/\/www.africa-press.net\/centrafricaine\/#\/schema\/person\/2b1cf3cd81a31e3cd26889ca66d677f1"},"headline":"LA D\u00c9SIGNATION DU NOUVEAU PREMIER MINISTRE EST-ELLE UNE AUBAINE DANS LE PROCESSUS DE D\u00c9MOCRATISATION EN VUE D\u2019UN DIALOGUE POLITIQUE INCLUSIF ?","datePublished":"2021-06-19T12:19:53+00:00","dateModified":"2021-06-19T12:39:58+00:00","mainEntityOfPage":{"@id":"https:\/\/www.africa-press.net\/centrafricaine\/politique\/centrafrique-la-designation-du-nouveau-premier-ministre-est-elle-une-aubaine-dans-le-processus-de-democratisation-en-vue-dun-dialogue-politique-inclusif"},"wordCount":644,"commentCount":0,"image":{"@id":"https:\/\/www.africa-press.net\/centrafricaine\/politique\/centrafrique-la-designation-du-nouveau-premier-ministre-est-elle-une-aubaine-dans-le-processus-de-democratisation-en-vue-dun-dialogue-politique-inclusif#primaryimage"},"thumbnailUrl":"https:\/\/static.africa-press.net\/centrafricaine\/sites\/45\/2021\/06\/img-60cdcf81c3b99.jpg","keywords":["Africa Press","Africa Press-CentrAfricaine","CentrAfricaine"],"articleSection":["homepage-french","Politique","Top Nouvelles","Toutes les actualit\u00e9s"],"inLanguage":"fr-FR","potentialAction":[{"@type":"CommentAction","name":"Comment","target":["https:\/\/www.africa-press.net\/centrafricaine\/politique\/centrafrique-la-designation-du-nouveau-premier-ministre-est-elle-une-aubaine-dans-le-processus-de-democratisation-en-vue-dun-dialogue-politique-inclusif#respond"]}]},{"@type":"WebPage","@id":"https:\/\/www.africa-press.net\/centrafricaine\/politique\/centrafrique-la-designation-du-nouveau-premier-ministre-est-elle-une-aubaine-dans-le-processus-de-democratisation-en-vue-dun-dialogue-politique-inclusif","url":"https:\/\/www.africa-press.net\/centrafricaine\/politique\/centrafrique-la-designation-du-nouveau-premier-ministre-est-elle-une-aubaine-dans-le-processus-de-democratisation-en-vue-dun-dialogue-politique-inclusif","name":"LA D\u00c9SIGNATION DU NOUVEAU PREMIER MINISTRE EST-ELLE UNE AUBAINE DANS LE PROCESSUS DE D\u00c9MOCRATISATION EN VUE D\u2019UN DIALOGUE POLITIQUE INCLUSIF ? - centrafricaine","isPartOf":{"@id":"https:\/\/www.africa-press.net\/centrafricaine\/#website"},"primaryImageOfPage":{"@id":"https:\/\/www.africa-press.net\/centrafricaine\/politique\/centrafrique-la-designation-du-nouveau-premier-ministre-est-elle-une-aubaine-dans-le-processus-de-democratisation-en-vue-dun-dialogue-politique-inclusif#primaryimage"},"image":{"@id":"https:\/\/www.africa-press.net\/centrafricaine\/politique\/centrafrique-la-designation-du-nouveau-premier-ministre-est-elle-une-aubaine-dans-le-processus-de-democratisation-en-vue-dun-dialogue-politique-inclusif#primaryimage"},"thumbnailUrl":"https:\/\/static.africa-press.net\/centrafricaine\/sites\/45\/2021\/06\/img-60cdcf81c3b99.jpg","datePublished":"2021-06-19T12:19:53+00:00","dateModified":"2021-06-19T12:39:58+00:00","author":{"@id":"https:\/\/www.africa-press.net\/centrafricaine\/#\/schema\/person\/2b1cf3cd81a31e3cd26889ca66d677f1"},"description":"Bangui, R\u00e9publique centrafricaine, samedi, 19 juin 2021, 03:24:42 ( Corbeaunews-Centrafrique ). Au lendemain de la r\u00e9 ...","breadcrumb":{"@id":"https:\/\/www.africa-press.net\/centrafricaine\/politique\/centrafrique-la-designation-du-nouveau-premier-ministre-est-elle-une-aubaine-dans-le-processus-de-democratisation-en-vue-dun-dialogue-politique-inclusif#breadcrumb"},"inLanguage":"fr-FR","potentialAction":[{"@type":"ReadAction","target":["https:\/\/www.africa-press.net\/centrafricaine\/politique\/centrafrique-la-designation-du-nouveau-premier-ministre-est-elle-une-aubaine-dans-le-processus-de-democratisation-en-vue-dun-dialogue-politique-inclusif"]}]},{"@type":"ImageObject","inLanguage":"fr-FR","@id":"https:\/\/www.africa-press.net\/centrafricaine\/politique\/centrafrique-la-designation-du-nouveau-premier-ministre-est-elle-une-aubaine-dans-le-processus-de-democratisation-en-vue-dun-dialogue-politique-inclusif#primaryimage","url":"https:\/\/static.africa-press.net\/centrafricaine\/sites\/45\/2021\/06\/img-60cdcf81c3b99.jpg","contentUrl":"https:\/\/static.africa-press.net\/centrafricaine\/sites\/45\/2021\/06\/img-60cdcf81c3b99.jpg","width":750,"height":625,"caption":"CENTRAFRIQUE : LA D\u00c9SIGNATION DU NOUVEAU PREMIER MINISTRE EST-ELLE UNE AUBAINE DANS LE PROCESSUS DE D\u00c9MOCRATISATION EN VUE D\u2019UN DIALOGUE POLITIQUE INCLUSIF ?"},{"@type":"BreadcrumbList","@id":"https:\/\/www.africa-press.net\/centrafricaine\/politique\/centrafrique-la-designation-du-nouveau-premier-ministre-est-elle-une-aubaine-dans-le-processus-de-democratisation-en-vue-dun-dialogue-politique-inclusif#breadcrumb","itemListElement":[{"@type":"ListItem","position":1,"name":"Accueil","item":"https:\/\/www.africa-press.net\/centrafricaine\/"},{"@type":"ListItem","position":2,"name":"LA D\u00c9SIGNATION DU NOUVEAU PREMIER MINISTRE EST-ELLE UNE AUBAINE DANS LE PROCESSUS DE D\u00c9MOCRATISATION EN VUE D\u2019UN DIALOGUE POLITIQUE INCLUSIF ?"}]},{"@type":"WebSite","@id":"https:\/\/www.africa-press.net\/centrafricaine\/#website","url":"https:\/\/www.africa-press.net\/centrafricaine\/","name":"centrafricaine","description":"Just another Africa News Agency Sites site","potentialAction":[{"@type":"SearchAction","target":{"@type":"EntryPoint","urlTemplate":"https:\/\/www.africa-press.net\/centrafricaine\/?s={search_term_string}"},"query-input":{"@type":"PropertyValueSpecification","valueRequired":true,"valueName":"search_term_string"}}],"inLanguage":"fr-FR"},{"@type":"Person","@id":"https:\/\/www.africa-press.net\/centrafricaine\/#\/schema\/person\/2b1cf3cd81a31e3cd26889ca66d677f1","name":"cfeditorfr"}]}},"_links":{"self":[{"href":"https:\/\/www.africa-press.net\/centrafricaine\/wp-json\/wp\/v2\/posts\/8227","targetHints":{"allow":["GET"]}}],"collection":[{"href":"https:\/\/www.africa-press.net\/centrafricaine\/wp-json\/wp\/v2\/posts"}],"about":[{"href":"https:\/\/www.africa-press.net\/centrafricaine\/wp-json\/wp\/v2\/types\/post"}],"author":[{"embeddable":true,"href":"https:\/\/www.africa-press.net\/centrafricaine\/wp-json\/wp\/v2\/users\/82"}],"replies":[{"embeddable":true,"href":"https:\/\/www.africa-press.net\/centrafricaine\/wp-json\/wp\/v2\/comments?post=8227"}],"version-history":[{"count":0,"href":"https:\/\/www.africa-press.net\/centrafricaine\/wp-json\/wp\/v2\/posts\/8227\/revisions"}],"wp:featuredmedia":[{"embeddable":true,"href":"https:\/\/www.africa-press.net\/centrafricaine\/wp-json\/wp\/v2\/media\/8226"}],"wp:attachment":[{"href":"https:\/\/www.africa-press.net\/centrafricaine\/wp-json\/wp\/v2\/media?parent=8227"}],"wp:term":[{"taxonomy":"category","embeddable":true,"href":"https:\/\/www.africa-press.net\/centrafricaine\/wp-json\/wp\/v2\/categories?post=8227"},{"taxonomy":"post_tag","embeddable":true,"href":"https:\/\/www.africa-press.net\/centrafricaine\/wp-json\/wp\/v2\/tags?post=8227"}],"curies":[{"name":"wp","href":"https:\/\/api.w.org\/{rel}","templated":true}]}}