{"id":8247,"date":"2021-06-20T15:36:18","date_gmt":"2021-06-20T15:36:18","guid":{"rendered":"https:\/\/www.africa-press.net\/centrafricaine\/?p=8247"},"modified":"2021-06-20T18:08:08","modified_gmt":"2021-06-20T18:08:08","slug":"environnement-lobjectif-de-30-daires-protegees-en-afrique-inquiete","status":"publish","type":"post","link":"https:\/\/www.africa-press.net\/centrafricaine\/toutes-les-actualites\/environnement-lobjectif-de-30-daires-protegees-en-afrique-inquiete","title":{"rendered":"Environnement : l\u2019objectif de 30% d\u2019aires prot\u00e9g\u00e9es en Afrique inqui\u00e8te"},"content":{"rendered":"<p><span style=\"color: #ff6600\"><strong><a href=\"https:\/\/www.africa-press.net\/\">Africa-Press<\/a> &#8211; <a href=\"https:\/\/www.africa-press.net\/centrafricaine\">CentrAfricaine<\/a>. <\/strong><\/span>Pouss\u00e9 par l\u2019Union europ\u00e9enne et plusieurs grandes ONG, un projet mondial vise \u00e0 faire classer 30% des terres de la plan\u00e8te en \u00ab aires prot\u00e9g\u00e9es \u00bb. Une d\u00e9marche environnementale qui, paradoxalement, provoque la col\u00e8re de nombreux sp\u00e9cialistes. Ils craignent qu\u2019en Afrique cette classification se fasse au d\u00e9triment des populations locales.<\/p>\n<p>Tandis que la prochaine COP15 sur la biodiversit\u00e9 qui se tiendra en octobre \u00e0 Kunming en Chine devrait \u00eatre l\u2019occasion de faire adopter l\u2019objectif de 30% d\u2019aires prot\u00e9g\u00e9es terrestres dans le monde d\u2019ici 2030 (contre 16 % actuellement), des voix en Afrique relay\u00e9es par les ONG Survival International et Rainforest Foundation s\u2019\u00e9l\u00e8vent contre cette \u00ab doctrine \u00bb \u00e9cologique qui promeut une conservation \u00ab forteresse \u00bb, laquelle ignore et bafoue les droits des peuples autochtones et consiste le plus souvent \u00e0 cr\u00e9er des r\u00e9serves naturelles militaris\u00e9es. R\u00e9serves vid\u00e9es de leurs habitants, mais pas de la pr\u00e9sence des touristes ou des soci\u00e9t\u00e9s foresti\u00e8res ou extractives \u00e0 qui des concessions sont souvent accord\u00e9es.<\/p>\n<p><b>Privation de territoire<\/b><\/p>\n<p>Pr\u00e8s de 40 associations environnementales et de d\u00e9fense des droits humains en Afrique, sur un total de 230 associations \u00e0 travers le monde, ont sign\u00e9 un appel pour faire part de leurs pr\u00e9occupations. Ces organisations signataires sont au Cameroun, en RDC, au Congo, au Kenya, en Tanzanie, en Ouganda, au Liberia, au Nigeria, au Ghana, au B\u00e9nin et au Burkina Faso. Pour elles, cet objectif de 30% risque de conduire \u00e0 des expulsions de communaut\u00e9s locales. Elles redoutent des violences et d\u00e9noncent l\u2019inefficacit\u00e9 d\u2019un mod\u00e8le de conservation d\u00e9pass\u00e9 et non durable.<\/p>\n","protected":false},"excerpt":{"rendered":"<p>Africa-Press &#8211; CentrAfricaine. Pouss\u00e9 par l\u2019Union europ\u00e9enne et plusieurs grandes ONG, un projet mondial vise \u00e0 faire classer 30% des terres de la plan\u00e8te en \u00ab aires prot\u00e9g\u00e9es \u00bb. Une d\u00e9marche environnementale qui, paradoxalement, provoque la col\u00e8re de nombreux sp\u00e9cialistes. Ils craignent qu\u2019en Afrique cette classification se fasse au d\u00e9triment des populations locales. Tandis que [&hellip;]<\/p>\n","protected":false},"author":82,"featured_media":8246,"comment_status":"open","ping_status":"closed","sticky":false,"template":"","format":"standard","meta":{"footnotes":""},"categories":[22,11,10],"tags":[36,58,30],"class_list":["post-8247","post","type-post","status-publish","format-standard","has-post-thumbnail","hentry","category-divers","category-homepage-french","category-toutes-les-actualites","tag-africa-press","tag-africa-press-centrafricaine","tag-centrafricaine"],"yoast_head":"<!-- This site is optimized with the Yoast SEO Premium plugin v26.1 (Yoast SEO v27.0) - https:\/\/yoast.com\/product\/yoast-seo-premium-wordpress\/ -->\n<title>Environnement : l\u2019objectif de 30% d\u2019aires prot\u00e9g\u00e9es en Afrique inqui\u00e8te - centrafricaine<\/title>\n<meta name=\"description\" content=\"Pouss\u00e9 par l\u2019Union europ\u00e9enne et plusieurs grandes ONG, un projet mondial vise \u00e0 faire classer 30% des terres de la plan ...\" \/>\n<meta name=\"robots\" content=\"index, follow, max-snippet:-1, max-image-preview:large, max-video-preview:-1\" \/>\n<link rel=\"canonical\" href=\"https:\/\/www.africa-press.net\/centrafricaine\/toutes-les-actualites\/environnement-lobjectif-de-30-daires-protegees-en-afrique-inquiete\" \/>\n<meta property=\"og:locale\" content=\"fr_FR\" \/>\n<meta property=\"og:type\" content=\"article\" \/>\n<meta property=\"og:title\" content=\"Environnement : l\u2019objectif de 30% d\u2019aires prot\u00e9g\u00e9es en Afrique inqui\u00e8te\" \/>\n<meta property=\"og:description\" content=\"Pouss\u00e9 par l\u2019Union europ\u00e9enne et plusieurs grandes ONG, un projet mondial vise \u00e0 faire classer 30% des terres de la plan ...\" \/>\n<meta property=\"og:url\" content=\"https:\/\/www.africa-press.net\/centrafricaine\/toutes-les-actualites\/environnement-lobjectif-de-30-daires-protegees-en-afrique-inquiete\" \/>\n<meta property=\"og:site_name\" content=\"centrafricaine\" \/>\n<meta property=\"article:published_time\" content=\"2021-06-20T15:36:18+00:00\" \/>\n<meta property=\"article:modified_time\" content=\"2021-06-20T18:08:08+00:00\" \/>\n<meta property=\"og:image\" content=\"https:\/\/static.africa-press.net\/centrafricaine\/sites\/45\/2021\/06\/img-60cf5f7529bd5.jpg\" \/>\n\t<meta property=\"og:image:width\" content=\"720\" \/>\n\t<meta property=\"og:image:height\" content=\"360\" \/>\n\t<meta property=\"og:image:type\" content=\"image\/jpeg\" \/>\n<meta name=\"author\" content=\"cfeditorfr\" \/>\n<meta name=\"twitter:card\" content=\"summary_large_image\" \/>\n<meta name=\"twitter:label1\" content=\"\u00c9crit par\" \/>\n\t<meta name=\"twitter:data1\" content=\"cfeditorfr\" \/>\n\t<meta name=\"twitter:label2\" content=\"Dur\u00e9e de lecture estim\u00e9e\" \/>\n\t<meta name=\"twitter:data2\" content=\"1 minute\" \/>\n<script type=\"application\/ld+json\" class=\"yoast-schema-graph\">{\"@context\":\"https:\/\/schema.org\",\"@graph\":[{\"@type\":\"Article\",\"@id\":\"https:\/\/www.africa-press.net\/centrafricaine\/toutes-les-actualites\/environnement-lobjectif-de-30-daires-protegees-en-afrique-inquiete#article\",\"isPartOf\":{\"@id\":\"https:\/\/www.africa-press.net\/centrafricaine\/toutes-les-actualites\/environnement-lobjectif-de-30-daires-protegees-en-afrique-inquiete\"},\"author\":{\"name\":\"cfeditorfr\",\"@id\":\"https:\/\/www.africa-press.net\/centrafricaine\/#\/schema\/person\/2b1cf3cd81a31e3cd26889ca66d677f1\"},\"headline\":\"Environnement : l\u2019objectif de 30% d\u2019aires prot\u00e9g\u00e9es en Afrique inqui\u00e8te\",\"datePublished\":\"2021-06-20T15:36:18+00:00\",\"dateModified\":\"2021-06-20T18:08:08+00:00\",\"mainEntityOfPage\":{\"@id\":\"https:\/\/www.africa-press.net\/centrafricaine\/toutes-les-actualites\/environnement-lobjectif-de-30-daires-protegees-en-afrique-inquiete\"},\"wordCount\":289,\"commentCount\":0,\"image\":{\"@id\":\"https:\/\/www.africa-press.net\/centrafricaine\/toutes-les-actualites\/environnement-lobjectif-de-30-daires-protegees-en-afrique-inquiete#primaryimage\"},\"thumbnailUrl\":\"https:\/\/static.africa-press.net\/centrafricaine\/sites\/45\/2021\/06\/img-60cf5f7529bd5.jpg\",\"keywords\":[\"Africa Press\",\"Africa Press-CentrAfricaine\",\"CentrAfricaine\"],\"articleSection\":[\"Divers\",\"homepage-french\",\"Toutes les actualit\u00e9s\"],\"inLanguage\":\"fr-FR\",\"potentialAction\":[{\"@type\":\"CommentAction\",\"name\":\"Comment\",\"target\":[\"https:\/\/www.africa-press.net\/centrafricaine\/toutes-les-actualites\/environnement-lobjectif-de-30-daires-protegees-en-afrique-inquiete#respond\"]}]},{\"@type\":\"WebPage\",\"@id\":\"https:\/\/www.africa-press.net\/centrafricaine\/toutes-les-actualites\/environnement-lobjectif-de-30-daires-protegees-en-afrique-inquiete\",\"url\":\"https:\/\/www.africa-press.net\/centrafricaine\/toutes-les-actualites\/environnement-lobjectif-de-30-daires-protegees-en-afrique-inquiete\",\"name\":\"Environnement : l\u2019objectif de 30% d\u2019aires prot\u00e9g\u00e9es en Afrique inqui\u00e8te - centrafricaine\",\"isPartOf\":{\"@id\":\"https:\/\/www.africa-press.net\/centrafricaine\/#website\"},\"primaryImageOfPage\":{\"@id\":\"https:\/\/www.africa-press.net\/centrafricaine\/toutes-les-actualites\/environnement-lobjectif-de-30-daires-protegees-en-afrique-inquiete#primaryimage\"},\"image\":{\"@id\":\"https:\/\/www.africa-press.net\/centrafricaine\/toutes-les-actualites\/environnement-lobjectif-de-30-daires-protegees-en-afrique-inquiete#primaryimage\"},\"thumbnailUrl\":\"https:\/\/static.africa-press.net\/centrafricaine\/sites\/45\/2021\/06\/img-60cf5f7529bd5.jpg\",\"datePublished\":\"2021-06-20T15:36:18+00:00\",\"dateModified\":\"2021-06-20T18:08:08+00:00\",\"author\":{\"@id\":\"https:\/\/www.africa-press.net\/centrafricaine\/#\/schema\/person\/2b1cf3cd81a31e3cd26889ca66d677f1\"},\"description\":\"Pouss\u00e9 par l\u2019Union europ\u00e9enne et plusieurs grandes ONG, un projet mondial vise \u00e0 faire classer 30% des terres de la plan ...\",\"breadcrumb\":{\"@id\":\"https:\/\/www.africa-press.net\/centrafricaine\/toutes-les-actualites\/environnement-lobjectif-de-30-daires-protegees-en-afrique-inquiete#breadcrumb\"},\"inLanguage\":\"fr-FR\",\"potentialAction\":[{\"@type\":\"ReadAction\",\"target\":[\"https:\/\/www.africa-press.net\/centrafricaine\/toutes-les-actualites\/environnement-lobjectif-de-30-daires-protegees-en-afrique-inquiete\"]}]},{\"@type\":\"ImageObject\",\"inLanguage\":\"fr-FR\",\"@id\":\"https:\/\/www.africa-press.net\/centrafricaine\/toutes-les-actualites\/environnement-lobjectif-de-30-daires-protegees-en-afrique-inquiete#primaryimage\",\"url\":\"https:\/\/static.africa-press.net\/centrafricaine\/sites\/45\/2021\/06\/img-60cf5f7529bd5.jpg\",\"contentUrl\":\"https:\/\/static.africa-press.net\/centrafricaine\/sites\/45\/2021\/06\/img-60cf5f7529bd5.jpg\",\"width\":720,\"height\":360,\"caption\":\"Environnement : l\u2019objectif de 30% d\u2019aires prot\u00e9g\u00e9es en Afrique inqui\u00e8te\"},{\"@type\":\"BreadcrumbList\",\"@id\":\"https:\/\/www.africa-press.net\/centrafricaine\/toutes-les-actualites\/environnement-lobjectif-de-30-daires-protegees-en-afrique-inquiete#breadcrumb\",\"itemListElement\":[{\"@type\":\"ListItem\",\"position\":1,\"name\":\"Accueil\",\"item\":\"https:\/\/www.africa-press.net\/centrafricaine\/\"},{\"@type\":\"ListItem\",\"position\":2,\"name\":\"Environnement : l\u2019objectif de 30% d\u2019aires prot\u00e9g\u00e9es en Afrique inqui\u00e8te\"}]},{\"@type\":\"WebSite\",\"@id\":\"https:\/\/www.africa-press.net\/centrafricaine\/#website\",\"url\":\"https:\/\/www.africa-press.net\/centrafricaine\/\",\"name\":\"centrafricaine\",\"description\":\"Just another Africa News Agency Sites site\",\"potentialAction\":[{\"@type\":\"SearchAction\",\"target\":{\"@type\":\"EntryPoint\",\"urlTemplate\":\"https:\/\/www.africa-press.net\/centrafricaine\/?s={search_term_string}\"},\"query-input\":{\"@type\":\"PropertyValueSpecification\",\"valueRequired\":true,\"valueName\":\"search_term_string\"}}],\"inLanguage\":\"fr-FR\"},{\"@type\":\"Person\",\"@id\":\"https:\/\/www.africa-press.net\/centrafricaine\/#\/schema\/person\/2b1cf3cd81a31e3cd26889ca66d677f1\",\"name\":\"cfeditorfr\"}]}<\/script>\n<!-- \/ Yoast SEO Premium plugin. -->","yoast_head_json":{"title":"Environnement : l\u2019objectif de 30% d\u2019aires prot\u00e9g\u00e9es en Afrique inqui\u00e8te - centrafricaine","description":"Pouss\u00e9 par l\u2019Union europ\u00e9enne et plusieurs grandes ONG, un projet mondial vise \u00e0 faire classer 30% des terres de la plan ...","robots":{"index":"index","follow":"follow","max-snippet":"max-snippet:-1","max-image-preview":"max-image-preview:large","max-video-preview":"max-video-preview:-1"},"canonical":"https:\/\/www.africa-press.net\/centrafricaine\/toutes-les-actualites\/environnement-lobjectif-de-30-daires-protegees-en-afrique-inquiete","og_locale":"fr_FR","og_type":"article","og_title":"Environnement : l\u2019objectif de 30% d\u2019aires prot\u00e9g\u00e9es en Afrique inqui\u00e8te","og_description":"Pouss\u00e9 par l\u2019Union europ\u00e9enne et plusieurs grandes ONG, un projet mondial vise \u00e0 faire classer 30% des terres de la plan ...","og_url":"https:\/\/www.africa-press.net\/centrafricaine\/toutes-les-actualites\/environnement-lobjectif-de-30-daires-protegees-en-afrique-inquiete","og_site_name":"centrafricaine","article_published_time":"2021-06-20T15:36:18+00:00","article_modified_time":"2021-06-20T18:08:08+00:00","og_image":[{"width":720,"height":360,"url":"https:\/\/static.africa-press.net\/centrafricaine\/sites\/45\/2021\/06\/img-60cf5f7529bd5.jpg","type":"image\/jpeg"}],"author":"cfeditorfr","twitter_card":"summary_large_image","twitter_misc":{"\u00c9crit par":"cfeditorfr","Dur\u00e9e de lecture estim\u00e9e":"1 minute"},"schema":{"@context":"https:\/\/schema.org","@graph":[{"@type":"Article","@id":"https:\/\/www.africa-press.net\/centrafricaine\/toutes-les-actualites\/environnement-lobjectif-de-30-daires-protegees-en-afrique-inquiete#article","isPartOf":{"@id":"https:\/\/www.africa-press.net\/centrafricaine\/toutes-les-actualites\/environnement-lobjectif-de-30-daires-protegees-en-afrique-inquiete"},"author":{"name":"cfeditorfr","@id":"https:\/\/www.africa-press.net\/centrafricaine\/#\/schema\/person\/2b1cf3cd81a31e3cd26889ca66d677f1"},"headline":"Environnement : l\u2019objectif de 30% d\u2019aires prot\u00e9g\u00e9es en Afrique inqui\u00e8te","datePublished":"2021-06-20T15:36:18+00:00","dateModified":"2021-06-20T18:08:08+00:00","mainEntityOfPage":{"@id":"https:\/\/www.africa-press.net\/centrafricaine\/toutes-les-actualites\/environnement-lobjectif-de-30-daires-protegees-en-afrique-inquiete"},"wordCount":289,"commentCount":0,"image":{"@id":"https:\/\/www.africa-press.net\/centrafricaine\/toutes-les-actualites\/environnement-lobjectif-de-30-daires-protegees-en-afrique-inquiete#primaryimage"},"thumbnailUrl":"https:\/\/static.africa-press.net\/centrafricaine\/sites\/45\/2021\/06\/img-60cf5f7529bd5.jpg","keywords":["Africa Press","Africa Press-CentrAfricaine","CentrAfricaine"],"articleSection":["Divers","homepage-french","Toutes les actualit\u00e9s"],"inLanguage":"fr-FR","potentialAction":[{"@type":"CommentAction","name":"Comment","target":["https:\/\/www.africa-press.net\/centrafricaine\/toutes-les-actualites\/environnement-lobjectif-de-30-daires-protegees-en-afrique-inquiete#respond"]}]},{"@type":"WebPage","@id":"https:\/\/www.africa-press.net\/centrafricaine\/toutes-les-actualites\/environnement-lobjectif-de-30-daires-protegees-en-afrique-inquiete","url":"https:\/\/www.africa-press.net\/centrafricaine\/toutes-les-actualites\/environnement-lobjectif-de-30-daires-protegees-en-afrique-inquiete","name":"Environnement : l\u2019objectif de 30% d\u2019aires prot\u00e9g\u00e9es en Afrique inqui\u00e8te - centrafricaine","isPartOf":{"@id":"https:\/\/www.africa-press.net\/centrafricaine\/#website"},"primaryImageOfPage":{"@id":"https:\/\/www.africa-press.net\/centrafricaine\/toutes-les-actualites\/environnement-lobjectif-de-30-daires-protegees-en-afrique-inquiete#primaryimage"},"image":{"@id":"https:\/\/www.africa-press.net\/centrafricaine\/toutes-les-actualites\/environnement-lobjectif-de-30-daires-protegees-en-afrique-inquiete#primaryimage"},"thumbnailUrl":"https:\/\/static.africa-press.net\/centrafricaine\/sites\/45\/2021\/06\/img-60cf5f7529bd5.jpg","datePublished":"2021-06-20T15:36:18+00:00","dateModified":"2021-06-20T18:08:08+00:00","author":{"@id":"https:\/\/www.africa-press.net\/centrafricaine\/#\/schema\/person\/2b1cf3cd81a31e3cd26889ca66d677f1"},"description":"Pouss\u00e9 par l\u2019Union europ\u00e9enne et plusieurs grandes ONG, un projet mondial vise \u00e0 faire classer 30% des terres de la plan ...","breadcrumb":{"@id":"https:\/\/www.africa-press.net\/centrafricaine\/toutes-les-actualites\/environnement-lobjectif-de-30-daires-protegees-en-afrique-inquiete#breadcrumb"},"inLanguage":"fr-FR","potentialAction":[{"@type":"ReadAction","target":["https:\/\/www.africa-press.net\/centrafricaine\/toutes-les-actualites\/environnement-lobjectif-de-30-daires-protegees-en-afrique-inquiete"]}]},{"@type":"ImageObject","inLanguage":"fr-FR","@id":"https:\/\/www.africa-press.net\/centrafricaine\/toutes-les-actualites\/environnement-lobjectif-de-30-daires-protegees-en-afrique-inquiete#primaryimage","url":"https:\/\/static.africa-press.net\/centrafricaine\/sites\/45\/2021\/06\/img-60cf5f7529bd5.jpg","contentUrl":"https:\/\/static.africa-press.net\/centrafricaine\/sites\/45\/2021\/06\/img-60cf5f7529bd5.jpg","width":720,"height":360,"caption":"Environnement : l\u2019objectif de 30% d\u2019aires prot\u00e9g\u00e9es en Afrique inqui\u00e8te"},{"@type":"BreadcrumbList","@id":"https:\/\/www.africa-press.net\/centrafricaine\/toutes-les-actualites\/environnement-lobjectif-de-30-daires-protegees-en-afrique-inquiete#breadcrumb","itemListElement":[{"@type":"ListItem","position":1,"name":"Accueil","item":"https:\/\/www.africa-press.net\/centrafricaine\/"},{"@type":"ListItem","position":2,"name":"Environnement : l\u2019objectif de 30% d\u2019aires prot\u00e9g\u00e9es en Afrique inqui\u00e8te"}]},{"@type":"WebSite","@id":"https:\/\/www.africa-press.net\/centrafricaine\/#website","url":"https:\/\/www.africa-press.net\/centrafricaine\/","name":"centrafricaine","description":"Just another Africa News Agency Sites site","potentialAction":[{"@type":"SearchAction","target":{"@type":"EntryPoint","urlTemplate":"https:\/\/www.africa-press.net\/centrafricaine\/?s={search_term_string}"},"query-input":{"@type":"PropertyValueSpecification","valueRequired":true,"valueName":"search_term_string"}}],"inLanguage":"fr-FR"},{"@type":"Person","@id":"https:\/\/www.africa-press.net\/centrafricaine\/#\/schema\/person\/2b1cf3cd81a31e3cd26889ca66d677f1","name":"cfeditorfr"}]}},"_links":{"self":[{"href":"https:\/\/www.africa-press.net\/centrafricaine\/wp-json\/wp\/v2\/posts\/8247","targetHints":{"allow":["GET"]}}],"collection":[{"href":"https:\/\/www.africa-press.net\/centrafricaine\/wp-json\/wp\/v2\/posts"}],"about":[{"href":"https:\/\/www.africa-press.net\/centrafricaine\/wp-json\/wp\/v2\/types\/post"}],"author":[{"embeddable":true,"href":"https:\/\/www.africa-press.net\/centrafricaine\/wp-json\/wp\/v2\/users\/82"}],"replies":[{"embeddable":true,"href":"https:\/\/www.africa-press.net\/centrafricaine\/wp-json\/wp\/v2\/comments?post=8247"}],"version-history":[{"count":0,"href":"https:\/\/www.africa-press.net\/centrafricaine\/wp-json\/wp\/v2\/posts\/8247\/revisions"}],"wp:featuredmedia":[{"embeddable":true,"href":"https:\/\/www.africa-press.net\/centrafricaine\/wp-json\/wp\/v2\/media\/8246"}],"wp:attachment":[{"href":"https:\/\/www.africa-press.net\/centrafricaine\/wp-json\/wp\/v2\/media?parent=8247"}],"wp:term":[{"taxonomy":"category","embeddable":true,"href":"https:\/\/www.africa-press.net\/centrafricaine\/wp-json\/wp\/v2\/categories?post=8247"},{"taxonomy":"post_tag","embeddable":true,"href":"https:\/\/www.africa-press.net\/centrafricaine\/wp-json\/wp\/v2\/tags?post=8247"}],"curies":[{"name":"wp","href":"https:\/\/api.w.org\/{rel}","templated":true}]}}