{"id":82527,"date":"2026-03-16T13:13:11","date_gmt":"2026-03-16T13:13:11","guid":{"rendered":"https:\/\/www.africa-press.net\/centrafricaine\/politique\/visite-de-jean-noel-barrot-a-bangui-apres-sept-ans"},"modified":"2026-03-16T13:23:20","modified_gmt":"2026-03-16T13:23:20","slug":"visite-de-jean-noel-barrot-a-bangui-apres-sept-ans","status":"publish","type":"post","link":"https:\/\/www.africa-press.net\/centrafricaine\/politique\/visite-de-jean-noel-barrot-a-bangui-apres-sept-ans","title":{"rendered":"Visite de Jean-No\u00ebl Barrot \u00e0 Bangui apr\u00e8s sept ans"},"content":{"rendered":"<p><span style=\"color: #ff6600\"><strong>Africa-Press &#8211; CentrAfricaine. <\/strong><\/span>Le ministre franc\u0327ais de l\u2019Europe et des Affaires e\u0301trange\u0300res, Jean\u2010Noe\u0308l Barrot, entame ce jeudi, une visite officielle de deux jours en Re\u0301publique centrafricaine, marquant la premie\u0300re visite d\u2019un chef de la diplomatie franc\u0327aise dans ce pays depuis sept ans.<\/p>\n<p>Une rencontre entre le chef de la diplomatie franc\u0327aise et pre\u0301sident centrafricain Faustin\u2010Archange Touade\u0301ra devrait avoir lieu vendredi a\u0300 Bangui, capitale centrafricaine, a annonce\u0301 le ministe\u0300re franc\u0327ais des Affaires e\u0301trange\u0300res.<\/p>\n<p>La visite de Jean-Noe\u0308l Barrot visite intervient dans un contexte de de relance des relations bilate\u0301rales engage\u0301e en avril 2024 a\u0300 l\u2019issue d\u2019e\u0301changes entre le pre\u0301sident franc\u0327ais Emmanuel Macron et son homologue centrafricain.<\/p>\n<p>Les relations entre Paris et Bangui s\u2019e\u0301taient fortement de\u0301grade\u0301es ces dernie\u0300res anne\u0301es, dans un contexte de \u00ab rapprochement croissant \u00bb entre la Centrafrique et Moscou.<\/p>\n<p>\u00ab Apre\u0300s une bre\u0300ve pe\u0301riode de froid a\u0300 l\u2019e\u0301chelle de notre histoire commune, notre relation avec la RCA se renouvelle et se renforce \u00bb, a indique\u0301 une source diplomatique franc\u0327aise, cite\u0301 par les me\u0301dias franc\u0327ais.<\/p>\n<p>La dernie\u0300re visite d\u2019un ministre franc\u0327ais des Affaires e\u0301trange\u0300res en Centrafrique remonte a\u0300 novembre 2018, lorsque Jean\u2010Yves Le Drian s\u2019e\u0301tait rendu dans le pays, deux ans apre\u0300s l\u2019arrive\u0301e au pouvoir de Faustin-Archange Touade\u0301ra.<\/p>\n<p><b>Rencontres officielles et agenda se\u0301curitaire<\/b><\/p>\n<p>Au cours de son de\u0301placement, Jean-Noe\u0308l Barrot doit e\u0301galement rencontrer le Premier ministre centrafricain Fe\u0301lix Moloua ainsi que la ministre des Affaires e\u0301trange\u0300res Sylvie Bai\u0308po\u2010Temon.<\/p>\n<p>Le ministre franc\u0327ais pre\u0301voit aussi de visiter la mission europe\u0301enne de formation des forces arme\u0301es centrafricaines, EUTM RCA, ainsi que la mission de maintien de la paix de l\u2019ONU, la MINUSCA.<\/p>\n<p>Ancienne puissance coloniale, la France a longtemps exerce\u0301 une influence militaire et politique importante en Centrafrique depuis l\u2019inde\u0301pendance du pays en 1960. Cependant, cette influence a progressivement diminue\u0301 ces dernie\u0300res anne\u0301es, notamment avec la monte\u0301e en puissance de la Russie et la pre\u0301sence de paramilitaires lie\u0301s au Groupe Wagner.<\/p>\n<p>Ces derniers ont obtenu plusieurs contrats dans les secteurs strate\u0301giques du pays, notamment l\u2019exploitation de l\u2019or, des diamants et du bois.<\/p>\n<p><b>Contexte politique et tensions re\u0301centes<\/b><\/p>\n<p>La visite du chef de la diplomatie franc\u0327aise intervient alors que le pre\u0301sident Touade\u0301ra revient d\u2019un de\u0301placement d\u2019une semaine a\u0300 Moscou, au cours duquel il s\u2019est entretenu avec le pre\u0301sident russe Vladimir Poutine.<\/p>\n<p>Touade\u0301ra a e\u0301te\u0301 re\u0301e\u0301lu en janvier pour un troisie\u0300me mandat avec 77,9 % des voix lors d\u2019un scrutin conteste\u0301 par l\u2019opposition, apre\u0300s l\u2019adoption en 2023 d\u2019une nouvelle Constitution levant la limitation du nombre de mandats pre\u0301sidentiels.<\/p>\n<p>La visite de Jean-Noe\u0308l Barrot intervient e\u0301galement au lendemain de la libe\u0301ration d\u2019un humanitaire franc\u0327ais de l\u2019ONG Me\u0301decins Sans Frontie\u0300res, arre\u0302te\u0301 le 4 mars dans le sud du pays, pre\u0300s de la frontie\u0300re avec la Re\u0301publique de\u0301mocratique du Congo.<\/p>\n<p>Les autorite\u0301s centrafricaines l\u2019accusaient d\u2019\u00ab activite\u0301s visant la de\u0301stabilisation \u00bb, avant qu\u2019il ne soit finalement rela\u0302che\u0301.<\/p>\n<p><strong>Pour plus d&rsquo;informations et d&rsquo;analyses sur la <span style=\"color: #ff6600\">CentrAfricaine<\/span>, suivez <span style=\"color: #ff6600\">Africa-Press<\/span><\/strong><\/p>\n","protected":false},"excerpt":{"rendered":"<p>Africa-Press &#8211; CentrAfricaine. Le ministre franc\u0327ais de l\u2019Europe et des Affaires e\u0301trange\u0300res, Jean\u2010Noe\u0308l Barrot, entame ce jeudi, une visite officielle de deux jours en Re\u0301publique centrafricaine, marquant la premie\u0300re visite d\u2019un chef de la diplomatie franc\u0327aise dans ce pays depuis sept ans. Une rencontre entre le chef de la diplomatie franc\u0327aise et pre\u0301sident centrafricain Faustin\u2010Archange [&hellip;]<\/p>\n","protected":false},"author":82,"featured_media":82526,"comment_status":"open","ping_status":"closed","sticky":false,"template":"","format":"standard","meta":{"footnotes":""},"categories":[2,20,10],"tags":[339,30,41,6323,66,6322],"class_list":["post-82527","post","type-post","status-publish","format-standard","has-post-thumbnail","hentry","category-politique","category-top-nouvelles","category-toutes-les-actualites","tag-bangui","tag-centrafricaine","tag-centrafrique","tag-faustinarchange-touadera","tag-france","tag-jean-noel-barrot"],"yoast_head":"<!-- This site is optimized with the Yoast SEO Premium plugin v26.1 (Yoast SEO v27.0) - https:\/\/yoast.com\/product\/yoast-seo-premium-wordpress\/ -->\n<title>Visite de Jean-No\u00ebl Barrot \u00e0 Bangui apr\u00e8s sept ans - centrafricaine<\/title>\n<meta name=\"description\" content=\"Le ministre franc\u0327ais de l\u2019Europe et des Affaires e\u0301trange\u0300res, Jean\u2010Noe\u0308l Barrot, entame ce jeudi, une visite officiell ...\" \/>\n<meta name=\"robots\" content=\"index, follow, max-snippet:-1, max-image-preview:large, max-video-preview:-1\" \/>\n<link rel=\"canonical\" href=\"https:\/\/www.africa-press.net\/centrafricaine\/politique\/visite-de-jean-noel-barrot-a-bangui-apres-sept-ans\" \/>\n<meta property=\"og:locale\" content=\"fr_FR\" \/>\n<meta property=\"og:type\" content=\"article\" \/>\n<meta property=\"og:title\" content=\"Visite de Jean-No\u00ebl Barrot \u00e0 Bangui apr\u00e8s sept ans\" \/>\n<meta property=\"og:description\" content=\"Le ministre franc\u0327ais de l\u2019Europe et des Affaires e\u0301trange\u0300res, Jean\u2010Noe\u0308l Barrot, entame ce jeudi, une visite officiell ...\" \/>\n<meta property=\"og:url\" content=\"https:\/\/www.africa-press.net\/centrafricaine\/politique\/visite-de-jean-noel-barrot-a-bangui-apres-sept-ans\" \/>\n<meta property=\"og:site_name\" content=\"centrafricaine\" \/>\n<meta property=\"article:published_time\" content=\"2026-03-16T13:13:11+00:00\" \/>\n<meta property=\"article:modified_time\" content=\"2026-03-16T13:23:20+00:00\" \/>\n<meta property=\"og:image\" content=\"https:\/\/static.africa-press.net\/centrafricaine\/sites\/45\/2026\/03\/sm_1773654715.70282.jpg\" \/>\n\t<meta property=\"og:image:width\" content=\"864\" \/>\n\t<meta property=\"og:image:height\" content=\"486\" \/>\n\t<meta property=\"og:image:type\" content=\"image\/jpeg\" \/>\n<meta name=\"author\" content=\"cfeditorfr\" \/>\n<meta name=\"twitter:card\" content=\"summary_large_image\" \/>\n<meta name=\"twitter:label1\" content=\"\u00c9crit par\" \/>\n\t<meta name=\"twitter:data1\" content=\"cfeditorfr\" \/>\n\t<meta name=\"twitter:label2\" content=\"Dur\u00e9e de lecture estim\u00e9e\" \/>\n\t<meta name=\"twitter:data2\" content=\"3 minutes\" \/>\n<script type=\"application\/ld+json\" class=\"yoast-schema-graph\">{\"@context\":\"https:\/\/schema.org\",\"@graph\":[{\"@type\":\"Article\",\"@id\":\"https:\/\/www.africa-press.net\/centrafricaine\/politique\/visite-de-jean-noel-barrot-a-bangui-apres-sept-ans#article\",\"isPartOf\":{\"@id\":\"https:\/\/www.africa-press.net\/centrafricaine\/politique\/visite-de-jean-noel-barrot-a-bangui-apres-sept-ans\"},\"author\":{\"name\":\"cfeditorfr\",\"@id\":\"https:\/\/www.africa-press.net\/centrafricaine\/#\/schema\/person\/2b1cf3cd81a31e3cd26889ca66d677f1\"},\"headline\":\"Visite de Jean-No\u00ebl Barrot \u00e0 Bangui apr\u00e8s sept ans\",\"datePublished\":\"2026-03-16T13:13:11+00:00\",\"dateModified\":\"2026-03-16T13:23:20+00:00\",\"mainEntityOfPage\":{\"@id\":\"https:\/\/www.africa-press.net\/centrafricaine\/politique\/visite-de-jean-noel-barrot-a-bangui-apres-sept-ans\"},\"wordCount\":583,\"commentCount\":0,\"image\":{\"@id\":\"https:\/\/www.africa-press.net\/centrafricaine\/politique\/visite-de-jean-noel-barrot-a-bangui-apres-sept-ans#primaryimage\"},\"thumbnailUrl\":\"https:\/\/static.africa-press.net\/centrafricaine\/sites\/45\/2026\/03\/sm_1773654715.70282.jpg\",\"keywords\":[\"Bangui\",\"CentrAfricaine\",\"Centrafrique\",\"Faustin\u2011Archange Touad\u00e9ra\",\"France\",\"Jean-No\u00ebl Barrot\"],\"articleSection\":[\"Politique\",\"Top Nouvelles\",\"Toutes les actualit\u00e9s\"],\"inLanguage\":\"fr-FR\",\"potentialAction\":[{\"@type\":\"CommentAction\",\"name\":\"Comment\",\"target\":[\"https:\/\/www.africa-press.net\/centrafricaine\/politique\/visite-de-jean-noel-barrot-a-bangui-apres-sept-ans#respond\"]}]},{\"@type\":\"WebPage\",\"@id\":\"https:\/\/www.africa-press.net\/centrafricaine\/politique\/visite-de-jean-noel-barrot-a-bangui-apres-sept-ans\",\"url\":\"https:\/\/www.africa-press.net\/centrafricaine\/politique\/visite-de-jean-noel-barrot-a-bangui-apres-sept-ans\",\"name\":\"Visite de Jean-No\u00ebl Barrot \u00e0 Bangui apr\u00e8s sept ans - centrafricaine\",\"isPartOf\":{\"@id\":\"https:\/\/www.africa-press.net\/centrafricaine\/#website\"},\"primaryImageOfPage\":{\"@id\":\"https:\/\/www.africa-press.net\/centrafricaine\/politique\/visite-de-jean-noel-barrot-a-bangui-apres-sept-ans#primaryimage\"},\"image\":{\"@id\":\"https:\/\/www.africa-press.net\/centrafricaine\/politique\/visite-de-jean-noel-barrot-a-bangui-apres-sept-ans#primaryimage\"},\"thumbnailUrl\":\"https:\/\/static.africa-press.net\/centrafricaine\/sites\/45\/2026\/03\/sm_1773654715.70282.jpg\",\"datePublished\":\"2026-03-16T13:13:11+00:00\",\"dateModified\":\"2026-03-16T13:23:20+00:00\",\"author\":{\"@id\":\"https:\/\/www.africa-press.net\/centrafricaine\/#\/schema\/person\/2b1cf3cd81a31e3cd26889ca66d677f1\"},\"description\":\"Le ministre franc\u0327ais de l\u2019Europe et des Affaires e\u0301trange\u0300res, Jean\u2010Noe\u0308l Barrot, entame ce jeudi, une visite officiell ...\",\"breadcrumb\":{\"@id\":\"https:\/\/www.africa-press.net\/centrafricaine\/politique\/visite-de-jean-noel-barrot-a-bangui-apres-sept-ans#breadcrumb\"},\"inLanguage\":\"fr-FR\",\"potentialAction\":[{\"@type\":\"ReadAction\",\"target\":[\"https:\/\/www.africa-press.net\/centrafricaine\/politique\/visite-de-jean-noel-barrot-a-bangui-apres-sept-ans\"]}]},{\"@type\":\"ImageObject\",\"inLanguage\":\"fr-FR\",\"@id\":\"https:\/\/www.africa-press.net\/centrafricaine\/politique\/visite-de-jean-noel-barrot-a-bangui-apres-sept-ans#primaryimage\",\"url\":\"https:\/\/static.africa-press.net\/centrafricaine\/sites\/45\/2026\/03\/sm_1773654715.70282.jpg\",\"contentUrl\":\"https:\/\/static.africa-press.net\/centrafricaine\/sites\/45\/2026\/03\/sm_1773654715.70282.jpg\",\"width\":864,\"height\":486,\"caption\":\"Visite de Jean-No\u00ebl Barrot \u00e0 Bangui apr\u00e8s sept ans\"},{\"@type\":\"BreadcrumbList\",\"@id\":\"https:\/\/www.africa-press.net\/centrafricaine\/politique\/visite-de-jean-noel-barrot-a-bangui-apres-sept-ans#breadcrumb\",\"itemListElement\":[{\"@type\":\"ListItem\",\"position\":1,\"name\":\"Accueil\",\"item\":\"https:\/\/www.africa-press.net\/centrafricaine\/\"},{\"@type\":\"ListItem\",\"position\":2,\"name\":\"Visite de Jean-No\u00ebl Barrot \u00e0 Bangui apr\u00e8s sept ans\"}]},{\"@type\":\"WebSite\",\"@id\":\"https:\/\/www.africa-press.net\/centrafricaine\/#website\",\"url\":\"https:\/\/www.africa-press.net\/centrafricaine\/\",\"name\":\"centrafricaine\",\"description\":\"Just another Africa News Agency Sites site\",\"potentialAction\":[{\"@type\":\"SearchAction\",\"target\":{\"@type\":\"EntryPoint\",\"urlTemplate\":\"https:\/\/www.africa-press.net\/centrafricaine\/?s={search_term_string}\"},\"query-input\":{\"@type\":\"PropertyValueSpecification\",\"valueRequired\":true,\"valueName\":\"search_term_string\"}}],\"inLanguage\":\"fr-FR\"},{\"@type\":\"Person\",\"@id\":\"https:\/\/www.africa-press.net\/centrafricaine\/#\/schema\/person\/2b1cf3cd81a31e3cd26889ca66d677f1\",\"name\":\"cfeditorfr\"}]}<\/script>\n<!-- \/ Yoast SEO Premium plugin. -->","yoast_head_json":{"title":"Visite de Jean-No\u00ebl Barrot \u00e0 Bangui apr\u00e8s sept ans - centrafricaine","description":"Le ministre franc\u0327ais de l\u2019Europe et des Affaires e\u0301trange\u0300res, Jean\u2010Noe\u0308l Barrot, entame ce jeudi, une visite officiell ...","robots":{"index":"index","follow":"follow","max-snippet":"max-snippet:-1","max-image-preview":"max-image-preview:large","max-video-preview":"max-video-preview:-1"},"canonical":"https:\/\/www.africa-press.net\/centrafricaine\/politique\/visite-de-jean-noel-barrot-a-bangui-apres-sept-ans","og_locale":"fr_FR","og_type":"article","og_title":"Visite de Jean-No\u00ebl Barrot \u00e0 Bangui apr\u00e8s sept ans","og_description":"Le ministre franc\u0327ais de l\u2019Europe et des Affaires e\u0301trange\u0300res, Jean\u2010Noe\u0308l Barrot, entame ce jeudi, une visite officiell ...","og_url":"https:\/\/www.africa-press.net\/centrafricaine\/politique\/visite-de-jean-noel-barrot-a-bangui-apres-sept-ans","og_site_name":"centrafricaine","article_published_time":"2026-03-16T13:13:11+00:00","article_modified_time":"2026-03-16T13:23:20+00:00","og_image":[{"width":864,"height":486,"url":"https:\/\/static.africa-press.net\/centrafricaine\/sites\/45\/2026\/03\/sm_1773654715.70282.jpg","type":"image\/jpeg"}],"author":"cfeditorfr","twitter_card":"summary_large_image","twitter_misc":{"\u00c9crit par":"cfeditorfr","Dur\u00e9e de lecture estim\u00e9e":"3 minutes"},"schema":{"@context":"https:\/\/schema.org","@graph":[{"@type":"Article","@id":"https:\/\/www.africa-press.net\/centrafricaine\/politique\/visite-de-jean-noel-barrot-a-bangui-apres-sept-ans#article","isPartOf":{"@id":"https:\/\/www.africa-press.net\/centrafricaine\/politique\/visite-de-jean-noel-barrot-a-bangui-apres-sept-ans"},"author":{"name":"cfeditorfr","@id":"https:\/\/www.africa-press.net\/centrafricaine\/#\/schema\/person\/2b1cf3cd81a31e3cd26889ca66d677f1"},"headline":"Visite de Jean-No\u00ebl Barrot \u00e0 Bangui apr\u00e8s sept ans","datePublished":"2026-03-16T13:13:11+00:00","dateModified":"2026-03-16T13:23:20+00:00","mainEntityOfPage":{"@id":"https:\/\/www.africa-press.net\/centrafricaine\/politique\/visite-de-jean-noel-barrot-a-bangui-apres-sept-ans"},"wordCount":583,"commentCount":0,"image":{"@id":"https:\/\/www.africa-press.net\/centrafricaine\/politique\/visite-de-jean-noel-barrot-a-bangui-apres-sept-ans#primaryimage"},"thumbnailUrl":"https:\/\/static.africa-press.net\/centrafricaine\/sites\/45\/2026\/03\/sm_1773654715.70282.jpg","keywords":["Bangui","CentrAfricaine","Centrafrique","Faustin\u2011Archange Touad\u00e9ra","France","Jean-No\u00ebl Barrot"],"articleSection":["Politique","Top Nouvelles","Toutes les actualit\u00e9s"],"inLanguage":"fr-FR","potentialAction":[{"@type":"CommentAction","name":"Comment","target":["https:\/\/www.africa-press.net\/centrafricaine\/politique\/visite-de-jean-noel-barrot-a-bangui-apres-sept-ans#respond"]}]},{"@type":"WebPage","@id":"https:\/\/www.africa-press.net\/centrafricaine\/politique\/visite-de-jean-noel-barrot-a-bangui-apres-sept-ans","url":"https:\/\/www.africa-press.net\/centrafricaine\/politique\/visite-de-jean-noel-barrot-a-bangui-apres-sept-ans","name":"Visite de Jean-No\u00ebl Barrot \u00e0 Bangui apr\u00e8s sept ans - centrafricaine","isPartOf":{"@id":"https:\/\/www.africa-press.net\/centrafricaine\/#website"},"primaryImageOfPage":{"@id":"https:\/\/www.africa-press.net\/centrafricaine\/politique\/visite-de-jean-noel-barrot-a-bangui-apres-sept-ans#primaryimage"},"image":{"@id":"https:\/\/www.africa-press.net\/centrafricaine\/politique\/visite-de-jean-noel-barrot-a-bangui-apres-sept-ans#primaryimage"},"thumbnailUrl":"https:\/\/static.africa-press.net\/centrafricaine\/sites\/45\/2026\/03\/sm_1773654715.70282.jpg","datePublished":"2026-03-16T13:13:11+00:00","dateModified":"2026-03-16T13:23:20+00:00","author":{"@id":"https:\/\/www.africa-press.net\/centrafricaine\/#\/schema\/person\/2b1cf3cd81a31e3cd26889ca66d677f1"},"description":"Le ministre franc\u0327ais de l\u2019Europe et des Affaires e\u0301trange\u0300res, Jean\u2010Noe\u0308l Barrot, entame ce jeudi, une visite officiell ...","breadcrumb":{"@id":"https:\/\/www.africa-press.net\/centrafricaine\/politique\/visite-de-jean-noel-barrot-a-bangui-apres-sept-ans#breadcrumb"},"inLanguage":"fr-FR","potentialAction":[{"@type":"ReadAction","target":["https:\/\/www.africa-press.net\/centrafricaine\/politique\/visite-de-jean-noel-barrot-a-bangui-apres-sept-ans"]}]},{"@type":"ImageObject","inLanguage":"fr-FR","@id":"https:\/\/www.africa-press.net\/centrafricaine\/politique\/visite-de-jean-noel-barrot-a-bangui-apres-sept-ans#primaryimage","url":"https:\/\/static.africa-press.net\/centrafricaine\/sites\/45\/2026\/03\/sm_1773654715.70282.jpg","contentUrl":"https:\/\/static.africa-press.net\/centrafricaine\/sites\/45\/2026\/03\/sm_1773654715.70282.jpg","width":864,"height":486,"caption":"Visite de Jean-No\u00ebl Barrot \u00e0 Bangui apr\u00e8s sept ans"},{"@type":"BreadcrumbList","@id":"https:\/\/www.africa-press.net\/centrafricaine\/politique\/visite-de-jean-noel-barrot-a-bangui-apres-sept-ans#breadcrumb","itemListElement":[{"@type":"ListItem","position":1,"name":"Accueil","item":"https:\/\/www.africa-press.net\/centrafricaine\/"},{"@type":"ListItem","position":2,"name":"Visite de Jean-No\u00ebl Barrot \u00e0 Bangui apr\u00e8s sept ans"}]},{"@type":"WebSite","@id":"https:\/\/www.africa-press.net\/centrafricaine\/#website","url":"https:\/\/www.africa-press.net\/centrafricaine\/","name":"centrafricaine","description":"Just another Africa News Agency Sites site","potentialAction":[{"@type":"SearchAction","target":{"@type":"EntryPoint","urlTemplate":"https:\/\/www.africa-press.net\/centrafricaine\/?s={search_term_string}"},"query-input":{"@type":"PropertyValueSpecification","valueRequired":true,"valueName":"search_term_string"}}],"inLanguage":"fr-FR"},{"@type":"Person","@id":"https:\/\/www.africa-press.net\/centrafricaine\/#\/schema\/person\/2b1cf3cd81a31e3cd26889ca66d677f1","name":"cfeditorfr"}]}},"_links":{"self":[{"href":"https:\/\/www.africa-press.net\/centrafricaine\/wp-json\/wp\/v2\/posts\/82527","targetHints":{"allow":["GET"]}}],"collection":[{"href":"https:\/\/www.africa-press.net\/centrafricaine\/wp-json\/wp\/v2\/posts"}],"about":[{"href":"https:\/\/www.africa-press.net\/centrafricaine\/wp-json\/wp\/v2\/types\/post"}],"author":[{"embeddable":true,"href":"https:\/\/www.africa-press.net\/centrafricaine\/wp-json\/wp\/v2\/users\/82"}],"replies":[{"embeddable":true,"href":"https:\/\/www.africa-press.net\/centrafricaine\/wp-json\/wp\/v2\/comments?post=82527"}],"version-history":[{"count":0,"href":"https:\/\/www.africa-press.net\/centrafricaine\/wp-json\/wp\/v2\/posts\/82527\/revisions"}],"wp:featuredmedia":[{"embeddable":true,"href":"https:\/\/www.africa-press.net\/centrafricaine\/wp-json\/wp\/v2\/media\/82526"}],"wp:attachment":[{"href":"https:\/\/www.africa-press.net\/centrafricaine\/wp-json\/wp\/v2\/media?parent=82527"}],"wp:term":[{"taxonomy":"category","embeddable":true,"href":"https:\/\/www.africa-press.net\/centrafricaine\/wp-json\/wp\/v2\/categories?post=82527"},{"taxonomy":"post_tag","embeddable":true,"href":"https:\/\/www.africa-press.net\/centrafricaine\/wp-json\/wp\/v2\/tags?post=82527"}],"curies":[{"name":"wp","href":"https:\/\/api.w.org\/{rel}","templated":true}]}}