{"id":82530,"date":"2026-03-16T13:14:09","date_gmt":"2026-03-16T13:14:09","guid":{"rendered":"https:\/\/www.africa-press.net\/centrafricaine\/politique\/visite-de-barrot-france-renforce-cooperation-en-centrafrique"},"modified":"2026-03-16T13:24:04","modified_gmt":"2026-03-16T13:24:04","slug":"visite-de-barrot-france-renforce-cooperation-en-centrafrique","status":"publish","type":"post","link":"https:\/\/www.africa-press.net\/centrafricaine\/politique\/visite-de-barrot-france-renforce-cooperation-en-centrafrique","title":{"rendered":"Visite de Barrot: France Renforce Coope\u0301ration en Centrafrique"},"content":{"rendered":"<p><span style=\"color: #ff6600\"><strong>Africa-Press &#8211; CentrAfricaine. <\/strong><\/span>ean-Noe\u0308l Barrot inaugure la Maison MOSUKA \u2013 Simone Veil a\u0300 Bangui et souligne le re\u0301tablissement complet des relations bilate\u0301rales.<\/p>\n<p>Le ministre franc\u0327ais Jean-Noe\u0308l Barrot s\u2019est rendu a\u0300 Bangui les 12 et 13 mars 2026, ou\u0300 il a inaugure\u0301 la Maison du Mouvement des Survivantes de Centrafrique (MOSUKA), de\u0301sormais baptise\u0301e Maison MOSUKA \u2013 Simone Veil, en hommage a\u0300 la militante des droits des femmes.<\/p>\n<p>\u00ab Je suis avec la pre\u0301sidente du Mouvement MOSUKA, un mouvement admirable des femmes survivantes qui s\u2019engagent pour accompagner celles victimes de violences lie\u0301es au conflit en Re\u0301publique centrafricaine \u00bb, a de\u0301clare\u0301 le ministre a\u0300 l\u2019issue de la visite. Il a rappele\u0301 que le projet de cette Maison est le fruit de plusieurs anne\u0301es d\u2019engagement de MOSUKA et qu\u2019il a e\u0301te\u0301 soutenu par la France apre\u0300s que le mouvement a rec\u0327u, il y a deux ans, le Prix Simone Veil. Ce prix international, remis chaque 8 mars, re\u0301compense les organisations qui se distinguent par leur courage et leur action en faveur des droits des femmes.<\/p>\n<p>Le ministre a e\u0301galement souligne\u0301 la symbolique du nom choisi pour la Maison, en hommage a\u0300 Simone Veil, rappelant son ro\u0302le inspirant pour les femmes a\u0300 travers le monde.<\/p>\n<p>Interroge\u0301 sur la porte\u0301e diplomatique de sa visite, Jean-Noe\u0308l Barrot a indique\u0301: \u00ab Cela fait huit ans qu\u2019un ministre franc\u0327ais ne s\u2019e\u0301tait pas rendu en Centrafrique. Ma visite marque la restauration comple\u0300te des relations entre nos deux pays, apre\u0300s une pe\u0301riode de refroidissement. \u00bb Il a pre\u0301cise\u0301 que cette relation est ancre\u0301e dans des liens historiques et culturels, avec des ressortissants binationaux et des diasporas actives, ainsi que dans une coope\u0301ration diversifie\u0301e couvrant la protection des femmes, la transition e\u0301cologique, la sante\u0301 et l\u2019entrepreneuriat.<\/p>\n<p><b>&#8211; Coope\u0301ration dans diffe\u0301rents domaines<\/b><\/p>\n<p>De plus, le Ministe\u0300re de l&rsquo;Europe et des Affaires e\u0301trange\u0300res a publie\u0301 les grandes lignes de la visite du ministre en re\u0301publique centrafricaine via son compte officiel (France Diplomatie) sur la plateforme de re\u0301seau social ame\u0301ricain X.<\/p>\n<p>En effet, Jean-Noe\u0308l Barrot s\u2019est rendu au Bangui Hub, soutenu par la coope\u0301ration franc\u0327aise. Selon France diplomatie, ce centre a de\u0301ja\u0300 forme\u0301 pre\u0300s de 1 000 jeunes entrepreneurs en moins de deux ans. La visite a permis d\u2019e\u0301voquer \u00ab les opportunite\u0301s entre les secteurs prive\u0301s franc\u0327ais et centrafricain \u00bb, dans le but de renforcer l\u2019entrepreneuriat local et les e\u0301changes e\u0301conomiques bilate\u0301raux.<\/p>\n<p><b>* Environnement et urbanisme<\/b><\/p>\n<p>Le ministre a ensuite de\u0301couvert des projets de traitement des de\u0301chets et d\u2019assainissement dans un quartier de Bangui, porte\u0301s par AFD France. Ces initiatives visent \u00ab a\u0300 ame\u0301liorer durablement le cadre de vie des habitants \u00bb et participent a\u0300 la transition e\u0301cologique de la capitale.<\/p>\n<p><b>* Sante\u0301<\/b><\/p>\n<p>La visite a e\u0301galement conduit le ministre a\u0300 l\u2019Institut Pasteur de Bangui, un centre de re\u0301fe\u0301rence pour la re\u0301gion en matie\u0300re de sante\u0301 publique. La France y renforce son soutien pour \u00ab la surveillance e\u0301pide\u0301miologique et l\u2019e\u0301radication de la poliomye\u0301lite \u00bb, contribuant ainsi a\u0300 la se\u0301curite\u0301 sanitaire re\u0301gionale.<\/p>\n<p><b>* Justice et culture<\/b><\/p>\n<p>Enfin, le ministre a rappele\u0301 que la coope\u0301ration franco-centrafricaine s\u2019e\u0301tend e\u0301galement aux domaines de la justice et de la culture, avec des projets \u00ab afin de renforcer l\u2019E\u0301tat de droit et de soutenir la cre\u0301ation et la transmission culturelles \u00bb. Ces initiatives visent a\u0300 consolider les institutions locales et a\u0300 encourager le de\u0301veloppement culturel du pays.<\/p>\n<p>Selon France Diplomatie, cette visite illustre la volonte\u0301 de la France \u00ab d\u2019entretenir un dialogue e\u0301troit avec la Re\u0301publique centrafricaine et de contribuer, dans la dure\u0301e, a\u0300 sa stabilite\u0301 et a\u0300 son de\u0301veloppement \u00bb a\u0300 travers des coope\u0301rations structurantes dans la justice, la sante\u0301, l\u2019urbanisme, l\u2019entrepreneuriat, la culture et la protection des droits des femmes.<\/p>\n<p><strong>Pour plus d&rsquo;informations et d&rsquo;analyses sur la <span style=\"color: #ff6600\">CentrAfricaine<\/span>, suivez <span style=\"color: #ff6600\">Africa-Press<\/span><\/strong><\/p>\n","protected":false},"excerpt":{"rendered":"<p>Africa-Press &#8211; CentrAfricaine. ean-Noe\u0308l Barrot inaugure la Maison MOSUKA \u2013 Simone Veil a\u0300 Bangui et souligne le re\u0301tablissement complet des relations bilate\u0301rales. Le ministre franc\u0327ais Jean-Noe\u0308l Barrot s\u2019est rendu a\u0300 Bangui les 12 et 13 mars 2026, ou\u0300 il a inaugure\u0301 la Maison du Mouvement des Survivantes de Centrafrique (MOSUKA), de\u0301sormais baptise\u0301e Maison MOSUKA \u2013 [&hellip;]<\/p>\n","protected":false},"author":82,"featured_media":82529,"comment_status":"open","ping_status":"closed","sticky":false,"template":"","format":"standard","meta":{"footnotes":""},"categories":[2,84,20,10],"tags":[30,41,66,6322],"class_list":["post-82530","post","type-post","status-publish","format-standard","has-post-thumbnail","hentry","category-politique","category-to-homepage","category-top-nouvelles","category-toutes-les-actualites","tag-centrafricaine","tag-centrafrique","tag-france","tag-jean-noel-barrot"],"yoast_head":"<!-- This site is optimized with the Yoast SEO Premium plugin v26.1 (Yoast SEO v27.0) - https:\/\/yoast.com\/product\/yoast-seo-premium-wordpress\/ -->\n<title>Visite de Barrot: France Renforce Coope\u0301ration en Centrafrique - centrafricaine<\/title>\n<meta name=\"description\" content=\"ean-Noe\u0308l Barrot inaugure la Maison MOSUKA \u2013 Simone Veil a\u0300 Bangui et souligne le re\u0301tablissement complet des relations ...\" \/>\n<meta name=\"robots\" content=\"index, follow, max-snippet:-1, max-image-preview:large, max-video-preview:-1\" \/>\n<link rel=\"canonical\" href=\"https:\/\/www.africa-press.net\/centrafricaine\/politique\/visite-de-barrot-france-renforce-cooperation-en-centrafrique\" \/>\n<meta property=\"og:locale\" content=\"fr_FR\" \/>\n<meta property=\"og:type\" content=\"article\" \/>\n<meta property=\"og:title\" content=\"Visite de Barrot: France Renforce Coope\u0301ration en Centrafrique\" \/>\n<meta property=\"og:description\" content=\"ean-Noe\u0308l Barrot inaugure la Maison MOSUKA \u2013 Simone Veil a\u0300 Bangui et souligne le re\u0301tablissement complet des relations ...\" \/>\n<meta property=\"og:url\" content=\"https:\/\/www.africa-press.net\/centrafricaine\/politique\/visite-de-barrot-france-renforce-cooperation-en-centrafrique\" \/>\n<meta property=\"og:site_name\" content=\"centrafricaine\" \/>\n<meta property=\"article:published_time\" content=\"2026-03-16T13:14:09+00:00\" \/>\n<meta property=\"article:modified_time\" content=\"2026-03-16T13:24:04+00:00\" \/>\n<meta property=\"og:image\" content=\"https:\/\/static.africa-press.net\/centrafricaine\/sites\/45\/2026\/03\/sm_1773654747.968703.jpg\" \/>\n\t<meta property=\"og:image:width\" content=\"864\" \/>\n\t<meta property=\"og:image:height\" content=\"486\" \/>\n\t<meta property=\"og:image:type\" content=\"image\/jpeg\" \/>\n<meta name=\"author\" content=\"cfeditorfr\" \/>\n<meta name=\"twitter:card\" content=\"summary_large_image\" \/>\n<meta name=\"twitter:label1\" content=\"\u00c9crit par\" \/>\n\t<meta name=\"twitter:data1\" content=\"cfeditorfr\" \/>\n\t<meta name=\"twitter:label2\" content=\"Dur\u00e9e de lecture estim\u00e9e\" \/>\n\t<meta name=\"twitter:data2\" content=\"4 minutes\" \/>\n<script type=\"application\/ld+json\" class=\"yoast-schema-graph\">{\"@context\":\"https:\/\/schema.org\",\"@graph\":[{\"@type\":\"Article\",\"@id\":\"https:\/\/www.africa-press.net\/centrafricaine\/politique\/visite-de-barrot-france-renforce-cooperation-en-centrafrique#article\",\"isPartOf\":{\"@id\":\"https:\/\/www.africa-press.net\/centrafricaine\/politique\/visite-de-barrot-france-renforce-cooperation-en-centrafrique\"},\"author\":{\"name\":\"cfeditorfr\",\"@id\":\"https:\/\/www.africa-press.net\/centrafricaine\/#\/schema\/person\/2b1cf3cd81a31e3cd26889ca66d677f1\"},\"headline\":\"Visite de Barrot: France Renforce Coope\u0301ration en Centrafrique\",\"datePublished\":\"2026-03-16T13:14:09+00:00\",\"dateModified\":\"2026-03-16T13:24:04+00:00\",\"mainEntityOfPage\":{\"@id\":\"https:\/\/www.africa-press.net\/centrafricaine\/politique\/visite-de-barrot-france-renforce-cooperation-en-centrafrique\"},\"wordCount\":694,\"commentCount\":0,\"image\":{\"@id\":\"https:\/\/www.africa-press.net\/centrafricaine\/politique\/visite-de-barrot-france-renforce-cooperation-en-centrafrique#primaryimage\"},\"thumbnailUrl\":\"https:\/\/static.africa-press.net\/centrafricaine\/sites\/45\/2026\/03\/sm_1773654747.968703.jpg\",\"keywords\":[\"CentrAfricaine\",\"Centrafrique\",\"France\",\"Jean-No\u00ebl Barrot\"],\"articleSection\":[\"Politique\",\"to-homepage\",\"Top Nouvelles\",\"Toutes les actualit\u00e9s\"],\"inLanguage\":\"fr-FR\",\"potentialAction\":[{\"@type\":\"CommentAction\",\"name\":\"Comment\",\"target\":[\"https:\/\/www.africa-press.net\/centrafricaine\/politique\/visite-de-barrot-france-renforce-cooperation-en-centrafrique#respond\"]}]},{\"@type\":\"WebPage\",\"@id\":\"https:\/\/www.africa-press.net\/centrafricaine\/politique\/visite-de-barrot-france-renforce-cooperation-en-centrafrique\",\"url\":\"https:\/\/www.africa-press.net\/centrafricaine\/politique\/visite-de-barrot-france-renforce-cooperation-en-centrafrique\",\"name\":\"Visite de Barrot: France Renforce Coope\u0301ration en Centrafrique - centrafricaine\",\"isPartOf\":{\"@id\":\"https:\/\/www.africa-press.net\/centrafricaine\/#website\"},\"primaryImageOfPage\":{\"@id\":\"https:\/\/www.africa-press.net\/centrafricaine\/politique\/visite-de-barrot-france-renforce-cooperation-en-centrafrique#primaryimage\"},\"image\":{\"@id\":\"https:\/\/www.africa-press.net\/centrafricaine\/politique\/visite-de-barrot-france-renforce-cooperation-en-centrafrique#primaryimage\"},\"thumbnailUrl\":\"https:\/\/static.africa-press.net\/centrafricaine\/sites\/45\/2026\/03\/sm_1773654747.968703.jpg\",\"datePublished\":\"2026-03-16T13:14:09+00:00\",\"dateModified\":\"2026-03-16T13:24:04+00:00\",\"author\":{\"@id\":\"https:\/\/www.africa-press.net\/centrafricaine\/#\/schema\/person\/2b1cf3cd81a31e3cd26889ca66d677f1\"},\"description\":\"ean-Noe\u0308l Barrot inaugure la Maison MOSUKA \u2013 Simone Veil a\u0300 Bangui et souligne le re\u0301tablissement complet des relations ...\",\"breadcrumb\":{\"@id\":\"https:\/\/www.africa-press.net\/centrafricaine\/politique\/visite-de-barrot-france-renforce-cooperation-en-centrafrique#breadcrumb\"},\"inLanguage\":\"fr-FR\",\"potentialAction\":[{\"@type\":\"ReadAction\",\"target\":[\"https:\/\/www.africa-press.net\/centrafricaine\/politique\/visite-de-barrot-france-renforce-cooperation-en-centrafrique\"]}]},{\"@type\":\"ImageObject\",\"inLanguage\":\"fr-FR\",\"@id\":\"https:\/\/www.africa-press.net\/centrafricaine\/politique\/visite-de-barrot-france-renforce-cooperation-en-centrafrique#primaryimage\",\"url\":\"https:\/\/static.africa-press.net\/centrafricaine\/sites\/45\/2026\/03\/sm_1773654747.968703.jpg\",\"contentUrl\":\"https:\/\/static.africa-press.net\/centrafricaine\/sites\/45\/2026\/03\/sm_1773654747.968703.jpg\",\"width\":864,\"height\":486,\"caption\":\"Visite de Barrot: France Renforce Coope\u0301ration en Centrafrique\"},{\"@type\":\"BreadcrumbList\",\"@id\":\"https:\/\/www.africa-press.net\/centrafricaine\/politique\/visite-de-barrot-france-renforce-cooperation-en-centrafrique#breadcrumb\",\"itemListElement\":[{\"@type\":\"ListItem\",\"position\":1,\"name\":\"Accueil\",\"item\":\"https:\/\/www.africa-press.net\/centrafricaine\/\"},{\"@type\":\"ListItem\",\"position\":2,\"name\":\"Visite de Barrot: France Renforce Coope\u0301ration en Centrafrique\"}]},{\"@type\":\"WebSite\",\"@id\":\"https:\/\/www.africa-press.net\/centrafricaine\/#website\",\"url\":\"https:\/\/www.africa-press.net\/centrafricaine\/\",\"name\":\"centrafricaine\",\"description\":\"Just another Africa News Agency Sites site\",\"potentialAction\":[{\"@type\":\"SearchAction\",\"target\":{\"@type\":\"EntryPoint\",\"urlTemplate\":\"https:\/\/www.africa-press.net\/centrafricaine\/?s={search_term_string}\"},\"query-input\":{\"@type\":\"PropertyValueSpecification\",\"valueRequired\":true,\"valueName\":\"search_term_string\"}}],\"inLanguage\":\"fr-FR\"},{\"@type\":\"Person\",\"@id\":\"https:\/\/www.africa-press.net\/centrafricaine\/#\/schema\/person\/2b1cf3cd81a31e3cd26889ca66d677f1\",\"name\":\"cfeditorfr\"}]}<\/script>\n<!-- \/ Yoast SEO Premium plugin. -->","yoast_head_json":{"title":"Visite de Barrot: France Renforce Coope\u0301ration en Centrafrique - centrafricaine","description":"ean-Noe\u0308l Barrot inaugure la Maison MOSUKA \u2013 Simone Veil a\u0300 Bangui et souligne le re\u0301tablissement complet des relations ...","robots":{"index":"index","follow":"follow","max-snippet":"max-snippet:-1","max-image-preview":"max-image-preview:large","max-video-preview":"max-video-preview:-1"},"canonical":"https:\/\/www.africa-press.net\/centrafricaine\/politique\/visite-de-barrot-france-renforce-cooperation-en-centrafrique","og_locale":"fr_FR","og_type":"article","og_title":"Visite de Barrot: France Renforce Coope\u0301ration en Centrafrique","og_description":"ean-Noe\u0308l Barrot inaugure la Maison MOSUKA \u2013 Simone Veil a\u0300 Bangui et souligne le re\u0301tablissement complet des relations ...","og_url":"https:\/\/www.africa-press.net\/centrafricaine\/politique\/visite-de-barrot-france-renforce-cooperation-en-centrafrique","og_site_name":"centrafricaine","article_published_time":"2026-03-16T13:14:09+00:00","article_modified_time":"2026-03-16T13:24:04+00:00","og_image":[{"width":864,"height":486,"url":"https:\/\/static.africa-press.net\/centrafricaine\/sites\/45\/2026\/03\/sm_1773654747.968703.jpg","type":"image\/jpeg"}],"author":"cfeditorfr","twitter_card":"summary_large_image","twitter_misc":{"\u00c9crit par":"cfeditorfr","Dur\u00e9e de lecture estim\u00e9e":"4 minutes"},"schema":{"@context":"https:\/\/schema.org","@graph":[{"@type":"Article","@id":"https:\/\/www.africa-press.net\/centrafricaine\/politique\/visite-de-barrot-france-renforce-cooperation-en-centrafrique#article","isPartOf":{"@id":"https:\/\/www.africa-press.net\/centrafricaine\/politique\/visite-de-barrot-france-renforce-cooperation-en-centrafrique"},"author":{"name":"cfeditorfr","@id":"https:\/\/www.africa-press.net\/centrafricaine\/#\/schema\/person\/2b1cf3cd81a31e3cd26889ca66d677f1"},"headline":"Visite de Barrot: France Renforce Coope\u0301ration en Centrafrique","datePublished":"2026-03-16T13:14:09+00:00","dateModified":"2026-03-16T13:24:04+00:00","mainEntityOfPage":{"@id":"https:\/\/www.africa-press.net\/centrafricaine\/politique\/visite-de-barrot-france-renforce-cooperation-en-centrafrique"},"wordCount":694,"commentCount":0,"image":{"@id":"https:\/\/www.africa-press.net\/centrafricaine\/politique\/visite-de-barrot-france-renforce-cooperation-en-centrafrique#primaryimage"},"thumbnailUrl":"https:\/\/static.africa-press.net\/centrafricaine\/sites\/45\/2026\/03\/sm_1773654747.968703.jpg","keywords":["CentrAfricaine","Centrafrique","France","Jean-No\u00ebl Barrot"],"articleSection":["Politique","to-homepage","Top Nouvelles","Toutes les actualit\u00e9s"],"inLanguage":"fr-FR","potentialAction":[{"@type":"CommentAction","name":"Comment","target":["https:\/\/www.africa-press.net\/centrafricaine\/politique\/visite-de-barrot-france-renforce-cooperation-en-centrafrique#respond"]}]},{"@type":"WebPage","@id":"https:\/\/www.africa-press.net\/centrafricaine\/politique\/visite-de-barrot-france-renforce-cooperation-en-centrafrique","url":"https:\/\/www.africa-press.net\/centrafricaine\/politique\/visite-de-barrot-france-renforce-cooperation-en-centrafrique","name":"Visite de Barrot: France Renforce Coope\u0301ration en Centrafrique - centrafricaine","isPartOf":{"@id":"https:\/\/www.africa-press.net\/centrafricaine\/#website"},"primaryImageOfPage":{"@id":"https:\/\/www.africa-press.net\/centrafricaine\/politique\/visite-de-barrot-france-renforce-cooperation-en-centrafrique#primaryimage"},"image":{"@id":"https:\/\/www.africa-press.net\/centrafricaine\/politique\/visite-de-barrot-france-renforce-cooperation-en-centrafrique#primaryimage"},"thumbnailUrl":"https:\/\/static.africa-press.net\/centrafricaine\/sites\/45\/2026\/03\/sm_1773654747.968703.jpg","datePublished":"2026-03-16T13:14:09+00:00","dateModified":"2026-03-16T13:24:04+00:00","author":{"@id":"https:\/\/www.africa-press.net\/centrafricaine\/#\/schema\/person\/2b1cf3cd81a31e3cd26889ca66d677f1"},"description":"ean-Noe\u0308l Barrot inaugure la Maison MOSUKA \u2013 Simone Veil a\u0300 Bangui et souligne le re\u0301tablissement complet des relations ...","breadcrumb":{"@id":"https:\/\/www.africa-press.net\/centrafricaine\/politique\/visite-de-barrot-france-renforce-cooperation-en-centrafrique#breadcrumb"},"inLanguage":"fr-FR","potentialAction":[{"@type":"ReadAction","target":["https:\/\/www.africa-press.net\/centrafricaine\/politique\/visite-de-barrot-france-renforce-cooperation-en-centrafrique"]}]},{"@type":"ImageObject","inLanguage":"fr-FR","@id":"https:\/\/www.africa-press.net\/centrafricaine\/politique\/visite-de-barrot-france-renforce-cooperation-en-centrafrique#primaryimage","url":"https:\/\/static.africa-press.net\/centrafricaine\/sites\/45\/2026\/03\/sm_1773654747.968703.jpg","contentUrl":"https:\/\/static.africa-press.net\/centrafricaine\/sites\/45\/2026\/03\/sm_1773654747.968703.jpg","width":864,"height":486,"caption":"Visite de Barrot: France Renforce Coope\u0301ration en Centrafrique"},{"@type":"BreadcrumbList","@id":"https:\/\/www.africa-press.net\/centrafricaine\/politique\/visite-de-barrot-france-renforce-cooperation-en-centrafrique#breadcrumb","itemListElement":[{"@type":"ListItem","position":1,"name":"Accueil","item":"https:\/\/www.africa-press.net\/centrafricaine\/"},{"@type":"ListItem","position":2,"name":"Visite de Barrot: France Renforce Coope\u0301ration en Centrafrique"}]},{"@type":"WebSite","@id":"https:\/\/www.africa-press.net\/centrafricaine\/#website","url":"https:\/\/www.africa-press.net\/centrafricaine\/","name":"centrafricaine","description":"Just another Africa News Agency Sites site","potentialAction":[{"@type":"SearchAction","target":{"@type":"EntryPoint","urlTemplate":"https:\/\/www.africa-press.net\/centrafricaine\/?s={search_term_string}"},"query-input":{"@type":"PropertyValueSpecification","valueRequired":true,"valueName":"search_term_string"}}],"inLanguage":"fr-FR"},{"@type":"Person","@id":"https:\/\/www.africa-press.net\/centrafricaine\/#\/schema\/person\/2b1cf3cd81a31e3cd26889ca66d677f1","name":"cfeditorfr"}]}},"_links":{"self":[{"href":"https:\/\/www.africa-press.net\/centrafricaine\/wp-json\/wp\/v2\/posts\/82530","targetHints":{"allow":["GET"]}}],"collection":[{"href":"https:\/\/www.africa-press.net\/centrafricaine\/wp-json\/wp\/v2\/posts"}],"about":[{"href":"https:\/\/www.africa-press.net\/centrafricaine\/wp-json\/wp\/v2\/types\/post"}],"author":[{"embeddable":true,"href":"https:\/\/www.africa-press.net\/centrafricaine\/wp-json\/wp\/v2\/users\/82"}],"replies":[{"embeddable":true,"href":"https:\/\/www.africa-press.net\/centrafricaine\/wp-json\/wp\/v2\/comments?post=82530"}],"version-history":[{"count":0,"href":"https:\/\/www.africa-press.net\/centrafricaine\/wp-json\/wp\/v2\/posts\/82530\/revisions"}],"wp:featuredmedia":[{"embeddable":true,"href":"https:\/\/www.africa-press.net\/centrafricaine\/wp-json\/wp\/v2\/media\/82529"}],"wp:attachment":[{"href":"https:\/\/www.africa-press.net\/centrafricaine\/wp-json\/wp\/v2\/media?parent=82530"}],"wp:term":[{"taxonomy":"category","embeddable":true,"href":"https:\/\/www.africa-press.net\/centrafricaine\/wp-json\/wp\/v2\/categories?post=82530"},{"taxonomy":"post_tag","embeddable":true,"href":"https:\/\/www.africa-press.net\/centrafricaine\/wp-json\/wp\/v2\/tags?post=82530"}],"curies":[{"name":"wp","href":"https:\/\/api.w.org\/{rel}","templated":true}]}}