{"id":8279,"date":"2021-06-21T10:44:44","date_gmt":"2021-06-21T10:44:44","guid":{"rendered":"https:\/\/www.africa-press.net\/centrafricaine\/?p=8279"},"modified":"2021-06-21T20:42:53","modified_gmt":"2021-06-21T20:42:53","slug":"en-centrafrique-les-mercenaires-de-wagner-accuses-dun-nouveau-massacre-dans-le-centre-nord","status":"publish","type":"post","link":"https:\/\/www.africa-press.net\/centrafricaine\/politique\/en-centrafrique-les-mercenaires-de-wagner-accuses-dun-nouveau-massacre-dans-le-centre-nord","title":{"rendered":"les mercenaires de Wagner accus\u00e9s d\u2019un nouveau massacre dans le centre nord"},"content":{"rendered":"<p><span style=\"color: #ff6600\"><strong><a href=\"https:\/\/www.africa-press.net\/\">Africa-Press<\/a> &#8211; <a href=\"https:\/\/www.africa-press.net\/centrafricaine\">CentrAfricaine<\/a>. <\/strong><\/span>\u00a0Les faits sont graves, tr\u00e8s graves. Les gens souffrent, et continuent malheureusement de souffrir. Au village A\u00efgbado, dans la pr\u00e9fecture de la Haute-Kotto, les habitants ne savent d\u00e9sormais \u00e0 quel saint se vouer. Apr\u00e8s avoir \u00e9t\u00e9 s\u00e9questr\u00e9s par les rebelles du CPC le jeudi 10 juin dernier, c\u2019est d\u00e9sormais le tour des mercenaires russes de proc\u00e9der au massacre ainsi qu\u2019au pillage dudit village ce samedi 19 juin 2021.<\/p>\n<p>Les habitants du village A\u00efgbado, situ\u00e9 \u00e0 75 kilom\u00e8tres de Bria sur l\u2019axe Nd\u00e9l\u00e9 sont r\u00e9solument pris en otage entre les rebelles et les mercenaires russes de la soci\u00e9t\u00e9 Wagner. Alors que les combattants rebelles et l\u2019arm\u00e9e nationale appuy\u00e9e par les mercenaires russes s\u2019accusent mutuellement d\u2019\u00eatre responsables de l\u2019aggravation de la situation s\u00e9curitaire dans le pays, les incendies, les pillages ainsi que de multiples assassinats dans le centre nord de la R\u00e9publique centrafricaine (RCA) ont fait fuir des milliers de villageois.<\/p>\n<p>Ce samedi 19 juin, peu avant midi, les mercenaires de Wagner ont fait leur retour dans le village A\u00efgbado deux semaines apr\u00e8s leur premier passage. Mais cette fois, ce n\u2019est plus les rebelles du CPC qui sont dans leur viseur, mais les populations civiles.<\/p>\n<p>Apr\u00e8s leur arriv\u00e9e dans le village, ils commencent \u00e0 demander plusieurs fois ou sont les rebelles. Le chef du village et d\u2019autres habitants leur ont dit que les rebelles ne sont plus l\u00e0. Ils auraient quitt\u00e9 le village plusieurs heures avant l\u2019arriv\u00e9e des hommes de Wagner qui sont de plus en plus sur leurs nerfs. Ainsi, ils demandent aux populations la direction dans laquelle les rebelles ont emprunt\u00e9 pour s\u2019enfuir. On leur a montr\u00e9, puis ils faisaient comme s\u2019ils poursuivaient les rebelles. Mais 300 m\u00e8tres plus loin, derri\u00e8re une rivi\u00e8re qui s\u00e9pare le village, ils ont commenc\u00e9 \u00e0 arr\u00eater les gens puis les ex\u00e9cuter avant de faire des tirs assourdissants. Tous les habitants ont d\u00fb s\u2019enfuir dans la brousse, laissant leurs habitations \u00e0 la merci des mercenaires de Wagner qui ont mis le feu sur une cinquantaine. Un v\u00e9ritable crime!<\/p>\n<p>Pour l\u2019heure, personne ne se trouve actuellement au village A\u00efgbado, mais les mercenaires de Wagner se trouvent sur place dans l\u2019espoir de d\u00e9busquer les rebelles qui seront de retour.<\/p>\n<p>Le bilan provisoire fait \u00e9tat d\u2019une dizaine des personnes assassin\u00e9es, et \u2018une cinquantaine des maisons incendi\u00e9es.<\/p>\n<p><b>\u00a0<\/b><\/p>\n","protected":false},"excerpt":{"rendered":"<p>Africa-Press &#8211; CentrAfricaine. \u00a0Les faits sont graves, tr\u00e8s graves. Les gens souffrent, et continuent malheureusement de souffrir. Au village A\u00efgbado, dans la pr\u00e9fecture de la Haute-Kotto, les habitants ne savent d\u00e9sormais \u00e0 quel saint se vouer. Apr\u00e8s avoir \u00e9t\u00e9 s\u00e9questr\u00e9s par les rebelles du CPC le jeudi 10 juin dernier, c\u2019est d\u00e9sormais le tour des [&hellip;]<\/p>\n","protected":false},"author":82,"featured_media":8278,"comment_status":"open","ping_status":"closed","sticky":false,"template":"","format":"standard","meta":{"footnotes":""},"categories":[11,2,20,10],"tags":[36,58,30],"class_list":["post-8279","post","type-post","status-publish","format-standard","has-post-thumbnail","hentry","category-homepage-french","category-politique","category-top-nouvelles","category-toutes-les-actualites","tag-africa-press","tag-africa-press-centrafricaine","tag-centrafricaine"],"yoast_head":"<!-- This site is optimized with the Yoast SEO Premium plugin v26.1 (Yoast SEO v27.0) - https:\/\/yoast.com\/product\/yoast-seo-premium-wordpress\/ -->\n<title>les mercenaires de Wagner accus\u00e9s d\u2019un nouveau massacre dans le centre nord - centrafricaine<\/title>\n<meta name=\"description\" content=\"Bangui, R\u00e9publique centrafricaine, lundi, 21 juin 2021, 09:23:08 ( Corbeaunews-Centrafrique ). Les faits sont gr ...\" \/>\n<meta name=\"robots\" content=\"index, follow, max-snippet:-1, max-image-preview:large, max-video-preview:-1\" \/>\n<link rel=\"canonical\" href=\"https:\/\/www.africa-press.net\/centrafricaine\/politique\/en-centrafrique-les-mercenaires-de-wagner-accuses-dun-nouveau-massacre-dans-le-centre-nord\" \/>\n<meta property=\"og:locale\" content=\"fr_FR\" \/>\n<meta property=\"og:type\" content=\"article\" \/>\n<meta property=\"og:title\" content=\"les mercenaires de Wagner accus\u00e9s d\u2019un nouveau massacre dans le centre nord\" \/>\n<meta property=\"og:description\" content=\"Bangui, R\u00e9publique centrafricaine, lundi, 21 juin 2021, 09:23:08 ( Corbeaunews-Centrafrique ). Les faits sont gr ...\" \/>\n<meta property=\"og:url\" content=\"https:\/\/www.africa-press.net\/centrafricaine\/politique\/en-centrafrique-les-mercenaires-de-wagner-accuses-dun-nouveau-massacre-dans-le-centre-nord\" \/>\n<meta property=\"og:site_name\" content=\"centrafricaine\" \/>\n<meta property=\"article:published_time\" content=\"2021-06-21T10:44:44+00:00\" \/>\n<meta property=\"article:modified_time\" content=\"2021-06-21T20:42:53+00:00\" \/>\n<meta property=\"og:image\" content=\"https:\/\/static.africa-press.net\/centrafricaine\/sites\/45\/2021\/06\/img-60d06c9ee965a.jpg\" \/>\n\t<meta property=\"og:image:width\" content=\"1000\" \/>\n\t<meta property=\"og:image:height\" content=\"638\" \/>\n\t<meta property=\"og:image:type\" content=\"image\/jpeg\" \/>\n<meta name=\"author\" content=\"cfeditorfr\" \/>\n<meta name=\"twitter:card\" content=\"summary_large_image\" \/>\n<meta name=\"twitter:label1\" content=\"\u00c9crit par\" \/>\n\t<meta name=\"twitter:data1\" content=\"cfeditorfr\" \/>\n\t<meta name=\"twitter:label2\" content=\"Dur\u00e9e de lecture estim\u00e9e\" \/>\n\t<meta name=\"twitter:data2\" content=\"2 minutes\" \/>\n<script type=\"application\/ld+json\" class=\"yoast-schema-graph\">{\"@context\":\"https:\/\/schema.org\",\"@graph\":[{\"@type\":\"Article\",\"@id\":\"https:\/\/www.africa-press.net\/centrafricaine\/politique\/en-centrafrique-les-mercenaires-de-wagner-accuses-dun-nouveau-massacre-dans-le-centre-nord#article\",\"isPartOf\":{\"@id\":\"https:\/\/www.africa-press.net\/centrafricaine\/politique\/en-centrafrique-les-mercenaires-de-wagner-accuses-dun-nouveau-massacre-dans-le-centre-nord\"},\"author\":{\"name\":\"cfeditorfr\",\"@id\":\"https:\/\/www.africa-press.net\/centrafricaine\/#\/schema\/person\/2b1cf3cd81a31e3cd26889ca66d677f1\"},\"headline\":\"les mercenaires de Wagner accus\u00e9s d\u2019un nouveau massacre dans le centre nord\",\"datePublished\":\"2021-06-21T10:44:44+00:00\",\"dateModified\":\"2021-06-21T20:42:53+00:00\",\"mainEntityOfPage\":{\"@id\":\"https:\/\/www.africa-press.net\/centrafricaine\/politique\/en-centrafrique-les-mercenaires-de-wagner-accuses-dun-nouveau-massacre-dans-le-centre-nord\"},\"wordCount\":434,\"commentCount\":0,\"image\":{\"@id\":\"https:\/\/www.africa-press.net\/centrafricaine\/politique\/en-centrafrique-les-mercenaires-de-wagner-accuses-dun-nouveau-massacre-dans-le-centre-nord#primaryimage\"},\"thumbnailUrl\":\"https:\/\/static.africa-press.net\/centrafricaine\/sites\/45\/2021\/06\/img-60d06c9ee965a.jpg\",\"keywords\":[\"Africa Press\",\"Africa Press-CentrAfricaine\",\"CentrAfricaine\"],\"articleSection\":[\"homepage-french\",\"Politique\",\"Top Nouvelles\",\"Toutes les actualit\u00e9s\"],\"inLanguage\":\"fr-FR\",\"potentialAction\":[{\"@type\":\"CommentAction\",\"name\":\"Comment\",\"target\":[\"https:\/\/www.africa-press.net\/centrafricaine\/politique\/en-centrafrique-les-mercenaires-de-wagner-accuses-dun-nouveau-massacre-dans-le-centre-nord#respond\"]}]},{\"@type\":\"WebPage\",\"@id\":\"https:\/\/www.africa-press.net\/centrafricaine\/politique\/en-centrafrique-les-mercenaires-de-wagner-accuses-dun-nouveau-massacre-dans-le-centre-nord\",\"url\":\"https:\/\/www.africa-press.net\/centrafricaine\/politique\/en-centrafrique-les-mercenaires-de-wagner-accuses-dun-nouveau-massacre-dans-le-centre-nord\",\"name\":\"les mercenaires de Wagner accus\u00e9s d\u2019un nouveau massacre dans le centre nord - centrafricaine\",\"isPartOf\":{\"@id\":\"https:\/\/www.africa-press.net\/centrafricaine\/#website\"},\"primaryImageOfPage\":{\"@id\":\"https:\/\/www.africa-press.net\/centrafricaine\/politique\/en-centrafrique-les-mercenaires-de-wagner-accuses-dun-nouveau-massacre-dans-le-centre-nord#primaryimage\"},\"image\":{\"@id\":\"https:\/\/www.africa-press.net\/centrafricaine\/politique\/en-centrafrique-les-mercenaires-de-wagner-accuses-dun-nouveau-massacre-dans-le-centre-nord#primaryimage\"},\"thumbnailUrl\":\"https:\/\/static.africa-press.net\/centrafricaine\/sites\/45\/2021\/06\/img-60d06c9ee965a.jpg\",\"datePublished\":\"2021-06-21T10:44:44+00:00\",\"dateModified\":\"2021-06-21T20:42:53+00:00\",\"author\":{\"@id\":\"https:\/\/www.africa-press.net\/centrafricaine\/#\/schema\/person\/2b1cf3cd81a31e3cd26889ca66d677f1\"},\"description\":\"Bangui, R\u00e9publique centrafricaine, lundi, 21 juin 2021, 09:23:08 ( Corbeaunews-Centrafrique ). Les faits sont gr ...\",\"breadcrumb\":{\"@id\":\"https:\/\/www.africa-press.net\/centrafricaine\/politique\/en-centrafrique-les-mercenaires-de-wagner-accuses-dun-nouveau-massacre-dans-le-centre-nord#breadcrumb\"},\"inLanguage\":\"fr-FR\",\"potentialAction\":[{\"@type\":\"ReadAction\",\"target\":[\"https:\/\/www.africa-press.net\/centrafricaine\/politique\/en-centrafrique-les-mercenaires-de-wagner-accuses-dun-nouveau-massacre-dans-le-centre-nord\"]}]},{\"@type\":\"ImageObject\",\"inLanguage\":\"fr-FR\",\"@id\":\"https:\/\/www.africa-press.net\/centrafricaine\/politique\/en-centrafrique-les-mercenaires-de-wagner-accuses-dun-nouveau-massacre-dans-le-centre-nord#primaryimage\",\"url\":\"https:\/\/static.africa-press.net\/centrafricaine\/sites\/45\/2021\/06\/img-60d06c9ee965a.jpg\",\"contentUrl\":\"https:\/\/static.africa-press.net\/centrafricaine\/sites\/45\/2021\/06\/img-60d06c9ee965a.jpg\",\"width\":1000,\"height\":638,\"caption\":\"En Centrafrique, les mercenaires de Wagner accus\u00e9s d\u2019un nouveau massacre dans le centre nord\"},{\"@type\":\"BreadcrumbList\",\"@id\":\"https:\/\/www.africa-press.net\/centrafricaine\/politique\/en-centrafrique-les-mercenaires-de-wagner-accuses-dun-nouveau-massacre-dans-le-centre-nord#breadcrumb\",\"itemListElement\":[{\"@type\":\"ListItem\",\"position\":1,\"name\":\"Accueil\",\"item\":\"https:\/\/www.africa-press.net\/centrafricaine\/\"},{\"@type\":\"ListItem\",\"position\":2,\"name\":\"les mercenaires de Wagner accus\u00e9s d\u2019un nouveau massacre dans le centre nord\"}]},{\"@type\":\"WebSite\",\"@id\":\"https:\/\/www.africa-press.net\/centrafricaine\/#website\",\"url\":\"https:\/\/www.africa-press.net\/centrafricaine\/\",\"name\":\"centrafricaine\",\"description\":\"Just another Africa News Agency Sites site\",\"potentialAction\":[{\"@type\":\"SearchAction\",\"target\":{\"@type\":\"EntryPoint\",\"urlTemplate\":\"https:\/\/www.africa-press.net\/centrafricaine\/?s={search_term_string}\"},\"query-input\":{\"@type\":\"PropertyValueSpecification\",\"valueRequired\":true,\"valueName\":\"search_term_string\"}}],\"inLanguage\":\"fr-FR\"},{\"@type\":\"Person\",\"@id\":\"https:\/\/www.africa-press.net\/centrafricaine\/#\/schema\/person\/2b1cf3cd81a31e3cd26889ca66d677f1\",\"name\":\"cfeditorfr\"}]}<\/script>\n<!-- \/ Yoast SEO Premium plugin. -->","yoast_head_json":{"title":"les mercenaires de Wagner accus\u00e9s d\u2019un nouveau massacre dans le centre nord - centrafricaine","description":"Bangui, R\u00e9publique centrafricaine, lundi, 21 juin 2021, 09:23:08 ( Corbeaunews-Centrafrique ). Les faits sont gr ...","robots":{"index":"index","follow":"follow","max-snippet":"max-snippet:-1","max-image-preview":"max-image-preview:large","max-video-preview":"max-video-preview:-1"},"canonical":"https:\/\/www.africa-press.net\/centrafricaine\/politique\/en-centrafrique-les-mercenaires-de-wagner-accuses-dun-nouveau-massacre-dans-le-centre-nord","og_locale":"fr_FR","og_type":"article","og_title":"les mercenaires de Wagner accus\u00e9s d\u2019un nouveau massacre dans le centre nord","og_description":"Bangui, R\u00e9publique centrafricaine, lundi, 21 juin 2021, 09:23:08 ( Corbeaunews-Centrafrique ). Les faits sont gr ...","og_url":"https:\/\/www.africa-press.net\/centrafricaine\/politique\/en-centrafrique-les-mercenaires-de-wagner-accuses-dun-nouveau-massacre-dans-le-centre-nord","og_site_name":"centrafricaine","article_published_time":"2021-06-21T10:44:44+00:00","article_modified_time":"2021-06-21T20:42:53+00:00","og_image":[{"width":1000,"height":638,"url":"https:\/\/static.africa-press.net\/centrafricaine\/sites\/45\/2021\/06\/img-60d06c9ee965a.jpg","type":"image\/jpeg"}],"author":"cfeditorfr","twitter_card":"summary_large_image","twitter_misc":{"\u00c9crit par":"cfeditorfr","Dur\u00e9e de lecture estim\u00e9e":"2 minutes"},"schema":{"@context":"https:\/\/schema.org","@graph":[{"@type":"Article","@id":"https:\/\/www.africa-press.net\/centrafricaine\/politique\/en-centrafrique-les-mercenaires-de-wagner-accuses-dun-nouveau-massacre-dans-le-centre-nord#article","isPartOf":{"@id":"https:\/\/www.africa-press.net\/centrafricaine\/politique\/en-centrafrique-les-mercenaires-de-wagner-accuses-dun-nouveau-massacre-dans-le-centre-nord"},"author":{"name":"cfeditorfr","@id":"https:\/\/www.africa-press.net\/centrafricaine\/#\/schema\/person\/2b1cf3cd81a31e3cd26889ca66d677f1"},"headline":"les mercenaires de Wagner accus\u00e9s d\u2019un nouveau massacre dans le centre nord","datePublished":"2021-06-21T10:44:44+00:00","dateModified":"2021-06-21T20:42:53+00:00","mainEntityOfPage":{"@id":"https:\/\/www.africa-press.net\/centrafricaine\/politique\/en-centrafrique-les-mercenaires-de-wagner-accuses-dun-nouveau-massacre-dans-le-centre-nord"},"wordCount":434,"commentCount":0,"image":{"@id":"https:\/\/www.africa-press.net\/centrafricaine\/politique\/en-centrafrique-les-mercenaires-de-wagner-accuses-dun-nouveau-massacre-dans-le-centre-nord#primaryimage"},"thumbnailUrl":"https:\/\/static.africa-press.net\/centrafricaine\/sites\/45\/2021\/06\/img-60d06c9ee965a.jpg","keywords":["Africa Press","Africa Press-CentrAfricaine","CentrAfricaine"],"articleSection":["homepage-french","Politique","Top Nouvelles","Toutes les actualit\u00e9s"],"inLanguage":"fr-FR","potentialAction":[{"@type":"CommentAction","name":"Comment","target":["https:\/\/www.africa-press.net\/centrafricaine\/politique\/en-centrafrique-les-mercenaires-de-wagner-accuses-dun-nouveau-massacre-dans-le-centre-nord#respond"]}]},{"@type":"WebPage","@id":"https:\/\/www.africa-press.net\/centrafricaine\/politique\/en-centrafrique-les-mercenaires-de-wagner-accuses-dun-nouveau-massacre-dans-le-centre-nord","url":"https:\/\/www.africa-press.net\/centrafricaine\/politique\/en-centrafrique-les-mercenaires-de-wagner-accuses-dun-nouveau-massacre-dans-le-centre-nord","name":"les mercenaires de Wagner accus\u00e9s d\u2019un nouveau massacre dans le centre nord - centrafricaine","isPartOf":{"@id":"https:\/\/www.africa-press.net\/centrafricaine\/#website"},"primaryImageOfPage":{"@id":"https:\/\/www.africa-press.net\/centrafricaine\/politique\/en-centrafrique-les-mercenaires-de-wagner-accuses-dun-nouveau-massacre-dans-le-centre-nord#primaryimage"},"image":{"@id":"https:\/\/www.africa-press.net\/centrafricaine\/politique\/en-centrafrique-les-mercenaires-de-wagner-accuses-dun-nouveau-massacre-dans-le-centre-nord#primaryimage"},"thumbnailUrl":"https:\/\/static.africa-press.net\/centrafricaine\/sites\/45\/2021\/06\/img-60d06c9ee965a.jpg","datePublished":"2021-06-21T10:44:44+00:00","dateModified":"2021-06-21T20:42:53+00:00","author":{"@id":"https:\/\/www.africa-press.net\/centrafricaine\/#\/schema\/person\/2b1cf3cd81a31e3cd26889ca66d677f1"},"description":"Bangui, R\u00e9publique centrafricaine, lundi, 21 juin 2021, 09:23:08 ( Corbeaunews-Centrafrique ). Les faits sont gr ...","breadcrumb":{"@id":"https:\/\/www.africa-press.net\/centrafricaine\/politique\/en-centrafrique-les-mercenaires-de-wagner-accuses-dun-nouveau-massacre-dans-le-centre-nord#breadcrumb"},"inLanguage":"fr-FR","potentialAction":[{"@type":"ReadAction","target":["https:\/\/www.africa-press.net\/centrafricaine\/politique\/en-centrafrique-les-mercenaires-de-wagner-accuses-dun-nouveau-massacre-dans-le-centre-nord"]}]},{"@type":"ImageObject","inLanguage":"fr-FR","@id":"https:\/\/www.africa-press.net\/centrafricaine\/politique\/en-centrafrique-les-mercenaires-de-wagner-accuses-dun-nouveau-massacre-dans-le-centre-nord#primaryimage","url":"https:\/\/static.africa-press.net\/centrafricaine\/sites\/45\/2021\/06\/img-60d06c9ee965a.jpg","contentUrl":"https:\/\/static.africa-press.net\/centrafricaine\/sites\/45\/2021\/06\/img-60d06c9ee965a.jpg","width":1000,"height":638,"caption":"En Centrafrique, les mercenaires de Wagner accus\u00e9s d\u2019un nouveau massacre dans le centre nord"},{"@type":"BreadcrumbList","@id":"https:\/\/www.africa-press.net\/centrafricaine\/politique\/en-centrafrique-les-mercenaires-de-wagner-accuses-dun-nouveau-massacre-dans-le-centre-nord#breadcrumb","itemListElement":[{"@type":"ListItem","position":1,"name":"Accueil","item":"https:\/\/www.africa-press.net\/centrafricaine\/"},{"@type":"ListItem","position":2,"name":"les mercenaires de Wagner accus\u00e9s d\u2019un nouveau massacre dans le centre nord"}]},{"@type":"WebSite","@id":"https:\/\/www.africa-press.net\/centrafricaine\/#website","url":"https:\/\/www.africa-press.net\/centrafricaine\/","name":"centrafricaine","description":"Just another Africa News Agency Sites site","potentialAction":[{"@type":"SearchAction","target":{"@type":"EntryPoint","urlTemplate":"https:\/\/www.africa-press.net\/centrafricaine\/?s={search_term_string}"},"query-input":{"@type":"PropertyValueSpecification","valueRequired":true,"valueName":"search_term_string"}}],"inLanguage":"fr-FR"},{"@type":"Person","@id":"https:\/\/www.africa-press.net\/centrafricaine\/#\/schema\/person\/2b1cf3cd81a31e3cd26889ca66d677f1","name":"cfeditorfr"}]}},"_links":{"self":[{"href":"https:\/\/www.africa-press.net\/centrafricaine\/wp-json\/wp\/v2\/posts\/8279","targetHints":{"allow":["GET"]}}],"collection":[{"href":"https:\/\/www.africa-press.net\/centrafricaine\/wp-json\/wp\/v2\/posts"}],"about":[{"href":"https:\/\/www.africa-press.net\/centrafricaine\/wp-json\/wp\/v2\/types\/post"}],"author":[{"embeddable":true,"href":"https:\/\/www.africa-press.net\/centrafricaine\/wp-json\/wp\/v2\/users\/82"}],"replies":[{"embeddable":true,"href":"https:\/\/www.africa-press.net\/centrafricaine\/wp-json\/wp\/v2\/comments?post=8279"}],"version-history":[{"count":0,"href":"https:\/\/www.africa-press.net\/centrafricaine\/wp-json\/wp\/v2\/posts\/8279\/revisions"}],"wp:featuredmedia":[{"embeddable":true,"href":"https:\/\/www.africa-press.net\/centrafricaine\/wp-json\/wp\/v2\/media\/8278"}],"wp:attachment":[{"href":"https:\/\/www.africa-press.net\/centrafricaine\/wp-json\/wp\/v2\/media?parent=8279"}],"wp:term":[{"taxonomy":"category","embeddable":true,"href":"https:\/\/www.africa-press.net\/centrafricaine\/wp-json\/wp\/v2\/categories?post=8279"},{"taxonomy":"post_tag","embeddable":true,"href":"https:\/\/www.africa-press.net\/centrafricaine\/wp-json\/wp\/v2\/tags?post=8279"}],"curies":[{"name":"wp","href":"https:\/\/api.w.org\/{rel}","templated":true}]}}