{"id":8282,"date":"2021-06-21T10:53:26","date_gmt":"2021-06-21T10:53:26","guid":{"rendered":"https:\/\/www.africa-press.net\/centrafricaine\/?p=8282"},"modified":"2021-06-21T20:43:04","modified_gmt":"2021-06-21T20:43:04","slug":"bangui-une-manifestation-contre-les-exactions-des-mercenaires-de-wagner-se-prepare-au-km5","status":"publish","type":"post","link":"https:\/\/www.africa-press.net\/centrafricaine\/politique\/bangui-une-manifestation-contre-les-exactions-des-mercenaires-de-wagner-se-prepare-au-km5","title":{"rendered":"Bangui, une manifestation contre les exactions des mercenaires de Wagner se pr\u00e9pare au KM5"},"content":{"rendered":"<p><span style=\"color: #ff6600\"><strong><a href=\"https:\/\/www.africa-press.net\/\">Africa-Press<\/a> &#8211; <a href=\"https:\/\/www.africa-press.net\/centrafricaine\">CentrAfricaine<\/a>.\u00a0 <\/strong><\/span>\u00a0Une forte mobilisation est en cours dans le troisi\u00e8me arrondissement de Bangui pour d\u00e9noncer les exactions cibl\u00e9es des mercenaires russes et syriens de la soci\u00e9t\u00e9 Wagner contre la communaut\u00e9 musulmane de Bambari, Boda, Kaga-Bandoro, koui et d\u2019ailleurs.<\/p>\n<p>Selon les organisateurs, \u00ab les musulmans du KM5 s\u2019opposent aux m\u00e9thodes brutales de ces mercenaires russes de Wagner qui agissent impun\u00e9ment en toute violation des droits de l\u2019homme tout en appelant la communaut\u00e9 internationale \u00e0 faire cesser ces exactions \u00bb.<\/p>\n<p>D\u2019apr\u00e8s eux, les mercenaires de Wagner \u00e0 Bambari comme \u00e0 Bria, Boda et Kaga-Bandoro\u2026, multiplient des exactions exclusivement contre les sujets musulmans. Ils pillent leurs boutiques, ils les enl\u00e8vent, les tuent impun\u00e9ment, et ce, sous la complicit\u00e9 des autorit\u00e9s de Bangui qui nient cat\u00e9goriquement les all\u00e9gations de crime imput\u00e9es aux mercenaires de Wagner.<\/p>\n<p>Selon une enqu\u00eate de CNN et du groupe am\u00e9ricain the Sentry, en R\u00e9publique centrafricaine, des meurtres et ex\u00e9cutions, des cas de torture, de pillage, d\u2019enl\u00e8vements contre ran\u00e7on et de viols collectifs : \u00ab Des civils pourchass\u00e9s comme des animaux \u00bb sont perp\u00e9tr\u00e9s r\u00e9guli\u00e8rement par les mercenaires russes sur les populations civiles dans certaines villes de provinces comme \u00e0 Bambari, Bria, Boda etc.<\/p>\n<p>Pour de nombreux notables musulmans, le comportement criminel des mercenaires de Wagner contre la communaut\u00e9 musulmane est sans doute une forme d\u2019\u00e9puration ethnique, un crime contre l\u2019humanit\u00e9, un crime de guerre, pour ne pas dire un g\u00e9nocide.<\/p>\n<p>Rien que pour la semaine derni\u00e8re, six jeunes musulmans ont \u00e9t\u00e9 tu\u00e9s \u00e0 Bria par les mercenaires russes de Wagner, cinq jeunes femmes ont \u00e9galement \u00e9t\u00e9 tu\u00e9es par les m\u00eames mercenaires dans le village Sara\u00efbo vers Nd\u00e9l\u00e9 en allant vers la fronti\u00e8re avec le Soudan, puis le sultan maire de koui, son adjoint ainsi que son garde du corps ont aussi \u00e9t\u00e9 assassin\u00e9s par les hommes de Wagner. Les victimes sont toutes de la religion musulmane.<\/p>\n<p>Plus \u00e9tonnant dans cette affaire, les autorit\u00e9s centrafricaines nient cat\u00e9goriquement l\u2019implication de ces mercenaires russes et syriens de Wagner dans ces crimes. Ils tentent toujours de les prot\u00e9ger.<\/p>\n<p>Rappelons que la soci\u00e9t\u00e9 de paramilitaires Russes Wagner avait d\u00e9ploy\u00e9 plusieurs milliers de ses hommes en R\u00e9publique centrafricaine pour appuyer les soldats de l\u2019arm\u00e9e nationale dans son offensive militaire contre les rebelles de la coalition des patriotes pour le changement (CPC). Mais lors de leur offensive, les paramilitaires de Wagner sont accus\u00e9s d\u2019avoir commis de nombreux crimes de guerre, crime contre l\u2019humanit\u00e9\u2026.<\/p>\n<p><b>\u00a0<\/b><\/p>\n","protected":false},"excerpt":{"rendered":"<p>Africa-Press &#8211; CentrAfricaine.\u00a0 \u00a0Une forte mobilisation est en cours dans le troisi\u00e8me arrondissement de Bangui pour d\u00e9noncer les exactions cibl\u00e9es des mercenaires russes et syriens de la soci\u00e9t\u00e9 Wagner contre la communaut\u00e9 musulmane de Bambari, Boda, Kaga-Bandoro, koui et d\u2019ailleurs. Selon les organisateurs, \u00ab les musulmans du KM5 s\u2019opposent aux m\u00e9thodes brutales de ces mercenaires [&hellip;]<\/p>\n","protected":false},"author":82,"featured_media":8281,"comment_status":"open","ping_status":"closed","sticky":false,"template":"","format":"standard","meta":{"footnotes":""},"categories":[11,2,20,10],"tags":[36,58,30],"class_list":["post-8282","post","type-post","status-publish","format-standard","has-post-thumbnail","hentry","category-homepage-french","category-politique","category-top-nouvelles","category-toutes-les-actualites","tag-africa-press","tag-africa-press-centrafricaine","tag-centrafricaine"],"yoast_head":"<!-- This site is optimized with the Yoast SEO Premium plugin v26.1 (Yoast SEO v27.0) - https:\/\/yoast.com\/product\/yoast-seo-premium-wordpress\/ -->\n<title>Bangui, une manifestation contre les exactions des mercenaires de Wagner se pr\u00e9pare au KM5 - centrafricaine<\/title>\n<meta name=\"description\" content=\"Bangui, R\u00e9publique centrafricaine, lundi, 21 juin 2021, 03:45:44 ( Corbeaunews-Centrafrique ). Une forte mobilis ...\" \/>\n<meta name=\"robots\" content=\"index, follow, max-snippet:-1, max-image-preview:large, max-video-preview:-1\" \/>\n<link rel=\"canonical\" href=\"https:\/\/www.africa-press.net\/centrafricaine\/politique\/bangui-une-manifestation-contre-les-exactions-des-mercenaires-de-wagner-se-prepare-au-km5\" \/>\n<meta property=\"og:locale\" content=\"fr_FR\" \/>\n<meta property=\"og:type\" content=\"article\" \/>\n<meta property=\"og:title\" content=\"Bangui, une manifestation contre les exactions des mercenaires de Wagner se pr\u00e9pare au KM5\" \/>\n<meta property=\"og:description\" content=\"Bangui, R\u00e9publique centrafricaine, lundi, 21 juin 2021, 03:45:44 ( Corbeaunews-Centrafrique ). Une forte mobilis ...\" \/>\n<meta property=\"og:url\" content=\"https:\/\/www.africa-press.net\/centrafricaine\/politique\/bangui-une-manifestation-contre-les-exactions-des-mercenaires-de-wagner-se-prepare-au-km5\" \/>\n<meta property=\"og:site_name\" content=\"centrafricaine\" \/>\n<meta property=\"article:published_time\" content=\"2021-06-21T10:53:26+00:00\" \/>\n<meta property=\"article:modified_time\" content=\"2021-06-21T20:43:04+00:00\" \/>\n<meta property=\"og:image\" content=\"https:\/\/static.africa-press.net\/centrafricaine\/sites\/45\/2021\/06\/img-60d06cc99a244.jpg\" \/>\n\t<meta property=\"og:image:width\" content=\"750\" \/>\n\t<meta property=\"og:image:height\" content=\"421\" \/>\n\t<meta property=\"og:image:type\" content=\"image\/jpeg\" \/>\n<meta name=\"author\" content=\"cfeditorfr\" \/>\n<meta name=\"twitter:card\" content=\"summary_large_image\" \/>\n<meta name=\"twitter:label1\" content=\"\u00c9crit par\" \/>\n\t<meta name=\"twitter:data1\" content=\"cfeditorfr\" \/>\n\t<meta name=\"twitter:label2\" content=\"Dur\u00e9e de lecture estim\u00e9e\" \/>\n\t<meta name=\"twitter:data2\" content=\"2 minutes\" \/>\n<script type=\"application\/ld+json\" class=\"yoast-schema-graph\">{\"@context\":\"https:\/\/schema.org\",\"@graph\":[{\"@type\":\"Article\",\"@id\":\"https:\/\/www.africa-press.net\/centrafricaine\/politique\/bangui-une-manifestation-contre-les-exactions-des-mercenaires-de-wagner-se-prepare-au-km5#article\",\"isPartOf\":{\"@id\":\"https:\/\/www.africa-press.net\/centrafricaine\/politique\/bangui-une-manifestation-contre-les-exactions-des-mercenaires-de-wagner-se-prepare-au-km5\"},\"author\":{\"name\":\"cfeditorfr\",\"@id\":\"https:\/\/www.africa-press.net\/centrafricaine\/#\/schema\/person\/2b1cf3cd81a31e3cd26889ca66d677f1\"},\"headline\":\"Bangui, une manifestation contre les exactions des mercenaires de Wagner se pr\u00e9pare au KM5\",\"datePublished\":\"2021-06-21T10:53:26+00:00\",\"dateModified\":\"2021-06-21T20:43:04+00:00\",\"mainEntityOfPage\":{\"@id\":\"https:\/\/www.africa-press.net\/centrafricaine\/politique\/bangui-une-manifestation-contre-les-exactions-des-mercenaires-de-wagner-se-prepare-au-km5\"},\"wordCount\":455,\"commentCount\":0,\"image\":{\"@id\":\"https:\/\/www.africa-press.net\/centrafricaine\/politique\/bangui-une-manifestation-contre-les-exactions-des-mercenaires-de-wagner-se-prepare-au-km5#primaryimage\"},\"thumbnailUrl\":\"https:\/\/static.africa-press.net\/centrafricaine\/sites\/45\/2021\/06\/img-60d06cc99a244.jpg\",\"keywords\":[\"Africa Press\",\"Africa Press-CentrAfricaine\",\"CentrAfricaine\"],\"articleSection\":[\"homepage-french\",\"Politique\",\"Top Nouvelles\",\"Toutes les actualit\u00e9s\"],\"inLanguage\":\"fr-FR\",\"potentialAction\":[{\"@type\":\"CommentAction\",\"name\":\"Comment\",\"target\":[\"https:\/\/www.africa-press.net\/centrafricaine\/politique\/bangui-une-manifestation-contre-les-exactions-des-mercenaires-de-wagner-se-prepare-au-km5#respond\"]}]},{\"@type\":\"WebPage\",\"@id\":\"https:\/\/www.africa-press.net\/centrafricaine\/politique\/bangui-une-manifestation-contre-les-exactions-des-mercenaires-de-wagner-se-prepare-au-km5\",\"url\":\"https:\/\/www.africa-press.net\/centrafricaine\/politique\/bangui-une-manifestation-contre-les-exactions-des-mercenaires-de-wagner-se-prepare-au-km5\",\"name\":\"Bangui, une manifestation contre les exactions des mercenaires de Wagner se pr\u00e9pare au KM5 - centrafricaine\",\"isPartOf\":{\"@id\":\"https:\/\/www.africa-press.net\/centrafricaine\/#website\"},\"primaryImageOfPage\":{\"@id\":\"https:\/\/www.africa-press.net\/centrafricaine\/politique\/bangui-une-manifestation-contre-les-exactions-des-mercenaires-de-wagner-se-prepare-au-km5#primaryimage\"},\"image\":{\"@id\":\"https:\/\/www.africa-press.net\/centrafricaine\/politique\/bangui-une-manifestation-contre-les-exactions-des-mercenaires-de-wagner-se-prepare-au-km5#primaryimage\"},\"thumbnailUrl\":\"https:\/\/static.africa-press.net\/centrafricaine\/sites\/45\/2021\/06\/img-60d06cc99a244.jpg\",\"datePublished\":\"2021-06-21T10:53:26+00:00\",\"dateModified\":\"2021-06-21T20:43:04+00:00\",\"author\":{\"@id\":\"https:\/\/www.africa-press.net\/centrafricaine\/#\/schema\/person\/2b1cf3cd81a31e3cd26889ca66d677f1\"},\"description\":\"Bangui, R\u00e9publique centrafricaine, lundi, 21 juin 2021, 03:45:44 ( Corbeaunews-Centrafrique ). Une forte mobilis ...\",\"breadcrumb\":{\"@id\":\"https:\/\/www.africa-press.net\/centrafricaine\/politique\/bangui-une-manifestation-contre-les-exactions-des-mercenaires-de-wagner-se-prepare-au-km5#breadcrumb\"},\"inLanguage\":\"fr-FR\",\"potentialAction\":[{\"@type\":\"ReadAction\",\"target\":[\"https:\/\/www.africa-press.net\/centrafricaine\/politique\/bangui-une-manifestation-contre-les-exactions-des-mercenaires-de-wagner-se-prepare-au-km5\"]}]},{\"@type\":\"ImageObject\",\"inLanguage\":\"fr-FR\",\"@id\":\"https:\/\/www.africa-press.net\/centrafricaine\/politique\/bangui-une-manifestation-contre-les-exactions-des-mercenaires-de-wagner-se-prepare-au-km5#primaryimage\",\"url\":\"https:\/\/static.africa-press.net\/centrafricaine\/sites\/45\/2021\/06\/img-60d06cc99a244.jpg\",\"contentUrl\":\"https:\/\/static.africa-press.net\/centrafricaine\/sites\/45\/2021\/06\/img-60d06cc99a244.jpg\",\"width\":750,\"height\":421,\"caption\":\"Bangui, une manifestation contre les exactions des mercenaires de Wagner se pr\u00e9pare au KM5\"},{\"@type\":\"BreadcrumbList\",\"@id\":\"https:\/\/www.africa-press.net\/centrafricaine\/politique\/bangui-une-manifestation-contre-les-exactions-des-mercenaires-de-wagner-se-prepare-au-km5#breadcrumb\",\"itemListElement\":[{\"@type\":\"ListItem\",\"position\":1,\"name\":\"Accueil\",\"item\":\"https:\/\/www.africa-press.net\/centrafricaine\/\"},{\"@type\":\"ListItem\",\"position\":2,\"name\":\"Bangui, une manifestation contre les exactions des mercenaires de Wagner se pr\u00e9pare au KM5\"}]},{\"@type\":\"WebSite\",\"@id\":\"https:\/\/www.africa-press.net\/centrafricaine\/#website\",\"url\":\"https:\/\/www.africa-press.net\/centrafricaine\/\",\"name\":\"centrafricaine\",\"description\":\"Just another Africa News Agency Sites site\",\"potentialAction\":[{\"@type\":\"SearchAction\",\"target\":{\"@type\":\"EntryPoint\",\"urlTemplate\":\"https:\/\/www.africa-press.net\/centrafricaine\/?s={search_term_string}\"},\"query-input\":{\"@type\":\"PropertyValueSpecification\",\"valueRequired\":true,\"valueName\":\"search_term_string\"}}],\"inLanguage\":\"fr-FR\"},{\"@type\":\"Person\",\"@id\":\"https:\/\/www.africa-press.net\/centrafricaine\/#\/schema\/person\/2b1cf3cd81a31e3cd26889ca66d677f1\",\"name\":\"cfeditorfr\"}]}<\/script>\n<!-- \/ Yoast SEO Premium plugin. -->","yoast_head_json":{"title":"Bangui, une manifestation contre les exactions des mercenaires de Wagner se pr\u00e9pare au KM5 - centrafricaine","description":"Bangui, R\u00e9publique centrafricaine, lundi, 21 juin 2021, 03:45:44 ( Corbeaunews-Centrafrique ). Une forte mobilis ...","robots":{"index":"index","follow":"follow","max-snippet":"max-snippet:-1","max-image-preview":"max-image-preview:large","max-video-preview":"max-video-preview:-1"},"canonical":"https:\/\/www.africa-press.net\/centrafricaine\/politique\/bangui-une-manifestation-contre-les-exactions-des-mercenaires-de-wagner-se-prepare-au-km5","og_locale":"fr_FR","og_type":"article","og_title":"Bangui, une manifestation contre les exactions des mercenaires de Wagner se pr\u00e9pare au KM5","og_description":"Bangui, R\u00e9publique centrafricaine, lundi, 21 juin 2021, 03:45:44 ( Corbeaunews-Centrafrique ). Une forte mobilis ...","og_url":"https:\/\/www.africa-press.net\/centrafricaine\/politique\/bangui-une-manifestation-contre-les-exactions-des-mercenaires-de-wagner-se-prepare-au-km5","og_site_name":"centrafricaine","article_published_time":"2021-06-21T10:53:26+00:00","article_modified_time":"2021-06-21T20:43:04+00:00","og_image":[{"width":750,"height":421,"url":"https:\/\/static.africa-press.net\/centrafricaine\/sites\/45\/2021\/06\/img-60d06cc99a244.jpg","type":"image\/jpeg"}],"author":"cfeditorfr","twitter_card":"summary_large_image","twitter_misc":{"\u00c9crit par":"cfeditorfr","Dur\u00e9e de lecture estim\u00e9e":"2 minutes"},"schema":{"@context":"https:\/\/schema.org","@graph":[{"@type":"Article","@id":"https:\/\/www.africa-press.net\/centrafricaine\/politique\/bangui-une-manifestation-contre-les-exactions-des-mercenaires-de-wagner-se-prepare-au-km5#article","isPartOf":{"@id":"https:\/\/www.africa-press.net\/centrafricaine\/politique\/bangui-une-manifestation-contre-les-exactions-des-mercenaires-de-wagner-se-prepare-au-km5"},"author":{"name":"cfeditorfr","@id":"https:\/\/www.africa-press.net\/centrafricaine\/#\/schema\/person\/2b1cf3cd81a31e3cd26889ca66d677f1"},"headline":"Bangui, une manifestation contre les exactions des mercenaires de Wagner se pr\u00e9pare au KM5","datePublished":"2021-06-21T10:53:26+00:00","dateModified":"2021-06-21T20:43:04+00:00","mainEntityOfPage":{"@id":"https:\/\/www.africa-press.net\/centrafricaine\/politique\/bangui-une-manifestation-contre-les-exactions-des-mercenaires-de-wagner-se-prepare-au-km5"},"wordCount":455,"commentCount":0,"image":{"@id":"https:\/\/www.africa-press.net\/centrafricaine\/politique\/bangui-une-manifestation-contre-les-exactions-des-mercenaires-de-wagner-se-prepare-au-km5#primaryimage"},"thumbnailUrl":"https:\/\/static.africa-press.net\/centrafricaine\/sites\/45\/2021\/06\/img-60d06cc99a244.jpg","keywords":["Africa Press","Africa Press-CentrAfricaine","CentrAfricaine"],"articleSection":["homepage-french","Politique","Top Nouvelles","Toutes les actualit\u00e9s"],"inLanguage":"fr-FR","potentialAction":[{"@type":"CommentAction","name":"Comment","target":["https:\/\/www.africa-press.net\/centrafricaine\/politique\/bangui-une-manifestation-contre-les-exactions-des-mercenaires-de-wagner-se-prepare-au-km5#respond"]}]},{"@type":"WebPage","@id":"https:\/\/www.africa-press.net\/centrafricaine\/politique\/bangui-une-manifestation-contre-les-exactions-des-mercenaires-de-wagner-se-prepare-au-km5","url":"https:\/\/www.africa-press.net\/centrafricaine\/politique\/bangui-une-manifestation-contre-les-exactions-des-mercenaires-de-wagner-se-prepare-au-km5","name":"Bangui, une manifestation contre les exactions des mercenaires de Wagner se pr\u00e9pare au KM5 - centrafricaine","isPartOf":{"@id":"https:\/\/www.africa-press.net\/centrafricaine\/#website"},"primaryImageOfPage":{"@id":"https:\/\/www.africa-press.net\/centrafricaine\/politique\/bangui-une-manifestation-contre-les-exactions-des-mercenaires-de-wagner-se-prepare-au-km5#primaryimage"},"image":{"@id":"https:\/\/www.africa-press.net\/centrafricaine\/politique\/bangui-une-manifestation-contre-les-exactions-des-mercenaires-de-wagner-se-prepare-au-km5#primaryimage"},"thumbnailUrl":"https:\/\/static.africa-press.net\/centrafricaine\/sites\/45\/2021\/06\/img-60d06cc99a244.jpg","datePublished":"2021-06-21T10:53:26+00:00","dateModified":"2021-06-21T20:43:04+00:00","author":{"@id":"https:\/\/www.africa-press.net\/centrafricaine\/#\/schema\/person\/2b1cf3cd81a31e3cd26889ca66d677f1"},"description":"Bangui, R\u00e9publique centrafricaine, lundi, 21 juin 2021, 03:45:44 ( Corbeaunews-Centrafrique ). Une forte mobilis ...","breadcrumb":{"@id":"https:\/\/www.africa-press.net\/centrafricaine\/politique\/bangui-une-manifestation-contre-les-exactions-des-mercenaires-de-wagner-se-prepare-au-km5#breadcrumb"},"inLanguage":"fr-FR","potentialAction":[{"@type":"ReadAction","target":["https:\/\/www.africa-press.net\/centrafricaine\/politique\/bangui-une-manifestation-contre-les-exactions-des-mercenaires-de-wagner-se-prepare-au-km5"]}]},{"@type":"ImageObject","inLanguage":"fr-FR","@id":"https:\/\/www.africa-press.net\/centrafricaine\/politique\/bangui-une-manifestation-contre-les-exactions-des-mercenaires-de-wagner-se-prepare-au-km5#primaryimage","url":"https:\/\/static.africa-press.net\/centrafricaine\/sites\/45\/2021\/06\/img-60d06cc99a244.jpg","contentUrl":"https:\/\/static.africa-press.net\/centrafricaine\/sites\/45\/2021\/06\/img-60d06cc99a244.jpg","width":750,"height":421,"caption":"Bangui, une manifestation contre les exactions des mercenaires de Wagner se pr\u00e9pare au KM5"},{"@type":"BreadcrumbList","@id":"https:\/\/www.africa-press.net\/centrafricaine\/politique\/bangui-une-manifestation-contre-les-exactions-des-mercenaires-de-wagner-se-prepare-au-km5#breadcrumb","itemListElement":[{"@type":"ListItem","position":1,"name":"Accueil","item":"https:\/\/www.africa-press.net\/centrafricaine\/"},{"@type":"ListItem","position":2,"name":"Bangui, une manifestation contre les exactions des mercenaires de Wagner se pr\u00e9pare au KM5"}]},{"@type":"WebSite","@id":"https:\/\/www.africa-press.net\/centrafricaine\/#website","url":"https:\/\/www.africa-press.net\/centrafricaine\/","name":"centrafricaine","description":"Just another Africa News Agency Sites site","potentialAction":[{"@type":"SearchAction","target":{"@type":"EntryPoint","urlTemplate":"https:\/\/www.africa-press.net\/centrafricaine\/?s={search_term_string}"},"query-input":{"@type":"PropertyValueSpecification","valueRequired":true,"valueName":"search_term_string"}}],"inLanguage":"fr-FR"},{"@type":"Person","@id":"https:\/\/www.africa-press.net\/centrafricaine\/#\/schema\/person\/2b1cf3cd81a31e3cd26889ca66d677f1","name":"cfeditorfr"}]}},"_links":{"self":[{"href":"https:\/\/www.africa-press.net\/centrafricaine\/wp-json\/wp\/v2\/posts\/8282","targetHints":{"allow":["GET"]}}],"collection":[{"href":"https:\/\/www.africa-press.net\/centrafricaine\/wp-json\/wp\/v2\/posts"}],"about":[{"href":"https:\/\/www.africa-press.net\/centrafricaine\/wp-json\/wp\/v2\/types\/post"}],"author":[{"embeddable":true,"href":"https:\/\/www.africa-press.net\/centrafricaine\/wp-json\/wp\/v2\/users\/82"}],"replies":[{"embeddable":true,"href":"https:\/\/www.africa-press.net\/centrafricaine\/wp-json\/wp\/v2\/comments?post=8282"}],"version-history":[{"count":0,"href":"https:\/\/www.africa-press.net\/centrafricaine\/wp-json\/wp\/v2\/posts\/8282\/revisions"}],"wp:featuredmedia":[{"embeddable":true,"href":"https:\/\/www.africa-press.net\/centrafricaine\/wp-json\/wp\/v2\/media\/8281"}],"wp:attachment":[{"href":"https:\/\/www.africa-press.net\/centrafricaine\/wp-json\/wp\/v2\/media?parent=8282"}],"wp:term":[{"taxonomy":"category","embeddable":true,"href":"https:\/\/www.africa-press.net\/centrafricaine\/wp-json\/wp\/v2\/categories?post=8282"},{"taxonomy":"post_tag","embeddable":true,"href":"https:\/\/www.africa-press.net\/centrafricaine\/wp-json\/wp\/v2\/tags?post=8282"}],"curies":[{"name":"wp","href":"https:\/\/api.w.org\/{rel}","templated":true}]}}