{"id":8324,"date":"2021-06-22T09:45:21","date_gmt":"2021-06-22T09:45:21","guid":{"rendered":"https:\/\/www.africa-press.net\/centrafricaine\/?p=8324"},"modified":"2021-06-22T19:26:42","modified_gmt":"2021-06-22T19:26:42","slug":"ippy-les-soldats-faca-accuses-de-multiples-vols-et-de-braquages-a-la-methode-wagner","status":"publish","type":"post","link":"https:\/\/www.africa-press.net\/centrafricaine\/politique\/ippy-les-soldats-faca-accuses-de-multiples-vols-et-de-braquages-a-la-methode-wagner","title":{"rendered":"Ippy, les soldats FACA accus\u00e9s de multiples vols et de braquages \u00e0 la m\u00e9thode Wagner"},"content":{"rendered":"<p><span style=\"color: #ff6600\"><strong><a href=\"https:\/\/www.africa-press.net\/\">Africa-Press<\/a> &#8211; <a href=\"https:\/\/www.africa-press.net\/centrafricaine\">CentrAfricaine<\/a>.\u00a0 <\/strong><\/span>\u00a0Si le ma\u00eetre est un criminel, qu\u2019adviendra- il les \u00e9l\u00e8ve ? Sans doute, le cocktail FACA \u2013 Wagner est en train de devenir un explosif pour le peuple centrafricain. Si dans certaines villes du pays les populations ne cessent de d\u00e9noncer le comportement criminel des mercenaires de Wagner, \u00e0 Ippy, dans l\u2019Ouaka, ce sont plut\u00f4t les soldats FACA qui brillent malheureusement par de mauvais comportements jug\u00e9s plut\u00f4t psychopathiques, et ce, deux fois plus que les mercenaires de Wagner. L\u2019\u00e9l\u00e8ve va-t-il d\u00e9passer le ma\u00eetre ?<\/p>\n<p>Braquage \u00e0 domicile \u00e0 visage d\u00e9couvert, agression, viol, arrestation arbitraire, pillage et assassinat, telles sont les activit\u00e9s quotidiennes des soldats des forces arm\u00e9es centrafricaines \u00e0 Ippy, l\u2019une des cinq sous-pr\u00e9fectures de l\u2019Ouaka, au centre de la R\u00e9publique centrafricaine.<\/p>\n<p>&nbsp;<\/p>\n<p>Le 17 f\u00e9vrier dernier, la ville d\u2019Ippy, autrefois l\u2019un des bastions de l\u2019UPC dans l\u2019Ouaka, a \u00e9t\u00e9 reprise par les soldats de l\u2019arm\u00e9e nationale appuy\u00e9s par les mercenaires russes de la soci\u00e9t\u00e9 Wagner. Depuis cette date, les rebelles se sont repli\u00e9s dans la p\u00e9riph\u00e9rie d\u2019Ippy en allant vers Bria, mais aussi vers Bambari.<\/p>\n<p>Et ce n\u2019est pas tout ! Chaque entit\u00e9 \u00e9rige des barri\u00e8res \u00e0 l\u2019entr\u00e9e et \u00e0 la sortie d\u2019Ippy, et les transporteurs ont l\u2019obligation de faire doubles formalit\u00e9s aux rebelles ainsi qu\u2019aux soldats FACA. Mais ce n\u2019est pas le gros souci pour les habitants d\u2019Ippy. Pour eux, le viol, le vol, le pillage, le racket, la d\u00e9tention arbitraire et l\u2019assassinat sont de lot quotidien qui les pr\u00e9occupe.<\/p>\n<p>Pour les commer\u00e7ants locaux, la journ\u00e9e doit commencer \u00e0 10 heures pour finir au plus tard \u00e0 14 heures. Personne ne doit ouvrir les portes de sa boutique avant 10 heures, et apr\u00e8s 14 heures. Sinon, les cons\u00e9quences sont plus que fatales. Les FACA sont devenus plus qu\u2019ind\u00e9sirables. En plus, ils se sont organis\u00e9s \u00e0 ne pas faire de transfert de cr\u00e9dit \u00e0 un soldat FACA qui ne va pas d\u2019ailleurs le payer. Selon eux, c\u2019est une mesure banale pour \u00e9viter le braquage de leur commerce qui est devenu malheureusement quotidien. M\u00eame au domicile des particuliers, surtout au quartier Bornou, le vol des batteries, des panneaux solaires et d\u2019autres articles est devenu plus que r\u00e9gulier.<\/p>\n<p>Pas plus qu\u2019hier, un jeune commer\u00e7ant n\u2019a \u00e9t\u00e9 tu\u00e9 malheureusement par les soldats FACA qui ont confisqu\u00e9 plusieurs produits dans sa boutique. Et avant cela, il y a une semaine, un cultivateur, en rentrant de sa ferme, avait \u00e9t\u00e9 assassin\u00e9 par un mercenaire de Wagner. La ville est devenue une prison \u00e0 ciel ouvert pour ses habitants.<\/p>\n<p>&nbsp;<\/p>\n","protected":false},"excerpt":{"rendered":"<p>Africa-Press &#8211; CentrAfricaine.\u00a0 \u00a0Si le ma\u00eetre est un criminel, qu\u2019adviendra- il les \u00e9l\u00e8ve ? Sans doute, le cocktail FACA \u2013 Wagner est en train de devenir un explosif pour le peuple centrafricain. Si dans certaines villes du pays les populations ne cessent de d\u00e9noncer le comportement criminel des mercenaires de Wagner, \u00e0 Ippy, dans l\u2019Ouaka, [&hellip;]<\/p>\n","protected":false},"author":82,"featured_media":8323,"comment_status":"open","ping_status":"closed","sticky":false,"template":"","format":"standard","meta":{"footnotes":""},"categories":[11,2,20,10],"tags":[36,58,30],"class_list":["post-8324","post","type-post","status-publish","format-standard","has-post-thumbnail","hentry","category-homepage-french","category-politique","category-top-nouvelles","category-toutes-les-actualites","tag-africa-press","tag-africa-press-centrafricaine","tag-centrafricaine"],"yoast_head":"<!-- This site is optimized with the Yoast SEO Premium plugin v26.1 (Yoast SEO v27.0) - https:\/\/yoast.com\/product\/yoast-seo-premium-wordpress\/ -->\n<title>Ippy, les soldats FACA accus\u00e9s de multiples vols et de braquages \u00e0 la m\u00e9thode Wagner - centrafricaine<\/title>\n<meta name=\"description\" content=\"Bangui, R\u00e9publique centrafricaine, mardi, 22 juin 2021, 03:34:48 ( Corbeaunews-Centrafrique ). Si le ma\u00eetre est ...\" \/>\n<meta name=\"robots\" content=\"index, follow, max-snippet:-1, max-image-preview:large, max-video-preview:-1\" \/>\n<link rel=\"canonical\" href=\"https:\/\/www.africa-press.net\/centrafricaine\/politique\/ippy-les-soldats-faca-accuses-de-multiples-vols-et-de-braquages-a-la-methode-wagner\" \/>\n<meta property=\"og:locale\" content=\"fr_FR\" \/>\n<meta property=\"og:type\" content=\"article\" \/>\n<meta property=\"og:title\" content=\"Ippy, les soldats FACA accus\u00e9s de multiples vols et de braquages \u00e0 la m\u00e9thode Wagner\" \/>\n<meta property=\"og:description\" content=\"Bangui, R\u00e9publique centrafricaine, mardi, 22 juin 2021, 03:34:48 ( Corbeaunews-Centrafrique ). Si le ma\u00eetre est ...\" \/>\n<meta property=\"og:url\" content=\"https:\/\/www.africa-press.net\/centrafricaine\/politique\/ippy-les-soldats-faca-accuses-de-multiples-vols-et-de-braquages-a-la-methode-wagner\" \/>\n<meta property=\"og:site_name\" content=\"centrafricaine\" \/>\n<meta property=\"article:published_time\" content=\"2021-06-22T09:45:21+00:00\" \/>\n<meta property=\"article:modified_time\" content=\"2021-06-22T19:26:42+00:00\" \/>\n<meta property=\"og:image\" content=\"https:\/\/static.africa-press.net\/centrafricaine\/sites\/45\/2021\/06\/img-60d1aecc57df8.jpg\" \/>\n\t<meta property=\"og:image:width\" content=\"720\" \/>\n\t<meta property=\"og:image:height\" content=\"711\" \/>\n\t<meta property=\"og:image:type\" content=\"image\/jpeg\" \/>\n<meta name=\"author\" content=\"cfeditorfr\" \/>\n<meta name=\"twitter:card\" content=\"summary_large_image\" \/>\n<meta name=\"twitter:label1\" content=\"\u00c9crit par\" \/>\n\t<meta name=\"twitter:data1\" content=\"cfeditorfr\" \/>\n\t<meta name=\"twitter:label2\" content=\"Dur\u00e9e de lecture estim\u00e9e\" \/>\n\t<meta name=\"twitter:data2\" content=\"2 minutes\" \/>\n<script type=\"application\/ld+json\" class=\"yoast-schema-graph\">{\"@context\":\"https:\/\/schema.org\",\"@graph\":[{\"@type\":\"Article\",\"@id\":\"https:\/\/www.africa-press.net\/centrafricaine\/politique\/ippy-les-soldats-faca-accuses-de-multiples-vols-et-de-braquages-a-la-methode-wagner#article\",\"isPartOf\":{\"@id\":\"https:\/\/www.africa-press.net\/centrafricaine\/politique\/ippy-les-soldats-faca-accuses-de-multiples-vols-et-de-braquages-a-la-methode-wagner\"},\"author\":{\"name\":\"cfeditorfr\",\"@id\":\"https:\/\/www.africa-press.net\/centrafricaine\/#\/schema\/person\/2b1cf3cd81a31e3cd26889ca66d677f1\"},\"headline\":\"Ippy, les soldats FACA accus\u00e9s de multiples vols et de braquages \u00e0 la m\u00e9thode Wagner\",\"datePublished\":\"2021-06-22T09:45:21+00:00\",\"dateModified\":\"2021-06-22T19:26:42+00:00\",\"mainEntityOfPage\":{\"@id\":\"https:\/\/www.africa-press.net\/centrafricaine\/politique\/ippy-les-soldats-faca-accuses-de-multiples-vols-et-de-braquages-a-la-methode-wagner\"},\"wordCount\":475,\"commentCount\":0,\"image\":{\"@id\":\"https:\/\/www.africa-press.net\/centrafricaine\/politique\/ippy-les-soldats-faca-accuses-de-multiples-vols-et-de-braquages-a-la-methode-wagner#primaryimage\"},\"thumbnailUrl\":\"https:\/\/static.africa-press.net\/centrafricaine\/sites\/45\/2021\/06\/img-60d1aecc57df8.jpg\",\"keywords\":[\"Africa Press\",\"Africa Press-CentrAfricaine\",\"CentrAfricaine\"],\"articleSection\":[\"homepage-french\",\"Politique\",\"Top Nouvelles\",\"Toutes les actualit\u00e9s\"],\"inLanguage\":\"fr-FR\",\"potentialAction\":[{\"@type\":\"CommentAction\",\"name\":\"Comment\",\"target\":[\"https:\/\/www.africa-press.net\/centrafricaine\/politique\/ippy-les-soldats-faca-accuses-de-multiples-vols-et-de-braquages-a-la-methode-wagner#respond\"]}]},{\"@type\":\"WebPage\",\"@id\":\"https:\/\/www.africa-press.net\/centrafricaine\/politique\/ippy-les-soldats-faca-accuses-de-multiples-vols-et-de-braquages-a-la-methode-wagner\",\"url\":\"https:\/\/www.africa-press.net\/centrafricaine\/politique\/ippy-les-soldats-faca-accuses-de-multiples-vols-et-de-braquages-a-la-methode-wagner\",\"name\":\"Ippy, les soldats FACA accus\u00e9s de multiples vols et de braquages \u00e0 la m\u00e9thode Wagner - centrafricaine\",\"isPartOf\":{\"@id\":\"https:\/\/www.africa-press.net\/centrafricaine\/#website\"},\"primaryImageOfPage\":{\"@id\":\"https:\/\/www.africa-press.net\/centrafricaine\/politique\/ippy-les-soldats-faca-accuses-de-multiples-vols-et-de-braquages-a-la-methode-wagner#primaryimage\"},\"image\":{\"@id\":\"https:\/\/www.africa-press.net\/centrafricaine\/politique\/ippy-les-soldats-faca-accuses-de-multiples-vols-et-de-braquages-a-la-methode-wagner#primaryimage\"},\"thumbnailUrl\":\"https:\/\/static.africa-press.net\/centrafricaine\/sites\/45\/2021\/06\/img-60d1aecc57df8.jpg\",\"datePublished\":\"2021-06-22T09:45:21+00:00\",\"dateModified\":\"2021-06-22T19:26:42+00:00\",\"author\":{\"@id\":\"https:\/\/www.africa-press.net\/centrafricaine\/#\/schema\/person\/2b1cf3cd81a31e3cd26889ca66d677f1\"},\"description\":\"Bangui, R\u00e9publique centrafricaine, mardi, 22 juin 2021, 03:34:48 ( Corbeaunews-Centrafrique ). Si le ma\u00eetre est ...\",\"breadcrumb\":{\"@id\":\"https:\/\/www.africa-press.net\/centrafricaine\/politique\/ippy-les-soldats-faca-accuses-de-multiples-vols-et-de-braquages-a-la-methode-wagner#breadcrumb\"},\"inLanguage\":\"fr-FR\",\"potentialAction\":[{\"@type\":\"ReadAction\",\"target\":[\"https:\/\/www.africa-press.net\/centrafricaine\/politique\/ippy-les-soldats-faca-accuses-de-multiples-vols-et-de-braquages-a-la-methode-wagner\"]}]},{\"@type\":\"ImageObject\",\"inLanguage\":\"fr-FR\",\"@id\":\"https:\/\/www.africa-press.net\/centrafricaine\/politique\/ippy-les-soldats-faca-accuses-de-multiples-vols-et-de-braquages-a-la-methode-wagner#primaryimage\",\"url\":\"https:\/\/static.africa-press.net\/centrafricaine\/sites\/45\/2021\/06\/img-60d1aecc57df8.jpg\",\"contentUrl\":\"https:\/\/static.africa-press.net\/centrafricaine\/sites\/45\/2021\/06\/img-60d1aecc57df8.jpg\",\"width\":720,\"height\":711,\"caption\":\"Ippy, les soldats FACA accus\u00e9s de multiples vols et de braquages \u00e0 la m\u00e9thode Wagner\"},{\"@type\":\"BreadcrumbList\",\"@id\":\"https:\/\/www.africa-press.net\/centrafricaine\/politique\/ippy-les-soldats-faca-accuses-de-multiples-vols-et-de-braquages-a-la-methode-wagner#breadcrumb\",\"itemListElement\":[{\"@type\":\"ListItem\",\"position\":1,\"name\":\"Accueil\",\"item\":\"https:\/\/www.africa-press.net\/centrafricaine\/\"},{\"@type\":\"ListItem\",\"position\":2,\"name\":\"Ippy, les soldats FACA accus\u00e9s de multiples vols et de braquages \u00e0 la m\u00e9thode Wagner\"}]},{\"@type\":\"WebSite\",\"@id\":\"https:\/\/www.africa-press.net\/centrafricaine\/#website\",\"url\":\"https:\/\/www.africa-press.net\/centrafricaine\/\",\"name\":\"centrafricaine\",\"description\":\"Just another Africa News Agency Sites site\",\"potentialAction\":[{\"@type\":\"SearchAction\",\"target\":{\"@type\":\"EntryPoint\",\"urlTemplate\":\"https:\/\/www.africa-press.net\/centrafricaine\/?s={search_term_string}\"},\"query-input\":{\"@type\":\"PropertyValueSpecification\",\"valueRequired\":true,\"valueName\":\"search_term_string\"}}],\"inLanguage\":\"fr-FR\"},{\"@type\":\"Person\",\"@id\":\"https:\/\/www.africa-press.net\/centrafricaine\/#\/schema\/person\/2b1cf3cd81a31e3cd26889ca66d677f1\",\"name\":\"cfeditorfr\"}]}<\/script>\n<!-- \/ Yoast SEO Premium plugin. -->","yoast_head_json":{"title":"Ippy, les soldats FACA accus\u00e9s de multiples vols et de braquages \u00e0 la m\u00e9thode Wagner - centrafricaine","description":"Bangui, R\u00e9publique centrafricaine, mardi, 22 juin 2021, 03:34:48 ( Corbeaunews-Centrafrique ). Si le ma\u00eetre est ...","robots":{"index":"index","follow":"follow","max-snippet":"max-snippet:-1","max-image-preview":"max-image-preview:large","max-video-preview":"max-video-preview:-1"},"canonical":"https:\/\/www.africa-press.net\/centrafricaine\/politique\/ippy-les-soldats-faca-accuses-de-multiples-vols-et-de-braquages-a-la-methode-wagner","og_locale":"fr_FR","og_type":"article","og_title":"Ippy, les soldats FACA accus\u00e9s de multiples vols et de braquages \u00e0 la m\u00e9thode Wagner","og_description":"Bangui, R\u00e9publique centrafricaine, mardi, 22 juin 2021, 03:34:48 ( Corbeaunews-Centrafrique ). Si le ma\u00eetre est ...","og_url":"https:\/\/www.africa-press.net\/centrafricaine\/politique\/ippy-les-soldats-faca-accuses-de-multiples-vols-et-de-braquages-a-la-methode-wagner","og_site_name":"centrafricaine","article_published_time":"2021-06-22T09:45:21+00:00","article_modified_time":"2021-06-22T19:26:42+00:00","og_image":[{"width":720,"height":711,"url":"https:\/\/static.africa-press.net\/centrafricaine\/sites\/45\/2021\/06\/img-60d1aecc57df8.jpg","type":"image\/jpeg"}],"author":"cfeditorfr","twitter_card":"summary_large_image","twitter_misc":{"\u00c9crit par":"cfeditorfr","Dur\u00e9e de lecture estim\u00e9e":"2 minutes"},"schema":{"@context":"https:\/\/schema.org","@graph":[{"@type":"Article","@id":"https:\/\/www.africa-press.net\/centrafricaine\/politique\/ippy-les-soldats-faca-accuses-de-multiples-vols-et-de-braquages-a-la-methode-wagner#article","isPartOf":{"@id":"https:\/\/www.africa-press.net\/centrafricaine\/politique\/ippy-les-soldats-faca-accuses-de-multiples-vols-et-de-braquages-a-la-methode-wagner"},"author":{"name":"cfeditorfr","@id":"https:\/\/www.africa-press.net\/centrafricaine\/#\/schema\/person\/2b1cf3cd81a31e3cd26889ca66d677f1"},"headline":"Ippy, les soldats FACA accus\u00e9s de multiples vols et de braquages \u00e0 la m\u00e9thode Wagner","datePublished":"2021-06-22T09:45:21+00:00","dateModified":"2021-06-22T19:26:42+00:00","mainEntityOfPage":{"@id":"https:\/\/www.africa-press.net\/centrafricaine\/politique\/ippy-les-soldats-faca-accuses-de-multiples-vols-et-de-braquages-a-la-methode-wagner"},"wordCount":475,"commentCount":0,"image":{"@id":"https:\/\/www.africa-press.net\/centrafricaine\/politique\/ippy-les-soldats-faca-accuses-de-multiples-vols-et-de-braquages-a-la-methode-wagner#primaryimage"},"thumbnailUrl":"https:\/\/static.africa-press.net\/centrafricaine\/sites\/45\/2021\/06\/img-60d1aecc57df8.jpg","keywords":["Africa Press","Africa Press-CentrAfricaine","CentrAfricaine"],"articleSection":["homepage-french","Politique","Top Nouvelles","Toutes les actualit\u00e9s"],"inLanguage":"fr-FR","potentialAction":[{"@type":"CommentAction","name":"Comment","target":["https:\/\/www.africa-press.net\/centrafricaine\/politique\/ippy-les-soldats-faca-accuses-de-multiples-vols-et-de-braquages-a-la-methode-wagner#respond"]}]},{"@type":"WebPage","@id":"https:\/\/www.africa-press.net\/centrafricaine\/politique\/ippy-les-soldats-faca-accuses-de-multiples-vols-et-de-braquages-a-la-methode-wagner","url":"https:\/\/www.africa-press.net\/centrafricaine\/politique\/ippy-les-soldats-faca-accuses-de-multiples-vols-et-de-braquages-a-la-methode-wagner","name":"Ippy, les soldats FACA accus\u00e9s de multiples vols et de braquages \u00e0 la m\u00e9thode Wagner - centrafricaine","isPartOf":{"@id":"https:\/\/www.africa-press.net\/centrafricaine\/#website"},"primaryImageOfPage":{"@id":"https:\/\/www.africa-press.net\/centrafricaine\/politique\/ippy-les-soldats-faca-accuses-de-multiples-vols-et-de-braquages-a-la-methode-wagner#primaryimage"},"image":{"@id":"https:\/\/www.africa-press.net\/centrafricaine\/politique\/ippy-les-soldats-faca-accuses-de-multiples-vols-et-de-braquages-a-la-methode-wagner#primaryimage"},"thumbnailUrl":"https:\/\/static.africa-press.net\/centrafricaine\/sites\/45\/2021\/06\/img-60d1aecc57df8.jpg","datePublished":"2021-06-22T09:45:21+00:00","dateModified":"2021-06-22T19:26:42+00:00","author":{"@id":"https:\/\/www.africa-press.net\/centrafricaine\/#\/schema\/person\/2b1cf3cd81a31e3cd26889ca66d677f1"},"description":"Bangui, R\u00e9publique centrafricaine, mardi, 22 juin 2021, 03:34:48 ( Corbeaunews-Centrafrique ). Si le ma\u00eetre est ...","breadcrumb":{"@id":"https:\/\/www.africa-press.net\/centrafricaine\/politique\/ippy-les-soldats-faca-accuses-de-multiples-vols-et-de-braquages-a-la-methode-wagner#breadcrumb"},"inLanguage":"fr-FR","potentialAction":[{"@type":"ReadAction","target":["https:\/\/www.africa-press.net\/centrafricaine\/politique\/ippy-les-soldats-faca-accuses-de-multiples-vols-et-de-braquages-a-la-methode-wagner"]}]},{"@type":"ImageObject","inLanguage":"fr-FR","@id":"https:\/\/www.africa-press.net\/centrafricaine\/politique\/ippy-les-soldats-faca-accuses-de-multiples-vols-et-de-braquages-a-la-methode-wagner#primaryimage","url":"https:\/\/static.africa-press.net\/centrafricaine\/sites\/45\/2021\/06\/img-60d1aecc57df8.jpg","contentUrl":"https:\/\/static.africa-press.net\/centrafricaine\/sites\/45\/2021\/06\/img-60d1aecc57df8.jpg","width":720,"height":711,"caption":"Ippy, les soldats FACA accus\u00e9s de multiples vols et de braquages \u00e0 la m\u00e9thode Wagner"},{"@type":"BreadcrumbList","@id":"https:\/\/www.africa-press.net\/centrafricaine\/politique\/ippy-les-soldats-faca-accuses-de-multiples-vols-et-de-braquages-a-la-methode-wagner#breadcrumb","itemListElement":[{"@type":"ListItem","position":1,"name":"Accueil","item":"https:\/\/www.africa-press.net\/centrafricaine\/"},{"@type":"ListItem","position":2,"name":"Ippy, les soldats FACA accus\u00e9s de multiples vols et de braquages \u00e0 la m\u00e9thode Wagner"}]},{"@type":"WebSite","@id":"https:\/\/www.africa-press.net\/centrafricaine\/#website","url":"https:\/\/www.africa-press.net\/centrafricaine\/","name":"centrafricaine","description":"Just another Africa News Agency Sites site","potentialAction":[{"@type":"SearchAction","target":{"@type":"EntryPoint","urlTemplate":"https:\/\/www.africa-press.net\/centrafricaine\/?s={search_term_string}"},"query-input":{"@type":"PropertyValueSpecification","valueRequired":true,"valueName":"search_term_string"}}],"inLanguage":"fr-FR"},{"@type":"Person","@id":"https:\/\/www.africa-press.net\/centrafricaine\/#\/schema\/person\/2b1cf3cd81a31e3cd26889ca66d677f1","name":"cfeditorfr"}]}},"_links":{"self":[{"href":"https:\/\/www.africa-press.net\/centrafricaine\/wp-json\/wp\/v2\/posts\/8324","targetHints":{"allow":["GET"]}}],"collection":[{"href":"https:\/\/www.africa-press.net\/centrafricaine\/wp-json\/wp\/v2\/posts"}],"about":[{"href":"https:\/\/www.africa-press.net\/centrafricaine\/wp-json\/wp\/v2\/types\/post"}],"author":[{"embeddable":true,"href":"https:\/\/www.africa-press.net\/centrafricaine\/wp-json\/wp\/v2\/users\/82"}],"replies":[{"embeddable":true,"href":"https:\/\/www.africa-press.net\/centrafricaine\/wp-json\/wp\/v2\/comments?post=8324"}],"version-history":[{"count":0,"href":"https:\/\/www.africa-press.net\/centrafricaine\/wp-json\/wp\/v2\/posts\/8324\/revisions"}],"wp:featuredmedia":[{"embeddable":true,"href":"https:\/\/www.africa-press.net\/centrafricaine\/wp-json\/wp\/v2\/media\/8323"}],"wp:attachment":[{"href":"https:\/\/www.africa-press.net\/centrafricaine\/wp-json\/wp\/v2\/media?parent=8324"}],"wp:term":[{"taxonomy":"category","embeddable":true,"href":"https:\/\/www.africa-press.net\/centrafricaine\/wp-json\/wp\/v2\/categories?post=8324"},{"taxonomy":"post_tag","embeddable":true,"href":"https:\/\/www.africa-press.net\/centrafricaine\/wp-json\/wp\/v2\/tags?post=8324"}],"curies":[{"name":"wp","href":"https:\/\/api.w.org\/{rel}","templated":true}]}}