{"id":8330,"date":"2021-06-22T09:59:35","date_gmt":"2021-06-22T09:59:35","guid":{"rendered":"https:\/\/www.africa-press.net\/centrafricaine\/?p=8330"},"modified":"2021-06-22T19:27:28","modified_gmt":"2021-06-22T19:27:28","slug":"centrafrique-lonu-hausse-le-ton-face-aux-agissements-du-groupe-wagner","status":"publish","type":"post","link":"https:\/\/www.africa-press.net\/centrafricaine\/politique\/centrafrique-lonu-hausse-le-ton-face-aux-agissements-du-groupe-wagner","title":{"rendered":"L\u2019ONU hausse le ton face aux agissements du Groupe Wagner."},"content":{"rendered":"<p><span style=\"color: #ff6600\"><strong><a href=\"https:\/\/www.africa-press.net\/\">Africa-Press<\/a> &#8211; <a href=\"https:\/\/www.africa-press.net\/centrafricaine\">CentrAfricaine<\/a>. <\/strong><\/span>Alors que la Mission multidimensionnelle int\u00e9gr\u00e9e des Nations unies pour la stabilisation en Centrafrique (MINUSCA) est longtemps rest\u00e9e tr\u00e8s silencieuse vis-\u00e0-vis des actions de la soci\u00e9t\u00e9 de mercenariat russe PMC Wagner depuis son installation en R\u00e9publique Centrafricaine (RCA), l\u2019Organisation des Nations Unies (ONU) prend aujourd\u2019hui clairement ses distances avec ce partenaire priv\u00e9 du gouvernement centrafricain devenu g\u00eanant.<\/p>\n<p>\u2013 Ant\u00f3nio Guterres d\u00e9nonce des \u00ab campagnes de d\u00e9sinformation \u00bb anti-Minusca.<\/p>\n<p>Dans un rapport du Secr\u00e9taire G\u00e9n\u00e9ral (SG) au Conseil de S\u00e9curit\u00e9 de l\u2019ONU dat\u00e9 du 16 Juin 2021, Ant\u00f3nio Guterres condamne clairement \u00ab les campagnes de d\u00e9sinformation qui cherchent \u00e0 inciter \u00e0 la haine et \u00e0 la violence, notamment dans les m\u00e9dias locaux et sur les m\u00e9dias sociaux, ont des effets d\u00e9l\u00e9t\u00e8res dans le pays. \u00bb Cette condamnation fait suite \u00e0 des mois des propagande anti-Minusca agr\u00e9ment\u00e9s de manifestations hostiles sponsoris\u00e9es par les russes et m\u00eames certains Ministres du gouvernement centrafricain. Cet environnement d\u00e9l\u00e9t\u00e8re avait pouss\u00e9 Mankeur Ndiaye \u00e0 s\u2019insurger \u00e0 la fin du mois de Mai contre \u00ab la mobilisation d\u2019enfants de 13 et 14 ans qui devraient \u00eatre \u00e0 l\u2019\u00e9cole et qui re\u00e7oivent de l\u2019argent pour manifester devant le si\u00e8ge de la MINUSCA pour exiger son d\u00e9part \u00bb. Jean-Pierre Lacroix, SG adjoint des nations unies charg\u00e9 des op\u00e9rations de maintien de la paix avait clairement condamn\u00e9 ces actes anti-Minusca lors de sa r\u00e9cente visite \u00e0 Bangui le 2 juin dernier.<\/p>\n<p>Le SG de l\u2019ONU d\u00e9nonce \u00ab des actes hostiles \u00e0 la Minusca \u00bb.<\/p>\n<p>Le ton employ\u00e9 par Ant\u00f3nio Guterres est grave. Celui-ci pr\u00e9cise \u00eatre \u00ab profond\u00e9ment alarm\u00e9 par l\u2019augmentation inacceptable et sans pr\u00e9c\u00e9dent des menaces et des actes hostiles contre la MINUSCA, qui sont le fait des forces de s\u00e9curit\u00e9 nationales ainsi que du personnel de s\u00e9curit\u00e9 d\u00e9ploy\u00e9 de mani\u00e8re bilat\u00e9rale et des autres agents de s\u00e9curit\u00e9 \u00bb, invitant \u00ab le Pr\u00e9sident \u00e0 donner suite \u00e0 l\u2019engagement qu\u2019il a pris de veiller \u00e0 ce que ces hostilit\u00e9s cessent imm\u00e9diatement et de traduire les coupables en justice. \u00bb<\/p>\n<p>\u2013 Une condamnation d\u2019un \u00ab recours excessif \u00e0 la force \u00bb.<\/p>\n<p>Le SG de l\u2019ONU souligne par ailleurs \u00eatre \u00ab profond\u00e9ment pr\u00e9occup\u00e9 par le recours excessif \u00e0 la force \u00bb et \u00ab particuli\u00e8rement inquiet de l\u2019augmentation notable des violations des droits humains et des atteintes \u00e0 ceux-ci \u00bb et exhorte \u00ab le Gouvernement de veiller \u00e0 ce que toutes les forces en pr\u00e9sence et l\u2019ensemble du personnel charg\u00e9 de la s\u00e9curit\u00e9 en R\u00e9publique centrafricaine respectent les dispositions applicables du droit international humanitaire et du droit international des droits de l\u2019homme et \u00e0 ce que justice soit faite. \u00bb<\/p>\n<p>\u2013 Enqu\u00eates et rapports cours de finalisation.<\/p>\n<p>Cette prise de position intervient alors que la Division des droits de l\u2019homme de la Minusca a r\u00e9dig\u00e9 un rapport pr\u00e9liminaire en mars 2021 \u00e0 la suite d\u2019une enqu\u00eate interne men\u00e9e dans les localit\u00e9s th\u00e9\u00e2tres de cas de violations des droits de l\u2019homme. Dans la foul\u00e9e, le Groupe de travail des Nations Unies sur l\u2019utilisation de mercenaires (GTNU) a d\u00e9clar\u00e9 que les mercenaires russes \u00e9taient \u00ab accus\u00e9s d\u2019avoir fait un usage excessif de la force et d\u2019avoir bombard\u00e9 des sites prot\u00e9g\u00e9s tels qu\u2019une mosqu\u00e9e et des camps de personnes d\u00e9plac\u00e9es \u00bb. La Minusca finalise par ailleurs un rapport global sur les violations des droits humains en coordination avec le Haut-Commissariat aux droits de l\u2019homme qui sera publi\u00e9 prochainement.<\/p>\n<p><b>\u00a0<\/b><\/p>\n","protected":false},"excerpt":{"rendered":"<p>Africa-Press &#8211; CentrAfricaine. Alors que la Mission multidimensionnelle int\u00e9gr\u00e9e des Nations unies pour la stabilisation en Centrafrique (MINUSCA) est longtemps rest\u00e9e tr\u00e8s silencieuse vis-\u00e0-vis des actions de la soci\u00e9t\u00e9 de mercenariat russe PMC Wagner depuis son installation en R\u00e9publique Centrafricaine (RCA), l\u2019Organisation des Nations Unies (ONU) prend aujourd\u2019hui clairement ses distances avec ce partenaire priv\u00e9 [&hellip;]<\/p>\n","protected":false},"author":82,"featured_media":8329,"comment_status":"open","ping_status":"closed","sticky":false,"template":"","format":"standard","meta":{"footnotes":""},"categories":[11,2,20,10],"tags":[36,58,30],"class_list":["post-8330","post","type-post","status-publish","format-standard","has-post-thumbnail","hentry","category-homepage-french","category-politique","category-top-nouvelles","category-toutes-les-actualites","tag-africa-press","tag-africa-press-centrafricaine","tag-centrafricaine"],"yoast_head":"<!-- This site is optimized with the Yoast SEO Premium plugin v26.1 (Yoast SEO v27.0) - https:\/\/yoast.com\/product\/yoast-seo-premium-wordpress\/ -->\n<title>L\u2019ONU hausse le ton face aux agissements du Groupe Wagner. - centrafricaine<\/title>\n<meta name=\"description\" content=\"Bangui, R\u00e9publique centrafricaine, mardi, 22 juin 2021, 03:38:04 ( Corbeaunews-Centrafrique ). Alors que la Miss ...\" \/>\n<meta name=\"robots\" content=\"index, follow, max-snippet:-1, max-image-preview:large, max-video-preview:-1\" \/>\n<link rel=\"canonical\" href=\"https:\/\/www.africa-press.net\/centrafricaine\/politique\/centrafrique-lonu-hausse-le-ton-face-aux-agissements-du-groupe-wagner\" \/>\n<meta property=\"og:locale\" content=\"fr_FR\" \/>\n<meta property=\"og:type\" content=\"article\" \/>\n<meta property=\"og:title\" content=\"L\u2019ONU hausse le ton face aux agissements du Groupe Wagner.\" \/>\n<meta property=\"og:description\" content=\"Bangui, R\u00e9publique centrafricaine, mardi, 22 juin 2021, 03:38:04 ( Corbeaunews-Centrafrique ). Alors que la Miss ...\" \/>\n<meta property=\"og:url\" content=\"https:\/\/www.africa-press.net\/centrafricaine\/politique\/centrafrique-lonu-hausse-le-ton-face-aux-agissements-du-groupe-wagner\" \/>\n<meta property=\"og:site_name\" content=\"centrafricaine\" \/>\n<meta property=\"article:published_time\" content=\"2021-06-22T09:59:35+00:00\" \/>\n<meta property=\"article:modified_time\" content=\"2021-06-22T19:27:28+00:00\" \/>\n<meta property=\"og:image\" content=\"https:\/\/static.africa-press.net\/centrafricaine\/sites\/45\/2021\/06\/img-60d1af176ba39.jpg\" \/>\n\t<meta property=\"og:image:width\" content=\"720\" \/>\n\t<meta property=\"og:image:height\" content=\"452\" \/>\n\t<meta property=\"og:image:type\" content=\"image\/jpeg\" \/>\n<meta name=\"author\" content=\"cfeditorfr\" \/>\n<meta name=\"twitter:card\" content=\"summary_large_image\" \/>\n<meta name=\"twitter:label1\" content=\"\u00c9crit par\" \/>\n\t<meta name=\"twitter:data1\" content=\"cfeditorfr\" \/>\n\t<meta name=\"twitter:label2\" content=\"Dur\u00e9e de lecture estim\u00e9e\" \/>\n\t<meta name=\"twitter:data2\" content=\"3 minutes\" \/>\n<script type=\"application\/ld+json\" class=\"yoast-schema-graph\">{\"@context\":\"https:\/\/schema.org\",\"@graph\":[{\"@type\":\"Article\",\"@id\":\"https:\/\/www.africa-press.net\/centrafricaine\/politique\/centrafrique-lonu-hausse-le-ton-face-aux-agissements-du-groupe-wagner#article\",\"isPartOf\":{\"@id\":\"https:\/\/www.africa-press.net\/centrafricaine\/politique\/centrafrique-lonu-hausse-le-ton-face-aux-agissements-du-groupe-wagner\"},\"author\":{\"name\":\"cfeditorfr\",\"@id\":\"https:\/\/www.africa-press.net\/centrafricaine\/#\/schema\/person\/2b1cf3cd81a31e3cd26889ca66d677f1\"},\"headline\":\"L\u2019ONU hausse le ton face aux agissements du Groupe Wagner.\",\"datePublished\":\"2021-06-22T09:59:35+00:00\",\"dateModified\":\"2021-06-22T19:27:28+00:00\",\"mainEntityOfPage\":{\"@id\":\"https:\/\/www.africa-press.net\/centrafricaine\/politique\/centrafrique-lonu-hausse-le-ton-face-aux-agissements-du-groupe-wagner\"},\"wordCount\":609,\"commentCount\":0,\"image\":{\"@id\":\"https:\/\/www.africa-press.net\/centrafricaine\/politique\/centrafrique-lonu-hausse-le-ton-face-aux-agissements-du-groupe-wagner#primaryimage\"},\"thumbnailUrl\":\"https:\/\/static.africa-press.net\/centrafricaine\/sites\/45\/2021\/06\/img-60d1af176ba39.jpg\",\"keywords\":[\"Africa Press\",\"Africa Press-CentrAfricaine\",\"CentrAfricaine\"],\"articleSection\":[\"homepage-french\",\"Politique\",\"Top Nouvelles\",\"Toutes les actualit\u00e9s\"],\"inLanguage\":\"fr-FR\",\"potentialAction\":[{\"@type\":\"CommentAction\",\"name\":\"Comment\",\"target\":[\"https:\/\/www.africa-press.net\/centrafricaine\/politique\/centrafrique-lonu-hausse-le-ton-face-aux-agissements-du-groupe-wagner#respond\"]}]},{\"@type\":\"WebPage\",\"@id\":\"https:\/\/www.africa-press.net\/centrafricaine\/politique\/centrafrique-lonu-hausse-le-ton-face-aux-agissements-du-groupe-wagner\",\"url\":\"https:\/\/www.africa-press.net\/centrafricaine\/politique\/centrafrique-lonu-hausse-le-ton-face-aux-agissements-du-groupe-wagner\",\"name\":\"L\u2019ONU hausse le ton face aux agissements du Groupe Wagner. - centrafricaine\",\"isPartOf\":{\"@id\":\"https:\/\/www.africa-press.net\/centrafricaine\/#website\"},\"primaryImageOfPage\":{\"@id\":\"https:\/\/www.africa-press.net\/centrafricaine\/politique\/centrafrique-lonu-hausse-le-ton-face-aux-agissements-du-groupe-wagner#primaryimage\"},\"image\":{\"@id\":\"https:\/\/www.africa-press.net\/centrafricaine\/politique\/centrafrique-lonu-hausse-le-ton-face-aux-agissements-du-groupe-wagner#primaryimage\"},\"thumbnailUrl\":\"https:\/\/static.africa-press.net\/centrafricaine\/sites\/45\/2021\/06\/img-60d1af176ba39.jpg\",\"datePublished\":\"2021-06-22T09:59:35+00:00\",\"dateModified\":\"2021-06-22T19:27:28+00:00\",\"author\":{\"@id\":\"https:\/\/www.africa-press.net\/centrafricaine\/#\/schema\/person\/2b1cf3cd81a31e3cd26889ca66d677f1\"},\"description\":\"Bangui, R\u00e9publique centrafricaine, mardi, 22 juin 2021, 03:38:04 ( Corbeaunews-Centrafrique ). Alors que la Miss ...\",\"breadcrumb\":{\"@id\":\"https:\/\/www.africa-press.net\/centrafricaine\/politique\/centrafrique-lonu-hausse-le-ton-face-aux-agissements-du-groupe-wagner#breadcrumb\"},\"inLanguage\":\"fr-FR\",\"potentialAction\":[{\"@type\":\"ReadAction\",\"target\":[\"https:\/\/www.africa-press.net\/centrafricaine\/politique\/centrafrique-lonu-hausse-le-ton-face-aux-agissements-du-groupe-wagner\"]}]},{\"@type\":\"ImageObject\",\"inLanguage\":\"fr-FR\",\"@id\":\"https:\/\/www.africa-press.net\/centrafricaine\/politique\/centrafrique-lonu-hausse-le-ton-face-aux-agissements-du-groupe-wagner#primaryimage\",\"url\":\"https:\/\/static.africa-press.net\/centrafricaine\/sites\/45\/2021\/06\/img-60d1af176ba39.jpg\",\"contentUrl\":\"https:\/\/static.africa-press.net\/centrafricaine\/sites\/45\/2021\/06\/img-60d1af176ba39.jpg\",\"width\":720,\"height\":452,\"caption\":\"Centrafrique : L\u2019ONU hausse le ton face aux agissements du Groupe Wagner.\"},{\"@type\":\"BreadcrumbList\",\"@id\":\"https:\/\/www.africa-press.net\/centrafricaine\/politique\/centrafrique-lonu-hausse-le-ton-face-aux-agissements-du-groupe-wagner#breadcrumb\",\"itemListElement\":[{\"@type\":\"ListItem\",\"position\":1,\"name\":\"Accueil\",\"item\":\"https:\/\/www.africa-press.net\/centrafricaine\/\"},{\"@type\":\"ListItem\",\"position\":2,\"name\":\"L\u2019ONU hausse le ton face aux agissements du Groupe Wagner.\"}]},{\"@type\":\"WebSite\",\"@id\":\"https:\/\/www.africa-press.net\/centrafricaine\/#website\",\"url\":\"https:\/\/www.africa-press.net\/centrafricaine\/\",\"name\":\"centrafricaine\",\"description\":\"Just another Africa News Agency Sites site\",\"potentialAction\":[{\"@type\":\"SearchAction\",\"target\":{\"@type\":\"EntryPoint\",\"urlTemplate\":\"https:\/\/www.africa-press.net\/centrafricaine\/?s={search_term_string}\"},\"query-input\":{\"@type\":\"PropertyValueSpecification\",\"valueRequired\":true,\"valueName\":\"search_term_string\"}}],\"inLanguage\":\"fr-FR\"},{\"@type\":\"Person\",\"@id\":\"https:\/\/www.africa-press.net\/centrafricaine\/#\/schema\/person\/2b1cf3cd81a31e3cd26889ca66d677f1\",\"name\":\"cfeditorfr\"}]}<\/script>\n<!-- \/ Yoast SEO Premium plugin. -->","yoast_head_json":{"title":"L\u2019ONU hausse le ton face aux agissements du Groupe Wagner. - centrafricaine","description":"Bangui, R\u00e9publique centrafricaine, mardi, 22 juin 2021, 03:38:04 ( Corbeaunews-Centrafrique ). Alors que la Miss ...","robots":{"index":"index","follow":"follow","max-snippet":"max-snippet:-1","max-image-preview":"max-image-preview:large","max-video-preview":"max-video-preview:-1"},"canonical":"https:\/\/www.africa-press.net\/centrafricaine\/politique\/centrafrique-lonu-hausse-le-ton-face-aux-agissements-du-groupe-wagner","og_locale":"fr_FR","og_type":"article","og_title":"L\u2019ONU hausse le ton face aux agissements du Groupe Wagner.","og_description":"Bangui, R\u00e9publique centrafricaine, mardi, 22 juin 2021, 03:38:04 ( Corbeaunews-Centrafrique ). Alors que la Miss ...","og_url":"https:\/\/www.africa-press.net\/centrafricaine\/politique\/centrafrique-lonu-hausse-le-ton-face-aux-agissements-du-groupe-wagner","og_site_name":"centrafricaine","article_published_time":"2021-06-22T09:59:35+00:00","article_modified_time":"2021-06-22T19:27:28+00:00","og_image":[{"width":720,"height":452,"url":"https:\/\/static.africa-press.net\/centrafricaine\/sites\/45\/2021\/06\/img-60d1af176ba39.jpg","type":"image\/jpeg"}],"author":"cfeditorfr","twitter_card":"summary_large_image","twitter_misc":{"\u00c9crit par":"cfeditorfr","Dur\u00e9e de lecture estim\u00e9e":"3 minutes"},"schema":{"@context":"https:\/\/schema.org","@graph":[{"@type":"Article","@id":"https:\/\/www.africa-press.net\/centrafricaine\/politique\/centrafrique-lonu-hausse-le-ton-face-aux-agissements-du-groupe-wagner#article","isPartOf":{"@id":"https:\/\/www.africa-press.net\/centrafricaine\/politique\/centrafrique-lonu-hausse-le-ton-face-aux-agissements-du-groupe-wagner"},"author":{"name":"cfeditorfr","@id":"https:\/\/www.africa-press.net\/centrafricaine\/#\/schema\/person\/2b1cf3cd81a31e3cd26889ca66d677f1"},"headline":"L\u2019ONU hausse le ton face aux agissements du Groupe Wagner.","datePublished":"2021-06-22T09:59:35+00:00","dateModified":"2021-06-22T19:27:28+00:00","mainEntityOfPage":{"@id":"https:\/\/www.africa-press.net\/centrafricaine\/politique\/centrafrique-lonu-hausse-le-ton-face-aux-agissements-du-groupe-wagner"},"wordCount":609,"commentCount":0,"image":{"@id":"https:\/\/www.africa-press.net\/centrafricaine\/politique\/centrafrique-lonu-hausse-le-ton-face-aux-agissements-du-groupe-wagner#primaryimage"},"thumbnailUrl":"https:\/\/static.africa-press.net\/centrafricaine\/sites\/45\/2021\/06\/img-60d1af176ba39.jpg","keywords":["Africa Press","Africa Press-CentrAfricaine","CentrAfricaine"],"articleSection":["homepage-french","Politique","Top Nouvelles","Toutes les actualit\u00e9s"],"inLanguage":"fr-FR","potentialAction":[{"@type":"CommentAction","name":"Comment","target":["https:\/\/www.africa-press.net\/centrafricaine\/politique\/centrafrique-lonu-hausse-le-ton-face-aux-agissements-du-groupe-wagner#respond"]}]},{"@type":"WebPage","@id":"https:\/\/www.africa-press.net\/centrafricaine\/politique\/centrafrique-lonu-hausse-le-ton-face-aux-agissements-du-groupe-wagner","url":"https:\/\/www.africa-press.net\/centrafricaine\/politique\/centrafrique-lonu-hausse-le-ton-face-aux-agissements-du-groupe-wagner","name":"L\u2019ONU hausse le ton face aux agissements du Groupe Wagner. - centrafricaine","isPartOf":{"@id":"https:\/\/www.africa-press.net\/centrafricaine\/#website"},"primaryImageOfPage":{"@id":"https:\/\/www.africa-press.net\/centrafricaine\/politique\/centrafrique-lonu-hausse-le-ton-face-aux-agissements-du-groupe-wagner#primaryimage"},"image":{"@id":"https:\/\/www.africa-press.net\/centrafricaine\/politique\/centrafrique-lonu-hausse-le-ton-face-aux-agissements-du-groupe-wagner#primaryimage"},"thumbnailUrl":"https:\/\/static.africa-press.net\/centrafricaine\/sites\/45\/2021\/06\/img-60d1af176ba39.jpg","datePublished":"2021-06-22T09:59:35+00:00","dateModified":"2021-06-22T19:27:28+00:00","author":{"@id":"https:\/\/www.africa-press.net\/centrafricaine\/#\/schema\/person\/2b1cf3cd81a31e3cd26889ca66d677f1"},"description":"Bangui, R\u00e9publique centrafricaine, mardi, 22 juin 2021, 03:38:04 ( Corbeaunews-Centrafrique ). Alors que la Miss ...","breadcrumb":{"@id":"https:\/\/www.africa-press.net\/centrafricaine\/politique\/centrafrique-lonu-hausse-le-ton-face-aux-agissements-du-groupe-wagner#breadcrumb"},"inLanguage":"fr-FR","potentialAction":[{"@type":"ReadAction","target":["https:\/\/www.africa-press.net\/centrafricaine\/politique\/centrafrique-lonu-hausse-le-ton-face-aux-agissements-du-groupe-wagner"]}]},{"@type":"ImageObject","inLanguage":"fr-FR","@id":"https:\/\/www.africa-press.net\/centrafricaine\/politique\/centrafrique-lonu-hausse-le-ton-face-aux-agissements-du-groupe-wagner#primaryimage","url":"https:\/\/static.africa-press.net\/centrafricaine\/sites\/45\/2021\/06\/img-60d1af176ba39.jpg","contentUrl":"https:\/\/static.africa-press.net\/centrafricaine\/sites\/45\/2021\/06\/img-60d1af176ba39.jpg","width":720,"height":452,"caption":"Centrafrique : L\u2019ONU hausse le ton face aux agissements du Groupe Wagner."},{"@type":"BreadcrumbList","@id":"https:\/\/www.africa-press.net\/centrafricaine\/politique\/centrafrique-lonu-hausse-le-ton-face-aux-agissements-du-groupe-wagner#breadcrumb","itemListElement":[{"@type":"ListItem","position":1,"name":"Accueil","item":"https:\/\/www.africa-press.net\/centrafricaine\/"},{"@type":"ListItem","position":2,"name":"L\u2019ONU hausse le ton face aux agissements du Groupe Wagner."}]},{"@type":"WebSite","@id":"https:\/\/www.africa-press.net\/centrafricaine\/#website","url":"https:\/\/www.africa-press.net\/centrafricaine\/","name":"centrafricaine","description":"Just another Africa News Agency Sites site","potentialAction":[{"@type":"SearchAction","target":{"@type":"EntryPoint","urlTemplate":"https:\/\/www.africa-press.net\/centrafricaine\/?s={search_term_string}"},"query-input":{"@type":"PropertyValueSpecification","valueRequired":true,"valueName":"search_term_string"}}],"inLanguage":"fr-FR"},{"@type":"Person","@id":"https:\/\/www.africa-press.net\/centrafricaine\/#\/schema\/person\/2b1cf3cd81a31e3cd26889ca66d677f1","name":"cfeditorfr"}]}},"_links":{"self":[{"href":"https:\/\/www.africa-press.net\/centrafricaine\/wp-json\/wp\/v2\/posts\/8330","targetHints":{"allow":["GET"]}}],"collection":[{"href":"https:\/\/www.africa-press.net\/centrafricaine\/wp-json\/wp\/v2\/posts"}],"about":[{"href":"https:\/\/www.africa-press.net\/centrafricaine\/wp-json\/wp\/v2\/types\/post"}],"author":[{"embeddable":true,"href":"https:\/\/www.africa-press.net\/centrafricaine\/wp-json\/wp\/v2\/users\/82"}],"replies":[{"embeddable":true,"href":"https:\/\/www.africa-press.net\/centrafricaine\/wp-json\/wp\/v2\/comments?post=8330"}],"version-history":[{"count":0,"href":"https:\/\/www.africa-press.net\/centrafricaine\/wp-json\/wp\/v2\/posts\/8330\/revisions"}],"wp:featuredmedia":[{"embeddable":true,"href":"https:\/\/www.africa-press.net\/centrafricaine\/wp-json\/wp\/v2\/media\/8329"}],"wp:attachment":[{"href":"https:\/\/www.africa-press.net\/centrafricaine\/wp-json\/wp\/v2\/media?parent=8330"}],"wp:term":[{"taxonomy":"category","embeddable":true,"href":"https:\/\/www.africa-press.net\/centrafricaine\/wp-json\/wp\/v2\/categories?post=8330"},{"taxonomy":"post_tag","embeddable":true,"href":"https:\/\/www.africa-press.net\/centrafricaine\/wp-json\/wp\/v2\/tags?post=8330"}],"curies":[{"name":"wp","href":"https:\/\/api.w.org\/{rel}","templated":true}]}}