{"id":83421,"date":"2026-04-22T13:03:04","date_gmt":"2026-04-22T13:03:04","guid":{"rendered":"https:\/\/www.africa-press.net\/centrafricaine\/politique\/faca-devenus-bandits-a-ouanda-djalle"},"modified":"2026-04-22T13:17:14","modified_gmt":"2026-04-22T13:17:14","slug":"faca-devenus-bandits-a-ouanda-djalle","status":"publish","type":"post","link":"https:\/\/www.africa-press.net\/centrafricaine\/politique\/faca-devenus-bandits-a-ouanda-djalle","title":{"rendered":"FACA Devenus Bandits \u00c0 Ouanda-Djall\u00e9"},"content":{"rendered":"<p><span style=\"color: #ff6600\"><strong>Africa-Press &#8211; CentrAfricaine. <\/strong><\/span><b>Les habitants de Ouanda-Djalle\u0301 ne supportent plus le comportement des soldats FACA. Ils demandent au ge\u0301ne\u0301ral Ze\u0301phirin Mamadou, chef d\u2019E\u0301tat-major des arme\u0301es de venir re\u0301cupe\u0301rer ces voyous militaires.<\/b><\/p>\n<p>La situation de\u0301passe l\u2019entendement. Les habitants de Ouanda-Djalle\u0301 regardent, impuissants, leurs propres soldats \u2013 qu\u2019ils financent pourtant par leurs impo\u0302ts, qu\u2019ils e\u0301quipent et arment avec l\u2019argent public \u2013 se transformer en racketteurs.<\/p>\n<p>Ce qui e\u0301nerve encore plus la population, c\u2019est de constater que ces voyous militaires s\u2019en prennent aux plus vulne\u0301rables. Les Peuls de la re\u0301gion constituent l\u2019essentiel de l\u2019activite\u0301 commerciale de Ouanda-Djalle\u0301.<\/p>\n<p>Ces e\u0301leveurs quittent re\u0301gulie\u0300rement leurs campements de brousse pour venir e\u0301changer au marche\u0301. Ils apportent du beurre, du lait et d\u2019autres produits d\u2019e\u0301levage qu\u2019ils vendent avant d\u2019acheter des vivres pour retourner dans leurs campement.<\/p>\n<p>Mais leurs de\u0301placements se transforment de\u0301sormais en cauchemar. Les soldats FACA les interceptent a\u0300 la sortie de la ville, les arre\u0302tent et les fouillent minutieusement.<\/p>\n<p>De\u0300s qu\u2019ils de\u0301couvrent de l\u2019argent sur eux, ils confisquent tout. L\u2019inte\u0301gralite\u0301 de leurs gains passe dans les poches des ces voyous militaires, sans aucune forme de justification.<\/p>\n<p>Ce pillage en re\u0300gle se re\u0301pe\u0300te continuellement. Les habitants de Ouanda-Djalle\u0301 assistent, incre\u0301dules, a\u0300 ces sce\u0300nes de banditisme commis par ceux-la\u0300 me\u0302mes cense\u0301s assurer leur se\u0301curite\u0301.<\/p>\n<p>Ces pauvres e\u0301leveurs qui viennent simplement gagner leur vie se font de\u0301trousser au vu et au su de tous. La population ne comprend plus comment le pays peut tole\u0301rer de telles pratiques.<\/p>\n<p>C\u2019est pourquoi elle continue de re\u0301clamer au ge\u0301ne\u0301ral Ze\u0301phirin Mamadou, chef d\u2019e\u0301tat-major, qu\u2019il vienne chercher ces voyous militaires et qu\u2019il laisse les gens tranquilles<br \/>\n<b> <\/b><\/p>\n<p><b>Source: Corbeau News Centrafrique<\/b><\/p>\n<p><strong>Pour plus d&rsquo;informations et d&rsquo;analyses sur la <span style=\"color: #ff6600\">CentrAfricaine<\/span>, suivez <span style=\"color: #ff6600\">Africa-Press<\/span><\/strong><\/p>\n","protected":false},"excerpt":{"rendered":"<p>Africa-Press &#8211; CentrAfricaine. Les habitants de Ouanda-Djalle\u0301 ne supportent plus le comportement des soldats FACA. Ils demandent au ge\u0301ne\u0301ral Ze\u0301phirin Mamadou, chef d\u2019E\u0301tat-major des arme\u0301es de venir re\u0301cupe\u0301rer ces voyous militaires. La situation de\u0301passe l\u2019entendement. Les habitants de Ouanda-Djalle\u0301 regardent, impuissants, leurs propres soldats \u2013 qu\u2019ils financent pourtant par leurs impo\u0302ts, qu\u2019ils e\u0301quipent et arment [&hellip;]<\/p>\n","protected":false},"author":82,"featured_media":83420,"comment_status":"open","ping_status":"closed","sticky":false,"template":"","format":"standard","meta":{"footnotes":""},"categories":[2,10],"tags":[30],"class_list":["post-83421","post","type-post","status-publish","format-standard","has-post-thumbnail","hentry","category-politique","category-toutes-les-actualites","tag-centrafricaine"],"yoast_head":"<!-- This site is optimized with the Yoast SEO Premium plugin v26.1 (Yoast SEO v27.0) - https:\/\/yoast.com\/product\/yoast-seo-premium-wordpress\/ -->\n<title>FACA Devenus Bandits \u00c0 Ouanda-Djall\u00e9 - centrafricaine<\/title>\n<meta name=\"description\" content=\"Les habitants de Ouanda-Djalle\u0301 ne supportent plus le comportement des soldats FACA. Ils demandent au ge\u0301ne\u0301ral Ze\u0301ph ...\" \/>\n<meta name=\"robots\" content=\"index, follow, max-snippet:-1, max-image-preview:large, max-video-preview:-1\" \/>\n<link rel=\"canonical\" href=\"https:\/\/www.africa-press.net\/centrafricaine\/politique\/faca-devenus-bandits-a-ouanda-djalle\" \/>\n<meta property=\"og:locale\" content=\"fr_FR\" \/>\n<meta property=\"og:type\" content=\"article\" \/>\n<meta property=\"og:title\" content=\"FACA Devenus Bandits \u00c0 Ouanda-Djall\u00e9\" \/>\n<meta property=\"og:description\" content=\"Les habitants de Ouanda-Djalle\u0301 ne supportent plus le comportement des soldats FACA. Ils demandent au ge\u0301ne\u0301ral Ze\u0301ph ...\" \/>\n<meta property=\"og:url\" content=\"https:\/\/www.africa-press.net\/centrafricaine\/politique\/faca-devenus-bandits-a-ouanda-djalle\" \/>\n<meta property=\"og:site_name\" content=\"centrafricaine\" \/>\n<meta property=\"article:published_time\" content=\"2026-04-22T13:03:04+00:00\" \/>\n<meta property=\"article:modified_time\" content=\"2026-04-22T13:17:14+00:00\" \/>\n<meta property=\"og:image\" content=\"https:\/\/static.africa-press.net\/centrafricaine\/sites\/45\/2026\/04\/sm_1776851079.868278.jpg\" \/>\n\t<meta property=\"og:image:width\" content=\"720\" \/>\n\t<meta property=\"og:image:height\" content=\"324\" \/>\n\t<meta property=\"og:image:type\" content=\"image\/jpeg\" \/>\n<meta name=\"author\" content=\"cfeditorfr\" \/>\n<meta name=\"twitter:card\" content=\"summary_large_image\" \/>\n<meta name=\"twitter:label1\" content=\"\u00c9crit par\" \/>\n\t<meta name=\"twitter:data1\" content=\"cfeditorfr\" \/>\n\t<meta name=\"twitter:label2\" content=\"Dur\u00e9e de lecture estim\u00e9e\" \/>\n\t<meta name=\"twitter:data2\" content=\"2 minutes\" \/>\n<script type=\"application\/ld+json\" class=\"yoast-schema-graph\">{\"@context\":\"https:\/\/schema.org\",\"@graph\":[{\"@type\":\"Article\",\"@id\":\"https:\/\/www.africa-press.net\/centrafricaine\/politique\/faca-devenus-bandits-a-ouanda-djalle#article\",\"isPartOf\":{\"@id\":\"https:\/\/www.africa-press.net\/centrafricaine\/politique\/faca-devenus-bandits-a-ouanda-djalle\"},\"author\":{\"name\":\"cfeditorfr\",\"@id\":\"https:\/\/www.africa-press.net\/centrafricaine\/#\/schema\/person\/2b1cf3cd81a31e3cd26889ca66d677f1\"},\"headline\":\"FACA Devenus Bandits \u00c0 Ouanda-Djall\u00e9\",\"datePublished\":\"2026-04-22T13:03:04+00:00\",\"dateModified\":\"2026-04-22T13:17:14+00:00\",\"mainEntityOfPage\":{\"@id\":\"https:\/\/www.africa-press.net\/centrafricaine\/politique\/faca-devenus-bandits-a-ouanda-djalle\"},\"wordCount\":340,\"commentCount\":0,\"image\":{\"@id\":\"https:\/\/www.africa-press.net\/centrafricaine\/politique\/faca-devenus-bandits-a-ouanda-djalle#primaryimage\"},\"thumbnailUrl\":\"https:\/\/static.africa-press.net\/centrafricaine\/sites\/45\/2026\/04\/sm_1776851079.868278.jpg\",\"keywords\":[\"CentrAfricaine\"],\"articleSection\":[\"Politique\",\"Toutes les actualit\u00e9s\"],\"inLanguage\":\"fr-FR\",\"potentialAction\":[{\"@type\":\"CommentAction\",\"name\":\"Comment\",\"target\":[\"https:\/\/www.africa-press.net\/centrafricaine\/politique\/faca-devenus-bandits-a-ouanda-djalle#respond\"]}]},{\"@type\":\"WebPage\",\"@id\":\"https:\/\/www.africa-press.net\/centrafricaine\/politique\/faca-devenus-bandits-a-ouanda-djalle\",\"url\":\"https:\/\/www.africa-press.net\/centrafricaine\/politique\/faca-devenus-bandits-a-ouanda-djalle\",\"name\":\"FACA Devenus Bandits \u00c0 Ouanda-Djall\u00e9 - centrafricaine\",\"isPartOf\":{\"@id\":\"https:\/\/www.africa-press.net\/centrafricaine\/#website\"},\"primaryImageOfPage\":{\"@id\":\"https:\/\/www.africa-press.net\/centrafricaine\/politique\/faca-devenus-bandits-a-ouanda-djalle#primaryimage\"},\"image\":{\"@id\":\"https:\/\/www.africa-press.net\/centrafricaine\/politique\/faca-devenus-bandits-a-ouanda-djalle#primaryimage\"},\"thumbnailUrl\":\"https:\/\/static.africa-press.net\/centrafricaine\/sites\/45\/2026\/04\/sm_1776851079.868278.jpg\",\"datePublished\":\"2026-04-22T13:03:04+00:00\",\"dateModified\":\"2026-04-22T13:17:14+00:00\",\"author\":{\"@id\":\"https:\/\/www.africa-press.net\/centrafricaine\/#\/schema\/person\/2b1cf3cd81a31e3cd26889ca66d677f1\"},\"description\":\"Les habitants de Ouanda-Djalle\u0301 ne supportent plus le comportement des soldats FACA. Ils demandent au ge\u0301ne\u0301ral Ze\u0301ph ...\",\"breadcrumb\":{\"@id\":\"https:\/\/www.africa-press.net\/centrafricaine\/politique\/faca-devenus-bandits-a-ouanda-djalle#breadcrumb\"},\"inLanguage\":\"fr-FR\",\"potentialAction\":[{\"@type\":\"ReadAction\",\"target\":[\"https:\/\/www.africa-press.net\/centrafricaine\/politique\/faca-devenus-bandits-a-ouanda-djalle\"]}]},{\"@type\":\"ImageObject\",\"inLanguage\":\"fr-FR\",\"@id\":\"https:\/\/www.africa-press.net\/centrafricaine\/politique\/faca-devenus-bandits-a-ouanda-djalle#primaryimage\",\"url\":\"https:\/\/static.africa-press.net\/centrafricaine\/sites\/45\/2026\/04\/sm_1776851079.868278.jpg\",\"contentUrl\":\"https:\/\/static.africa-press.net\/centrafricaine\/sites\/45\/2026\/04\/sm_1776851079.868278.jpg\",\"width\":720,\"height\":324,\"caption\":\"FACA Devenus Bandits \u00c0 Ouanda-Djall\u00e9\"},{\"@type\":\"BreadcrumbList\",\"@id\":\"https:\/\/www.africa-press.net\/centrafricaine\/politique\/faca-devenus-bandits-a-ouanda-djalle#breadcrumb\",\"itemListElement\":[{\"@type\":\"ListItem\",\"position\":1,\"name\":\"Accueil\",\"item\":\"https:\/\/www.africa-press.net\/centrafricaine\/\"},{\"@type\":\"ListItem\",\"position\":2,\"name\":\"FACA Devenus Bandits \u00c0 Ouanda-Djall\u00e9\"}]},{\"@type\":\"WebSite\",\"@id\":\"https:\/\/www.africa-press.net\/centrafricaine\/#website\",\"url\":\"https:\/\/www.africa-press.net\/centrafricaine\/\",\"name\":\"centrafricaine\",\"description\":\"Just another Africa News Agency Sites site\",\"potentialAction\":[{\"@type\":\"SearchAction\",\"target\":{\"@type\":\"EntryPoint\",\"urlTemplate\":\"https:\/\/www.africa-press.net\/centrafricaine\/?s={search_term_string}\"},\"query-input\":{\"@type\":\"PropertyValueSpecification\",\"valueRequired\":true,\"valueName\":\"search_term_string\"}}],\"inLanguage\":\"fr-FR\"},{\"@type\":\"Person\",\"@id\":\"https:\/\/www.africa-press.net\/centrafricaine\/#\/schema\/person\/2b1cf3cd81a31e3cd26889ca66d677f1\",\"name\":\"cfeditorfr\"}]}<\/script>\n<!-- \/ Yoast SEO Premium plugin. -->","yoast_head_json":{"title":"FACA Devenus Bandits \u00c0 Ouanda-Djall\u00e9 - centrafricaine","description":"Les habitants de Ouanda-Djalle\u0301 ne supportent plus le comportement des soldats FACA. Ils demandent au ge\u0301ne\u0301ral Ze\u0301ph ...","robots":{"index":"index","follow":"follow","max-snippet":"max-snippet:-1","max-image-preview":"max-image-preview:large","max-video-preview":"max-video-preview:-1"},"canonical":"https:\/\/www.africa-press.net\/centrafricaine\/politique\/faca-devenus-bandits-a-ouanda-djalle","og_locale":"fr_FR","og_type":"article","og_title":"FACA Devenus Bandits \u00c0 Ouanda-Djall\u00e9","og_description":"Les habitants de Ouanda-Djalle\u0301 ne supportent plus le comportement des soldats FACA. Ils demandent au ge\u0301ne\u0301ral Ze\u0301ph ...","og_url":"https:\/\/www.africa-press.net\/centrafricaine\/politique\/faca-devenus-bandits-a-ouanda-djalle","og_site_name":"centrafricaine","article_published_time":"2026-04-22T13:03:04+00:00","article_modified_time":"2026-04-22T13:17:14+00:00","og_image":[{"width":720,"height":324,"url":"https:\/\/static.africa-press.net\/centrafricaine\/sites\/45\/2026\/04\/sm_1776851079.868278.jpg","type":"image\/jpeg"}],"author":"cfeditorfr","twitter_card":"summary_large_image","twitter_misc":{"\u00c9crit par":"cfeditorfr","Dur\u00e9e de lecture estim\u00e9e":"2 minutes"},"schema":{"@context":"https:\/\/schema.org","@graph":[{"@type":"Article","@id":"https:\/\/www.africa-press.net\/centrafricaine\/politique\/faca-devenus-bandits-a-ouanda-djalle#article","isPartOf":{"@id":"https:\/\/www.africa-press.net\/centrafricaine\/politique\/faca-devenus-bandits-a-ouanda-djalle"},"author":{"name":"cfeditorfr","@id":"https:\/\/www.africa-press.net\/centrafricaine\/#\/schema\/person\/2b1cf3cd81a31e3cd26889ca66d677f1"},"headline":"FACA Devenus Bandits \u00c0 Ouanda-Djall\u00e9","datePublished":"2026-04-22T13:03:04+00:00","dateModified":"2026-04-22T13:17:14+00:00","mainEntityOfPage":{"@id":"https:\/\/www.africa-press.net\/centrafricaine\/politique\/faca-devenus-bandits-a-ouanda-djalle"},"wordCount":340,"commentCount":0,"image":{"@id":"https:\/\/www.africa-press.net\/centrafricaine\/politique\/faca-devenus-bandits-a-ouanda-djalle#primaryimage"},"thumbnailUrl":"https:\/\/static.africa-press.net\/centrafricaine\/sites\/45\/2026\/04\/sm_1776851079.868278.jpg","keywords":["CentrAfricaine"],"articleSection":["Politique","Toutes les actualit\u00e9s"],"inLanguage":"fr-FR","potentialAction":[{"@type":"CommentAction","name":"Comment","target":["https:\/\/www.africa-press.net\/centrafricaine\/politique\/faca-devenus-bandits-a-ouanda-djalle#respond"]}]},{"@type":"WebPage","@id":"https:\/\/www.africa-press.net\/centrafricaine\/politique\/faca-devenus-bandits-a-ouanda-djalle","url":"https:\/\/www.africa-press.net\/centrafricaine\/politique\/faca-devenus-bandits-a-ouanda-djalle","name":"FACA Devenus Bandits \u00c0 Ouanda-Djall\u00e9 - centrafricaine","isPartOf":{"@id":"https:\/\/www.africa-press.net\/centrafricaine\/#website"},"primaryImageOfPage":{"@id":"https:\/\/www.africa-press.net\/centrafricaine\/politique\/faca-devenus-bandits-a-ouanda-djalle#primaryimage"},"image":{"@id":"https:\/\/www.africa-press.net\/centrafricaine\/politique\/faca-devenus-bandits-a-ouanda-djalle#primaryimage"},"thumbnailUrl":"https:\/\/static.africa-press.net\/centrafricaine\/sites\/45\/2026\/04\/sm_1776851079.868278.jpg","datePublished":"2026-04-22T13:03:04+00:00","dateModified":"2026-04-22T13:17:14+00:00","author":{"@id":"https:\/\/www.africa-press.net\/centrafricaine\/#\/schema\/person\/2b1cf3cd81a31e3cd26889ca66d677f1"},"description":"Les habitants de Ouanda-Djalle\u0301 ne supportent plus le comportement des soldats FACA. Ils demandent au ge\u0301ne\u0301ral Ze\u0301ph ...","breadcrumb":{"@id":"https:\/\/www.africa-press.net\/centrafricaine\/politique\/faca-devenus-bandits-a-ouanda-djalle#breadcrumb"},"inLanguage":"fr-FR","potentialAction":[{"@type":"ReadAction","target":["https:\/\/www.africa-press.net\/centrafricaine\/politique\/faca-devenus-bandits-a-ouanda-djalle"]}]},{"@type":"ImageObject","inLanguage":"fr-FR","@id":"https:\/\/www.africa-press.net\/centrafricaine\/politique\/faca-devenus-bandits-a-ouanda-djalle#primaryimage","url":"https:\/\/static.africa-press.net\/centrafricaine\/sites\/45\/2026\/04\/sm_1776851079.868278.jpg","contentUrl":"https:\/\/static.africa-press.net\/centrafricaine\/sites\/45\/2026\/04\/sm_1776851079.868278.jpg","width":720,"height":324,"caption":"FACA Devenus Bandits \u00c0 Ouanda-Djall\u00e9"},{"@type":"BreadcrumbList","@id":"https:\/\/www.africa-press.net\/centrafricaine\/politique\/faca-devenus-bandits-a-ouanda-djalle#breadcrumb","itemListElement":[{"@type":"ListItem","position":1,"name":"Accueil","item":"https:\/\/www.africa-press.net\/centrafricaine\/"},{"@type":"ListItem","position":2,"name":"FACA Devenus Bandits \u00c0 Ouanda-Djall\u00e9"}]},{"@type":"WebSite","@id":"https:\/\/www.africa-press.net\/centrafricaine\/#website","url":"https:\/\/www.africa-press.net\/centrafricaine\/","name":"centrafricaine","description":"Just another Africa News Agency Sites site","potentialAction":[{"@type":"SearchAction","target":{"@type":"EntryPoint","urlTemplate":"https:\/\/www.africa-press.net\/centrafricaine\/?s={search_term_string}"},"query-input":{"@type":"PropertyValueSpecification","valueRequired":true,"valueName":"search_term_string"}}],"inLanguage":"fr-FR"},{"@type":"Person","@id":"https:\/\/www.africa-press.net\/centrafricaine\/#\/schema\/person\/2b1cf3cd81a31e3cd26889ca66d677f1","name":"cfeditorfr"}]}},"_links":{"self":[{"href":"https:\/\/www.africa-press.net\/centrafricaine\/wp-json\/wp\/v2\/posts\/83421","targetHints":{"allow":["GET"]}}],"collection":[{"href":"https:\/\/www.africa-press.net\/centrafricaine\/wp-json\/wp\/v2\/posts"}],"about":[{"href":"https:\/\/www.africa-press.net\/centrafricaine\/wp-json\/wp\/v2\/types\/post"}],"author":[{"embeddable":true,"href":"https:\/\/www.africa-press.net\/centrafricaine\/wp-json\/wp\/v2\/users\/82"}],"replies":[{"embeddable":true,"href":"https:\/\/www.africa-press.net\/centrafricaine\/wp-json\/wp\/v2\/comments?post=83421"}],"version-history":[{"count":1,"href":"https:\/\/www.africa-press.net\/centrafricaine\/wp-json\/wp\/v2\/posts\/83421\/revisions"}],"predecessor-version":[{"id":83436,"href":"https:\/\/www.africa-press.net\/centrafricaine\/wp-json\/wp\/v2\/posts\/83421\/revisions\/83436"}],"wp:featuredmedia":[{"embeddable":true,"href":"https:\/\/www.africa-press.net\/centrafricaine\/wp-json\/wp\/v2\/media\/83420"}],"wp:attachment":[{"href":"https:\/\/www.africa-press.net\/centrafricaine\/wp-json\/wp\/v2\/media?parent=83421"}],"wp:term":[{"taxonomy":"category","embeddable":true,"href":"https:\/\/www.africa-press.net\/centrafricaine\/wp-json\/wp\/v2\/categories?post=83421"},{"taxonomy":"post_tag","embeddable":true,"href":"https:\/\/www.africa-press.net\/centrafricaine\/wp-json\/wp\/v2\/tags?post=83421"}],"curies":[{"name":"wp","href":"https:\/\/api.w.org\/{rel}","templated":true}]}}