{"id":83445,"date":"2026-04-23T12:42:12","date_gmt":"2026-04-23T12:42:12","guid":{"rendered":"https:\/\/www.africa-press.net\/centrafricaine\/politique\/vehicules-impayes-proprietaires-bloquent-ministere"},"modified":"2026-04-23T13:15:28","modified_gmt":"2026-04-23T13:15:28","slug":"vehicules-impayes-proprietaires-bloquent-ministere","status":"publish","type":"post","link":"https:\/\/www.africa-press.net\/centrafricaine\/politique\/vehicules-impayes-proprietaires-bloquent-ministere","title":{"rendered":"Ve\u0301hicules Impaye\u0301s: Proprie\u0301taires Bloquent Ministe\u0300re"},"content":{"rendered":"<p><span style=\"color: #ff6600\"><strong>Africa-Press &#8211; CentrAfricaine. <\/strong><\/span><b>L\u2019affaire des ve\u0301hicules impaye\u0301s de l\u2019investiture de Faustin-Archange Touade\u0301ra n\u2019en finit pas. Trois jours apre\u0300s la rencontre a\u0300 Damara ou\u0300 le dictateur centrafricain avait promis de re\u0301gler la situation \u00ab tre\u0300s vite et en bonne intelligence \u00bb, les proprie\u0301taires n\u2019ont rec\u0327u aucune nouvelle, aucun centime, aucun signe.<\/b><\/p>\n<p>C\u2019est dans ce contexte que ce mercredi 22 avril 2026, ils sont retourne\u0301s frapper a\u0300 la porte du directeur ge\u0301ne\u0301ral des transports. Re\u0301sultat: un homme visiblement a\u0300 bout, qui leur a reconnu ouvertement que le dossier de\u0301passe ses attributions. Il ne peut rien faire. Il les a redirige\u0301s vers son ministre.<\/p>\n<p>Les repre\u0301sentants des proprie\u0301taires se sont donc rendus au bureau du ministre des transports, <b>Gautron Djono Ahaba<\/b>. L\u2019homme les a rec\u0327us et leur a tenu un discours pre\u0301cis: lui, il ne ge\u0300re que les bus, les minibus, les ve\u0301hicules de transport collectif. Les voitures de particuliers mobilise\u0301es lors de l\u2019investiture, ce n\u2019est pas son dossier. C\u2019est le ministe\u0300re des mines qui est compe\u0301tent. C\u2019est le ministre des mines Ruffin Beltoungou qui devait payer.<\/p>\n<p><b>\u00ab De mon co\u0302te\u0301, j\u2019ai de\u0301ja\u0300 tout re\u0301gle\u0301. Je n\u2019ai aucun proble\u0300me \u00bb,<\/b> leur a-t-il dit. Il a ajoute\u0301 que le dossier est de\u0301ja\u0300 au niveau du tre\u0301sor public et que les choses avancent. Il leur a demande\u0301 de ne pas la\u0302cher.<\/p>\n<p>Les proprie\u0301taires ont compris finalement le jeu et ont quitte\u0301 le ministe\u0300re des transports et ont marche\u0301 jusqu\u2019au ministe\u0300re des mines.<\/p>\n<p>La\u0300, ils se sont retrouve\u0301s devant un mur. On leur a dit que le ministre est en voyage.<\/p>\n<p>La cole\u0300re a e\u0301te\u0301 imme\u0301diate. Ces hommes et ces femmes qui ont mis leurs ve\u0301hicules a\u0300 disposition de l\u2019E\u0301tat le 30 mars pour la prestation de serment du dictateur centrafricain au stade 20 000 places de Bangui, qui ont ensuite couru de bureau en bureau pendant des semaines, qui ont envoye\u0301 trois de\u0301le\u0301gue\u0301s jusqu\u2019a\u0300 la ferme pre\u0301sidentielle de Damara pour remettre les dossiers en main propre a\u0300 Touade\u0301ra lui-me\u0302me, se retrouvent ce mercredi 22 avril avec la me\u0302me re\u0301ponse que depuis le de\u0301but: personne n\u2019est la\u0300, personne ne peut rien.<\/p>\n<p>Pour rappel, depuis le de\u0301but de l\u2019affaire, le jeu de renvoi est devient un jeu de chat et souri. Le directeur ge\u0301ne\u0301ral des transports Wenceslas Nguelekoumon renvoie vers l\u2019ONEM, l\u2019ONEM renvoie vers le ministre des mines Ruffin Benam Beltoungou, le ministre des mines renvoie vers l\u2019ONEM, et le directeur ge\u0301ne\u0301ral de l\u2019ONEM disparai\u0302t. La signature du ministre des mines autorisant le de\u0301caissement n\u2019a rien de\u0301bloque\u0301. La rencontre avec Touade\u0301ra a\u0300 Damara n\u2019a rien de\u0301bloque\u0301. Le tre\u0301sor public est cite\u0301, mais personne ne confirme un paiement.<\/p>\n<p>Devant la porte close du ministe\u0300re des mines, les proprie\u0301taires ont pris une de\u0301cision. Plus question de frapper aux portes poliment. Chacun ame\u0300ne son ve\u0301hicule pour bloquer l\u2019entre\u0301e du ministe\u0300re des transports. Personne n\u2019entre, personne ne sort, jusqu\u2019a\u0300 ce qu\u2019une re\u0301ponse concre\u0300te soit donne\u0301e.<\/p>\n<p>La de\u0301cision est prise pour ce jeudi 24 avril.<\/p>\n<p>Rappelons que dans la septie\u0300me Re\u0301publique de Faustin-Archange Touade\u0301ra, il faut donc avoir traverse\u0301 le directeur ge\u0301ne\u0301ral des transports, l\u2019ONEM, le ministre des mines, la ferme pre\u0301sidentielle de Damara, le ministre des transports a\u0300 nouveau, et le ministe\u0300re des mines une nouvelle fois, pour en arriver la\u0300 ou\u0300 tout aurait du\u0302 commencer: quelqu\u2019un qui paie ce qu\u2019il doit.<\/p>\n<p><b>Source: Corbeau News Centrafrique<\/b><\/p>\n<p><strong>Pour plus d&rsquo;informations et d&rsquo;analyses sur la <span style=\"color: #ff6600\">CentrAfricaine<\/span>, suivez <span style=\"color: #ff6600\">Africa-Press<\/span><\/strong><\/p>\n","protected":false},"excerpt":{"rendered":"<p>Africa-Press &#8211; CentrAfricaine. L\u2019affaire des ve\u0301hicules impaye\u0301s de l\u2019investiture de Faustin-Archange Touade\u0301ra n\u2019en finit pas. Trois jours apre\u0300s la rencontre a\u0300 Damara ou\u0300 le dictateur centrafricain avait promis de re\u0301gler la situation \u00ab tre\u0300s vite et en bonne intelligence \u00bb, les proprie\u0301taires n\u2019ont rec\u0327u aucune nouvelle, aucun centime, aucun signe. C\u2019est dans ce contexte que [&hellip;]<\/p>\n","protected":false},"author":82,"featured_media":83444,"comment_status":"open","ping_status":"closed","sticky":false,"template":"","format":"standard","meta":{"footnotes":""},"categories":[2,10],"tags":[30],"class_list":["post-83445","post","type-post","status-publish","format-standard","has-post-thumbnail","hentry","category-politique","category-toutes-les-actualites","tag-centrafricaine"],"yoast_head":"<!-- This site is optimized with the Yoast SEO Premium plugin v26.1 (Yoast SEO v27.0) - https:\/\/yoast.com\/product\/yoast-seo-premium-wordpress\/ -->\n<title>Ve\u0301hicules Impaye\u0301s: Proprie\u0301taires Bloquent Ministe\u0300re - centrafricaine<\/title>\n<meta name=\"description\" content=\"L\u2019affaire des ve\u0301hicules impaye\u0301s de l\u2019investiture de Faustin-Archange Touade\u0301ra n\u2019en finit pas. Trois jours apre\u0300s l ...\" \/>\n<meta name=\"robots\" content=\"index, follow, max-snippet:-1, max-image-preview:large, max-video-preview:-1\" \/>\n<link rel=\"canonical\" href=\"https:\/\/www.africa-press.net\/centrafricaine\/politique\/vehicules-impayes-proprietaires-bloquent-ministere\" \/>\n<meta property=\"og:locale\" content=\"fr_FR\" \/>\n<meta property=\"og:type\" content=\"article\" \/>\n<meta property=\"og:title\" content=\"Ve\u0301hicules Impaye\u0301s: Proprie\u0301taires Bloquent Ministe\u0300re\" \/>\n<meta property=\"og:description\" content=\"L\u2019affaire des ve\u0301hicules impaye\u0301s de l\u2019investiture de Faustin-Archange Touade\u0301ra n\u2019en finit pas. Trois jours apre\u0300s l ...\" \/>\n<meta property=\"og:url\" content=\"https:\/\/www.africa-press.net\/centrafricaine\/politique\/vehicules-impayes-proprietaires-bloquent-ministere\" \/>\n<meta property=\"og:site_name\" content=\"centrafricaine\" \/>\n<meta property=\"article:published_time\" content=\"2026-04-23T12:42:12+00:00\" \/>\n<meta property=\"article:modified_time\" content=\"2026-04-23T13:15:28+00:00\" \/>\n<meta property=\"og:image\" content=\"https:\/\/static.africa-press.net\/centrafricaine\/sites\/45\/2026\/04\/sm_1776937315.909935.jpg\" \/>\n\t<meta property=\"og:image:width\" content=\"720\" \/>\n\t<meta property=\"og:image:height\" content=\"478\" \/>\n\t<meta property=\"og:image:type\" content=\"image\/jpeg\" \/>\n<meta name=\"author\" content=\"cfeditorfr\" \/>\n<meta name=\"twitter:card\" content=\"summary_large_image\" \/>\n<meta name=\"twitter:label1\" content=\"\u00c9crit par\" \/>\n\t<meta name=\"twitter:data1\" content=\"cfeditorfr\" \/>\n\t<meta name=\"twitter:label2\" content=\"Dur\u00e9e de lecture estim\u00e9e\" \/>\n\t<meta name=\"twitter:data2\" content=\"4 minutes\" \/>\n<script type=\"application\/ld+json\" class=\"yoast-schema-graph\">{\"@context\":\"https:\/\/schema.org\",\"@graph\":[{\"@type\":\"Article\",\"@id\":\"https:\/\/www.africa-press.net\/centrafricaine\/politique\/vehicules-impayes-proprietaires-bloquent-ministere#article\",\"isPartOf\":{\"@id\":\"https:\/\/www.africa-press.net\/centrafricaine\/politique\/vehicules-impayes-proprietaires-bloquent-ministere\"},\"author\":{\"name\":\"cfeditorfr\",\"@id\":\"https:\/\/www.africa-press.net\/centrafricaine\/#\/schema\/person\/2b1cf3cd81a31e3cd26889ca66d677f1\"},\"headline\":\"Ve\u0301hicules Impaye\u0301s: Proprie\u0301taires Bloquent Ministe\u0300re\",\"datePublished\":\"2026-04-23T12:42:12+00:00\",\"dateModified\":\"2026-04-23T13:15:28+00:00\",\"mainEntityOfPage\":{\"@id\":\"https:\/\/www.africa-press.net\/centrafricaine\/politique\/vehicules-impayes-proprietaires-bloquent-ministere\"},\"wordCount\":662,\"commentCount\":0,\"image\":{\"@id\":\"https:\/\/www.africa-press.net\/centrafricaine\/politique\/vehicules-impayes-proprietaires-bloquent-ministere#primaryimage\"},\"thumbnailUrl\":\"https:\/\/static.africa-press.net\/centrafricaine\/sites\/45\/2026\/04\/sm_1776937315.909935.jpg\",\"keywords\":[\"CentrAfricaine\"],\"articleSection\":[\"Politique\",\"Toutes les actualit\u00e9s\"],\"inLanguage\":\"fr-FR\",\"potentialAction\":[{\"@type\":\"CommentAction\",\"name\":\"Comment\",\"target\":[\"https:\/\/www.africa-press.net\/centrafricaine\/politique\/vehicules-impayes-proprietaires-bloquent-ministere#respond\"]}]},{\"@type\":\"WebPage\",\"@id\":\"https:\/\/www.africa-press.net\/centrafricaine\/politique\/vehicules-impayes-proprietaires-bloquent-ministere\",\"url\":\"https:\/\/www.africa-press.net\/centrafricaine\/politique\/vehicules-impayes-proprietaires-bloquent-ministere\",\"name\":\"Ve\u0301hicules Impaye\u0301s: Proprie\u0301taires Bloquent Ministe\u0300re - centrafricaine\",\"isPartOf\":{\"@id\":\"https:\/\/www.africa-press.net\/centrafricaine\/#website\"},\"primaryImageOfPage\":{\"@id\":\"https:\/\/www.africa-press.net\/centrafricaine\/politique\/vehicules-impayes-proprietaires-bloquent-ministere#primaryimage\"},\"image\":{\"@id\":\"https:\/\/www.africa-press.net\/centrafricaine\/politique\/vehicules-impayes-proprietaires-bloquent-ministere#primaryimage\"},\"thumbnailUrl\":\"https:\/\/static.africa-press.net\/centrafricaine\/sites\/45\/2026\/04\/sm_1776937315.909935.jpg\",\"datePublished\":\"2026-04-23T12:42:12+00:00\",\"dateModified\":\"2026-04-23T13:15:28+00:00\",\"author\":{\"@id\":\"https:\/\/www.africa-press.net\/centrafricaine\/#\/schema\/person\/2b1cf3cd81a31e3cd26889ca66d677f1\"},\"description\":\"L\u2019affaire des ve\u0301hicules impaye\u0301s de l\u2019investiture de Faustin-Archange Touade\u0301ra n\u2019en finit pas. Trois jours apre\u0300s l ...\",\"breadcrumb\":{\"@id\":\"https:\/\/www.africa-press.net\/centrafricaine\/politique\/vehicules-impayes-proprietaires-bloquent-ministere#breadcrumb\"},\"inLanguage\":\"fr-FR\",\"potentialAction\":[{\"@type\":\"ReadAction\",\"target\":[\"https:\/\/www.africa-press.net\/centrafricaine\/politique\/vehicules-impayes-proprietaires-bloquent-ministere\"]}]},{\"@type\":\"ImageObject\",\"inLanguage\":\"fr-FR\",\"@id\":\"https:\/\/www.africa-press.net\/centrafricaine\/politique\/vehicules-impayes-proprietaires-bloquent-ministere#primaryimage\",\"url\":\"https:\/\/static.africa-press.net\/centrafricaine\/sites\/45\/2026\/04\/sm_1776937315.909935.jpg\",\"contentUrl\":\"https:\/\/static.africa-press.net\/centrafricaine\/sites\/45\/2026\/04\/sm_1776937315.909935.jpg\",\"width\":720,\"height\":478,\"caption\":\"Ve\u0301hicules Impaye\u0301s: Proprie\u0301taires Bloquent Ministe\u0300re\"},{\"@type\":\"BreadcrumbList\",\"@id\":\"https:\/\/www.africa-press.net\/centrafricaine\/politique\/vehicules-impayes-proprietaires-bloquent-ministere#breadcrumb\",\"itemListElement\":[{\"@type\":\"ListItem\",\"position\":1,\"name\":\"Accueil\",\"item\":\"https:\/\/www.africa-press.net\/centrafricaine\/\"},{\"@type\":\"ListItem\",\"position\":2,\"name\":\"Ve\u0301hicules Impaye\u0301s: Proprie\u0301taires Bloquent Ministe\u0300re\"}]},{\"@type\":\"WebSite\",\"@id\":\"https:\/\/www.africa-press.net\/centrafricaine\/#website\",\"url\":\"https:\/\/www.africa-press.net\/centrafricaine\/\",\"name\":\"centrafricaine\",\"description\":\"Just another Africa News Agency Sites site\",\"potentialAction\":[{\"@type\":\"SearchAction\",\"target\":{\"@type\":\"EntryPoint\",\"urlTemplate\":\"https:\/\/www.africa-press.net\/centrafricaine\/?s={search_term_string}\"},\"query-input\":{\"@type\":\"PropertyValueSpecification\",\"valueRequired\":true,\"valueName\":\"search_term_string\"}}],\"inLanguage\":\"fr-FR\"},{\"@type\":\"Person\",\"@id\":\"https:\/\/www.africa-press.net\/centrafricaine\/#\/schema\/person\/2b1cf3cd81a31e3cd26889ca66d677f1\",\"name\":\"cfeditorfr\"}]}<\/script>\n<!-- \/ Yoast SEO Premium plugin. -->","yoast_head_json":{"title":"Ve\u0301hicules Impaye\u0301s: Proprie\u0301taires Bloquent Ministe\u0300re - centrafricaine","description":"L\u2019affaire des ve\u0301hicules impaye\u0301s de l\u2019investiture de Faustin-Archange Touade\u0301ra n\u2019en finit pas. Trois jours apre\u0300s l ...","robots":{"index":"index","follow":"follow","max-snippet":"max-snippet:-1","max-image-preview":"max-image-preview:large","max-video-preview":"max-video-preview:-1"},"canonical":"https:\/\/www.africa-press.net\/centrafricaine\/politique\/vehicules-impayes-proprietaires-bloquent-ministere","og_locale":"fr_FR","og_type":"article","og_title":"Ve\u0301hicules Impaye\u0301s: Proprie\u0301taires Bloquent Ministe\u0300re","og_description":"L\u2019affaire des ve\u0301hicules impaye\u0301s de l\u2019investiture de Faustin-Archange Touade\u0301ra n\u2019en finit pas. Trois jours apre\u0300s l ...","og_url":"https:\/\/www.africa-press.net\/centrafricaine\/politique\/vehicules-impayes-proprietaires-bloquent-ministere","og_site_name":"centrafricaine","article_published_time":"2026-04-23T12:42:12+00:00","article_modified_time":"2026-04-23T13:15:28+00:00","og_image":[{"width":720,"height":478,"url":"https:\/\/static.africa-press.net\/centrafricaine\/sites\/45\/2026\/04\/sm_1776937315.909935.jpg","type":"image\/jpeg"}],"author":"cfeditorfr","twitter_card":"summary_large_image","twitter_misc":{"\u00c9crit par":"cfeditorfr","Dur\u00e9e de lecture estim\u00e9e":"4 minutes"},"schema":{"@context":"https:\/\/schema.org","@graph":[{"@type":"Article","@id":"https:\/\/www.africa-press.net\/centrafricaine\/politique\/vehicules-impayes-proprietaires-bloquent-ministere#article","isPartOf":{"@id":"https:\/\/www.africa-press.net\/centrafricaine\/politique\/vehicules-impayes-proprietaires-bloquent-ministere"},"author":{"name":"cfeditorfr","@id":"https:\/\/www.africa-press.net\/centrafricaine\/#\/schema\/person\/2b1cf3cd81a31e3cd26889ca66d677f1"},"headline":"Ve\u0301hicules Impaye\u0301s: Proprie\u0301taires Bloquent Ministe\u0300re","datePublished":"2026-04-23T12:42:12+00:00","dateModified":"2026-04-23T13:15:28+00:00","mainEntityOfPage":{"@id":"https:\/\/www.africa-press.net\/centrafricaine\/politique\/vehicules-impayes-proprietaires-bloquent-ministere"},"wordCount":662,"commentCount":0,"image":{"@id":"https:\/\/www.africa-press.net\/centrafricaine\/politique\/vehicules-impayes-proprietaires-bloquent-ministere#primaryimage"},"thumbnailUrl":"https:\/\/static.africa-press.net\/centrafricaine\/sites\/45\/2026\/04\/sm_1776937315.909935.jpg","keywords":["CentrAfricaine"],"articleSection":["Politique","Toutes les actualit\u00e9s"],"inLanguage":"fr-FR","potentialAction":[{"@type":"CommentAction","name":"Comment","target":["https:\/\/www.africa-press.net\/centrafricaine\/politique\/vehicules-impayes-proprietaires-bloquent-ministere#respond"]}]},{"@type":"WebPage","@id":"https:\/\/www.africa-press.net\/centrafricaine\/politique\/vehicules-impayes-proprietaires-bloquent-ministere","url":"https:\/\/www.africa-press.net\/centrafricaine\/politique\/vehicules-impayes-proprietaires-bloquent-ministere","name":"Ve\u0301hicules Impaye\u0301s: Proprie\u0301taires Bloquent Ministe\u0300re - centrafricaine","isPartOf":{"@id":"https:\/\/www.africa-press.net\/centrafricaine\/#website"},"primaryImageOfPage":{"@id":"https:\/\/www.africa-press.net\/centrafricaine\/politique\/vehicules-impayes-proprietaires-bloquent-ministere#primaryimage"},"image":{"@id":"https:\/\/www.africa-press.net\/centrafricaine\/politique\/vehicules-impayes-proprietaires-bloquent-ministere#primaryimage"},"thumbnailUrl":"https:\/\/static.africa-press.net\/centrafricaine\/sites\/45\/2026\/04\/sm_1776937315.909935.jpg","datePublished":"2026-04-23T12:42:12+00:00","dateModified":"2026-04-23T13:15:28+00:00","author":{"@id":"https:\/\/www.africa-press.net\/centrafricaine\/#\/schema\/person\/2b1cf3cd81a31e3cd26889ca66d677f1"},"description":"L\u2019affaire des ve\u0301hicules impaye\u0301s de l\u2019investiture de Faustin-Archange Touade\u0301ra n\u2019en finit pas. Trois jours apre\u0300s l ...","breadcrumb":{"@id":"https:\/\/www.africa-press.net\/centrafricaine\/politique\/vehicules-impayes-proprietaires-bloquent-ministere#breadcrumb"},"inLanguage":"fr-FR","potentialAction":[{"@type":"ReadAction","target":["https:\/\/www.africa-press.net\/centrafricaine\/politique\/vehicules-impayes-proprietaires-bloquent-ministere"]}]},{"@type":"ImageObject","inLanguage":"fr-FR","@id":"https:\/\/www.africa-press.net\/centrafricaine\/politique\/vehicules-impayes-proprietaires-bloquent-ministere#primaryimage","url":"https:\/\/static.africa-press.net\/centrafricaine\/sites\/45\/2026\/04\/sm_1776937315.909935.jpg","contentUrl":"https:\/\/static.africa-press.net\/centrafricaine\/sites\/45\/2026\/04\/sm_1776937315.909935.jpg","width":720,"height":478,"caption":"Ve\u0301hicules Impaye\u0301s: Proprie\u0301taires Bloquent Ministe\u0300re"},{"@type":"BreadcrumbList","@id":"https:\/\/www.africa-press.net\/centrafricaine\/politique\/vehicules-impayes-proprietaires-bloquent-ministere#breadcrumb","itemListElement":[{"@type":"ListItem","position":1,"name":"Accueil","item":"https:\/\/www.africa-press.net\/centrafricaine\/"},{"@type":"ListItem","position":2,"name":"Ve\u0301hicules Impaye\u0301s: Proprie\u0301taires Bloquent Ministe\u0300re"}]},{"@type":"WebSite","@id":"https:\/\/www.africa-press.net\/centrafricaine\/#website","url":"https:\/\/www.africa-press.net\/centrafricaine\/","name":"centrafricaine","description":"Just another Africa News Agency Sites site","potentialAction":[{"@type":"SearchAction","target":{"@type":"EntryPoint","urlTemplate":"https:\/\/www.africa-press.net\/centrafricaine\/?s={search_term_string}"},"query-input":{"@type":"PropertyValueSpecification","valueRequired":true,"valueName":"search_term_string"}}],"inLanguage":"fr-FR"},{"@type":"Person","@id":"https:\/\/www.africa-press.net\/centrafricaine\/#\/schema\/person\/2b1cf3cd81a31e3cd26889ca66d677f1","name":"cfeditorfr"}]}},"_links":{"self":[{"href":"https:\/\/www.africa-press.net\/centrafricaine\/wp-json\/wp\/v2\/posts\/83445","targetHints":{"allow":["GET"]}}],"collection":[{"href":"https:\/\/www.africa-press.net\/centrafricaine\/wp-json\/wp\/v2\/posts"}],"about":[{"href":"https:\/\/www.africa-press.net\/centrafricaine\/wp-json\/wp\/v2\/types\/post"}],"author":[{"embeddable":true,"href":"https:\/\/www.africa-press.net\/centrafricaine\/wp-json\/wp\/v2\/users\/82"}],"replies":[{"embeddable":true,"href":"https:\/\/www.africa-press.net\/centrafricaine\/wp-json\/wp\/v2\/comments?post=83445"}],"version-history":[{"count":1,"href":"https:\/\/www.africa-press.net\/centrafricaine\/wp-json\/wp\/v2\/posts\/83445\/revisions"}],"predecessor-version":[{"id":83460,"href":"https:\/\/www.africa-press.net\/centrafricaine\/wp-json\/wp\/v2\/posts\/83445\/revisions\/83460"}],"wp:featuredmedia":[{"embeddable":true,"href":"https:\/\/www.africa-press.net\/centrafricaine\/wp-json\/wp\/v2\/media\/83444"}],"wp:attachment":[{"href":"https:\/\/www.africa-press.net\/centrafricaine\/wp-json\/wp\/v2\/media?parent=83445"}],"wp:term":[{"taxonomy":"category","embeddable":true,"href":"https:\/\/www.africa-press.net\/centrafricaine\/wp-json\/wp\/v2\/categories?post=83445"},{"taxonomy":"post_tag","embeddable":true,"href":"https:\/\/www.africa-press.net\/centrafricaine\/wp-json\/wp\/v2\/tags?post=83445"}],"curies":[{"name":"wp","href":"https:\/\/api.w.org\/{rel}","templated":true}]}}