{"id":8351,"date":"2021-06-23T15:54:01","date_gmt":"2021-06-23T15:54:01","guid":{"rendered":"https:\/\/www.africa-press.net\/centrafricaine\/?p=8351"},"modified":"2021-06-23T18:27:33","modified_gmt":"2021-06-23T18:27:33","slug":"controverse-autour-de-lassassinat-du-maire-de-la-commune-de-pombolo-au-sud-est-de-la-centrafrique","status":"publish","type":"post","link":"https:\/\/www.africa-press.net\/centrafricaine\/politique\/controverse-autour-de-lassassinat-du-maire-de-la-commune-de-pombolo-au-sud-est-de-la-centrafrique","title":{"rendered":"Controverse autour de l\u2019assassinat du maire de la commune de Pombolo, au sud-Est de la Centrafrique"},"content":{"rendered":"<p><span style=\"color: #ff6600\"><strong><a href=\"https:\/\/www.africa-press.net\/\">Africa-Press<\/a> &#8211; <a href=\"https:\/\/www.africa-press.net\/centrafricaine\">CentrAfricaine<\/a>.\u00a0 <\/strong><\/span>\u00a0Un peu plus d\u2019une semaine apr\u00e8s l\u2019assassinat du sultan maire de Koui, de son adjoint et de son garde du corps par les mercenaires russes et syriens de la soci\u00e9t\u00e9 Wagner, on vient d\u2019apprendre ce mardi 22 juin la nouvelle de l\u2019assassinat de Monsieur Ousman Daouda , maire de la commune de Pombolo, au sud-Est de la RCA. Une fois de plus, les mercenaires de Wagner sont accus\u00e9s d\u2019\u00eatre \u00e0 l\u2019origine de cet assassinat, mais les autorit\u00e9s locales rejettent la responsabilit\u00e9 sur des malfrats non identifi\u00e9s et d\u00e9fendent les mercenaires de Wagner.<\/p>\n<p>Ceci n\u2019est un secret pour personne. Les Peuls et les musulmans sont devenus des cibles faciles et pr\u00e9f\u00e9r\u00e9es des mercenaires russes et syriens de la soci\u00e9t\u00e9 Wagner. Dans leurs exactions commises sur les populations, nombreux sont de jeunes musulmans ou des Peuls qui sont leurs victimes. \u00c0 koui, au Nord-ouest, le sultan maire Lamido Souleymane Daouda qui avait \u00e9t\u00e9 tu\u00e9 est un Peul, de m\u00eame qu\u2019\u00e0 Pombolo, le maire Ousman Daouda qui vient d\u2019\u00eatre assassin\u00e9 est un sujet peul.<\/p>\n<p>Selon certaines sources locales, ce dernier a \u00e9t\u00e9 tu\u00e9 lundi 21 juin dans la soir\u00e9e, et son corps a \u00e9t\u00e9 d\u00e9couvert 24 heures plus tard. Des membres de sa famille soup\u00e7onnent les mercenaires russes de Wagner d\u2019\u00eatre ses meurtriers, de m\u00eame qu\u2019\u00e0 koui. Les faits se ressemblent miraculeusement pour les deux meurtres.<\/p>\n<p>\u00c0 en croire le pr\u00e9fet de Mbomou, Madame Pierrette B\u00e9ngu\u00e9r\u00e9, les malfrats non identifi\u00e9s seraient \u00e0 l\u2019origine de la mort brutale du maire de Pombolo, Monsieur Ousman Daouda. Une v\u00e9ritable poudre aux yeux orchestr\u00e9e par les autorit\u00e9s du pays. D\u2019apr\u00e8s eux, Monsieur Ousman Daouda serait devenu un indic des mercenaires de Wagner et des FACA dans leur lutte contre les rebelles de l\u2019UPC. C\u2019est lui qui leur aurait indiqu\u00e9 \u00e0 plusieurs reprises les caches d\u2019armes des rebelles et leur position. C\u2019est pourquoi il a \u00e9t\u00e9 tu\u00e9 par les malfrats. Pour la famille, ce son de cloche a d\u00e9j\u00e0 \u00e9t\u00e9 entendu ailleurs, notamment \u00e0 koui apr\u00e8s l\u2019assassinat du sultan Maire de la ville.<\/p>\n<p>Rappelons que la semaine derni\u00e8re, une enqu\u00eate de la cha\u00eene am\u00e9ricaine CNN et de son partenaire The Sentry indique que les mercenaires russes de Wagner seraient \u00e0 l\u2019origine de plusieurs crimes, notamment celui de droits de l\u2019homme et du droit humanitaire. Et le lundi 21 juin, la coalition de l\u2019opposition d\u00e9mocratique (COD2020) exige leur d\u00e9part sans condition du territoire centrafricain, car leur pr\u00e9sence en Centrafrique constitue un \u00ab malheur pour le peuple centrafricain \u00bb.<\/p>\n<p><b>\u00a0<\/b><\/p>\n","protected":false},"excerpt":{"rendered":"<p>Africa-Press &#8211; CentrAfricaine.\u00a0 \u00a0Un peu plus d\u2019une semaine apr\u00e8s l\u2019assassinat du sultan maire de Koui, de son adjoint et de son garde du corps par les mercenaires russes et syriens de la soci\u00e9t\u00e9 Wagner, on vient d\u2019apprendre ce mardi 22 juin la nouvelle de l\u2019assassinat de Monsieur Ousman Daouda , maire de la commune de [&hellip;]<\/p>\n","protected":false},"author":82,"featured_media":8350,"comment_status":"open","ping_status":"closed","sticky":false,"template":"","format":"standard","meta":{"footnotes":""},"categories":[11,2,20,10],"tags":[36,58,30],"class_list":["post-8351","post","type-post","status-publish","format-standard","has-post-thumbnail","hentry","category-homepage-french","category-politique","category-top-nouvelles","category-toutes-les-actualites","tag-africa-press","tag-africa-press-centrafricaine","tag-centrafricaine"],"yoast_head":"<!-- This site is optimized with the Yoast SEO Premium plugin v26.1 (Yoast SEO v27.0) - https:\/\/yoast.com\/product\/yoast-seo-premium-wordpress\/ -->\n<title>Controverse autour de l\u2019assassinat du maire de la commune de Pombolo, au sud-Est de la Centrafrique - centrafricaine<\/title>\n<meta name=\"description\" content=\"Bangui, R\u00e9publique centrafricaine, mercredi, 23 juin 2021, 03:39:14 ( Corbeaunews-Centrafrique ). Un peu plus d\u2019 ...\" \/>\n<meta name=\"robots\" content=\"index, follow, max-snippet:-1, max-image-preview:large, max-video-preview:-1\" \/>\n<link rel=\"canonical\" href=\"https:\/\/www.africa-press.net\/centrafricaine\/politique\/controverse-autour-de-lassassinat-du-maire-de-la-commune-de-pombolo-au-sud-est-de-la-centrafrique\" \/>\n<meta property=\"og:locale\" content=\"fr_FR\" \/>\n<meta property=\"og:type\" content=\"article\" \/>\n<meta property=\"og:title\" content=\"Controverse autour de l\u2019assassinat du maire de la commune de Pombolo, au sud-Est de la Centrafrique\" \/>\n<meta property=\"og:description\" content=\"Bangui, R\u00e9publique centrafricaine, mercredi, 23 juin 2021, 03:39:14 ( Corbeaunews-Centrafrique ). Un peu plus d\u2019 ...\" \/>\n<meta property=\"og:url\" content=\"https:\/\/www.africa-press.net\/centrafricaine\/politique\/controverse-autour-de-lassassinat-du-maire-de-la-commune-de-pombolo-au-sud-est-de-la-centrafrique\" \/>\n<meta property=\"og:site_name\" content=\"centrafricaine\" \/>\n<meta property=\"article:published_time\" content=\"2021-06-23T15:54:01+00:00\" \/>\n<meta property=\"article:modified_time\" content=\"2021-06-23T18:27:33+00:00\" \/>\n<meta property=\"og:image\" content=\"https:\/\/static.africa-press.net\/centrafricaine\/sites\/45\/2021\/06\/img-60d357df5eaa7.jpg\" \/>\n\t<meta property=\"og:image:width\" content=\"720\" \/>\n\t<meta property=\"og:image:height\" content=\"696\" \/>\n\t<meta property=\"og:image:type\" content=\"image\/jpeg\" \/>\n<meta name=\"author\" content=\"cfeditorfr\" \/>\n<meta name=\"twitter:card\" content=\"summary_large_image\" \/>\n<meta name=\"twitter:label1\" content=\"\u00c9crit par\" \/>\n\t<meta name=\"twitter:data1\" content=\"cfeditorfr\" \/>\n\t<meta name=\"twitter:label2\" content=\"Dur\u00e9e de lecture estim\u00e9e\" \/>\n\t<meta name=\"twitter:data2\" content=\"2 minutes\" \/>\n<script type=\"application\/ld+json\" class=\"yoast-schema-graph\">{\"@context\":\"https:\/\/schema.org\",\"@graph\":[{\"@type\":\"Article\",\"@id\":\"https:\/\/www.africa-press.net\/centrafricaine\/politique\/controverse-autour-de-lassassinat-du-maire-de-la-commune-de-pombolo-au-sud-est-de-la-centrafrique#article\",\"isPartOf\":{\"@id\":\"https:\/\/www.africa-press.net\/centrafricaine\/politique\/controverse-autour-de-lassassinat-du-maire-de-la-commune-de-pombolo-au-sud-est-de-la-centrafrique\"},\"author\":{\"name\":\"cfeditorfr\",\"@id\":\"https:\/\/www.africa-press.net\/centrafricaine\/#\/schema\/person\/2b1cf3cd81a31e3cd26889ca66d677f1\"},\"headline\":\"Controverse autour de l\u2019assassinat du maire de la commune de Pombolo, au sud-Est de la Centrafrique\",\"datePublished\":\"2021-06-23T15:54:01+00:00\",\"dateModified\":\"2021-06-23T18:27:33+00:00\",\"mainEntityOfPage\":{\"@id\":\"https:\/\/www.africa-press.net\/centrafricaine\/politique\/controverse-autour-de-lassassinat-du-maire-de-la-commune-de-pombolo-au-sud-est-de-la-centrafrique\"},\"wordCount\":466,\"commentCount\":0,\"image\":{\"@id\":\"https:\/\/www.africa-press.net\/centrafricaine\/politique\/controverse-autour-de-lassassinat-du-maire-de-la-commune-de-pombolo-au-sud-est-de-la-centrafrique#primaryimage\"},\"thumbnailUrl\":\"https:\/\/static.africa-press.net\/centrafricaine\/sites\/45\/2021\/06\/img-60d357df5eaa7.jpg\",\"keywords\":[\"Africa Press\",\"Africa Press-CentrAfricaine\",\"CentrAfricaine\"],\"articleSection\":[\"homepage-french\",\"Politique\",\"Top Nouvelles\",\"Toutes les actualit\u00e9s\"],\"inLanguage\":\"fr-FR\",\"potentialAction\":[{\"@type\":\"CommentAction\",\"name\":\"Comment\",\"target\":[\"https:\/\/www.africa-press.net\/centrafricaine\/politique\/controverse-autour-de-lassassinat-du-maire-de-la-commune-de-pombolo-au-sud-est-de-la-centrafrique#respond\"]}]},{\"@type\":\"WebPage\",\"@id\":\"https:\/\/www.africa-press.net\/centrafricaine\/politique\/controverse-autour-de-lassassinat-du-maire-de-la-commune-de-pombolo-au-sud-est-de-la-centrafrique\",\"url\":\"https:\/\/www.africa-press.net\/centrafricaine\/politique\/controverse-autour-de-lassassinat-du-maire-de-la-commune-de-pombolo-au-sud-est-de-la-centrafrique\",\"name\":\"Controverse autour de l\u2019assassinat du maire de la commune de Pombolo, au sud-Est de la Centrafrique - centrafricaine\",\"isPartOf\":{\"@id\":\"https:\/\/www.africa-press.net\/centrafricaine\/#website\"},\"primaryImageOfPage\":{\"@id\":\"https:\/\/www.africa-press.net\/centrafricaine\/politique\/controverse-autour-de-lassassinat-du-maire-de-la-commune-de-pombolo-au-sud-est-de-la-centrafrique#primaryimage\"},\"image\":{\"@id\":\"https:\/\/www.africa-press.net\/centrafricaine\/politique\/controverse-autour-de-lassassinat-du-maire-de-la-commune-de-pombolo-au-sud-est-de-la-centrafrique#primaryimage\"},\"thumbnailUrl\":\"https:\/\/static.africa-press.net\/centrafricaine\/sites\/45\/2021\/06\/img-60d357df5eaa7.jpg\",\"datePublished\":\"2021-06-23T15:54:01+00:00\",\"dateModified\":\"2021-06-23T18:27:33+00:00\",\"author\":{\"@id\":\"https:\/\/www.africa-press.net\/centrafricaine\/#\/schema\/person\/2b1cf3cd81a31e3cd26889ca66d677f1\"},\"description\":\"Bangui, R\u00e9publique centrafricaine, mercredi, 23 juin 2021, 03:39:14 ( Corbeaunews-Centrafrique ). Un peu plus d\u2019 ...\",\"breadcrumb\":{\"@id\":\"https:\/\/www.africa-press.net\/centrafricaine\/politique\/controverse-autour-de-lassassinat-du-maire-de-la-commune-de-pombolo-au-sud-est-de-la-centrafrique#breadcrumb\"},\"inLanguage\":\"fr-FR\",\"potentialAction\":[{\"@type\":\"ReadAction\",\"target\":[\"https:\/\/www.africa-press.net\/centrafricaine\/politique\/controverse-autour-de-lassassinat-du-maire-de-la-commune-de-pombolo-au-sud-est-de-la-centrafrique\"]}]},{\"@type\":\"ImageObject\",\"inLanguage\":\"fr-FR\",\"@id\":\"https:\/\/www.africa-press.net\/centrafricaine\/politique\/controverse-autour-de-lassassinat-du-maire-de-la-commune-de-pombolo-au-sud-est-de-la-centrafrique#primaryimage\",\"url\":\"https:\/\/static.africa-press.net\/centrafricaine\/sites\/45\/2021\/06\/img-60d357df5eaa7.jpg\",\"contentUrl\":\"https:\/\/static.africa-press.net\/centrafricaine\/sites\/45\/2021\/06\/img-60d357df5eaa7.jpg\",\"width\":720,\"height\":696,\"caption\":\"Controverse autour de l\u2019assassinat du maire de la commune de Pombolo, au sud-Est de la Centrafrique\"},{\"@type\":\"BreadcrumbList\",\"@id\":\"https:\/\/www.africa-press.net\/centrafricaine\/politique\/controverse-autour-de-lassassinat-du-maire-de-la-commune-de-pombolo-au-sud-est-de-la-centrafrique#breadcrumb\",\"itemListElement\":[{\"@type\":\"ListItem\",\"position\":1,\"name\":\"Accueil\",\"item\":\"https:\/\/www.africa-press.net\/centrafricaine\/\"},{\"@type\":\"ListItem\",\"position\":2,\"name\":\"Controverse autour de l\u2019assassinat du maire de la commune de Pombolo, au sud-Est de la Centrafrique\"}]},{\"@type\":\"WebSite\",\"@id\":\"https:\/\/www.africa-press.net\/centrafricaine\/#website\",\"url\":\"https:\/\/www.africa-press.net\/centrafricaine\/\",\"name\":\"centrafricaine\",\"description\":\"Just another Africa News Agency Sites site\",\"potentialAction\":[{\"@type\":\"SearchAction\",\"target\":{\"@type\":\"EntryPoint\",\"urlTemplate\":\"https:\/\/www.africa-press.net\/centrafricaine\/?s={search_term_string}\"},\"query-input\":{\"@type\":\"PropertyValueSpecification\",\"valueRequired\":true,\"valueName\":\"search_term_string\"}}],\"inLanguage\":\"fr-FR\"},{\"@type\":\"Person\",\"@id\":\"https:\/\/www.africa-press.net\/centrafricaine\/#\/schema\/person\/2b1cf3cd81a31e3cd26889ca66d677f1\",\"name\":\"cfeditorfr\"}]}<\/script>\n<!-- \/ Yoast SEO Premium plugin. -->","yoast_head_json":{"title":"Controverse autour de l\u2019assassinat du maire de la commune de Pombolo, au sud-Est de la Centrafrique - centrafricaine","description":"Bangui, R\u00e9publique centrafricaine, mercredi, 23 juin 2021, 03:39:14 ( Corbeaunews-Centrafrique ). Un peu plus d\u2019 ...","robots":{"index":"index","follow":"follow","max-snippet":"max-snippet:-1","max-image-preview":"max-image-preview:large","max-video-preview":"max-video-preview:-1"},"canonical":"https:\/\/www.africa-press.net\/centrafricaine\/politique\/controverse-autour-de-lassassinat-du-maire-de-la-commune-de-pombolo-au-sud-est-de-la-centrafrique","og_locale":"fr_FR","og_type":"article","og_title":"Controverse autour de l\u2019assassinat du maire de la commune de Pombolo, au sud-Est de la Centrafrique","og_description":"Bangui, R\u00e9publique centrafricaine, mercredi, 23 juin 2021, 03:39:14 ( Corbeaunews-Centrafrique ). Un peu plus d\u2019 ...","og_url":"https:\/\/www.africa-press.net\/centrafricaine\/politique\/controverse-autour-de-lassassinat-du-maire-de-la-commune-de-pombolo-au-sud-est-de-la-centrafrique","og_site_name":"centrafricaine","article_published_time":"2021-06-23T15:54:01+00:00","article_modified_time":"2021-06-23T18:27:33+00:00","og_image":[{"width":720,"height":696,"url":"https:\/\/static.africa-press.net\/centrafricaine\/sites\/45\/2021\/06\/img-60d357df5eaa7.jpg","type":"image\/jpeg"}],"author":"cfeditorfr","twitter_card":"summary_large_image","twitter_misc":{"\u00c9crit par":"cfeditorfr","Dur\u00e9e de lecture estim\u00e9e":"2 minutes"},"schema":{"@context":"https:\/\/schema.org","@graph":[{"@type":"Article","@id":"https:\/\/www.africa-press.net\/centrafricaine\/politique\/controverse-autour-de-lassassinat-du-maire-de-la-commune-de-pombolo-au-sud-est-de-la-centrafrique#article","isPartOf":{"@id":"https:\/\/www.africa-press.net\/centrafricaine\/politique\/controverse-autour-de-lassassinat-du-maire-de-la-commune-de-pombolo-au-sud-est-de-la-centrafrique"},"author":{"name":"cfeditorfr","@id":"https:\/\/www.africa-press.net\/centrafricaine\/#\/schema\/person\/2b1cf3cd81a31e3cd26889ca66d677f1"},"headline":"Controverse autour de l\u2019assassinat du maire de la commune de Pombolo, au sud-Est de la Centrafrique","datePublished":"2021-06-23T15:54:01+00:00","dateModified":"2021-06-23T18:27:33+00:00","mainEntityOfPage":{"@id":"https:\/\/www.africa-press.net\/centrafricaine\/politique\/controverse-autour-de-lassassinat-du-maire-de-la-commune-de-pombolo-au-sud-est-de-la-centrafrique"},"wordCount":466,"commentCount":0,"image":{"@id":"https:\/\/www.africa-press.net\/centrafricaine\/politique\/controverse-autour-de-lassassinat-du-maire-de-la-commune-de-pombolo-au-sud-est-de-la-centrafrique#primaryimage"},"thumbnailUrl":"https:\/\/static.africa-press.net\/centrafricaine\/sites\/45\/2021\/06\/img-60d357df5eaa7.jpg","keywords":["Africa Press","Africa Press-CentrAfricaine","CentrAfricaine"],"articleSection":["homepage-french","Politique","Top Nouvelles","Toutes les actualit\u00e9s"],"inLanguage":"fr-FR","potentialAction":[{"@type":"CommentAction","name":"Comment","target":["https:\/\/www.africa-press.net\/centrafricaine\/politique\/controverse-autour-de-lassassinat-du-maire-de-la-commune-de-pombolo-au-sud-est-de-la-centrafrique#respond"]}]},{"@type":"WebPage","@id":"https:\/\/www.africa-press.net\/centrafricaine\/politique\/controverse-autour-de-lassassinat-du-maire-de-la-commune-de-pombolo-au-sud-est-de-la-centrafrique","url":"https:\/\/www.africa-press.net\/centrafricaine\/politique\/controverse-autour-de-lassassinat-du-maire-de-la-commune-de-pombolo-au-sud-est-de-la-centrafrique","name":"Controverse autour de l\u2019assassinat du maire de la commune de Pombolo, au sud-Est de la Centrafrique - centrafricaine","isPartOf":{"@id":"https:\/\/www.africa-press.net\/centrafricaine\/#website"},"primaryImageOfPage":{"@id":"https:\/\/www.africa-press.net\/centrafricaine\/politique\/controverse-autour-de-lassassinat-du-maire-de-la-commune-de-pombolo-au-sud-est-de-la-centrafrique#primaryimage"},"image":{"@id":"https:\/\/www.africa-press.net\/centrafricaine\/politique\/controverse-autour-de-lassassinat-du-maire-de-la-commune-de-pombolo-au-sud-est-de-la-centrafrique#primaryimage"},"thumbnailUrl":"https:\/\/static.africa-press.net\/centrafricaine\/sites\/45\/2021\/06\/img-60d357df5eaa7.jpg","datePublished":"2021-06-23T15:54:01+00:00","dateModified":"2021-06-23T18:27:33+00:00","author":{"@id":"https:\/\/www.africa-press.net\/centrafricaine\/#\/schema\/person\/2b1cf3cd81a31e3cd26889ca66d677f1"},"description":"Bangui, R\u00e9publique centrafricaine, mercredi, 23 juin 2021, 03:39:14 ( Corbeaunews-Centrafrique ). Un peu plus d\u2019 ...","breadcrumb":{"@id":"https:\/\/www.africa-press.net\/centrafricaine\/politique\/controverse-autour-de-lassassinat-du-maire-de-la-commune-de-pombolo-au-sud-est-de-la-centrafrique#breadcrumb"},"inLanguage":"fr-FR","potentialAction":[{"@type":"ReadAction","target":["https:\/\/www.africa-press.net\/centrafricaine\/politique\/controverse-autour-de-lassassinat-du-maire-de-la-commune-de-pombolo-au-sud-est-de-la-centrafrique"]}]},{"@type":"ImageObject","inLanguage":"fr-FR","@id":"https:\/\/www.africa-press.net\/centrafricaine\/politique\/controverse-autour-de-lassassinat-du-maire-de-la-commune-de-pombolo-au-sud-est-de-la-centrafrique#primaryimage","url":"https:\/\/static.africa-press.net\/centrafricaine\/sites\/45\/2021\/06\/img-60d357df5eaa7.jpg","contentUrl":"https:\/\/static.africa-press.net\/centrafricaine\/sites\/45\/2021\/06\/img-60d357df5eaa7.jpg","width":720,"height":696,"caption":"Controverse autour de l\u2019assassinat du maire de la commune de Pombolo, au sud-Est de la Centrafrique"},{"@type":"BreadcrumbList","@id":"https:\/\/www.africa-press.net\/centrafricaine\/politique\/controverse-autour-de-lassassinat-du-maire-de-la-commune-de-pombolo-au-sud-est-de-la-centrafrique#breadcrumb","itemListElement":[{"@type":"ListItem","position":1,"name":"Accueil","item":"https:\/\/www.africa-press.net\/centrafricaine\/"},{"@type":"ListItem","position":2,"name":"Controverse autour de l\u2019assassinat du maire de la commune de Pombolo, au sud-Est de la Centrafrique"}]},{"@type":"WebSite","@id":"https:\/\/www.africa-press.net\/centrafricaine\/#website","url":"https:\/\/www.africa-press.net\/centrafricaine\/","name":"centrafricaine","description":"Just another Africa News Agency Sites site","potentialAction":[{"@type":"SearchAction","target":{"@type":"EntryPoint","urlTemplate":"https:\/\/www.africa-press.net\/centrafricaine\/?s={search_term_string}"},"query-input":{"@type":"PropertyValueSpecification","valueRequired":true,"valueName":"search_term_string"}}],"inLanguage":"fr-FR"},{"@type":"Person","@id":"https:\/\/www.africa-press.net\/centrafricaine\/#\/schema\/person\/2b1cf3cd81a31e3cd26889ca66d677f1","name":"cfeditorfr"}]}},"_links":{"self":[{"href":"https:\/\/www.africa-press.net\/centrafricaine\/wp-json\/wp\/v2\/posts\/8351","targetHints":{"allow":["GET"]}}],"collection":[{"href":"https:\/\/www.africa-press.net\/centrafricaine\/wp-json\/wp\/v2\/posts"}],"about":[{"href":"https:\/\/www.africa-press.net\/centrafricaine\/wp-json\/wp\/v2\/types\/post"}],"author":[{"embeddable":true,"href":"https:\/\/www.africa-press.net\/centrafricaine\/wp-json\/wp\/v2\/users\/82"}],"replies":[{"embeddable":true,"href":"https:\/\/www.africa-press.net\/centrafricaine\/wp-json\/wp\/v2\/comments?post=8351"}],"version-history":[{"count":0,"href":"https:\/\/www.africa-press.net\/centrafricaine\/wp-json\/wp\/v2\/posts\/8351\/revisions"}],"wp:featuredmedia":[{"embeddable":true,"href":"https:\/\/www.africa-press.net\/centrafricaine\/wp-json\/wp\/v2\/media\/8350"}],"wp:attachment":[{"href":"https:\/\/www.africa-press.net\/centrafricaine\/wp-json\/wp\/v2\/media?parent=8351"}],"wp:term":[{"taxonomy":"category","embeddable":true,"href":"https:\/\/www.africa-press.net\/centrafricaine\/wp-json\/wp\/v2\/categories?post=8351"},{"taxonomy":"post_tag","embeddable":true,"href":"https:\/\/www.africa-press.net\/centrafricaine\/wp-json\/wp\/v2\/tags?post=8351"}],"curies":[{"name":"wp","href":"https:\/\/api.w.org\/{rel}","templated":true}]}}