{"id":83524,"date":"2026-04-26T15:10:10","date_gmt":"2026-04-26T15:10:10","guid":{"rendered":"https:\/\/www.africa-press.net\/centrafricaine\/politique\/hommage-a-idriss-deby-temoignage-de-nguendet"},"modified":"2026-04-26T15:19:00","modified_gmt":"2026-04-26T15:19:00","slug":"hommage-a-idriss-deby-temoignage-de-nguendet","status":"publish","type":"post","link":"https:\/\/www.africa-press.net\/centrafricaine\/politique\/hommage-a-idriss-deby-temoignage-de-nguendet","title":{"rendered":"Hommage a\u0300 Idriss De\u0301by: Te\u0301moignage de N&rsquo;Guendet"},"content":{"rendered":"<p><span style=\"color: #ff6600\"><strong>Africa-Press &#8211; CentrAfricaine. <\/strong><\/span><b>Cinq ans apre\u0300s le de\u0301part du Mare\u0301chal Idriss Deby Itno, le 20 avril 2021, le souvenir de l\u2019ancien dirigeant tchadien demeure grave\u0301 dans les me\u0301moires, particulie\u0300rement au-dela\u0300 des frontie\u0300res de son propre pays. Pour Ferdinand Alexandre N\u2019Guendet, ancien Chef de l\u2019E\u0301tat centrafricain, cet anniversaire est l\u2019occasion de partager un re\u0301cit empreint d\u2019une profonde e\u0301motion, revenant sur une pe\u0301riode ou\u0300 le destin de deux nations s\u2019est joue\u0301 dans le secret des palais de Ndjamena.<\/b><\/p>\n<p>En effet, l\u2019histoire retiendra que les trajectoires de ces deux hommes se sont rejointes alors que la Re\u0301publique centrafricaine cherchait son souffle. Ferdinand Alexandre N\u2019Guendet se souvient avec pre\u0301cision de ce moment ou\u0300 il a du\u0302 re\u0301pondre a\u0300 l\u2019appel du destin \u00bb. Il raconte avec une pointe de nostalgie cette session extraordinaire de la CEEAC ou\u0300 tout a bascule\u0301.<\/p>\n<p>C\u2019est dans l\u2019intimite\u0301 d\u2019un e\u0301change discret que le Mare\u0301chal a marque\u0301 l\u2019esprit de son homologue. Le Mare\u0301chal Idriss Deby Itno m\u2019apostropha et me glissa a\u0300 l\u2019oreille qu\u2019il souhaitait que je mobilise l\u2019ensemble des conseillers nationaux \u00bb, confie-t-il. Cette demande, loin d\u2019e\u0302tre un simple de\u0301tail, visait a\u0300 rapatrier les parlementaires pour des de\u0301libe\u0301rations qui allaient changer le cours de la transition centrafricaine.<\/p>\n<p>Pour l\u2019ancien Pre\u0301sident <b>centrafricain<\/b>, De\u0301by est un homme de de\u0301cision et de convictions. Au-dela\u0300 des enjeux politiques, l\u2019article de l\u2019ancien Pre\u0301sident du CNT dessine le portrait d\u2019un leader qu\u2019il qualifie d\u2019 e\u0301minent panafricaniste \u00bb. Il de\u0301crit un homme dont la vision de\u0301passait les simples frontie\u0300res de son pays, anime\u0301 par le souci constant de voir re\u0301gner la stabilite\u0301 dans la sous-re\u0301gion \u00bb.<\/p>\n<p>Ferdinand Alexandre N\u2019Guendet e\u0301voque des souvenirs forts, comme ces entretiens en te\u0302te-a\u0300-te\u0302te portant sur la se\u0301curite\u0301 et la de\u0301fense de son pays. Il garde l\u2019image d\u2019un homme de de\u0301cision, d\u2019un homme d\u2019honneur et d\u2019un officier exemplaire \u00bb. A\u0300 travers ses mots, on perc\u0327oit le respect mutuel qui unissait les deux dirigeants dans le tumulte des crises institutionnelles.<\/p>\n<p>L\u2019une des parties les plus touchantes de ce te\u0301moignage concerne la fin de la transition. Ferdinand Alexandre N\u2019Guendet re\u0301pond avec force a\u0300 ses de\u0301tracteurs, affirmant son identite\u0301 de de\u0301mocrate convaincu \u00bb. Pour lui, l\u2019essentiel e\u0301tait de prouver qu\u2019en Afrique, l\u2019on pouvait organiser des e\u0301lections et transmettre les re\u0302nes de l\u2019E\u0301tat dans la paix et la dignite\u0301 \u00bb.<\/p>\n<p>Ce message de stabilite\u0301 re\u0301sonne aujourd\u2019hui comme un v\u0153u pour l\u2019avenir. En adressant ses condole\u0301ances a\u0300 la famille du de\u0301funt et au peuple tchadien, il salue e\u0301galement le travail de son fre\u0300re, le Mare\u0301chal Mahamat Idriss Deby Itno \u00bb. Il l\u2019encourage dans sa mission de re\u0301conciliation nationale, convaincu que, malgre\u0301 les e\u0301preuves passe\u0301es, le meilleur reste a\u0300 venir \u00bb.<\/p>\n<p>Ce vibrant hommage nous rappelle que derrie\u0300re les grandes de\u0301cisions politiques se cachent souvent des liens humains inde\u0301fectibles, forge\u0301s dans l\u2019urgence et la volonte\u0301 de ba\u0302tir un continent plus serein.<\/p>\n<p><b>Source: Corbeau News Centrafrique<\/b><\/p>\n<p><strong>Pour plus d&rsquo;informations et d&rsquo;analyses sur la <span style=\"color: #ff6600\">CentrAfricaine<\/span>, suivez <span style=\"color: #ff6600\">Africa-Press<\/span><\/strong><\/p>\n","protected":false},"excerpt":{"rendered":"<p>Africa-Press &#8211; CentrAfricaine. Cinq ans apre\u0300s le de\u0301part du Mare\u0301chal Idriss Deby Itno, le 20 avril 2021, le souvenir de l\u2019ancien dirigeant tchadien demeure grave\u0301 dans les me\u0301moires, particulie\u0300rement au-dela\u0300 des frontie\u0300res de son propre pays. Pour Ferdinand Alexandre N\u2019Guendet, ancien Chef de l\u2019E\u0301tat centrafricain, cet anniversaire est l\u2019occasion de partager un re\u0301cit empreint d\u2019une [&hellip;]<\/p>\n","protected":false},"author":82,"featured_media":83523,"comment_status":"open","ping_status":"closed","sticky":false,"template":"","format":"standard","meta":{"footnotes":""},"categories":[2,10],"tags":[30],"class_list":["post-83524","post","type-post","status-publish","format-standard","has-post-thumbnail","hentry","category-politique","category-toutes-les-actualites","tag-centrafricaine"],"yoast_head":"<!-- This site is optimized with the Yoast SEO Premium plugin v26.1 (Yoast SEO v27.0) - https:\/\/yoast.com\/product\/yoast-seo-premium-wordpress\/ -->\n<title>Hommage a\u0300 Idriss De\u0301by: Te\u0301moignage de N&#039;Guendet - centrafricaine<\/title>\n<meta name=\"description\" content=\"Cinq ans apre\u0300s le de\u0301part du Mare\u0301chal Idriss Deby Itno, le 20 avril 2021, le souvenir de l\u2019ancien dirigeant tchadie ...\" \/>\n<meta name=\"robots\" content=\"index, follow, max-snippet:-1, max-image-preview:large, max-video-preview:-1\" \/>\n<link rel=\"canonical\" href=\"https:\/\/www.africa-press.net\/centrafricaine\/politique\/hommage-a-idriss-deby-temoignage-de-nguendet\" \/>\n<meta property=\"og:locale\" content=\"fr_FR\" \/>\n<meta property=\"og:type\" content=\"article\" \/>\n<meta property=\"og:title\" content=\"Hommage a\u0300 Idriss De\u0301by: Te\u0301moignage de N&#039;Guendet\" \/>\n<meta property=\"og:description\" content=\"Cinq ans apre\u0300s le de\u0301part du Mare\u0301chal Idriss Deby Itno, le 20 avril 2021, le souvenir de l\u2019ancien dirigeant tchadie ...\" \/>\n<meta property=\"og:url\" content=\"https:\/\/www.africa-press.net\/centrafricaine\/politique\/hommage-a-idriss-deby-temoignage-de-nguendet\" \/>\n<meta property=\"og:site_name\" content=\"centrafricaine\" \/>\n<meta property=\"article:published_time\" content=\"2026-04-26T15:10:10+00:00\" \/>\n<meta property=\"article:modified_time\" content=\"2026-04-26T15:19:00+00:00\" \/>\n<meta property=\"og:image\" content=\"https:\/\/static.africa-press.net\/centrafricaine\/sites\/45\/2026\/04\/sm_1777203950.581423.jpg\" \/>\n\t<meta property=\"og:image:width\" content=\"1280\" \/>\n\t<meta property=\"og:image:height\" content=\"720\" \/>\n\t<meta property=\"og:image:type\" content=\"image\/jpeg\" \/>\n<meta name=\"author\" content=\"cfeditorfr\" \/>\n<meta name=\"twitter:card\" content=\"summary_large_image\" \/>\n<meta name=\"twitter:label1\" content=\"\u00c9crit par\" \/>\n\t<meta name=\"twitter:data1\" content=\"cfeditorfr\" \/>\n\t<meta name=\"twitter:label2\" content=\"Dur\u00e9e de lecture estim\u00e9e\" \/>\n\t<meta name=\"twitter:data2\" content=\"3 minutes\" \/>\n<script type=\"application\/ld+json\" class=\"yoast-schema-graph\">{\"@context\":\"https:\/\/schema.org\",\"@graph\":[{\"@type\":\"Article\",\"@id\":\"https:\/\/www.africa-press.net\/centrafricaine\/politique\/hommage-a-idriss-deby-temoignage-de-nguendet#article\",\"isPartOf\":{\"@id\":\"https:\/\/www.africa-press.net\/centrafricaine\/politique\/hommage-a-idriss-deby-temoignage-de-nguendet\"},\"author\":{\"name\":\"cfeditorfr\",\"@id\":\"https:\/\/www.africa-press.net\/centrafricaine\/#\/schema\/person\/2b1cf3cd81a31e3cd26889ca66d677f1\"},\"headline\":\"Hommage a\u0300 Idriss De\u0301by: Te\u0301moignage de N&rsquo;Guendet\",\"datePublished\":\"2026-04-26T15:10:10+00:00\",\"dateModified\":\"2026-04-26T15:19:00+00:00\",\"mainEntityOfPage\":{\"@id\":\"https:\/\/www.africa-press.net\/centrafricaine\/politique\/hommage-a-idriss-deby-temoignage-de-nguendet\"},\"wordCount\":576,\"commentCount\":0,\"image\":{\"@id\":\"https:\/\/www.africa-press.net\/centrafricaine\/politique\/hommage-a-idriss-deby-temoignage-de-nguendet#primaryimage\"},\"thumbnailUrl\":\"https:\/\/static.africa-press.net\/centrafricaine\/sites\/45\/2026\/04\/sm_1777203950.581423.jpg\",\"keywords\":[\"CentrAfricaine\"],\"articleSection\":[\"Politique\",\"Toutes les actualit\u00e9s\"],\"inLanguage\":\"fr-FR\",\"potentialAction\":[{\"@type\":\"CommentAction\",\"name\":\"Comment\",\"target\":[\"https:\/\/www.africa-press.net\/centrafricaine\/politique\/hommage-a-idriss-deby-temoignage-de-nguendet#respond\"]}]},{\"@type\":\"WebPage\",\"@id\":\"https:\/\/www.africa-press.net\/centrafricaine\/politique\/hommage-a-idriss-deby-temoignage-de-nguendet\",\"url\":\"https:\/\/www.africa-press.net\/centrafricaine\/politique\/hommage-a-idriss-deby-temoignage-de-nguendet\",\"name\":\"Hommage a\u0300 Idriss De\u0301by: Te\u0301moignage de N'Guendet - centrafricaine\",\"isPartOf\":{\"@id\":\"https:\/\/www.africa-press.net\/centrafricaine\/#website\"},\"primaryImageOfPage\":{\"@id\":\"https:\/\/www.africa-press.net\/centrafricaine\/politique\/hommage-a-idriss-deby-temoignage-de-nguendet#primaryimage\"},\"image\":{\"@id\":\"https:\/\/www.africa-press.net\/centrafricaine\/politique\/hommage-a-idriss-deby-temoignage-de-nguendet#primaryimage\"},\"thumbnailUrl\":\"https:\/\/static.africa-press.net\/centrafricaine\/sites\/45\/2026\/04\/sm_1777203950.581423.jpg\",\"datePublished\":\"2026-04-26T15:10:10+00:00\",\"dateModified\":\"2026-04-26T15:19:00+00:00\",\"author\":{\"@id\":\"https:\/\/www.africa-press.net\/centrafricaine\/#\/schema\/person\/2b1cf3cd81a31e3cd26889ca66d677f1\"},\"description\":\"Cinq ans apre\u0300s le de\u0301part du Mare\u0301chal Idriss Deby Itno, le 20 avril 2021, le souvenir de l\u2019ancien dirigeant tchadie ...\",\"breadcrumb\":{\"@id\":\"https:\/\/www.africa-press.net\/centrafricaine\/politique\/hommage-a-idriss-deby-temoignage-de-nguendet#breadcrumb\"},\"inLanguage\":\"fr-FR\",\"potentialAction\":[{\"@type\":\"ReadAction\",\"target\":[\"https:\/\/www.africa-press.net\/centrafricaine\/politique\/hommage-a-idriss-deby-temoignage-de-nguendet\"]}]},{\"@type\":\"ImageObject\",\"inLanguage\":\"fr-FR\",\"@id\":\"https:\/\/www.africa-press.net\/centrafricaine\/politique\/hommage-a-idriss-deby-temoignage-de-nguendet#primaryimage\",\"url\":\"https:\/\/static.africa-press.net\/centrafricaine\/sites\/45\/2026\/04\/sm_1777203950.581423.jpg\",\"contentUrl\":\"https:\/\/static.africa-press.net\/centrafricaine\/sites\/45\/2026\/04\/sm_1777203950.581423.jpg\",\"width\":1280,\"height\":720,\"caption\":\"Hommage a\u0300 Idriss De\u0301by: Te\u0301moignage de N'Guendet\"},{\"@type\":\"BreadcrumbList\",\"@id\":\"https:\/\/www.africa-press.net\/centrafricaine\/politique\/hommage-a-idriss-deby-temoignage-de-nguendet#breadcrumb\",\"itemListElement\":[{\"@type\":\"ListItem\",\"position\":1,\"name\":\"Accueil\",\"item\":\"https:\/\/www.africa-press.net\/centrafricaine\/\"},{\"@type\":\"ListItem\",\"position\":2,\"name\":\"Hommage a\u0300 Idriss De\u0301by: Te\u0301moignage de N&#8217;Guendet\"}]},{\"@type\":\"WebSite\",\"@id\":\"https:\/\/www.africa-press.net\/centrafricaine\/#website\",\"url\":\"https:\/\/www.africa-press.net\/centrafricaine\/\",\"name\":\"centrafricaine\",\"description\":\"Just another Africa News Agency Sites site\",\"potentialAction\":[{\"@type\":\"SearchAction\",\"target\":{\"@type\":\"EntryPoint\",\"urlTemplate\":\"https:\/\/www.africa-press.net\/centrafricaine\/?s={search_term_string}\"},\"query-input\":{\"@type\":\"PropertyValueSpecification\",\"valueRequired\":true,\"valueName\":\"search_term_string\"}}],\"inLanguage\":\"fr-FR\"},{\"@type\":\"Person\",\"@id\":\"https:\/\/www.africa-press.net\/centrafricaine\/#\/schema\/person\/2b1cf3cd81a31e3cd26889ca66d677f1\",\"name\":\"cfeditorfr\"}]}<\/script>\n<!-- \/ Yoast SEO Premium plugin. -->","yoast_head_json":{"title":"Hommage a\u0300 Idriss De\u0301by: Te\u0301moignage de N'Guendet - centrafricaine","description":"Cinq ans apre\u0300s le de\u0301part du Mare\u0301chal Idriss Deby Itno, le 20 avril 2021, le souvenir de l\u2019ancien dirigeant tchadie ...","robots":{"index":"index","follow":"follow","max-snippet":"max-snippet:-1","max-image-preview":"max-image-preview:large","max-video-preview":"max-video-preview:-1"},"canonical":"https:\/\/www.africa-press.net\/centrafricaine\/politique\/hommage-a-idriss-deby-temoignage-de-nguendet","og_locale":"fr_FR","og_type":"article","og_title":"Hommage a\u0300 Idriss De\u0301by: Te\u0301moignage de N'Guendet","og_description":"Cinq ans apre\u0300s le de\u0301part du Mare\u0301chal Idriss Deby Itno, le 20 avril 2021, le souvenir de l\u2019ancien dirigeant tchadie ...","og_url":"https:\/\/www.africa-press.net\/centrafricaine\/politique\/hommage-a-idriss-deby-temoignage-de-nguendet","og_site_name":"centrafricaine","article_published_time":"2026-04-26T15:10:10+00:00","article_modified_time":"2026-04-26T15:19:00+00:00","og_image":[{"width":1280,"height":720,"url":"https:\/\/static.africa-press.net\/centrafricaine\/sites\/45\/2026\/04\/sm_1777203950.581423.jpg","type":"image\/jpeg"}],"author":"cfeditorfr","twitter_card":"summary_large_image","twitter_misc":{"\u00c9crit par":"cfeditorfr","Dur\u00e9e de lecture estim\u00e9e":"3 minutes"},"schema":{"@context":"https:\/\/schema.org","@graph":[{"@type":"Article","@id":"https:\/\/www.africa-press.net\/centrafricaine\/politique\/hommage-a-idriss-deby-temoignage-de-nguendet#article","isPartOf":{"@id":"https:\/\/www.africa-press.net\/centrafricaine\/politique\/hommage-a-idriss-deby-temoignage-de-nguendet"},"author":{"name":"cfeditorfr","@id":"https:\/\/www.africa-press.net\/centrafricaine\/#\/schema\/person\/2b1cf3cd81a31e3cd26889ca66d677f1"},"headline":"Hommage a\u0300 Idriss De\u0301by: Te\u0301moignage de N&rsquo;Guendet","datePublished":"2026-04-26T15:10:10+00:00","dateModified":"2026-04-26T15:19:00+00:00","mainEntityOfPage":{"@id":"https:\/\/www.africa-press.net\/centrafricaine\/politique\/hommage-a-idriss-deby-temoignage-de-nguendet"},"wordCount":576,"commentCount":0,"image":{"@id":"https:\/\/www.africa-press.net\/centrafricaine\/politique\/hommage-a-idriss-deby-temoignage-de-nguendet#primaryimage"},"thumbnailUrl":"https:\/\/static.africa-press.net\/centrafricaine\/sites\/45\/2026\/04\/sm_1777203950.581423.jpg","keywords":["CentrAfricaine"],"articleSection":["Politique","Toutes les actualit\u00e9s"],"inLanguage":"fr-FR","potentialAction":[{"@type":"CommentAction","name":"Comment","target":["https:\/\/www.africa-press.net\/centrafricaine\/politique\/hommage-a-idriss-deby-temoignage-de-nguendet#respond"]}]},{"@type":"WebPage","@id":"https:\/\/www.africa-press.net\/centrafricaine\/politique\/hommage-a-idriss-deby-temoignage-de-nguendet","url":"https:\/\/www.africa-press.net\/centrafricaine\/politique\/hommage-a-idriss-deby-temoignage-de-nguendet","name":"Hommage a\u0300 Idriss De\u0301by: Te\u0301moignage de N'Guendet - centrafricaine","isPartOf":{"@id":"https:\/\/www.africa-press.net\/centrafricaine\/#website"},"primaryImageOfPage":{"@id":"https:\/\/www.africa-press.net\/centrafricaine\/politique\/hommage-a-idriss-deby-temoignage-de-nguendet#primaryimage"},"image":{"@id":"https:\/\/www.africa-press.net\/centrafricaine\/politique\/hommage-a-idriss-deby-temoignage-de-nguendet#primaryimage"},"thumbnailUrl":"https:\/\/static.africa-press.net\/centrafricaine\/sites\/45\/2026\/04\/sm_1777203950.581423.jpg","datePublished":"2026-04-26T15:10:10+00:00","dateModified":"2026-04-26T15:19:00+00:00","author":{"@id":"https:\/\/www.africa-press.net\/centrafricaine\/#\/schema\/person\/2b1cf3cd81a31e3cd26889ca66d677f1"},"description":"Cinq ans apre\u0300s le de\u0301part du Mare\u0301chal Idriss Deby Itno, le 20 avril 2021, le souvenir de l\u2019ancien dirigeant tchadie ...","breadcrumb":{"@id":"https:\/\/www.africa-press.net\/centrafricaine\/politique\/hommage-a-idriss-deby-temoignage-de-nguendet#breadcrumb"},"inLanguage":"fr-FR","potentialAction":[{"@type":"ReadAction","target":["https:\/\/www.africa-press.net\/centrafricaine\/politique\/hommage-a-idriss-deby-temoignage-de-nguendet"]}]},{"@type":"ImageObject","inLanguage":"fr-FR","@id":"https:\/\/www.africa-press.net\/centrafricaine\/politique\/hommage-a-idriss-deby-temoignage-de-nguendet#primaryimage","url":"https:\/\/static.africa-press.net\/centrafricaine\/sites\/45\/2026\/04\/sm_1777203950.581423.jpg","contentUrl":"https:\/\/static.africa-press.net\/centrafricaine\/sites\/45\/2026\/04\/sm_1777203950.581423.jpg","width":1280,"height":720,"caption":"Hommage a\u0300 Idriss De\u0301by: Te\u0301moignage de N'Guendet"},{"@type":"BreadcrumbList","@id":"https:\/\/www.africa-press.net\/centrafricaine\/politique\/hommage-a-idriss-deby-temoignage-de-nguendet#breadcrumb","itemListElement":[{"@type":"ListItem","position":1,"name":"Accueil","item":"https:\/\/www.africa-press.net\/centrafricaine\/"},{"@type":"ListItem","position":2,"name":"Hommage a\u0300 Idriss De\u0301by: Te\u0301moignage de N&#8217;Guendet"}]},{"@type":"WebSite","@id":"https:\/\/www.africa-press.net\/centrafricaine\/#website","url":"https:\/\/www.africa-press.net\/centrafricaine\/","name":"centrafricaine","description":"Just another Africa News Agency Sites site","potentialAction":[{"@type":"SearchAction","target":{"@type":"EntryPoint","urlTemplate":"https:\/\/www.africa-press.net\/centrafricaine\/?s={search_term_string}"},"query-input":{"@type":"PropertyValueSpecification","valueRequired":true,"valueName":"search_term_string"}}],"inLanguage":"fr-FR"},{"@type":"Person","@id":"https:\/\/www.africa-press.net\/centrafricaine\/#\/schema\/person\/2b1cf3cd81a31e3cd26889ca66d677f1","name":"cfeditorfr"}]}},"_links":{"self":[{"href":"https:\/\/www.africa-press.net\/centrafricaine\/wp-json\/wp\/v2\/posts\/83524","targetHints":{"allow":["GET"]}}],"collection":[{"href":"https:\/\/www.africa-press.net\/centrafricaine\/wp-json\/wp\/v2\/posts"}],"about":[{"href":"https:\/\/www.africa-press.net\/centrafricaine\/wp-json\/wp\/v2\/types\/post"}],"author":[{"embeddable":true,"href":"https:\/\/www.africa-press.net\/centrafricaine\/wp-json\/wp\/v2\/users\/82"}],"replies":[{"embeddable":true,"href":"https:\/\/www.africa-press.net\/centrafricaine\/wp-json\/wp\/v2\/comments?post=83524"}],"version-history":[{"count":1,"href":"https:\/\/www.africa-press.net\/centrafricaine\/wp-json\/wp\/v2\/posts\/83524\/revisions"}],"predecessor-version":[{"id":83526,"href":"https:\/\/www.africa-press.net\/centrafricaine\/wp-json\/wp\/v2\/posts\/83524\/revisions\/83526"}],"wp:featuredmedia":[{"embeddable":true,"href":"https:\/\/www.africa-press.net\/centrafricaine\/wp-json\/wp\/v2\/media\/83523"}],"wp:attachment":[{"href":"https:\/\/www.africa-press.net\/centrafricaine\/wp-json\/wp\/v2\/media?parent=83524"}],"wp:term":[{"taxonomy":"category","embeddable":true,"href":"https:\/\/www.africa-press.net\/centrafricaine\/wp-json\/wp\/v2\/categories?post=83524"},{"taxonomy":"post_tag","embeddable":true,"href":"https:\/\/www.africa-press.net\/centrafricaine\/wp-json\/wp\/v2\/tags?post=83524"}],"curies":[{"name":"wp","href":"https:\/\/api.w.org\/{rel}","templated":true}]}}