{"id":83530,"date":"2026-04-26T15:52:20","date_gmt":"2026-04-26T15:52:20","guid":{"rendered":"https:\/\/www.africa-press.net\/centrafricaine\/politique\/tension-sur-laxe-bossangoa-bossembele-inquiete"},"modified":"2026-04-26T15:53:11","modified_gmt":"2026-04-26T15:53:11","slug":"tension-sur-laxe-bossangoa-bossembele-inquiete","status":"publish","type":"post","link":"https:\/\/www.africa-press.net\/centrafricaine\/toutes-les-actualites\/tension-sur-laxe-bossangoa-bossembele-inquiete","title":{"rendered":"Tension Sur L&rsquo;Axe Bossangoa-Bossemb\u00e9l\u00e9 Inqui\u00e8te"},"content":{"rendered":"<p><span style=\"color: #ff6600\"><strong>Africa-Press &#8211; CentrAfricaine. <\/strong><\/span><b>Les usagers de la route nationale reliant l\u2019Ouham a\u0300 l\u2019Ombella-M\u2019Poko font face a\u0300 une menace grandissante depuis quelques semaines. Des braquages cible\u0301s viennent de perturber la circulation entre les villes de Bossangoa et de Bossembe\u0301le\u0301, pre\u0301cise\u0301ment dans les environs de la localite\u0301 de Korom-Poko.<\/b><\/p>\n<p>Cette zone strate\u0301gique pour le commerce local a e\u0301te\u0301 une fois de plus le lieu d\u2019agressions commises par des hommes arme\u0301s non identifie\u0301s les 21 et 22 avril. Ces individus ont de\u0301pouille\u0301 les voyageurs en toute impunite\u0301, emportant avec eux cinq motocyclettes ainsi que d\u2019importantes e\u0301conomies appartenant aux passagers. Ce regain de criminalite\u0301 bloque l\u2019e\u0301conomie re\u0301gionale et force les transporteurs a\u0300 vivre dans la peur permanente de perdre leur outil de travail.<\/p>\n<p>La multiplication de ces actes de banditisme dans la pre\u0301fecture de l\u2019Ombella-M\u2019Poko ne\u0301cessite une vigilance accrue de la part de chaque citoyen. Les conducteurs de taxi-moto, souvent vise\u0301s, doivent impe\u0301rativement se renseigner sur la se\u0301curite\u0301 du tronc\u0327on avant d\u2019entamer leur trajet vers Bossembe\u0301le\u0301. La prudence reste le seul rempart actuel pour e\u0301viter de tomber dans les filets de ces malfaiteurs qui ope\u0300rent de\u0301sormais sans crainte sur cet axe vital.<\/p>\n<p><strong>Pour plus d&rsquo;informations et d&rsquo;analyses sur la <span style=\"color: #ff6600\">CentrAfricaine<\/span>, suivez <span style=\"color: #ff6600\">Africa-Press<\/span><\/strong><\/p>\n","protected":false},"excerpt":{"rendered":"<p>Africa-Press &#8211; CentrAfricaine. Les usagers de la route nationale reliant l\u2019Ouham a\u0300 l\u2019Ombella-M\u2019Poko font face a\u0300 une menace grandissante depuis quelques semaines. Des braquages cible\u0301s viennent de perturber la circulation entre les villes de Bossangoa et de Bossembe\u0301le\u0301, pre\u0301cise\u0301ment dans les environs de la localite\u0301 de Korom-Poko. Cette zone strate\u0301gique pour le commerce local a [&hellip;]<\/p>\n","protected":false},"author":82,"featured_media":83529,"comment_status":"open","ping_status":"closed","sticky":false,"template":"","format":"standard","meta":{"footnotes":""},"categories":[21,10],"tags":[30],"class_list":["post-83530","post","type-post","status-publish","format-standard","has-post-thumbnail","hentry","category-communaute","category-toutes-les-actualites","tag-centrafricaine"],"yoast_head":"<!-- This site is optimized with the Yoast SEO Premium plugin v26.1 (Yoast SEO v27.0) - https:\/\/yoast.com\/product\/yoast-seo-premium-wordpress\/ -->\n<title>Tension Sur L&#039;Axe Bossangoa-Bossemb\u00e9l\u00e9 Inqui\u00e8te - centrafricaine<\/title>\n<meta name=\"description\" content=\"Les usagers de la route nationale reliant l\u2019Ouham a\u0300 l\u2019Ombella-M\u2019Poko font face a\u0300 une menace grandissante depuis que ...\" \/>\n<meta name=\"robots\" content=\"index, follow, max-snippet:-1, max-image-preview:large, max-video-preview:-1\" \/>\n<link rel=\"canonical\" href=\"https:\/\/www.africa-press.net\/centrafricaine\/toutes-les-actualites\/tension-sur-laxe-bossangoa-bossembele-inquiete\" \/>\n<meta property=\"og:locale\" content=\"fr_FR\" \/>\n<meta property=\"og:type\" content=\"article\" \/>\n<meta property=\"og:title\" content=\"Tension Sur L&#039;Axe Bossangoa-Bossemb\u00e9l\u00e9 Inqui\u00e8te\" \/>\n<meta property=\"og:description\" content=\"Les usagers de la route nationale reliant l\u2019Ouham a\u0300 l\u2019Ombella-M\u2019Poko font face a\u0300 une menace grandissante depuis que ...\" \/>\n<meta property=\"og:url\" content=\"https:\/\/www.africa-press.net\/centrafricaine\/toutes-les-actualites\/tension-sur-laxe-bossangoa-bossembele-inquiete\" \/>\n<meta property=\"og:site_name\" content=\"centrafricaine\" \/>\n<meta property=\"article:published_time\" content=\"2026-04-26T15:52:20+00:00\" \/>\n<meta property=\"article:modified_time\" content=\"2026-04-26T15:53:11+00:00\" \/>\n<meta property=\"og:image\" content=\"https:\/\/static.africa-press.net\/centrafricaine\/sites\/45\/2026\/04\/sm_1777206172.561234.jpg\" \/>\n\t<meta property=\"og:image:width\" content=\"720\" \/>\n\t<meta property=\"og:image:height\" content=\"405\" \/>\n\t<meta property=\"og:image:type\" content=\"image\/jpeg\" \/>\n<meta name=\"author\" content=\"cfeditorfr\" \/>\n<meta name=\"twitter:card\" content=\"summary_large_image\" \/>\n<meta name=\"twitter:label1\" content=\"\u00c9crit par\" \/>\n\t<meta name=\"twitter:data1\" content=\"cfeditorfr\" \/>\n\t<meta name=\"twitter:label2\" content=\"Dur\u00e9e de lecture estim\u00e9e\" \/>\n\t<meta name=\"twitter:data2\" content=\"1 minute\" \/>\n<script type=\"application\/ld+json\" class=\"yoast-schema-graph\">{\"@context\":\"https:\/\/schema.org\",\"@graph\":[{\"@type\":\"Article\",\"@id\":\"https:\/\/www.africa-press.net\/centrafricaine\/toutes-les-actualites\/tension-sur-laxe-bossangoa-bossembele-inquiete#article\",\"isPartOf\":{\"@id\":\"https:\/\/www.africa-press.net\/centrafricaine\/toutes-les-actualites\/tension-sur-laxe-bossangoa-bossembele-inquiete\"},\"author\":{\"name\":\"cfeditorfr\",\"@id\":\"https:\/\/www.africa-press.net\/centrafricaine\/#\/schema\/person\/2b1cf3cd81a31e3cd26889ca66d677f1\"},\"headline\":\"Tension Sur L&rsquo;Axe Bossangoa-Bossemb\u00e9l\u00e9 Inqui\u00e8te\",\"datePublished\":\"2026-04-26T15:52:20+00:00\",\"dateModified\":\"2026-04-26T15:53:11+00:00\",\"mainEntityOfPage\":{\"@id\":\"https:\/\/www.africa-press.net\/centrafricaine\/toutes-les-actualites\/tension-sur-laxe-bossangoa-bossembele-inquiete\"},\"wordCount\":237,\"commentCount\":0,\"image\":{\"@id\":\"https:\/\/www.africa-press.net\/centrafricaine\/toutes-les-actualites\/tension-sur-laxe-bossangoa-bossembele-inquiete#primaryimage\"},\"thumbnailUrl\":\"https:\/\/static.africa-press.net\/centrafricaine\/sites\/45\/2026\/04\/sm_1777206172.561234.jpg\",\"keywords\":[\"CentrAfricaine\"],\"articleSection\":[\"Communaut\u00e9\",\"Toutes les actualit\u00e9s\"],\"inLanguage\":\"fr-FR\",\"potentialAction\":[{\"@type\":\"CommentAction\",\"name\":\"Comment\",\"target\":[\"https:\/\/www.africa-press.net\/centrafricaine\/toutes-les-actualites\/tension-sur-laxe-bossangoa-bossembele-inquiete#respond\"]}]},{\"@type\":\"WebPage\",\"@id\":\"https:\/\/www.africa-press.net\/centrafricaine\/toutes-les-actualites\/tension-sur-laxe-bossangoa-bossembele-inquiete\",\"url\":\"https:\/\/www.africa-press.net\/centrafricaine\/toutes-les-actualites\/tension-sur-laxe-bossangoa-bossembele-inquiete\",\"name\":\"Tension Sur L'Axe Bossangoa-Bossemb\u00e9l\u00e9 Inqui\u00e8te - centrafricaine\",\"isPartOf\":{\"@id\":\"https:\/\/www.africa-press.net\/centrafricaine\/#website\"},\"primaryImageOfPage\":{\"@id\":\"https:\/\/www.africa-press.net\/centrafricaine\/toutes-les-actualites\/tension-sur-laxe-bossangoa-bossembele-inquiete#primaryimage\"},\"image\":{\"@id\":\"https:\/\/www.africa-press.net\/centrafricaine\/toutes-les-actualites\/tension-sur-laxe-bossangoa-bossembele-inquiete#primaryimage\"},\"thumbnailUrl\":\"https:\/\/static.africa-press.net\/centrafricaine\/sites\/45\/2026\/04\/sm_1777206172.561234.jpg\",\"datePublished\":\"2026-04-26T15:52:20+00:00\",\"dateModified\":\"2026-04-26T15:53:11+00:00\",\"author\":{\"@id\":\"https:\/\/www.africa-press.net\/centrafricaine\/#\/schema\/person\/2b1cf3cd81a31e3cd26889ca66d677f1\"},\"description\":\"Les usagers de la route nationale reliant l\u2019Ouham a\u0300 l\u2019Ombella-M\u2019Poko font face a\u0300 une menace grandissante depuis que ...\",\"breadcrumb\":{\"@id\":\"https:\/\/www.africa-press.net\/centrafricaine\/toutes-les-actualites\/tension-sur-laxe-bossangoa-bossembele-inquiete#breadcrumb\"},\"inLanguage\":\"fr-FR\",\"potentialAction\":[{\"@type\":\"ReadAction\",\"target\":[\"https:\/\/www.africa-press.net\/centrafricaine\/toutes-les-actualites\/tension-sur-laxe-bossangoa-bossembele-inquiete\"]}]},{\"@type\":\"ImageObject\",\"inLanguage\":\"fr-FR\",\"@id\":\"https:\/\/www.africa-press.net\/centrafricaine\/toutes-les-actualites\/tension-sur-laxe-bossangoa-bossembele-inquiete#primaryimage\",\"url\":\"https:\/\/static.africa-press.net\/centrafricaine\/sites\/45\/2026\/04\/sm_1777206172.561234.jpg\",\"contentUrl\":\"https:\/\/static.africa-press.net\/centrafricaine\/sites\/45\/2026\/04\/sm_1777206172.561234.jpg\",\"width\":720,\"height\":405,\"caption\":\"Tension Sur L'Axe Bossangoa-Bossemb\u00e9l\u00e9 Inqui\u00e8te\"},{\"@type\":\"BreadcrumbList\",\"@id\":\"https:\/\/www.africa-press.net\/centrafricaine\/toutes-les-actualites\/tension-sur-laxe-bossangoa-bossembele-inquiete#breadcrumb\",\"itemListElement\":[{\"@type\":\"ListItem\",\"position\":1,\"name\":\"Accueil\",\"item\":\"https:\/\/www.africa-press.net\/centrafricaine\/\"},{\"@type\":\"ListItem\",\"position\":2,\"name\":\"Tension Sur L&#8217;Axe Bossangoa-Bossemb\u00e9l\u00e9 Inqui\u00e8te\"}]},{\"@type\":\"WebSite\",\"@id\":\"https:\/\/www.africa-press.net\/centrafricaine\/#website\",\"url\":\"https:\/\/www.africa-press.net\/centrafricaine\/\",\"name\":\"centrafricaine\",\"description\":\"Just another Africa News Agency Sites site\",\"potentialAction\":[{\"@type\":\"SearchAction\",\"target\":{\"@type\":\"EntryPoint\",\"urlTemplate\":\"https:\/\/www.africa-press.net\/centrafricaine\/?s={search_term_string}\"},\"query-input\":{\"@type\":\"PropertyValueSpecification\",\"valueRequired\":true,\"valueName\":\"search_term_string\"}}],\"inLanguage\":\"fr-FR\"},{\"@type\":\"Person\",\"@id\":\"https:\/\/www.africa-press.net\/centrafricaine\/#\/schema\/person\/2b1cf3cd81a31e3cd26889ca66d677f1\",\"name\":\"cfeditorfr\"}]}<\/script>\n<!-- \/ Yoast SEO Premium plugin. -->","yoast_head_json":{"title":"Tension Sur L'Axe Bossangoa-Bossemb\u00e9l\u00e9 Inqui\u00e8te - centrafricaine","description":"Les usagers de la route nationale reliant l\u2019Ouham a\u0300 l\u2019Ombella-M\u2019Poko font face a\u0300 une menace grandissante depuis que ...","robots":{"index":"index","follow":"follow","max-snippet":"max-snippet:-1","max-image-preview":"max-image-preview:large","max-video-preview":"max-video-preview:-1"},"canonical":"https:\/\/www.africa-press.net\/centrafricaine\/toutes-les-actualites\/tension-sur-laxe-bossangoa-bossembele-inquiete","og_locale":"fr_FR","og_type":"article","og_title":"Tension Sur L'Axe Bossangoa-Bossemb\u00e9l\u00e9 Inqui\u00e8te","og_description":"Les usagers de la route nationale reliant l\u2019Ouham a\u0300 l\u2019Ombella-M\u2019Poko font face a\u0300 une menace grandissante depuis que ...","og_url":"https:\/\/www.africa-press.net\/centrafricaine\/toutes-les-actualites\/tension-sur-laxe-bossangoa-bossembele-inquiete","og_site_name":"centrafricaine","article_published_time":"2026-04-26T15:52:20+00:00","article_modified_time":"2026-04-26T15:53:11+00:00","og_image":[{"width":720,"height":405,"url":"https:\/\/static.africa-press.net\/centrafricaine\/sites\/45\/2026\/04\/sm_1777206172.561234.jpg","type":"image\/jpeg"}],"author":"cfeditorfr","twitter_card":"summary_large_image","twitter_misc":{"\u00c9crit par":"cfeditorfr","Dur\u00e9e de lecture estim\u00e9e":"1 minute"},"schema":{"@context":"https:\/\/schema.org","@graph":[{"@type":"Article","@id":"https:\/\/www.africa-press.net\/centrafricaine\/toutes-les-actualites\/tension-sur-laxe-bossangoa-bossembele-inquiete#article","isPartOf":{"@id":"https:\/\/www.africa-press.net\/centrafricaine\/toutes-les-actualites\/tension-sur-laxe-bossangoa-bossembele-inquiete"},"author":{"name":"cfeditorfr","@id":"https:\/\/www.africa-press.net\/centrafricaine\/#\/schema\/person\/2b1cf3cd81a31e3cd26889ca66d677f1"},"headline":"Tension Sur L&rsquo;Axe Bossangoa-Bossemb\u00e9l\u00e9 Inqui\u00e8te","datePublished":"2026-04-26T15:52:20+00:00","dateModified":"2026-04-26T15:53:11+00:00","mainEntityOfPage":{"@id":"https:\/\/www.africa-press.net\/centrafricaine\/toutes-les-actualites\/tension-sur-laxe-bossangoa-bossembele-inquiete"},"wordCount":237,"commentCount":0,"image":{"@id":"https:\/\/www.africa-press.net\/centrafricaine\/toutes-les-actualites\/tension-sur-laxe-bossangoa-bossembele-inquiete#primaryimage"},"thumbnailUrl":"https:\/\/static.africa-press.net\/centrafricaine\/sites\/45\/2026\/04\/sm_1777206172.561234.jpg","keywords":["CentrAfricaine"],"articleSection":["Communaut\u00e9","Toutes les actualit\u00e9s"],"inLanguage":"fr-FR","potentialAction":[{"@type":"CommentAction","name":"Comment","target":["https:\/\/www.africa-press.net\/centrafricaine\/toutes-les-actualites\/tension-sur-laxe-bossangoa-bossembele-inquiete#respond"]}]},{"@type":"WebPage","@id":"https:\/\/www.africa-press.net\/centrafricaine\/toutes-les-actualites\/tension-sur-laxe-bossangoa-bossembele-inquiete","url":"https:\/\/www.africa-press.net\/centrafricaine\/toutes-les-actualites\/tension-sur-laxe-bossangoa-bossembele-inquiete","name":"Tension Sur L'Axe Bossangoa-Bossemb\u00e9l\u00e9 Inqui\u00e8te - centrafricaine","isPartOf":{"@id":"https:\/\/www.africa-press.net\/centrafricaine\/#website"},"primaryImageOfPage":{"@id":"https:\/\/www.africa-press.net\/centrafricaine\/toutes-les-actualites\/tension-sur-laxe-bossangoa-bossembele-inquiete#primaryimage"},"image":{"@id":"https:\/\/www.africa-press.net\/centrafricaine\/toutes-les-actualites\/tension-sur-laxe-bossangoa-bossembele-inquiete#primaryimage"},"thumbnailUrl":"https:\/\/static.africa-press.net\/centrafricaine\/sites\/45\/2026\/04\/sm_1777206172.561234.jpg","datePublished":"2026-04-26T15:52:20+00:00","dateModified":"2026-04-26T15:53:11+00:00","author":{"@id":"https:\/\/www.africa-press.net\/centrafricaine\/#\/schema\/person\/2b1cf3cd81a31e3cd26889ca66d677f1"},"description":"Les usagers de la route nationale reliant l\u2019Ouham a\u0300 l\u2019Ombella-M\u2019Poko font face a\u0300 une menace grandissante depuis que ...","breadcrumb":{"@id":"https:\/\/www.africa-press.net\/centrafricaine\/toutes-les-actualites\/tension-sur-laxe-bossangoa-bossembele-inquiete#breadcrumb"},"inLanguage":"fr-FR","potentialAction":[{"@type":"ReadAction","target":["https:\/\/www.africa-press.net\/centrafricaine\/toutes-les-actualites\/tension-sur-laxe-bossangoa-bossembele-inquiete"]}]},{"@type":"ImageObject","inLanguage":"fr-FR","@id":"https:\/\/www.africa-press.net\/centrafricaine\/toutes-les-actualites\/tension-sur-laxe-bossangoa-bossembele-inquiete#primaryimage","url":"https:\/\/static.africa-press.net\/centrafricaine\/sites\/45\/2026\/04\/sm_1777206172.561234.jpg","contentUrl":"https:\/\/static.africa-press.net\/centrafricaine\/sites\/45\/2026\/04\/sm_1777206172.561234.jpg","width":720,"height":405,"caption":"Tension Sur L'Axe Bossangoa-Bossemb\u00e9l\u00e9 Inqui\u00e8te"},{"@type":"BreadcrumbList","@id":"https:\/\/www.africa-press.net\/centrafricaine\/toutes-les-actualites\/tension-sur-laxe-bossangoa-bossembele-inquiete#breadcrumb","itemListElement":[{"@type":"ListItem","position":1,"name":"Accueil","item":"https:\/\/www.africa-press.net\/centrafricaine\/"},{"@type":"ListItem","position":2,"name":"Tension Sur L&#8217;Axe Bossangoa-Bossemb\u00e9l\u00e9 Inqui\u00e8te"}]},{"@type":"WebSite","@id":"https:\/\/www.africa-press.net\/centrafricaine\/#website","url":"https:\/\/www.africa-press.net\/centrafricaine\/","name":"centrafricaine","description":"Just another Africa News Agency Sites site","potentialAction":[{"@type":"SearchAction","target":{"@type":"EntryPoint","urlTemplate":"https:\/\/www.africa-press.net\/centrafricaine\/?s={search_term_string}"},"query-input":{"@type":"PropertyValueSpecification","valueRequired":true,"valueName":"search_term_string"}}],"inLanguage":"fr-FR"},{"@type":"Person","@id":"https:\/\/www.africa-press.net\/centrafricaine\/#\/schema\/person\/2b1cf3cd81a31e3cd26889ca66d677f1","name":"cfeditorfr"}]}},"_links":{"self":[{"href":"https:\/\/www.africa-press.net\/centrafricaine\/wp-json\/wp\/v2\/posts\/83530","targetHints":{"allow":["GET"]}}],"collection":[{"href":"https:\/\/www.africa-press.net\/centrafricaine\/wp-json\/wp\/v2\/posts"}],"about":[{"href":"https:\/\/www.africa-press.net\/centrafricaine\/wp-json\/wp\/v2\/types\/post"}],"author":[{"embeddable":true,"href":"https:\/\/www.africa-press.net\/centrafricaine\/wp-json\/wp\/v2\/users\/82"}],"replies":[{"embeddable":true,"href":"https:\/\/www.africa-press.net\/centrafricaine\/wp-json\/wp\/v2\/comments?post=83530"}],"version-history":[{"count":1,"href":"https:\/\/www.africa-press.net\/centrafricaine\/wp-json\/wp\/v2\/posts\/83530\/revisions"}],"predecessor-version":[{"id":83532,"href":"https:\/\/www.africa-press.net\/centrafricaine\/wp-json\/wp\/v2\/posts\/83530\/revisions\/83532"}],"wp:featuredmedia":[{"embeddable":true,"href":"https:\/\/www.africa-press.net\/centrafricaine\/wp-json\/wp\/v2\/media\/83529"}],"wp:attachment":[{"href":"https:\/\/www.africa-press.net\/centrafricaine\/wp-json\/wp\/v2\/media?parent=83530"}],"wp:term":[{"taxonomy":"category","embeddable":true,"href":"https:\/\/www.africa-press.net\/centrafricaine\/wp-json\/wp\/v2\/categories?post=83530"},{"taxonomy":"post_tag","embeddable":true,"href":"https:\/\/www.africa-press.net\/centrafricaine\/wp-json\/wp\/v2\/tags?post=83530"}],"curies":[{"name":"wp","href":"https:\/\/api.w.org\/{rel}","templated":true}]}}