{"id":83534,"date":"2026-04-27T12:46:43","date_gmt":"2026-04-27T12:46:43","guid":{"rendered":"https:\/\/www.africa-press.net\/centrafricaine\/politique\/isca-celebre-250-ans-des-etats-unis-avec-etudiants"},"modified":"2026-04-27T13:23:04","modified_gmt":"2026-04-27T13:23:04","slug":"isca-celebre-250-ans-des-etats-unis-avec-etudiants","status":"publish","type":"post","link":"https:\/\/www.africa-press.net\/centrafricaine\/culture-et-art\/isca-celebre-250-ans-des-etats-unis-avec-etudiants","title":{"rendered":"ISCA C\u00e9l\u00e8bre 250 Ans Des \u00c9tats-Unis Avec \u00c9tudiants"},"content":{"rendered":"<p><span style=\"color: #ff6600\"><strong>Africa-Press &#8211; CentrAfricaine. <\/strong><\/span><b> <\/b><br \/>\n<b>L\u2019association Initiative Solidarite\u0301 Centrafrique, connue sous le sigle ISCA, a lance\u0301 ce week-end la premie\u0300re d\u2019une se\u0301rie d\u2019activite\u0301s organise\u0301es en partenariat avec l\u2019ambassade des E\u0301tats-Unis, dans le cadre du projet \u00ab Freedom 250 \u00bb ou \u00ab America 250 \u00bb, qui marque le 250e anniversaire de l\u2019inde\u0301pendance ame\u0301ricaine.<\/b><\/p>\n<p>C\u2019est sur le campus de l\u2019Universite\u0301 de Bangui que s\u2019est tenu ce premier e\u0301ve\u0301nement, centre\u0301 sur des jeux culturels centrafricano-ame\u0301ricains. Les participants ont pu s\u2019initier a\u0300 des jeux traditionnels centrafricains tels que le Yando, le Kisoro et le Ludo, mais aussi de\u0301couvrir des jeux ame\u0301ricains comme le Huayam et l\u2019American Trivia. L\u2019Universite\u0301 de Bangui a e\u0301te\u0301 retenue pour deux raisons concre\u0300tes: l\u2019institution abrite depuis fin 2024 un American Corner, espace culturel ouvert aux e\u0301tudiants et au grand public, offrant un acce\u0300s a\u0300 Internet, des formations gratuites en anglais et divers ateliers.<\/p>\n<p>Maryse Dimasse\u0301, pre\u0301sidente de l\u2019ISCA, a rappele\u0301 que son association existe depuis 2013, ne\u0301e de la volonte\u0301 de Centrafricains de la diaspora d\u2019aider leur pays sans canal d\u2019action adapte\u0301, dans un contexte de crise. Aujourd\u2019hui, l\u2019ISCA concentre ses efforts sur l\u2019e\u0301ducation et la sante\u0301, notamment la sensibilisation des jeunes aux maladies sexuellement transmissibles et aux risques des avortements clandestins, premie\u0300re cause de mortalite\u0301 des adolescentes en Centrafrique.<\/p>\n<p>Le programme \u00ab Freedom 250 \u00bb ne s\u2019arre\u0302te pas a\u0300 ce premier lancement. Six ateliers the\u0301matiques sont pre\u0301vus, associant experts ame\u0301ricains et centrafricains autour de l\u2019entrepreneuriat, de la de\u0301mocratie et du vivre ensemble. Un festival de courts-me\u0301trages invitera les jeunes cre\u0301ateurs centrafricains a\u0300 exprimer leur vision des relations entre l\u2019Afrique et les E\u0301tats-Unis. Une confe\u0301rence de haut niveau clo\u0302turera l\u2019ensemble du programme.<\/p>\n<p>Il y\u2019a lieu de noter que la mobilisation autour de cet e\u0301ve\u0301nement a e\u0301galement attire\u0301 des personnalite\u0301s de haut rang. La charge\u0301e d\u2019affaires de l\u2019Ambassade des E\u0301tats-Unis en Centrafrique, le <b>Dr Me\u0301lanie Anne Zimmerman,<\/b> a fait le de\u0301placement et n\u2019a pas he\u0301site\u0301 a\u0300 s\u2019impliquer dans l\u2019esprit du moment, en participant elle-me\u0302me a\u0300 une partie de Kisoro, te\u0301moignant ainsi de l\u2019engagement concret de Washington dans cette de\u0301marche de rapprochement culturel.<br \/>\n<b> <\/b><\/p>\n<p><b>Source: Corbeau News Centrafrique<\/b><\/p>\n<p><strong>Pour plus d&rsquo;informations et d&rsquo;analyses sur la <span style=\"color: #ff6600\">CentrAfricaine<\/span>, suivez <span style=\"color: #ff6600\">Africa-Press<\/span><\/strong><\/p>\n","protected":false},"excerpt":{"rendered":"<p>Africa-Press &#8211; CentrAfricaine. L\u2019association Initiative Solidarite\u0301 Centrafrique, connue sous le sigle ISCA, a lance\u0301 ce week-end la premie\u0300re d\u2019une se\u0301rie d\u2019activite\u0301s organise\u0301es en partenariat avec l\u2019ambassade des E\u0301tats-Unis, dans le cadre du projet \u00ab Freedom 250 \u00bb ou \u00ab America 250 \u00bb, qui marque le 250e anniversaire de l\u2019inde\u0301pendance ame\u0301ricaine. C\u2019est sur le campus de [&hellip;]<\/p>\n","protected":false},"author":82,"featured_media":83533,"comment_status":"open","ping_status":"closed","sticky":false,"template":"","format":"standard","meta":{"footnotes":""},"categories":[5,10],"tags":[30],"class_list":["post-83534","post","type-post","status-publish","format-standard","has-post-thumbnail","hentry","category-culture-et-art","category-toutes-les-actualites","tag-centrafricaine"],"yoast_head":"<!-- This site is optimized with the Yoast SEO Premium plugin v26.1 (Yoast SEO v27.0) - https:\/\/yoast.com\/product\/yoast-seo-premium-wordpress\/ -->\n<title>ISCA C\u00e9l\u00e8bre 250 Ans Des \u00c9tats-Unis Avec \u00c9tudiants - centrafricaine<\/title>\n<meta name=\"description\" content=\"L\u2019association Initiative Solidarite\u0301 Centrafrique, connue sous le sigle ISCA, a lance\u0301 ce week-end la premie ...\" \/>\n<meta name=\"robots\" content=\"index, follow, max-snippet:-1, max-image-preview:large, max-video-preview:-1\" \/>\n<link rel=\"canonical\" href=\"https:\/\/www.africa-press.net\/centrafricaine\/culture-et-art\/isca-celebre-250-ans-des-etats-unis-avec-etudiants\" \/>\n<meta property=\"og:locale\" content=\"fr_FR\" \/>\n<meta property=\"og:type\" content=\"article\" \/>\n<meta property=\"og:title\" content=\"ISCA C\u00e9l\u00e8bre 250 Ans Des \u00c9tats-Unis Avec \u00c9tudiants\" \/>\n<meta property=\"og:description\" content=\"L\u2019association Initiative Solidarite\u0301 Centrafrique, connue sous le sigle ISCA, a lance\u0301 ce week-end la premie ...\" \/>\n<meta property=\"og:url\" content=\"https:\/\/www.africa-press.net\/centrafricaine\/culture-et-art\/isca-celebre-250-ans-des-etats-unis-avec-etudiants\" \/>\n<meta property=\"og:site_name\" content=\"centrafricaine\" \/>\n<meta property=\"article:published_time\" content=\"2026-04-27T12:46:43+00:00\" \/>\n<meta property=\"article:modified_time\" content=\"2026-04-27T13:23:04+00:00\" \/>\n<meta property=\"og:image\" content=\"https:\/\/static.africa-press.net\/centrafricaine\/sites\/45\/2026\/04\/sm_1777283324.780126.jpg\" \/>\n\t<meta property=\"og:image:width\" content=\"720\" \/>\n\t<meta property=\"og:image:height\" content=\"405\" \/>\n\t<meta property=\"og:image:type\" content=\"image\/jpeg\" \/>\n<meta name=\"author\" content=\"cfeditorfr\" \/>\n<meta name=\"twitter:card\" content=\"summary_large_image\" \/>\n<meta name=\"twitter:label1\" content=\"\u00c9crit par\" \/>\n\t<meta name=\"twitter:data1\" content=\"cfeditorfr\" \/>\n\t<meta name=\"twitter:label2\" content=\"Dur\u00e9e de lecture estim\u00e9e\" \/>\n\t<meta name=\"twitter:data2\" content=\"2 minutes\" \/>\n<script type=\"application\/ld+json\" class=\"yoast-schema-graph\">{\"@context\":\"https:\/\/schema.org\",\"@graph\":[{\"@type\":\"Article\",\"@id\":\"https:\/\/www.africa-press.net\/centrafricaine\/culture-et-art\/isca-celebre-250-ans-des-etats-unis-avec-etudiants#article\",\"isPartOf\":{\"@id\":\"https:\/\/www.africa-press.net\/centrafricaine\/culture-et-art\/isca-celebre-250-ans-des-etats-unis-avec-etudiants\"},\"author\":{\"name\":\"cfeditorfr\",\"@id\":\"https:\/\/www.africa-press.net\/centrafricaine\/#\/schema\/person\/2b1cf3cd81a31e3cd26889ca66d677f1\"},\"headline\":\"ISCA C\u00e9l\u00e8bre 250 Ans Des \u00c9tats-Unis Avec \u00c9tudiants\",\"datePublished\":\"2026-04-27T12:46:43+00:00\",\"dateModified\":\"2026-04-27T13:23:04+00:00\",\"mainEntityOfPage\":{\"@id\":\"https:\/\/www.africa-press.net\/centrafricaine\/culture-et-art\/isca-celebre-250-ans-des-etats-unis-avec-etudiants\"},\"wordCount\":424,\"commentCount\":0,\"image\":{\"@id\":\"https:\/\/www.africa-press.net\/centrafricaine\/culture-et-art\/isca-celebre-250-ans-des-etats-unis-avec-etudiants#primaryimage\"},\"thumbnailUrl\":\"https:\/\/static.africa-press.net\/centrafricaine\/sites\/45\/2026\/04\/sm_1777283324.780126.jpg\",\"keywords\":[\"CentrAfricaine\"],\"articleSection\":[\"Culture et Art\",\"Toutes les actualit\u00e9s\"],\"inLanguage\":\"fr-FR\",\"potentialAction\":[{\"@type\":\"CommentAction\",\"name\":\"Comment\",\"target\":[\"https:\/\/www.africa-press.net\/centrafricaine\/culture-et-art\/isca-celebre-250-ans-des-etats-unis-avec-etudiants#respond\"]}]},{\"@type\":\"WebPage\",\"@id\":\"https:\/\/www.africa-press.net\/centrafricaine\/culture-et-art\/isca-celebre-250-ans-des-etats-unis-avec-etudiants\",\"url\":\"https:\/\/www.africa-press.net\/centrafricaine\/culture-et-art\/isca-celebre-250-ans-des-etats-unis-avec-etudiants\",\"name\":\"ISCA C\u00e9l\u00e8bre 250 Ans Des \u00c9tats-Unis Avec \u00c9tudiants - centrafricaine\",\"isPartOf\":{\"@id\":\"https:\/\/www.africa-press.net\/centrafricaine\/#website\"},\"primaryImageOfPage\":{\"@id\":\"https:\/\/www.africa-press.net\/centrafricaine\/culture-et-art\/isca-celebre-250-ans-des-etats-unis-avec-etudiants#primaryimage\"},\"image\":{\"@id\":\"https:\/\/www.africa-press.net\/centrafricaine\/culture-et-art\/isca-celebre-250-ans-des-etats-unis-avec-etudiants#primaryimage\"},\"thumbnailUrl\":\"https:\/\/static.africa-press.net\/centrafricaine\/sites\/45\/2026\/04\/sm_1777283324.780126.jpg\",\"datePublished\":\"2026-04-27T12:46:43+00:00\",\"dateModified\":\"2026-04-27T13:23:04+00:00\",\"author\":{\"@id\":\"https:\/\/www.africa-press.net\/centrafricaine\/#\/schema\/person\/2b1cf3cd81a31e3cd26889ca66d677f1\"},\"description\":\"L\u2019association Initiative Solidarite\u0301 Centrafrique, connue sous le sigle ISCA, a lance\u0301 ce week-end la premie ...\",\"breadcrumb\":{\"@id\":\"https:\/\/www.africa-press.net\/centrafricaine\/culture-et-art\/isca-celebre-250-ans-des-etats-unis-avec-etudiants#breadcrumb\"},\"inLanguage\":\"fr-FR\",\"potentialAction\":[{\"@type\":\"ReadAction\",\"target\":[\"https:\/\/www.africa-press.net\/centrafricaine\/culture-et-art\/isca-celebre-250-ans-des-etats-unis-avec-etudiants\"]}]},{\"@type\":\"ImageObject\",\"inLanguage\":\"fr-FR\",\"@id\":\"https:\/\/www.africa-press.net\/centrafricaine\/culture-et-art\/isca-celebre-250-ans-des-etats-unis-avec-etudiants#primaryimage\",\"url\":\"https:\/\/static.africa-press.net\/centrafricaine\/sites\/45\/2026\/04\/sm_1777283324.780126.jpg\",\"contentUrl\":\"https:\/\/static.africa-press.net\/centrafricaine\/sites\/45\/2026\/04\/sm_1777283324.780126.jpg\",\"width\":720,\"height\":405,\"caption\":\"ISCA C\u00e9l\u00e8bre 250 Ans Des \u00c9tats-Unis Avec \u00c9tudiants\"},{\"@type\":\"BreadcrumbList\",\"@id\":\"https:\/\/www.africa-press.net\/centrafricaine\/culture-et-art\/isca-celebre-250-ans-des-etats-unis-avec-etudiants#breadcrumb\",\"itemListElement\":[{\"@type\":\"ListItem\",\"position\":1,\"name\":\"Accueil\",\"item\":\"https:\/\/www.africa-press.net\/centrafricaine\/\"},{\"@type\":\"ListItem\",\"position\":2,\"name\":\"ISCA C\u00e9l\u00e8bre 250 Ans Des \u00c9tats-Unis Avec \u00c9tudiants\"}]},{\"@type\":\"WebSite\",\"@id\":\"https:\/\/www.africa-press.net\/centrafricaine\/#website\",\"url\":\"https:\/\/www.africa-press.net\/centrafricaine\/\",\"name\":\"centrafricaine\",\"description\":\"Just another Africa News Agency Sites site\",\"potentialAction\":[{\"@type\":\"SearchAction\",\"target\":{\"@type\":\"EntryPoint\",\"urlTemplate\":\"https:\/\/www.africa-press.net\/centrafricaine\/?s={search_term_string}\"},\"query-input\":{\"@type\":\"PropertyValueSpecification\",\"valueRequired\":true,\"valueName\":\"search_term_string\"}}],\"inLanguage\":\"fr-FR\"},{\"@type\":\"Person\",\"@id\":\"https:\/\/www.africa-press.net\/centrafricaine\/#\/schema\/person\/2b1cf3cd81a31e3cd26889ca66d677f1\",\"name\":\"cfeditorfr\"}]}<\/script>\n<!-- \/ Yoast SEO Premium plugin. -->","yoast_head_json":{"title":"ISCA C\u00e9l\u00e8bre 250 Ans Des \u00c9tats-Unis Avec \u00c9tudiants - centrafricaine","description":"L\u2019association Initiative Solidarite\u0301 Centrafrique, connue sous le sigle ISCA, a lance\u0301 ce week-end la premie ...","robots":{"index":"index","follow":"follow","max-snippet":"max-snippet:-1","max-image-preview":"max-image-preview:large","max-video-preview":"max-video-preview:-1"},"canonical":"https:\/\/www.africa-press.net\/centrafricaine\/culture-et-art\/isca-celebre-250-ans-des-etats-unis-avec-etudiants","og_locale":"fr_FR","og_type":"article","og_title":"ISCA C\u00e9l\u00e8bre 250 Ans Des \u00c9tats-Unis Avec \u00c9tudiants","og_description":"L\u2019association Initiative Solidarite\u0301 Centrafrique, connue sous le sigle ISCA, a lance\u0301 ce week-end la premie ...","og_url":"https:\/\/www.africa-press.net\/centrafricaine\/culture-et-art\/isca-celebre-250-ans-des-etats-unis-avec-etudiants","og_site_name":"centrafricaine","article_published_time":"2026-04-27T12:46:43+00:00","article_modified_time":"2026-04-27T13:23:04+00:00","og_image":[{"width":720,"height":405,"url":"https:\/\/static.africa-press.net\/centrafricaine\/sites\/45\/2026\/04\/sm_1777283324.780126.jpg","type":"image\/jpeg"}],"author":"cfeditorfr","twitter_card":"summary_large_image","twitter_misc":{"\u00c9crit par":"cfeditorfr","Dur\u00e9e de lecture estim\u00e9e":"2 minutes"},"schema":{"@context":"https:\/\/schema.org","@graph":[{"@type":"Article","@id":"https:\/\/www.africa-press.net\/centrafricaine\/culture-et-art\/isca-celebre-250-ans-des-etats-unis-avec-etudiants#article","isPartOf":{"@id":"https:\/\/www.africa-press.net\/centrafricaine\/culture-et-art\/isca-celebre-250-ans-des-etats-unis-avec-etudiants"},"author":{"name":"cfeditorfr","@id":"https:\/\/www.africa-press.net\/centrafricaine\/#\/schema\/person\/2b1cf3cd81a31e3cd26889ca66d677f1"},"headline":"ISCA C\u00e9l\u00e8bre 250 Ans Des \u00c9tats-Unis Avec \u00c9tudiants","datePublished":"2026-04-27T12:46:43+00:00","dateModified":"2026-04-27T13:23:04+00:00","mainEntityOfPage":{"@id":"https:\/\/www.africa-press.net\/centrafricaine\/culture-et-art\/isca-celebre-250-ans-des-etats-unis-avec-etudiants"},"wordCount":424,"commentCount":0,"image":{"@id":"https:\/\/www.africa-press.net\/centrafricaine\/culture-et-art\/isca-celebre-250-ans-des-etats-unis-avec-etudiants#primaryimage"},"thumbnailUrl":"https:\/\/static.africa-press.net\/centrafricaine\/sites\/45\/2026\/04\/sm_1777283324.780126.jpg","keywords":["CentrAfricaine"],"articleSection":["Culture et Art","Toutes les actualit\u00e9s"],"inLanguage":"fr-FR","potentialAction":[{"@type":"CommentAction","name":"Comment","target":["https:\/\/www.africa-press.net\/centrafricaine\/culture-et-art\/isca-celebre-250-ans-des-etats-unis-avec-etudiants#respond"]}]},{"@type":"WebPage","@id":"https:\/\/www.africa-press.net\/centrafricaine\/culture-et-art\/isca-celebre-250-ans-des-etats-unis-avec-etudiants","url":"https:\/\/www.africa-press.net\/centrafricaine\/culture-et-art\/isca-celebre-250-ans-des-etats-unis-avec-etudiants","name":"ISCA C\u00e9l\u00e8bre 250 Ans Des \u00c9tats-Unis Avec \u00c9tudiants - centrafricaine","isPartOf":{"@id":"https:\/\/www.africa-press.net\/centrafricaine\/#website"},"primaryImageOfPage":{"@id":"https:\/\/www.africa-press.net\/centrafricaine\/culture-et-art\/isca-celebre-250-ans-des-etats-unis-avec-etudiants#primaryimage"},"image":{"@id":"https:\/\/www.africa-press.net\/centrafricaine\/culture-et-art\/isca-celebre-250-ans-des-etats-unis-avec-etudiants#primaryimage"},"thumbnailUrl":"https:\/\/static.africa-press.net\/centrafricaine\/sites\/45\/2026\/04\/sm_1777283324.780126.jpg","datePublished":"2026-04-27T12:46:43+00:00","dateModified":"2026-04-27T13:23:04+00:00","author":{"@id":"https:\/\/www.africa-press.net\/centrafricaine\/#\/schema\/person\/2b1cf3cd81a31e3cd26889ca66d677f1"},"description":"L\u2019association Initiative Solidarite\u0301 Centrafrique, connue sous le sigle ISCA, a lance\u0301 ce week-end la premie ...","breadcrumb":{"@id":"https:\/\/www.africa-press.net\/centrafricaine\/culture-et-art\/isca-celebre-250-ans-des-etats-unis-avec-etudiants#breadcrumb"},"inLanguage":"fr-FR","potentialAction":[{"@type":"ReadAction","target":["https:\/\/www.africa-press.net\/centrafricaine\/culture-et-art\/isca-celebre-250-ans-des-etats-unis-avec-etudiants"]}]},{"@type":"ImageObject","inLanguage":"fr-FR","@id":"https:\/\/www.africa-press.net\/centrafricaine\/culture-et-art\/isca-celebre-250-ans-des-etats-unis-avec-etudiants#primaryimage","url":"https:\/\/static.africa-press.net\/centrafricaine\/sites\/45\/2026\/04\/sm_1777283324.780126.jpg","contentUrl":"https:\/\/static.africa-press.net\/centrafricaine\/sites\/45\/2026\/04\/sm_1777283324.780126.jpg","width":720,"height":405,"caption":"ISCA C\u00e9l\u00e8bre 250 Ans Des \u00c9tats-Unis Avec \u00c9tudiants"},{"@type":"BreadcrumbList","@id":"https:\/\/www.africa-press.net\/centrafricaine\/culture-et-art\/isca-celebre-250-ans-des-etats-unis-avec-etudiants#breadcrumb","itemListElement":[{"@type":"ListItem","position":1,"name":"Accueil","item":"https:\/\/www.africa-press.net\/centrafricaine\/"},{"@type":"ListItem","position":2,"name":"ISCA C\u00e9l\u00e8bre 250 Ans Des \u00c9tats-Unis Avec \u00c9tudiants"}]},{"@type":"WebSite","@id":"https:\/\/www.africa-press.net\/centrafricaine\/#website","url":"https:\/\/www.africa-press.net\/centrafricaine\/","name":"centrafricaine","description":"Just another Africa News Agency Sites site","potentialAction":[{"@type":"SearchAction","target":{"@type":"EntryPoint","urlTemplate":"https:\/\/www.africa-press.net\/centrafricaine\/?s={search_term_string}"},"query-input":{"@type":"PropertyValueSpecification","valueRequired":true,"valueName":"search_term_string"}}],"inLanguage":"fr-FR"},{"@type":"Person","@id":"https:\/\/www.africa-press.net\/centrafricaine\/#\/schema\/person\/2b1cf3cd81a31e3cd26889ca66d677f1","name":"cfeditorfr"}]}},"_links":{"self":[{"href":"https:\/\/www.africa-press.net\/centrafricaine\/wp-json\/wp\/v2\/posts\/83534","targetHints":{"allow":["GET"]}}],"collection":[{"href":"https:\/\/www.africa-press.net\/centrafricaine\/wp-json\/wp\/v2\/posts"}],"about":[{"href":"https:\/\/www.africa-press.net\/centrafricaine\/wp-json\/wp\/v2\/types\/post"}],"author":[{"embeddable":true,"href":"https:\/\/www.africa-press.net\/centrafricaine\/wp-json\/wp\/v2\/users\/82"}],"replies":[{"embeddable":true,"href":"https:\/\/www.africa-press.net\/centrafricaine\/wp-json\/wp\/v2\/comments?post=83534"}],"version-history":[{"count":1,"href":"https:\/\/www.africa-press.net\/centrafricaine\/wp-json\/wp\/v2\/posts\/83534\/revisions"}],"predecessor-version":[{"id":83545,"href":"https:\/\/www.africa-press.net\/centrafricaine\/wp-json\/wp\/v2\/posts\/83534\/revisions\/83545"}],"wp:featuredmedia":[{"embeddable":true,"href":"https:\/\/www.africa-press.net\/centrafricaine\/wp-json\/wp\/v2\/media\/83533"}],"wp:attachment":[{"href":"https:\/\/www.africa-press.net\/centrafricaine\/wp-json\/wp\/v2\/media?parent=83534"}],"wp:term":[{"taxonomy":"category","embeddable":true,"href":"https:\/\/www.africa-press.net\/centrafricaine\/wp-json\/wp\/v2\/categories?post=83534"},{"taxonomy":"post_tag","embeddable":true,"href":"https:\/\/www.africa-press.net\/centrafricaine\/wp-json\/wp\/v2\/tags?post=83534"}],"curies":[{"name":"wp","href":"https:\/\/api.w.org\/{rel}","templated":true}]}}