{"id":83538,"date":"2026-04-27T12:48:03","date_gmt":"2026-04-27T12:48:03","guid":{"rendered":"https:\/\/www.africa-press.net\/centrafricaine\/politique\/mauvaise-gouvernance-et-pollution-miniere-en-centrafrique"},"modified":"2026-04-27T13:23:30","modified_gmt":"2026-04-27T13:23:30","slug":"mauvaise-gouvernance-et-pollution-miniere-en-centrafrique","status":"publish","type":"post","link":"https:\/\/www.africa-press.net\/centrafricaine\/politique\/mauvaise-gouvernance-et-pollution-miniere-en-centrafrique","title":{"rendered":"Mauvaise Gouvernance et Pollution Mini\u00e8re en Centrafrique"},"content":{"rendered":"<p><span style=\"color: #ff6600\"><strong>Africa-Press &#8211; CentrAfricaine. <\/strong><\/span><b>Les leaders du BRDC ont tenu une confe\u0301rence de presse ce jeudi 16 avril 2026 a\u0300 Bangui. Ils ont de\u0301nonce\u0301 la mauvaise gouvernance et les conse\u0301quences de l\u2019exploitation minie\u0300re sauvage sur la population.<\/b><\/p>\n<p>Pour le BRDC, la course a\u0300 l\u2019exploitation de l\u2019or et des autres minerais aggrave la mise\u0300re quotidienne des Centrafricains. Les eaux sont pollue\u0301es par les socie\u0301te\u0301s minie\u0300res. Les permis sont attribue\u0301s dans l\u2019opacite\u0301 totale. Cette distribution des permis miniers contribue directement a\u0300 la pollution de l\u2019environnement.<\/p>\n<p>Cre\u0301pin Mboli-Goumba a insiste\u0301 sur le fait que la mauvaise gouvernance appauvrit le peuple. Sur le plan e\u0301conomique, le gouvernement refuse la baisse des prix des hydrocarbures a\u0300 la pompe. Cette de\u0301cision maintient l\u2019appauvrissement du consommateur centrafricain. Le gouvernement se trouve isole\u0301 de la communaute\u0301 financie\u0300re internationale.<\/p>\n<p>Selon le BRDC, le premier mandat de Faustin-Archange Touadera avait pourtant commence\u0301 en 2016 avec de l\u2019espoir. Dix ans plus tard, ces pratiques persistent et aggravent les difficulte\u0301s du quotidien.<\/p>\n<p>Pour sortir de cet e\u0301tat chaotique, l\u2019opposition re\u0301unie au sein du BRDC re\u0301clame le dialogue politique.<\/p>\n<p><b>Source: Corbeau News Centrafrique<\/b><\/p>\n<p><strong>Pour plus d&rsquo;informations et d&rsquo;analyses sur la <span style=\"color: #ff6600\">CentrAfricaine<\/span>, suivez <span style=\"color: #ff6600\">Africa-Press<\/span><\/strong><\/p>\n","protected":false},"excerpt":{"rendered":"<p>Africa-Press &#8211; CentrAfricaine. Les leaders du BRDC ont tenu une confe\u0301rence de presse ce jeudi 16 avril 2026 a\u0300 Bangui. Ils ont de\u0301nonce\u0301 la mauvaise gouvernance et les conse\u0301quences de l\u2019exploitation minie\u0300re sauvage sur la population. Pour le BRDC, la course a\u0300 l\u2019exploitation de l\u2019or et des autres minerais aggrave la mise\u0300re quotidienne des Centrafricains. [&hellip;]<\/p>\n","protected":false},"author":82,"featured_media":83537,"comment_status":"open","ping_status":"closed","sticky":false,"template":"","format":"standard","meta":{"footnotes":""},"categories":[2,10],"tags":[30],"class_list":["post-83538","post","type-post","status-publish","format-standard","has-post-thumbnail","hentry","category-politique","category-toutes-les-actualites","tag-centrafricaine"],"yoast_head":"<!-- This site is optimized with the Yoast SEO Premium plugin v26.1 (Yoast SEO v27.0) - https:\/\/yoast.com\/product\/yoast-seo-premium-wordpress\/ -->\n<title>Mauvaise Gouvernance et Pollution Mini\u00e8re en Centrafrique - centrafricaine<\/title>\n<meta name=\"description\" content=\"Les leaders du BRDC ont tenu une confe\u0301rence de presse ce jeudi 16 avril 2026 a\u0300 Bangui. Ils ont de\u0301nonce\u0301 la mauvais ...\" \/>\n<meta name=\"robots\" content=\"index, follow, max-snippet:-1, max-image-preview:large, max-video-preview:-1\" \/>\n<link rel=\"canonical\" href=\"https:\/\/www.africa-press.net\/centrafricaine\/politique\/mauvaise-gouvernance-et-pollution-miniere-en-centrafrique\" \/>\n<meta property=\"og:locale\" content=\"fr_FR\" \/>\n<meta property=\"og:type\" content=\"article\" \/>\n<meta property=\"og:title\" content=\"Mauvaise Gouvernance et Pollution Mini\u00e8re en Centrafrique\" \/>\n<meta property=\"og:description\" content=\"Les leaders du BRDC ont tenu une confe\u0301rence de presse ce jeudi 16 avril 2026 a\u0300 Bangui. Ils ont de\u0301nonce\u0301 la mauvais ...\" \/>\n<meta property=\"og:url\" content=\"https:\/\/www.africa-press.net\/centrafricaine\/politique\/mauvaise-gouvernance-et-pollution-miniere-en-centrafrique\" \/>\n<meta property=\"og:site_name\" content=\"centrafricaine\" \/>\n<meta property=\"article:published_time\" content=\"2026-04-27T12:48:03+00:00\" \/>\n<meta property=\"article:modified_time\" content=\"2026-04-27T13:23:30+00:00\" \/>\n<meta property=\"og:image\" content=\"https:\/\/static.africa-press.net\/centrafricaine\/sites\/45\/2026\/04\/sm_1777283381.862533.jpg\" \/>\n\t<meta property=\"og:image:width\" content=\"720\" \/>\n\t<meta property=\"og:image:height\" content=\"324\" \/>\n\t<meta property=\"og:image:type\" content=\"image\/jpeg\" \/>\n<meta name=\"author\" content=\"cfeditorfr\" \/>\n<meta name=\"twitter:card\" content=\"summary_large_image\" \/>\n<meta name=\"twitter:label1\" content=\"\u00c9crit par\" \/>\n\t<meta name=\"twitter:data1\" content=\"cfeditorfr\" \/>\n\t<meta name=\"twitter:label2\" content=\"Dur\u00e9e de lecture estim\u00e9e\" \/>\n\t<meta name=\"twitter:data2\" content=\"2 minutes\" \/>\n<script type=\"application\/ld+json\" class=\"yoast-schema-graph\">{\"@context\":\"https:\/\/schema.org\",\"@graph\":[{\"@type\":\"Article\",\"@id\":\"https:\/\/www.africa-press.net\/centrafricaine\/politique\/mauvaise-gouvernance-et-pollution-miniere-en-centrafrique#article\",\"isPartOf\":{\"@id\":\"https:\/\/www.africa-press.net\/centrafricaine\/politique\/mauvaise-gouvernance-et-pollution-miniere-en-centrafrique\"},\"author\":{\"name\":\"cfeditorfr\",\"@id\":\"https:\/\/www.africa-press.net\/centrafricaine\/#\/schema\/person\/2b1cf3cd81a31e3cd26889ca66d677f1\"},\"headline\":\"Mauvaise Gouvernance et Pollution Mini\u00e8re en Centrafrique\",\"datePublished\":\"2026-04-27T12:48:03+00:00\",\"dateModified\":\"2026-04-27T13:23:30+00:00\",\"mainEntityOfPage\":{\"@id\":\"https:\/\/www.africa-press.net\/centrafricaine\/politique\/mauvaise-gouvernance-et-pollution-miniere-en-centrafrique\"},\"wordCount\":222,\"commentCount\":0,\"image\":{\"@id\":\"https:\/\/www.africa-press.net\/centrafricaine\/politique\/mauvaise-gouvernance-et-pollution-miniere-en-centrafrique#primaryimage\"},\"thumbnailUrl\":\"https:\/\/static.africa-press.net\/centrafricaine\/sites\/45\/2026\/04\/sm_1777283381.862533.jpg\",\"keywords\":[\"CentrAfricaine\"],\"articleSection\":[\"Politique\",\"Toutes les actualit\u00e9s\"],\"inLanguage\":\"fr-FR\",\"potentialAction\":[{\"@type\":\"CommentAction\",\"name\":\"Comment\",\"target\":[\"https:\/\/www.africa-press.net\/centrafricaine\/politique\/mauvaise-gouvernance-et-pollution-miniere-en-centrafrique#respond\"]}]},{\"@type\":\"WebPage\",\"@id\":\"https:\/\/www.africa-press.net\/centrafricaine\/politique\/mauvaise-gouvernance-et-pollution-miniere-en-centrafrique\",\"url\":\"https:\/\/www.africa-press.net\/centrafricaine\/politique\/mauvaise-gouvernance-et-pollution-miniere-en-centrafrique\",\"name\":\"Mauvaise Gouvernance et Pollution Mini\u00e8re en Centrafrique - centrafricaine\",\"isPartOf\":{\"@id\":\"https:\/\/www.africa-press.net\/centrafricaine\/#website\"},\"primaryImageOfPage\":{\"@id\":\"https:\/\/www.africa-press.net\/centrafricaine\/politique\/mauvaise-gouvernance-et-pollution-miniere-en-centrafrique#primaryimage\"},\"image\":{\"@id\":\"https:\/\/www.africa-press.net\/centrafricaine\/politique\/mauvaise-gouvernance-et-pollution-miniere-en-centrafrique#primaryimage\"},\"thumbnailUrl\":\"https:\/\/static.africa-press.net\/centrafricaine\/sites\/45\/2026\/04\/sm_1777283381.862533.jpg\",\"datePublished\":\"2026-04-27T12:48:03+00:00\",\"dateModified\":\"2026-04-27T13:23:30+00:00\",\"author\":{\"@id\":\"https:\/\/www.africa-press.net\/centrafricaine\/#\/schema\/person\/2b1cf3cd81a31e3cd26889ca66d677f1\"},\"description\":\"Les leaders du BRDC ont tenu une confe\u0301rence de presse ce jeudi 16 avril 2026 a\u0300 Bangui. Ils ont de\u0301nonce\u0301 la mauvais ...\",\"breadcrumb\":{\"@id\":\"https:\/\/www.africa-press.net\/centrafricaine\/politique\/mauvaise-gouvernance-et-pollution-miniere-en-centrafrique#breadcrumb\"},\"inLanguage\":\"fr-FR\",\"potentialAction\":[{\"@type\":\"ReadAction\",\"target\":[\"https:\/\/www.africa-press.net\/centrafricaine\/politique\/mauvaise-gouvernance-et-pollution-miniere-en-centrafrique\"]}]},{\"@type\":\"ImageObject\",\"inLanguage\":\"fr-FR\",\"@id\":\"https:\/\/www.africa-press.net\/centrafricaine\/politique\/mauvaise-gouvernance-et-pollution-miniere-en-centrafrique#primaryimage\",\"url\":\"https:\/\/static.africa-press.net\/centrafricaine\/sites\/45\/2026\/04\/sm_1777283381.862533.jpg\",\"contentUrl\":\"https:\/\/static.africa-press.net\/centrafricaine\/sites\/45\/2026\/04\/sm_1777283381.862533.jpg\",\"width\":720,\"height\":324,\"caption\":\"Mauvaise Gouvernance et Pollution Mini\u00e8re en Centrafrique\"},{\"@type\":\"BreadcrumbList\",\"@id\":\"https:\/\/www.africa-press.net\/centrafricaine\/politique\/mauvaise-gouvernance-et-pollution-miniere-en-centrafrique#breadcrumb\",\"itemListElement\":[{\"@type\":\"ListItem\",\"position\":1,\"name\":\"Accueil\",\"item\":\"https:\/\/www.africa-press.net\/centrafricaine\/\"},{\"@type\":\"ListItem\",\"position\":2,\"name\":\"Mauvaise Gouvernance et Pollution Mini\u00e8re en Centrafrique\"}]},{\"@type\":\"WebSite\",\"@id\":\"https:\/\/www.africa-press.net\/centrafricaine\/#website\",\"url\":\"https:\/\/www.africa-press.net\/centrafricaine\/\",\"name\":\"centrafricaine\",\"description\":\"Just another Africa News Agency Sites site\",\"potentialAction\":[{\"@type\":\"SearchAction\",\"target\":{\"@type\":\"EntryPoint\",\"urlTemplate\":\"https:\/\/www.africa-press.net\/centrafricaine\/?s={search_term_string}\"},\"query-input\":{\"@type\":\"PropertyValueSpecification\",\"valueRequired\":true,\"valueName\":\"search_term_string\"}}],\"inLanguage\":\"fr-FR\"},{\"@type\":\"Person\",\"@id\":\"https:\/\/www.africa-press.net\/centrafricaine\/#\/schema\/person\/2b1cf3cd81a31e3cd26889ca66d677f1\",\"name\":\"cfeditorfr\"}]}<\/script>\n<!-- \/ Yoast SEO Premium plugin. -->","yoast_head_json":{"title":"Mauvaise Gouvernance et Pollution Mini\u00e8re en Centrafrique - centrafricaine","description":"Les leaders du BRDC ont tenu une confe\u0301rence de presse ce jeudi 16 avril 2026 a\u0300 Bangui. Ils ont de\u0301nonce\u0301 la mauvais ...","robots":{"index":"index","follow":"follow","max-snippet":"max-snippet:-1","max-image-preview":"max-image-preview:large","max-video-preview":"max-video-preview:-1"},"canonical":"https:\/\/www.africa-press.net\/centrafricaine\/politique\/mauvaise-gouvernance-et-pollution-miniere-en-centrafrique","og_locale":"fr_FR","og_type":"article","og_title":"Mauvaise Gouvernance et Pollution Mini\u00e8re en Centrafrique","og_description":"Les leaders du BRDC ont tenu une confe\u0301rence de presse ce jeudi 16 avril 2026 a\u0300 Bangui. Ils ont de\u0301nonce\u0301 la mauvais ...","og_url":"https:\/\/www.africa-press.net\/centrafricaine\/politique\/mauvaise-gouvernance-et-pollution-miniere-en-centrafrique","og_site_name":"centrafricaine","article_published_time":"2026-04-27T12:48:03+00:00","article_modified_time":"2026-04-27T13:23:30+00:00","og_image":[{"width":720,"height":324,"url":"https:\/\/static.africa-press.net\/centrafricaine\/sites\/45\/2026\/04\/sm_1777283381.862533.jpg","type":"image\/jpeg"}],"author":"cfeditorfr","twitter_card":"summary_large_image","twitter_misc":{"\u00c9crit par":"cfeditorfr","Dur\u00e9e de lecture estim\u00e9e":"2 minutes"},"schema":{"@context":"https:\/\/schema.org","@graph":[{"@type":"Article","@id":"https:\/\/www.africa-press.net\/centrafricaine\/politique\/mauvaise-gouvernance-et-pollution-miniere-en-centrafrique#article","isPartOf":{"@id":"https:\/\/www.africa-press.net\/centrafricaine\/politique\/mauvaise-gouvernance-et-pollution-miniere-en-centrafrique"},"author":{"name":"cfeditorfr","@id":"https:\/\/www.africa-press.net\/centrafricaine\/#\/schema\/person\/2b1cf3cd81a31e3cd26889ca66d677f1"},"headline":"Mauvaise Gouvernance et Pollution Mini\u00e8re en Centrafrique","datePublished":"2026-04-27T12:48:03+00:00","dateModified":"2026-04-27T13:23:30+00:00","mainEntityOfPage":{"@id":"https:\/\/www.africa-press.net\/centrafricaine\/politique\/mauvaise-gouvernance-et-pollution-miniere-en-centrafrique"},"wordCount":222,"commentCount":0,"image":{"@id":"https:\/\/www.africa-press.net\/centrafricaine\/politique\/mauvaise-gouvernance-et-pollution-miniere-en-centrafrique#primaryimage"},"thumbnailUrl":"https:\/\/static.africa-press.net\/centrafricaine\/sites\/45\/2026\/04\/sm_1777283381.862533.jpg","keywords":["CentrAfricaine"],"articleSection":["Politique","Toutes les actualit\u00e9s"],"inLanguage":"fr-FR","potentialAction":[{"@type":"CommentAction","name":"Comment","target":["https:\/\/www.africa-press.net\/centrafricaine\/politique\/mauvaise-gouvernance-et-pollution-miniere-en-centrafrique#respond"]}]},{"@type":"WebPage","@id":"https:\/\/www.africa-press.net\/centrafricaine\/politique\/mauvaise-gouvernance-et-pollution-miniere-en-centrafrique","url":"https:\/\/www.africa-press.net\/centrafricaine\/politique\/mauvaise-gouvernance-et-pollution-miniere-en-centrafrique","name":"Mauvaise Gouvernance et Pollution Mini\u00e8re en Centrafrique - centrafricaine","isPartOf":{"@id":"https:\/\/www.africa-press.net\/centrafricaine\/#website"},"primaryImageOfPage":{"@id":"https:\/\/www.africa-press.net\/centrafricaine\/politique\/mauvaise-gouvernance-et-pollution-miniere-en-centrafrique#primaryimage"},"image":{"@id":"https:\/\/www.africa-press.net\/centrafricaine\/politique\/mauvaise-gouvernance-et-pollution-miniere-en-centrafrique#primaryimage"},"thumbnailUrl":"https:\/\/static.africa-press.net\/centrafricaine\/sites\/45\/2026\/04\/sm_1777283381.862533.jpg","datePublished":"2026-04-27T12:48:03+00:00","dateModified":"2026-04-27T13:23:30+00:00","author":{"@id":"https:\/\/www.africa-press.net\/centrafricaine\/#\/schema\/person\/2b1cf3cd81a31e3cd26889ca66d677f1"},"description":"Les leaders du BRDC ont tenu une confe\u0301rence de presse ce jeudi 16 avril 2026 a\u0300 Bangui. Ils ont de\u0301nonce\u0301 la mauvais ...","breadcrumb":{"@id":"https:\/\/www.africa-press.net\/centrafricaine\/politique\/mauvaise-gouvernance-et-pollution-miniere-en-centrafrique#breadcrumb"},"inLanguage":"fr-FR","potentialAction":[{"@type":"ReadAction","target":["https:\/\/www.africa-press.net\/centrafricaine\/politique\/mauvaise-gouvernance-et-pollution-miniere-en-centrafrique"]}]},{"@type":"ImageObject","inLanguage":"fr-FR","@id":"https:\/\/www.africa-press.net\/centrafricaine\/politique\/mauvaise-gouvernance-et-pollution-miniere-en-centrafrique#primaryimage","url":"https:\/\/static.africa-press.net\/centrafricaine\/sites\/45\/2026\/04\/sm_1777283381.862533.jpg","contentUrl":"https:\/\/static.africa-press.net\/centrafricaine\/sites\/45\/2026\/04\/sm_1777283381.862533.jpg","width":720,"height":324,"caption":"Mauvaise Gouvernance et Pollution Mini\u00e8re en Centrafrique"},{"@type":"BreadcrumbList","@id":"https:\/\/www.africa-press.net\/centrafricaine\/politique\/mauvaise-gouvernance-et-pollution-miniere-en-centrafrique#breadcrumb","itemListElement":[{"@type":"ListItem","position":1,"name":"Accueil","item":"https:\/\/www.africa-press.net\/centrafricaine\/"},{"@type":"ListItem","position":2,"name":"Mauvaise Gouvernance et Pollution Mini\u00e8re en Centrafrique"}]},{"@type":"WebSite","@id":"https:\/\/www.africa-press.net\/centrafricaine\/#website","url":"https:\/\/www.africa-press.net\/centrafricaine\/","name":"centrafricaine","description":"Just another Africa News Agency Sites site","potentialAction":[{"@type":"SearchAction","target":{"@type":"EntryPoint","urlTemplate":"https:\/\/www.africa-press.net\/centrafricaine\/?s={search_term_string}"},"query-input":{"@type":"PropertyValueSpecification","valueRequired":true,"valueName":"search_term_string"}}],"inLanguage":"fr-FR"},{"@type":"Person","@id":"https:\/\/www.africa-press.net\/centrafricaine\/#\/schema\/person\/2b1cf3cd81a31e3cd26889ca66d677f1","name":"cfeditorfr"}]}},"_links":{"self":[{"href":"https:\/\/www.africa-press.net\/centrafricaine\/wp-json\/wp\/v2\/posts\/83538","targetHints":{"allow":["GET"]}}],"collection":[{"href":"https:\/\/www.africa-press.net\/centrafricaine\/wp-json\/wp\/v2\/posts"}],"about":[{"href":"https:\/\/www.africa-press.net\/centrafricaine\/wp-json\/wp\/v2\/types\/post"}],"author":[{"embeddable":true,"href":"https:\/\/www.africa-press.net\/centrafricaine\/wp-json\/wp\/v2\/users\/82"}],"replies":[{"embeddable":true,"href":"https:\/\/www.africa-press.net\/centrafricaine\/wp-json\/wp\/v2\/comments?post=83538"}],"version-history":[{"count":1,"href":"https:\/\/www.africa-press.net\/centrafricaine\/wp-json\/wp\/v2\/posts\/83538\/revisions"}],"predecessor-version":[{"id":83547,"href":"https:\/\/www.africa-press.net\/centrafricaine\/wp-json\/wp\/v2\/posts\/83538\/revisions\/83547"}],"wp:featuredmedia":[{"embeddable":true,"href":"https:\/\/www.africa-press.net\/centrafricaine\/wp-json\/wp\/v2\/media\/83537"}],"wp:attachment":[{"href":"https:\/\/www.africa-press.net\/centrafricaine\/wp-json\/wp\/v2\/media?parent=83538"}],"wp:term":[{"taxonomy":"category","embeddable":true,"href":"https:\/\/www.africa-press.net\/centrafricaine\/wp-json\/wp\/v2\/categories?post=83538"},{"taxonomy":"post_tag","embeddable":true,"href":"https:\/\/www.africa-press.net\/centrafricaine\/wp-json\/wp\/v2\/tags?post=83538"}],"curies":[{"name":"wp","href":"https:\/\/api.w.org\/{rel}","templated":true}]}}