{"id":8354,"date":"2021-06-23T15:57:49","date_gmt":"2021-06-23T15:57:49","guid":{"rendered":"https:\/\/www.africa-press.net\/centrafricaine\/?p=8354"},"modified":"2021-06-23T18:34:55","modified_gmt":"2021-06-23T18:34:55","slug":"lopposition-democratique-exige-le-depart-sans-condition-des-mercenaires-de-wagner-de-la-centrafrique","status":"publish","type":"post","link":"https:\/\/www.africa-press.net\/centrafricaine\/politique\/lopposition-democratique-exige-le-depart-sans-condition-des-mercenaires-de-wagner-de-la-centrafrique","title":{"rendered":"L\u2019opposition d\u00e9mocratique exige le d\u00e9part sans condition des mercenaires de Wagner de la Centrafrique"},"content":{"rendered":"<p><span style=\"color: #ff6600\"><strong><a href=\"https:\/\/www.africa-press.net\/\">Africa-Press<\/a> &#8211; <a href=\"https:\/\/www.africa-press.net\/centrafricaine\">CentrAfricaine<\/a>. <\/strong><\/span>\u00a0La d\u00e9cision de l\u2019opposition d\u00e9mocratique (COD2020) intervient une semaine apr\u00e8s l\u2019assassinat du maire de Koui, de son adjoint et de son garde du corps par les mercenaires russes de la soci\u00e9t\u00e9 Wagner. Une exaction de trop, selon un leader de l\u2019opposition d\u00e9mocratique qui affirme que la pr\u00e9sence des mercenaires de Wagner en Centrafrique est sans doute une source de malheur\u201d pour le peuple centrafricain.<\/p>\n<p>C\u2019est dans un communiqu\u00e9 rendu public ce lundi 21 juin que la coalition de l\u2019opposition d\u00e9mocratique (COD2020) estime que \u00ab La pr\u00e9sence des mercenaires russes de la soci\u00e9t\u00e9 se s\u00e9curit\u00e9 Wagner est une source de malheur du peuple centrafricain \u00bb, tout en pr\u00e9cisant que la COD-2020 exige sans condition leur d\u00e9part du territoire national \u00bb.Par ailleurs, dans leur communiqu\u00e9, les leaders de la coalition de l\u2019opposition ont condamn\u00e9 \u00ab l\u2019ignoble assassinat du Sultan-maire, Yaya Adamou Daouda , de son adjoint et de son garde du corps \u00bb d\u2019\u00ab inadmissible \u00bb, tout en exigeant l\u2019ouverture d\u2019une enqu\u00eate sur ce meurtre. D\u2019apr\u00e8s eux, le dialogue \u00ab r\u00e9publicain \u00bb tel que propos\u00e9 par le pr\u00e9sident centrafricain, Faustin Archange Touadera, \u00ab ne peut d\u00e9boucher sur la paix, la stabilit\u00e9 et la r\u00e9conciliation nationale \u00bb.<\/p>\n<p>Rappelons que la semaine derni\u00e8re, la chaine americaine CNN et son partenaire The Sentry ont publi\u00e9 une enqu\u00eate men\u00e9e sur les exactions des mercenaires russes de la soci\u00e9t\u00e9 Wagner en R\u00e9publique centrafricaine. Selon cette chaine, les mercenaires russes seraient impliqu\u00e9s dans la torture et le meurtre de civils en Centrafrique.<\/p>\n<p><b>\u00a0<\/b><\/p>\n","protected":false},"excerpt":{"rendered":"<p>Africa-Press &#8211; CentrAfricaine. \u00a0La d\u00e9cision de l\u2019opposition d\u00e9mocratique (COD2020) intervient une semaine apr\u00e8s l\u2019assassinat du maire de Koui, de son adjoint et de son garde du corps par les mercenaires russes de la soci\u00e9t\u00e9 Wagner. Une exaction de trop, selon un leader de l\u2019opposition d\u00e9mocratique qui affirme que la pr\u00e9sence des mercenaires de Wagner en [&hellip;]<\/p>\n","protected":false},"author":82,"featured_media":8353,"comment_status":"open","ping_status":"closed","sticky":false,"template":"","format":"standard","meta":{"footnotes":""},"categories":[11,2,10],"tags":[36,58,30],"class_list":["post-8354","post","type-post","status-publish","format-standard","has-post-thumbnail","hentry","category-homepage-french","category-politique","category-toutes-les-actualites","tag-africa-press","tag-africa-press-centrafricaine","tag-centrafricaine"],"yoast_head":"<!-- This site is optimized with the Yoast SEO Premium plugin v26.1 (Yoast SEO v27.0) - https:\/\/yoast.com\/product\/yoast-seo-premium-wordpress\/ -->\n<title>L\u2019opposition d\u00e9mocratique exige le d\u00e9part sans condition des mercenaires de Wagner de la Centrafrique - centrafricaine<\/title>\n<meta name=\"description\" content=\"Bangui, R\u00e9publique centrafricaine, mardi, 22 juin 2021 ( Corbeaunews \u2013 Centrafrique ). La d\u00e9cision de l\u2019opposition d\u00e9moc ...\" \/>\n<meta name=\"robots\" content=\"index, follow, max-snippet:-1, max-image-preview:large, max-video-preview:-1\" \/>\n<link rel=\"canonical\" href=\"https:\/\/www.africa-press.net\/centrafricaine\/politique\/lopposition-democratique-exige-le-depart-sans-condition-des-mercenaires-de-wagner-de-la-centrafrique\" \/>\n<meta property=\"og:locale\" content=\"fr_FR\" \/>\n<meta property=\"og:type\" content=\"article\" \/>\n<meta property=\"og:title\" content=\"L\u2019opposition d\u00e9mocratique exige le d\u00e9part sans condition des mercenaires de Wagner de la Centrafrique\" \/>\n<meta property=\"og:description\" content=\"Bangui, R\u00e9publique centrafricaine, mardi, 22 juin 2021 ( Corbeaunews \u2013 Centrafrique ). La d\u00e9cision de l\u2019opposition d\u00e9moc ...\" \/>\n<meta property=\"og:url\" content=\"https:\/\/www.africa-press.net\/centrafricaine\/politique\/lopposition-democratique-exige-le-depart-sans-condition-des-mercenaires-de-wagner-de-la-centrafrique\" \/>\n<meta property=\"og:site_name\" content=\"centrafricaine\" \/>\n<meta property=\"article:published_time\" content=\"2021-06-23T15:57:49+00:00\" \/>\n<meta property=\"article:modified_time\" content=\"2021-06-23T18:34:55+00:00\" \/>\n<meta property=\"og:image\" content=\"https:\/\/static.africa-press.net\/centrafricaine\/sites\/45\/2021\/06\/img-60d3580de123a.jpg\" \/>\n\t<meta property=\"og:image:width\" content=\"720\" \/>\n\t<meta property=\"og:image:height\" content=\"540\" \/>\n\t<meta property=\"og:image:type\" content=\"image\/jpeg\" \/>\n<meta name=\"author\" content=\"cfeditorfr\" \/>\n<meta name=\"twitter:card\" content=\"summary_large_image\" \/>\n<meta name=\"twitter:label1\" content=\"\u00c9crit par\" \/>\n\t<meta name=\"twitter:data1\" content=\"cfeditorfr\" \/>\n\t<meta name=\"twitter:label2\" content=\"Dur\u00e9e de lecture estim\u00e9e\" \/>\n\t<meta name=\"twitter:data2\" content=\"2 minutes\" \/>\n<script type=\"application\/ld+json\" class=\"yoast-schema-graph\">{\"@context\":\"https:\/\/schema.org\",\"@graph\":[{\"@type\":\"Article\",\"@id\":\"https:\/\/www.africa-press.net\/centrafricaine\/politique\/lopposition-democratique-exige-le-depart-sans-condition-des-mercenaires-de-wagner-de-la-centrafrique#article\",\"isPartOf\":{\"@id\":\"https:\/\/www.africa-press.net\/centrafricaine\/politique\/lopposition-democratique-exige-le-depart-sans-condition-des-mercenaires-de-wagner-de-la-centrafrique\"},\"author\":{\"name\":\"cfeditorfr\",\"@id\":\"https:\/\/www.africa-press.net\/centrafricaine\/#\/schema\/person\/2b1cf3cd81a31e3cd26889ca66d677f1\"},\"headline\":\"L\u2019opposition d\u00e9mocratique exige le d\u00e9part sans condition des mercenaires de Wagner de la Centrafrique\",\"datePublished\":\"2021-06-23T15:57:49+00:00\",\"dateModified\":\"2021-06-23T18:34:55+00:00\",\"mainEntityOfPage\":{\"@id\":\"https:\/\/www.africa-press.net\/centrafricaine\/politique\/lopposition-democratique-exige-le-depart-sans-condition-des-mercenaires-de-wagner-de-la-centrafrique\"},\"wordCount\":287,\"commentCount\":0,\"image\":{\"@id\":\"https:\/\/www.africa-press.net\/centrafricaine\/politique\/lopposition-democratique-exige-le-depart-sans-condition-des-mercenaires-de-wagner-de-la-centrafrique#primaryimage\"},\"thumbnailUrl\":\"https:\/\/static.africa-press.net\/centrafricaine\/sites\/45\/2021\/06\/img-60d3580de123a.jpg\",\"keywords\":[\"Africa Press\",\"Africa Press-CentrAfricaine\",\"CentrAfricaine\"],\"articleSection\":[\"homepage-french\",\"Politique\",\"Toutes les actualit\u00e9s\"],\"inLanguage\":\"fr-FR\",\"potentialAction\":[{\"@type\":\"CommentAction\",\"name\":\"Comment\",\"target\":[\"https:\/\/www.africa-press.net\/centrafricaine\/politique\/lopposition-democratique-exige-le-depart-sans-condition-des-mercenaires-de-wagner-de-la-centrafrique#respond\"]}]},{\"@type\":\"WebPage\",\"@id\":\"https:\/\/www.africa-press.net\/centrafricaine\/politique\/lopposition-democratique-exige-le-depart-sans-condition-des-mercenaires-de-wagner-de-la-centrafrique\",\"url\":\"https:\/\/www.africa-press.net\/centrafricaine\/politique\/lopposition-democratique-exige-le-depart-sans-condition-des-mercenaires-de-wagner-de-la-centrafrique\",\"name\":\"L\u2019opposition d\u00e9mocratique exige le d\u00e9part sans condition des mercenaires de Wagner de la Centrafrique - centrafricaine\",\"isPartOf\":{\"@id\":\"https:\/\/www.africa-press.net\/centrafricaine\/#website\"},\"primaryImageOfPage\":{\"@id\":\"https:\/\/www.africa-press.net\/centrafricaine\/politique\/lopposition-democratique-exige-le-depart-sans-condition-des-mercenaires-de-wagner-de-la-centrafrique#primaryimage\"},\"image\":{\"@id\":\"https:\/\/www.africa-press.net\/centrafricaine\/politique\/lopposition-democratique-exige-le-depart-sans-condition-des-mercenaires-de-wagner-de-la-centrafrique#primaryimage\"},\"thumbnailUrl\":\"https:\/\/static.africa-press.net\/centrafricaine\/sites\/45\/2021\/06\/img-60d3580de123a.jpg\",\"datePublished\":\"2021-06-23T15:57:49+00:00\",\"dateModified\":\"2021-06-23T18:34:55+00:00\",\"author\":{\"@id\":\"https:\/\/www.africa-press.net\/centrafricaine\/#\/schema\/person\/2b1cf3cd81a31e3cd26889ca66d677f1\"},\"description\":\"Bangui, R\u00e9publique centrafricaine, mardi, 22 juin 2021 ( Corbeaunews \u2013 Centrafrique ). La d\u00e9cision de l\u2019opposition d\u00e9moc ...\",\"breadcrumb\":{\"@id\":\"https:\/\/www.africa-press.net\/centrafricaine\/politique\/lopposition-democratique-exige-le-depart-sans-condition-des-mercenaires-de-wagner-de-la-centrafrique#breadcrumb\"},\"inLanguage\":\"fr-FR\",\"potentialAction\":[{\"@type\":\"ReadAction\",\"target\":[\"https:\/\/www.africa-press.net\/centrafricaine\/politique\/lopposition-democratique-exige-le-depart-sans-condition-des-mercenaires-de-wagner-de-la-centrafrique\"]}]},{\"@type\":\"ImageObject\",\"inLanguage\":\"fr-FR\",\"@id\":\"https:\/\/www.africa-press.net\/centrafricaine\/politique\/lopposition-democratique-exige-le-depart-sans-condition-des-mercenaires-de-wagner-de-la-centrafrique#primaryimage\",\"url\":\"https:\/\/static.africa-press.net\/centrafricaine\/sites\/45\/2021\/06\/img-60d3580de123a.jpg\",\"contentUrl\":\"https:\/\/static.africa-press.net\/centrafricaine\/sites\/45\/2021\/06\/img-60d3580de123a.jpg\",\"width\":720,\"height\":540,\"caption\":\"L\u2019opposition d\u00e9mocratique exige le d\u00e9part sans condition des mercenaires de Wagner de la Centrafrique\"},{\"@type\":\"BreadcrumbList\",\"@id\":\"https:\/\/www.africa-press.net\/centrafricaine\/politique\/lopposition-democratique-exige-le-depart-sans-condition-des-mercenaires-de-wagner-de-la-centrafrique#breadcrumb\",\"itemListElement\":[{\"@type\":\"ListItem\",\"position\":1,\"name\":\"Accueil\",\"item\":\"https:\/\/www.africa-press.net\/centrafricaine\/\"},{\"@type\":\"ListItem\",\"position\":2,\"name\":\"L\u2019opposition d\u00e9mocratique exige le d\u00e9part sans condition des mercenaires de Wagner de la Centrafrique\"}]},{\"@type\":\"WebSite\",\"@id\":\"https:\/\/www.africa-press.net\/centrafricaine\/#website\",\"url\":\"https:\/\/www.africa-press.net\/centrafricaine\/\",\"name\":\"centrafricaine\",\"description\":\"Just another Africa News Agency Sites site\",\"potentialAction\":[{\"@type\":\"SearchAction\",\"target\":{\"@type\":\"EntryPoint\",\"urlTemplate\":\"https:\/\/www.africa-press.net\/centrafricaine\/?s={search_term_string}\"},\"query-input\":{\"@type\":\"PropertyValueSpecification\",\"valueRequired\":true,\"valueName\":\"search_term_string\"}}],\"inLanguage\":\"fr-FR\"},{\"@type\":\"Person\",\"@id\":\"https:\/\/www.africa-press.net\/centrafricaine\/#\/schema\/person\/2b1cf3cd81a31e3cd26889ca66d677f1\",\"name\":\"cfeditorfr\"}]}<\/script>\n<!-- \/ Yoast SEO Premium plugin. -->","yoast_head_json":{"title":"L\u2019opposition d\u00e9mocratique exige le d\u00e9part sans condition des mercenaires de Wagner de la Centrafrique - centrafricaine","description":"Bangui, R\u00e9publique centrafricaine, mardi, 22 juin 2021 ( Corbeaunews \u2013 Centrafrique ). La d\u00e9cision de l\u2019opposition d\u00e9moc ...","robots":{"index":"index","follow":"follow","max-snippet":"max-snippet:-1","max-image-preview":"max-image-preview:large","max-video-preview":"max-video-preview:-1"},"canonical":"https:\/\/www.africa-press.net\/centrafricaine\/politique\/lopposition-democratique-exige-le-depart-sans-condition-des-mercenaires-de-wagner-de-la-centrafrique","og_locale":"fr_FR","og_type":"article","og_title":"L\u2019opposition d\u00e9mocratique exige le d\u00e9part sans condition des mercenaires de Wagner de la Centrafrique","og_description":"Bangui, R\u00e9publique centrafricaine, mardi, 22 juin 2021 ( Corbeaunews \u2013 Centrafrique ). La d\u00e9cision de l\u2019opposition d\u00e9moc ...","og_url":"https:\/\/www.africa-press.net\/centrafricaine\/politique\/lopposition-democratique-exige-le-depart-sans-condition-des-mercenaires-de-wagner-de-la-centrafrique","og_site_name":"centrafricaine","article_published_time":"2021-06-23T15:57:49+00:00","article_modified_time":"2021-06-23T18:34:55+00:00","og_image":[{"width":720,"height":540,"url":"https:\/\/static.africa-press.net\/centrafricaine\/sites\/45\/2021\/06\/img-60d3580de123a.jpg","type":"image\/jpeg"}],"author":"cfeditorfr","twitter_card":"summary_large_image","twitter_misc":{"\u00c9crit par":"cfeditorfr","Dur\u00e9e de lecture estim\u00e9e":"2 minutes"},"schema":{"@context":"https:\/\/schema.org","@graph":[{"@type":"Article","@id":"https:\/\/www.africa-press.net\/centrafricaine\/politique\/lopposition-democratique-exige-le-depart-sans-condition-des-mercenaires-de-wagner-de-la-centrafrique#article","isPartOf":{"@id":"https:\/\/www.africa-press.net\/centrafricaine\/politique\/lopposition-democratique-exige-le-depart-sans-condition-des-mercenaires-de-wagner-de-la-centrafrique"},"author":{"name":"cfeditorfr","@id":"https:\/\/www.africa-press.net\/centrafricaine\/#\/schema\/person\/2b1cf3cd81a31e3cd26889ca66d677f1"},"headline":"L\u2019opposition d\u00e9mocratique exige le d\u00e9part sans condition des mercenaires de Wagner de la Centrafrique","datePublished":"2021-06-23T15:57:49+00:00","dateModified":"2021-06-23T18:34:55+00:00","mainEntityOfPage":{"@id":"https:\/\/www.africa-press.net\/centrafricaine\/politique\/lopposition-democratique-exige-le-depart-sans-condition-des-mercenaires-de-wagner-de-la-centrafrique"},"wordCount":287,"commentCount":0,"image":{"@id":"https:\/\/www.africa-press.net\/centrafricaine\/politique\/lopposition-democratique-exige-le-depart-sans-condition-des-mercenaires-de-wagner-de-la-centrafrique#primaryimage"},"thumbnailUrl":"https:\/\/static.africa-press.net\/centrafricaine\/sites\/45\/2021\/06\/img-60d3580de123a.jpg","keywords":["Africa Press","Africa Press-CentrAfricaine","CentrAfricaine"],"articleSection":["homepage-french","Politique","Toutes les actualit\u00e9s"],"inLanguage":"fr-FR","potentialAction":[{"@type":"CommentAction","name":"Comment","target":["https:\/\/www.africa-press.net\/centrafricaine\/politique\/lopposition-democratique-exige-le-depart-sans-condition-des-mercenaires-de-wagner-de-la-centrafrique#respond"]}]},{"@type":"WebPage","@id":"https:\/\/www.africa-press.net\/centrafricaine\/politique\/lopposition-democratique-exige-le-depart-sans-condition-des-mercenaires-de-wagner-de-la-centrafrique","url":"https:\/\/www.africa-press.net\/centrafricaine\/politique\/lopposition-democratique-exige-le-depart-sans-condition-des-mercenaires-de-wagner-de-la-centrafrique","name":"L\u2019opposition d\u00e9mocratique exige le d\u00e9part sans condition des mercenaires de Wagner de la Centrafrique - centrafricaine","isPartOf":{"@id":"https:\/\/www.africa-press.net\/centrafricaine\/#website"},"primaryImageOfPage":{"@id":"https:\/\/www.africa-press.net\/centrafricaine\/politique\/lopposition-democratique-exige-le-depart-sans-condition-des-mercenaires-de-wagner-de-la-centrafrique#primaryimage"},"image":{"@id":"https:\/\/www.africa-press.net\/centrafricaine\/politique\/lopposition-democratique-exige-le-depart-sans-condition-des-mercenaires-de-wagner-de-la-centrafrique#primaryimage"},"thumbnailUrl":"https:\/\/static.africa-press.net\/centrafricaine\/sites\/45\/2021\/06\/img-60d3580de123a.jpg","datePublished":"2021-06-23T15:57:49+00:00","dateModified":"2021-06-23T18:34:55+00:00","author":{"@id":"https:\/\/www.africa-press.net\/centrafricaine\/#\/schema\/person\/2b1cf3cd81a31e3cd26889ca66d677f1"},"description":"Bangui, R\u00e9publique centrafricaine, mardi, 22 juin 2021 ( Corbeaunews \u2013 Centrafrique ). La d\u00e9cision de l\u2019opposition d\u00e9moc ...","breadcrumb":{"@id":"https:\/\/www.africa-press.net\/centrafricaine\/politique\/lopposition-democratique-exige-le-depart-sans-condition-des-mercenaires-de-wagner-de-la-centrafrique#breadcrumb"},"inLanguage":"fr-FR","potentialAction":[{"@type":"ReadAction","target":["https:\/\/www.africa-press.net\/centrafricaine\/politique\/lopposition-democratique-exige-le-depart-sans-condition-des-mercenaires-de-wagner-de-la-centrafrique"]}]},{"@type":"ImageObject","inLanguage":"fr-FR","@id":"https:\/\/www.africa-press.net\/centrafricaine\/politique\/lopposition-democratique-exige-le-depart-sans-condition-des-mercenaires-de-wagner-de-la-centrafrique#primaryimage","url":"https:\/\/static.africa-press.net\/centrafricaine\/sites\/45\/2021\/06\/img-60d3580de123a.jpg","contentUrl":"https:\/\/static.africa-press.net\/centrafricaine\/sites\/45\/2021\/06\/img-60d3580de123a.jpg","width":720,"height":540,"caption":"L\u2019opposition d\u00e9mocratique exige le d\u00e9part sans condition des mercenaires de Wagner de la Centrafrique"},{"@type":"BreadcrumbList","@id":"https:\/\/www.africa-press.net\/centrafricaine\/politique\/lopposition-democratique-exige-le-depart-sans-condition-des-mercenaires-de-wagner-de-la-centrafrique#breadcrumb","itemListElement":[{"@type":"ListItem","position":1,"name":"Accueil","item":"https:\/\/www.africa-press.net\/centrafricaine\/"},{"@type":"ListItem","position":2,"name":"L\u2019opposition d\u00e9mocratique exige le d\u00e9part sans condition des mercenaires de Wagner de la Centrafrique"}]},{"@type":"WebSite","@id":"https:\/\/www.africa-press.net\/centrafricaine\/#website","url":"https:\/\/www.africa-press.net\/centrafricaine\/","name":"centrafricaine","description":"Just another Africa News Agency Sites site","potentialAction":[{"@type":"SearchAction","target":{"@type":"EntryPoint","urlTemplate":"https:\/\/www.africa-press.net\/centrafricaine\/?s={search_term_string}"},"query-input":{"@type":"PropertyValueSpecification","valueRequired":true,"valueName":"search_term_string"}}],"inLanguage":"fr-FR"},{"@type":"Person","@id":"https:\/\/www.africa-press.net\/centrafricaine\/#\/schema\/person\/2b1cf3cd81a31e3cd26889ca66d677f1","name":"cfeditorfr"}]}},"_links":{"self":[{"href":"https:\/\/www.africa-press.net\/centrafricaine\/wp-json\/wp\/v2\/posts\/8354","targetHints":{"allow":["GET"]}}],"collection":[{"href":"https:\/\/www.africa-press.net\/centrafricaine\/wp-json\/wp\/v2\/posts"}],"about":[{"href":"https:\/\/www.africa-press.net\/centrafricaine\/wp-json\/wp\/v2\/types\/post"}],"author":[{"embeddable":true,"href":"https:\/\/www.africa-press.net\/centrafricaine\/wp-json\/wp\/v2\/users\/82"}],"replies":[{"embeddable":true,"href":"https:\/\/www.africa-press.net\/centrafricaine\/wp-json\/wp\/v2\/comments?post=8354"}],"version-history":[{"count":0,"href":"https:\/\/www.africa-press.net\/centrafricaine\/wp-json\/wp\/v2\/posts\/8354\/revisions"}],"wp:featuredmedia":[{"embeddable":true,"href":"https:\/\/www.africa-press.net\/centrafricaine\/wp-json\/wp\/v2\/media\/8353"}],"wp:attachment":[{"href":"https:\/\/www.africa-press.net\/centrafricaine\/wp-json\/wp\/v2\/media?parent=8354"}],"wp:term":[{"taxonomy":"category","embeddable":true,"href":"https:\/\/www.africa-press.net\/centrafricaine\/wp-json\/wp\/v2\/categories?post=8354"},{"taxonomy":"post_tag","embeddable":true,"href":"https:\/\/www.africa-press.net\/centrafricaine\/wp-json\/wp\/v2\/tags?post=8354"}],"curies":[{"name":"wp","href":"https:\/\/api.w.org\/{rel}","templated":true}]}}