{"id":83542,"date":"2026-04-27T12:49:26","date_gmt":"2026-04-27T12:49:26","guid":{"rendered":"https:\/\/www.africa-press.net\/centrafricaine\/politique\/evenements-au-tribunal-du-travail"},"modified":"2026-04-27T13:24:11","modified_gmt":"2026-04-27T13:24:11","slug":"evenements-au-tribunal-du-travail","status":"publish","type":"post","link":"https:\/\/www.africa-press.net\/centrafricaine\/politique\/evenements-au-tribunal-du-travail","title":{"rendered":"\u00c9v\u00e9nements au Tribunal du Travail"},"content":{"rendered":"<p><span style=\"color: #ff6600\"><strong>Africa-Press &#8211; CentrAfricaine. <\/strong><\/span>A\u0300 Bangui, justement au <b>Tribunal du travail, des justiciables gagnent leurs proce\u0300s depuis des mois, mais ne peuvent toujours pas faire appliquer les de\u0301cisions rendues en leur faveur, faute de grosses de\u0301livre\u0301es. Alors, on se demande que se passe-t-il vraiment au sein de notre justice? Touade\u0301ra, c\u2019est ce que tu appelles justice?<\/b><\/p>\n<p>En effet, comme vous le savez tous, obtenir gain de cause devant un tribunal devrait e\u0302tre une victoire. Malheureusement au Tribunal du travail de Bangui, c\u2019est souvent le de\u0301but d\u2019un nouveau calvaire. Des usagers qui ont eu raison devant les juges se retrouvent bloque\u0301s, incapables de faire exe\u0301cuter des de\u0301cisions pourtant officiellement rendues. Pourquoi?<b>La cause: les grosses, ces copies exe\u0301cutoires sans lesquelles aucun jugement ne peut e\u0302tre mis en application, ne leur parviennent pas. Certains attendent depuis des mois.<\/b><br \/>\n<b>\u00ab Cela fait des mois que j\u2019attends. Mon dossier est termine\u0301, mais je ne peux rien faire sans la grosse \u00bb,<\/b> dit l\u2019un d\u2019eux, qui ne comprend plus a\u0300 quelle porte frapper. Ce te\u0301moignage revient sous des formes identiques dans la bouche de plusieurs usagers. Le proble\u0300me n\u2019est pas anecdotique.<\/p>\n<p>Dans le circuit administratif interne, des dossiers restent en attente prolonge\u0301e a\u0300 l\u2019e\u0301tape de validation, sans qu\u2019aucune explication ne soit fournie. Certaines audiences semblent produire des de\u0301cisions qui mettent un temps anormal a\u0300 e\u0302tre finalise\u0301es. Personne, a\u0300 aucun niveau, ne prend la peine d\u2019informer les concerne\u0301s.<\/p>\n<p>Acce\u0301der aux responsables est une autre e\u0301preuve. Les usagers se heurtent a\u0300 des portes ferme\u0301es, a\u0300 des renvois d\u2019un bureau a\u0300 l\u2019autre, a\u0300 un silence administratif qui dure. Le Tribunal du travail, dont la mission est pre\u0301cise\u0301ment de re\u0301gler les conflits entre employeurs et travailleurs, donne aujourd\u2019hui l\u2019image d\u2019une institution qui n\u2019assume plus ses propres de\u0301cisions.<\/p>\n<p><b>Lors de son investiture, le dictateur Touade\u0301ra avait de\u0301clare\u0301 vouloir garantir une justice inde\u0301pendante, cre\u0301dible et rendue dans des de\u0301lais raisonnables.<\/b> Ce que de\u0301crivent les usagers du Tribunal du travail de Bangui est le contraire exact de cet engagement.<\/p>\n<p>Une de\u0301cision de justice que personne ne peut exe\u0301cuter ne vaut, pour celui qui l\u2019a obtenue, pas plus que le papier sur lequel elle est imprime\u0301e.<\/p>\n<p><b>Source: Corbeau News Centrafrique<\/b><\/p>\n<p><strong>Pour plus d&rsquo;informations et d&rsquo;analyses sur la <span style=\"color: #ff6600\">CentrAfricaine<\/span>, suivez <span style=\"color: #ff6600\">Africa-Press<\/span><\/strong><\/p>\n","protected":false},"excerpt":{"rendered":"<p>Africa-Press &#8211; CentrAfricaine. A\u0300 Bangui, justement au Tribunal du travail, des justiciables gagnent leurs proce\u0300s depuis des mois, mais ne peuvent toujours pas faire appliquer les de\u0301cisions rendues en leur faveur, faute de grosses de\u0301livre\u0301es. Alors, on se demande que se passe-t-il vraiment au sein de notre justice? Touade\u0301ra, c\u2019est ce que tu appelles justice? [&hellip;]<\/p>\n","protected":false},"author":82,"featured_media":83541,"comment_status":"open","ping_status":"closed","sticky":false,"template":"","format":"standard","meta":{"footnotes":""},"categories":[2,10],"tags":[30],"class_list":["post-83542","post","type-post","status-publish","format-standard","has-post-thumbnail","hentry","category-politique","category-toutes-les-actualites","tag-centrafricaine"],"yoast_head":"<!-- This site is optimized with the Yoast SEO Premium plugin v26.1 (Yoast SEO v27.0) - https:\/\/yoast.com\/product\/yoast-seo-premium-wordpress\/ -->\n<title>\u00c9v\u00e9nements au Tribunal du Travail - centrafricaine<\/title>\n<meta name=\"description\" content=\"A\u0300 Bangui, justement au Tribunal du travail, des justiciables gagnent leurs proce\u0300s depuis des mois, mais ne peuvent ...\" \/>\n<meta name=\"robots\" content=\"index, follow, max-snippet:-1, max-image-preview:large, max-video-preview:-1\" \/>\n<link rel=\"canonical\" href=\"https:\/\/www.africa-press.net\/centrafricaine\/politique\/evenements-au-tribunal-du-travail\" \/>\n<meta property=\"og:locale\" content=\"fr_FR\" \/>\n<meta property=\"og:type\" content=\"article\" \/>\n<meta property=\"og:title\" content=\"\u00c9v\u00e9nements au Tribunal du Travail\" \/>\n<meta property=\"og:description\" content=\"A\u0300 Bangui, justement au Tribunal du travail, des justiciables gagnent leurs proce\u0300s depuis des mois, mais ne peuvent ...\" \/>\n<meta property=\"og:url\" content=\"https:\/\/www.africa-press.net\/centrafricaine\/politique\/evenements-au-tribunal-du-travail\" \/>\n<meta property=\"og:site_name\" content=\"centrafricaine\" \/>\n<meta property=\"article:published_time\" content=\"2026-04-27T12:49:26+00:00\" \/>\n<meta property=\"article:modified_time\" content=\"2026-04-27T13:24:11+00:00\" \/>\n<meta property=\"og:image\" content=\"https:\/\/static.africa-press.net\/centrafricaine\/sites\/45\/2026\/04\/sm_1777283428.45487.jpg\" \/>\n\t<meta property=\"og:image:width\" content=\"720\" \/>\n\t<meta property=\"og:image:height\" content=\"648\" \/>\n\t<meta property=\"og:image:type\" content=\"image\/jpeg\" \/>\n<meta name=\"author\" content=\"cfeditorfr\" \/>\n<meta name=\"twitter:card\" content=\"summary_large_image\" \/>\n<meta name=\"twitter:label1\" content=\"\u00c9crit par\" \/>\n\t<meta name=\"twitter:data1\" content=\"cfeditorfr\" \/>\n\t<meta name=\"twitter:label2\" content=\"Dur\u00e9e de lecture estim\u00e9e\" \/>\n\t<meta name=\"twitter:data2\" content=\"3 minutes\" \/>\n<script type=\"application\/ld+json\" class=\"yoast-schema-graph\">{\"@context\":\"https:\/\/schema.org\",\"@graph\":[{\"@type\":\"Article\",\"@id\":\"https:\/\/www.africa-press.net\/centrafricaine\/politique\/evenements-au-tribunal-du-travail#article\",\"isPartOf\":{\"@id\":\"https:\/\/www.africa-press.net\/centrafricaine\/politique\/evenements-au-tribunal-du-travail\"},\"author\":{\"name\":\"cfeditorfr\",\"@id\":\"https:\/\/www.africa-press.net\/centrafricaine\/#\/schema\/person\/2b1cf3cd81a31e3cd26889ca66d677f1\"},\"headline\":\"\u00c9v\u00e9nements au Tribunal du Travail\",\"datePublished\":\"2026-04-27T12:49:26+00:00\",\"dateModified\":\"2026-04-27T13:24:11+00:00\",\"mainEntityOfPage\":{\"@id\":\"https:\/\/www.africa-press.net\/centrafricaine\/politique\/evenements-au-tribunal-du-travail\"},\"wordCount\":425,\"commentCount\":0,\"image\":{\"@id\":\"https:\/\/www.africa-press.net\/centrafricaine\/politique\/evenements-au-tribunal-du-travail#primaryimage\"},\"thumbnailUrl\":\"https:\/\/static.africa-press.net\/centrafricaine\/sites\/45\/2026\/04\/sm_1777283428.45487.jpg\",\"keywords\":[\"CentrAfricaine\"],\"articleSection\":[\"Politique\",\"Toutes les actualit\u00e9s\"],\"inLanguage\":\"fr-FR\",\"potentialAction\":[{\"@type\":\"CommentAction\",\"name\":\"Comment\",\"target\":[\"https:\/\/www.africa-press.net\/centrafricaine\/politique\/evenements-au-tribunal-du-travail#respond\"]}]},{\"@type\":\"WebPage\",\"@id\":\"https:\/\/www.africa-press.net\/centrafricaine\/politique\/evenements-au-tribunal-du-travail\",\"url\":\"https:\/\/www.africa-press.net\/centrafricaine\/politique\/evenements-au-tribunal-du-travail\",\"name\":\"\u00c9v\u00e9nements au Tribunal du Travail - centrafricaine\",\"isPartOf\":{\"@id\":\"https:\/\/www.africa-press.net\/centrafricaine\/#website\"},\"primaryImageOfPage\":{\"@id\":\"https:\/\/www.africa-press.net\/centrafricaine\/politique\/evenements-au-tribunal-du-travail#primaryimage\"},\"image\":{\"@id\":\"https:\/\/www.africa-press.net\/centrafricaine\/politique\/evenements-au-tribunal-du-travail#primaryimage\"},\"thumbnailUrl\":\"https:\/\/static.africa-press.net\/centrafricaine\/sites\/45\/2026\/04\/sm_1777283428.45487.jpg\",\"datePublished\":\"2026-04-27T12:49:26+00:00\",\"dateModified\":\"2026-04-27T13:24:11+00:00\",\"author\":{\"@id\":\"https:\/\/www.africa-press.net\/centrafricaine\/#\/schema\/person\/2b1cf3cd81a31e3cd26889ca66d677f1\"},\"description\":\"A\u0300 Bangui, justement au Tribunal du travail, des justiciables gagnent leurs proce\u0300s depuis des mois, mais ne peuvent ...\",\"breadcrumb\":{\"@id\":\"https:\/\/www.africa-press.net\/centrafricaine\/politique\/evenements-au-tribunal-du-travail#breadcrumb\"},\"inLanguage\":\"fr-FR\",\"potentialAction\":[{\"@type\":\"ReadAction\",\"target\":[\"https:\/\/www.africa-press.net\/centrafricaine\/politique\/evenements-au-tribunal-du-travail\"]}]},{\"@type\":\"ImageObject\",\"inLanguage\":\"fr-FR\",\"@id\":\"https:\/\/www.africa-press.net\/centrafricaine\/politique\/evenements-au-tribunal-du-travail#primaryimage\",\"url\":\"https:\/\/static.africa-press.net\/centrafricaine\/sites\/45\/2026\/04\/sm_1777283428.45487.jpg\",\"contentUrl\":\"https:\/\/static.africa-press.net\/centrafricaine\/sites\/45\/2026\/04\/sm_1777283428.45487.jpg\",\"width\":720,\"height\":648,\"caption\":\"\u00c9v\u00e9nements au Tribunal du Travail\"},{\"@type\":\"BreadcrumbList\",\"@id\":\"https:\/\/www.africa-press.net\/centrafricaine\/politique\/evenements-au-tribunal-du-travail#breadcrumb\",\"itemListElement\":[{\"@type\":\"ListItem\",\"position\":1,\"name\":\"Accueil\",\"item\":\"https:\/\/www.africa-press.net\/centrafricaine\/\"},{\"@type\":\"ListItem\",\"position\":2,\"name\":\"\u00c9v\u00e9nements au Tribunal du Travail\"}]},{\"@type\":\"WebSite\",\"@id\":\"https:\/\/www.africa-press.net\/centrafricaine\/#website\",\"url\":\"https:\/\/www.africa-press.net\/centrafricaine\/\",\"name\":\"centrafricaine\",\"description\":\"Just another Africa News Agency Sites site\",\"potentialAction\":[{\"@type\":\"SearchAction\",\"target\":{\"@type\":\"EntryPoint\",\"urlTemplate\":\"https:\/\/www.africa-press.net\/centrafricaine\/?s={search_term_string}\"},\"query-input\":{\"@type\":\"PropertyValueSpecification\",\"valueRequired\":true,\"valueName\":\"search_term_string\"}}],\"inLanguage\":\"fr-FR\"},{\"@type\":\"Person\",\"@id\":\"https:\/\/www.africa-press.net\/centrafricaine\/#\/schema\/person\/2b1cf3cd81a31e3cd26889ca66d677f1\",\"name\":\"cfeditorfr\"}]}<\/script>\n<!-- \/ Yoast SEO Premium plugin. -->","yoast_head_json":{"title":"\u00c9v\u00e9nements au Tribunal du Travail - centrafricaine","description":"A\u0300 Bangui, justement au Tribunal du travail, des justiciables gagnent leurs proce\u0300s depuis des mois, mais ne peuvent ...","robots":{"index":"index","follow":"follow","max-snippet":"max-snippet:-1","max-image-preview":"max-image-preview:large","max-video-preview":"max-video-preview:-1"},"canonical":"https:\/\/www.africa-press.net\/centrafricaine\/politique\/evenements-au-tribunal-du-travail","og_locale":"fr_FR","og_type":"article","og_title":"\u00c9v\u00e9nements au Tribunal du Travail","og_description":"A\u0300 Bangui, justement au Tribunal du travail, des justiciables gagnent leurs proce\u0300s depuis des mois, mais ne peuvent ...","og_url":"https:\/\/www.africa-press.net\/centrafricaine\/politique\/evenements-au-tribunal-du-travail","og_site_name":"centrafricaine","article_published_time":"2026-04-27T12:49:26+00:00","article_modified_time":"2026-04-27T13:24:11+00:00","og_image":[{"width":720,"height":648,"url":"https:\/\/static.africa-press.net\/centrafricaine\/sites\/45\/2026\/04\/sm_1777283428.45487.jpg","type":"image\/jpeg"}],"author":"cfeditorfr","twitter_card":"summary_large_image","twitter_misc":{"\u00c9crit par":"cfeditorfr","Dur\u00e9e de lecture estim\u00e9e":"3 minutes"},"schema":{"@context":"https:\/\/schema.org","@graph":[{"@type":"Article","@id":"https:\/\/www.africa-press.net\/centrafricaine\/politique\/evenements-au-tribunal-du-travail#article","isPartOf":{"@id":"https:\/\/www.africa-press.net\/centrafricaine\/politique\/evenements-au-tribunal-du-travail"},"author":{"name":"cfeditorfr","@id":"https:\/\/www.africa-press.net\/centrafricaine\/#\/schema\/person\/2b1cf3cd81a31e3cd26889ca66d677f1"},"headline":"\u00c9v\u00e9nements au Tribunal du Travail","datePublished":"2026-04-27T12:49:26+00:00","dateModified":"2026-04-27T13:24:11+00:00","mainEntityOfPage":{"@id":"https:\/\/www.africa-press.net\/centrafricaine\/politique\/evenements-au-tribunal-du-travail"},"wordCount":425,"commentCount":0,"image":{"@id":"https:\/\/www.africa-press.net\/centrafricaine\/politique\/evenements-au-tribunal-du-travail#primaryimage"},"thumbnailUrl":"https:\/\/static.africa-press.net\/centrafricaine\/sites\/45\/2026\/04\/sm_1777283428.45487.jpg","keywords":["CentrAfricaine"],"articleSection":["Politique","Toutes les actualit\u00e9s"],"inLanguage":"fr-FR","potentialAction":[{"@type":"CommentAction","name":"Comment","target":["https:\/\/www.africa-press.net\/centrafricaine\/politique\/evenements-au-tribunal-du-travail#respond"]}]},{"@type":"WebPage","@id":"https:\/\/www.africa-press.net\/centrafricaine\/politique\/evenements-au-tribunal-du-travail","url":"https:\/\/www.africa-press.net\/centrafricaine\/politique\/evenements-au-tribunal-du-travail","name":"\u00c9v\u00e9nements au Tribunal du Travail - centrafricaine","isPartOf":{"@id":"https:\/\/www.africa-press.net\/centrafricaine\/#website"},"primaryImageOfPage":{"@id":"https:\/\/www.africa-press.net\/centrafricaine\/politique\/evenements-au-tribunal-du-travail#primaryimage"},"image":{"@id":"https:\/\/www.africa-press.net\/centrafricaine\/politique\/evenements-au-tribunal-du-travail#primaryimage"},"thumbnailUrl":"https:\/\/static.africa-press.net\/centrafricaine\/sites\/45\/2026\/04\/sm_1777283428.45487.jpg","datePublished":"2026-04-27T12:49:26+00:00","dateModified":"2026-04-27T13:24:11+00:00","author":{"@id":"https:\/\/www.africa-press.net\/centrafricaine\/#\/schema\/person\/2b1cf3cd81a31e3cd26889ca66d677f1"},"description":"A\u0300 Bangui, justement au Tribunal du travail, des justiciables gagnent leurs proce\u0300s depuis des mois, mais ne peuvent ...","breadcrumb":{"@id":"https:\/\/www.africa-press.net\/centrafricaine\/politique\/evenements-au-tribunal-du-travail#breadcrumb"},"inLanguage":"fr-FR","potentialAction":[{"@type":"ReadAction","target":["https:\/\/www.africa-press.net\/centrafricaine\/politique\/evenements-au-tribunal-du-travail"]}]},{"@type":"ImageObject","inLanguage":"fr-FR","@id":"https:\/\/www.africa-press.net\/centrafricaine\/politique\/evenements-au-tribunal-du-travail#primaryimage","url":"https:\/\/static.africa-press.net\/centrafricaine\/sites\/45\/2026\/04\/sm_1777283428.45487.jpg","contentUrl":"https:\/\/static.africa-press.net\/centrafricaine\/sites\/45\/2026\/04\/sm_1777283428.45487.jpg","width":720,"height":648,"caption":"\u00c9v\u00e9nements au Tribunal du Travail"},{"@type":"BreadcrumbList","@id":"https:\/\/www.africa-press.net\/centrafricaine\/politique\/evenements-au-tribunal-du-travail#breadcrumb","itemListElement":[{"@type":"ListItem","position":1,"name":"Accueil","item":"https:\/\/www.africa-press.net\/centrafricaine\/"},{"@type":"ListItem","position":2,"name":"\u00c9v\u00e9nements au Tribunal du Travail"}]},{"@type":"WebSite","@id":"https:\/\/www.africa-press.net\/centrafricaine\/#website","url":"https:\/\/www.africa-press.net\/centrafricaine\/","name":"centrafricaine","description":"Just another Africa News Agency Sites site","potentialAction":[{"@type":"SearchAction","target":{"@type":"EntryPoint","urlTemplate":"https:\/\/www.africa-press.net\/centrafricaine\/?s={search_term_string}"},"query-input":{"@type":"PropertyValueSpecification","valueRequired":true,"valueName":"search_term_string"}}],"inLanguage":"fr-FR"},{"@type":"Person","@id":"https:\/\/www.africa-press.net\/centrafricaine\/#\/schema\/person\/2b1cf3cd81a31e3cd26889ca66d677f1","name":"cfeditorfr"}]}},"_links":{"self":[{"href":"https:\/\/www.africa-press.net\/centrafricaine\/wp-json\/wp\/v2\/posts\/83542","targetHints":{"allow":["GET"]}}],"collection":[{"href":"https:\/\/www.africa-press.net\/centrafricaine\/wp-json\/wp\/v2\/posts"}],"about":[{"href":"https:\/\/www.africa-press.net\/centrafricaine\/wp-json\/wp\/v2\/types\/post"}],"author":[{"embeddable":true,"href":"https:\/\/www.africa-press.net\/centrafricaine\/wp-json\/wp\/v2\/users\/82"}],"replies":[{"embeddable":true,"href":"https:\/\/www.africa-press.net\/centrafricaine\/wp-json\/wp\/v2\/comments?post=83542"}],"version-history":[{"count":1,"href":"https:\/\/www.africa-press.net\/centrafricaine\/wp-json\/wp\/v2\/posts\/83542\/revisions"}],"predecessor-version":[{"id":83549,"href":"https:\/\/www.africa-press.net\/centrafricaine\/wp-json\/wp\/v2\/posts\/83542\/revisions\/83549"}],"wp:featuredmedia":[{"embeddable":true,"href":"https:\/\/www.africa-press.net\/centrafricaine\/wp-json\/wp\/v2\/media\/83541"}],"wp:attachment":[{"href":"https:\/\/www.africa-press.net\/centrafricaine\/wp-json\/wp\/v2\/media?parent=83542"}],"wp:term":[{"taxonomy":"category","embeddable":true,"href":"https:\/\/www.africa-press.net\/centrafricaine\/wp-json\/wp\/v2\/categories?post=83542"},{"taxonomy":"post_tag","embeddable":true,"href":"https:\/\/www.africa-press.net\/centrafricaine\/wp-json\/wp\/v2\/tags?post=83542"}],"curies":[{"name":"wp","href":"https:\/\/api.w.org\/{rel}","templated":true}]}}