{"id":83544,"date":"2026-04-27T12:50:02","date_gmt":"2026-04-27T12:50:02","guid":{"rendered":"https:\/\/www.africa-press.net\/centrafricaine\/politique\/desertion-de-450-soldats-dans-la-zone-de-defense-nord-est"},"modified":"2026-04-27T13:24:27","modified_gmt":"2026-04-27T13:24:27","slug":"desertion-de-450-soldats-dans-la-zone-de-defense-nord-est","status":"publish","type":"post","link":"https:\/\/www.africa-press.net\/centrafricaine\/politique\/desertion-de-450-soldats-dans-la-zone-de-defense-nord-est","title":{"rendered":"D\u00e9sertion de 450 Soldats dans la Zone de D\u00e9fense Nord-Est"},"content":{"rendered":"<p><span style=\"color: #ff6600\"><strong>Africa-Press &#8211; CentrAfricaine. <\/strong><\/span><b> <\/b><br \/>\nLes forces arme\u0301es centrafricaines connaissent depuis plus de 6 ans une crise de discipline majeure dans les diffe\u0301rentes re\u0301gions militaires du pays. Les effectifs fondent comme la neige dans plusieurs zones de de\u0301ploiement, particulie\u0300rement dans le nord-est et le sud-Est du pays ou\u0300 les conditions de service ont atteint des niveaux de de\u0301gradation inquie\u0301tants.<\/p>\n<p>La situation mate\u0301rielle des militaires en province s\u2019est de\u0301te\u0301riore\u0301e au point de provoquer des abandons massifs de postes. Selon une investigation mene\u0301e par la re\u0301daction du CNC, environ 600 soldats sur les 900 de\u0301ploye\u0301s dans la zone de de\u0301fense du nord-est ont quitte\u0301 leurs postes, laissant a\u0300 peine plus de 300 hommes pour couvrir un territoire immense incluant <b>Birao, Kaga-Bandoro et des dizaines de villages.<\/b><\/p>\n<p>Cette he\u0301morragie d\u2019effectifs trouve sa source dans l\u2019absence totale de prime globale d\u2019alimentation depuis plus de six ans. Les soldats de\u0301ploye\u0301s dans les villes de province ne rec\u0327oivent plus ce soutien pourtant indispensable a\u0300 leur subsistance. Le syste\u0300me de rotation re\u0301gulie\u0300re des troupes, avec des de\u0301ploiements d\u2019environ un an, cre\u0301e une illusion trompeuse: chaque nouvelle vague de soldats arrivant pense que le non paiement de la PGA ne concerne que eux, alors qu\u2019il s\u2019agit d\u2019une situation ge\u0301ne\u0301ralise\u0301e au niveau national et c\u0327a concerne tous les soldats de\u0301ploye\u0301s en province.<\/p>\n<p>Alors, pour survivre, l\u2019E\u0301tat-major des forces arme\u0301es <b>centrafricaines<\/b> distribue parfois des sommes de\u0301risoires de 2 000 a\u0300 5 000 francs CFA par mois. Ces montants ne permettent aucune survie digne dans des zones ou\u0300 l\u2019approvisionnement est difficile et cou\u0302teux. Les soldats se retrouvent dans une impasse financie\u0300re aggrave\u0301e par un syste\u0300me bancaire inexistant: <b>leurs soldes sont verse\u0301es directement sur des comptes bancaires situe\u0301s a\u0300 Bangui, inaccessibles depuis les villes de province de\u0301pourvues d\u2019agences ou de distributeurs automatiques.<\/b><\/p>\n<p>Cette situation pousse les militaires vers des pratiques de survie ille\u0301gales. Les barrages routiers se transforment en points de racket. Les checkpoints deviennent des lieux de pre\u0301le\u0300vements force\u0301s sur la population. Certains soldats, accule\u0301s, se livrent a\u0300 des menaces, des vols ou des braquages pour se nourrir et subvenir a\u0300 leurs besoins e\u0301le\u0301mentaires.<\/p>\n<p>Des comportements de de\u0301tresse apparaissent chez plusieurs militaires. Certains simulent des maladies pour obtenir une e\u0301vacuation vers la capitale. D\u2019autres vont jusqu\u2019a\u0300 s\u2019infliger volontairement des blessures aux jambes dans l\u2019espoir d\u2019e\u0302tre rapatrie\u0301s. Plusieurs soldats de\u0301veloppent de ve\u0301ritables pathologies psychiatriques sous l\u2019effet du stress et de la privation. Ces cas de troubles mentaux ne\u0301cessitent des retours en urgence a\u0300 Bangui, vidant encore davantage les rangs de\u0301ja\u0300 clairseme\u0301s.<\/p>\n<p>Le commandement militaire et le pouvoir politique semblent incapables de mesurer l\u2019ampleur de cette de\u0301composition. Le chef d\u2019e\u0301tat-major et la pre\u0301sidence continuent d\u2019afficher une communication triomphaliste sur les re\u0301seaux sociaux, proclamant re\u0301gulie\u0300rement que l\u2019arme\u0301e monte en puissance. Cette rhe\u0301torique, dicte\u0301e par Wagner, ne souffre aucune contestation. Le groupe russe impose ses e\u0301le\u0301ments de langage que le pre\u0301sident, le ministre de la De\u0301fense, le chef d\u2019e\u0301tat-major et leurs services de communication reproduisent inte\u0301gralement, sans modification. Toute de\u0301viation de cette ligne officielle expose a\u0300 des sanctions imme\u0301diates de la part des mercenaires russes.<\/p>\n<p>Avec environ 300 soldats pour se\u0301curiser l\u2019ensemble de la zone de de\u0301fense du nord-est, disperse\u0301s entre Ndele, Birao, Kaga-Bandoro et de nombreux villages, la capacite\u0301 de re\u0301sistance lors d\u2019une offensive coordonne\u0301e d\u2019un groupe arme\u0301 apparai\u0302t extre\u0302mement fragile. Le taux de de\u0301sertion de plus de 50% dans cette re\u0301gion militaire strate\u0301gique pose une question de se\u0301curite\u0301 nationale que les autorite\u0301s pre\u0301fe\u0300rent ignorer publiquement.<br \/>\n<b> <\/b><\/p>\n<p><b>Source: Corbeau News Centrafrique<\/b><\/p>\n<p><strong>Pour plus d&rsquo;informations et d&rsquo;analyses sur la <span style=\"color: #ff6600\">CentrAfricaine<\/span>, suivez <span style=\"color: #ff6600\">Africa-Press<\/span><\/strong><\/p>\n","protected":false},"excerpt":{"rendered":"<p>Africa-Press &#8211; CentrAfricaine. Les forces arme\u0301es centrafricaines connaissent depuis plus de 6 ans une crise de discipline majeure dans les diffe\u0301rentes re\u0301gions militaires du pays. Les effectifs fondent comme la neige dans plusieurs zones de de\u0301ploiement, particulie\u0300rement dans le nord-est et le sud-Est du pays ou\u0300 les conditions de service ont atteint des niveaux de [&hellip;]<\/p>\n","protected":false},"author":82,"featured_media":83543,"comment_status":"open","ping_status":"closed","sticky":false,"template":"","format":"standard","meta":{"footnotes":""},"categories":[2,10],"tags":[30],"class_list":["post-83544","post","type-post","status-publish","format-standard","has-post-thumbnail","hentry","category-politique","category-toutes-les-actualites","tag-centrafricaine"],"yoast_head":"<!-- This site is optimized with the Yoast SEO Premium plugin v26.1 (Yoast SEO v27.0) - https:\/\/yoast.com\/product\/yoast-seo-premium-wordpress\/ -->\n<title>D\u00e9sertion de 450 Soldats dans la Zone de D\u00e9fense Nord-Est - centrafricaine<\/title>\n<meta name=\"description\" content=\"Les forces arme\u0301es centrafricaines connaissent depuis plus de 6 ans une crise de discipline majeure dans les di ...\" \/>\n<meta name=\"robots\" content=\"index, follow, max-snippet:-1, max-image-preview:large, max-video-preview:-1\" \/>\n<link rel=\"canonical\" href=\"https:\/\/www.africa-press.net\/centrafricaine\/politique\/desertion-de-450-soldats-dans-la-zone-de-defense-nord-est\" \/>\n<meta property=\"og:locale\" content=\"fr_FR\" \/>\n<meta property=\"og:type\" content=\"article\" \/>\n<meta property=\"og:title\" content=\"D\u00e9sertion de 450 Soldats dans la Zone de D\u00e9fense Nord-Est\" \/>\n<meta property=\"og:description\" content=\"Les forces arme\u0301es centrafricaines connaissent depuis plus de 6 ans une crise de discipline majeure dans les di ...\" \/>\n<meta property=\"og:url\" content=\"https:\/\/www.africa-press.net\/centrafricaine\/politique\/desertion-de-450-soldats-dans-la-zone-de-defense-nord-est\" \/>\n<meta property=\"og:site_name\" content=\"centrafricaine\" \/>\n<meta property=\"article:published_time\" content=\"2026-04-27T12:50:02+00:00\" \/>\n<meta property=\"article:modified_time\" content=\"2026-04-27T13:24:27+00:00\" \/>\n<meta property=\"og:image\" content=\"https:\/\/static.africa-press.net\/centrafricaine\/sites\/45\/2026\/04\/sm_1777283449.819195.jpg\" \/>\n\t<meta property=\"og:image:width\" content=\"720\" \/>\n\t<meta property=\"og:image:height\" content=\"405\" \/>\n\t<meta property=\"og:image:type\" content=\"image\/jpeg\" \/>\n<meta name=\"author\" content=\"cfeditorfr\" \/>\n<meta name=\"twitter:card\" content=\"summary_large_image\" \/>\n<meta name=\"twitter:label1\" content=\"\u00c9crit par\" \/>\n\t<meta name=\"twitter:data1\" content=\"cfeditorfr\" \/>\n\t<meta name=\"twitter:label2\" content=\"Dur\u00e9e de lecture estim\u00e9e\" \/>\n\t<meta name=\"twitter:data2\" content=\"4 minutes\" \/>\n<script type=\"application\/ld+json\" class=\"yoast-schema-graph\">{\"@context\":\"https:\/\/schema.org\",\"@graph\":[{\"@type\":\"Article\",\"@id\":\"https:\/\/www.africa-press.net\/centrafricaine\/politique\/desertion-de-450-soldats-dans-la-zone-de-defense-nord-est#article\",\"isPartOf\":{\"@id\":\"https:\/\/www.africa-press.net\/centrafricaine\/politique\/desertion-de-450-soldats-dans-la-zone-de-defense-nord-est\"},\"author\":{\"name\":\"cfeditorfr\",\"@id\":\"https:\/\/www.africa-press.net\/centrafricaine\/#\/schema\/person\/2b1cf3cd81a31e3cd26889ca66d677f1\"},\"headline\":\"D\u00e9sertion de 450 Soldats dans la Zone de D\u00e9fense Nord-Est\",\"datePublished\":\"2026-04-27T12:50:02+00:00\",\"dateModified\":\"2026-04-27T13:24:27+00:00\",\"mainEntityOfPage\":{\"@id\":\"https:\/\/www.africa-press.net\/centrafricaine\/politique\/desertion-de-450-soldats-dans-la-zone-de-defense-nord-est\"},\"wordCount\":690,\"commentCount\":0,\"image\":{\"@id\":\"https:\/\/www.africa-press.net\/centrafricaine\/politique\/desertion-de-450-soldats-dans-la-zone-de-defense-nord-est#primaryimage\"},\"thumbnailUrl\":\"https:\/\/static.africa-press.net\/centrafricaine\/sites\/45\/2026\/04\/sm_1777283449.819195.jpg\",\"keywords\":[\"CentrAfricaine\"],\"articleSection\":[\"Politique\",\"Toutes les actualit\u00e9s\"],\"inLanguage\":\"fr-FR\",\"potentialAction\":[{\"@type\":\"CommentAction\",\"name\":\"Comment\",\"target\":[\"https:\/\/www.africa-press.net\/centrafricaine\/politique\/desertion-de-450-soldats-dans-la-zone-de-defense-nord-est#respond\"]}]},{\"@type\":\"WebPage\",\"@id\":\"https:\/\/www.africa-press.net\/centrafricaine\/politique\/desertion-de-450-soldats-dans-la-zone-de-defense-nord-est\",\"url\":\"https:\/\/www.africa-press.net\/centrafricaine\/politique\/desertion-de-450-soldats-dans-la-zone-de-defense-nord-est\",\"name\":\"D\u00e9sertion de 450 Soldats dans la Zone de D\u00e9fense Nord-Est - centrafricaine\",\"isPartOf\":{\"@id\":\"https:\/\/www.africa-press.net\/centrafricaine\/#website\"},\"primaryImageOfPage\":{\"@id\":\"https:\/\/www.africa-press.net\/centrafricaine\/politique\/desertion-de-450-soldats-dans-la-zone-de-defense-nord-est#primaryimage\"},\"image\":{\"@id\":\"https:\/\/www.africa-press.net\/centrafricaine\/politique\/desertion-de-450-soldats-dans-la-zone-de-defense-nord-est#primaryimage\"},\"thumbnailUrl\":\"https:\/\/static.africa-press.net\/centrafricaine\/sites\/45\/2026\/04\/sm_1777283449.819195.jpg\",\"datePublished\":\"2026-04-27T12:50:02+00:00\",\"dateModified\":\"2026-04-27T13:24:27+00:00\",\"author\":{\"@id\":\"https:\/\/www.africa-press.net\/centrafricaine\/#\/schema\/person\/2b1cf3cd81a31e3cd26889ca66d677f1\"},\"description\":\"Les forces arme\u0301es centrafricaines connaissent depuis plus de 6 ans une crise de discipline majeure dans les di ...\",\"breadcrumb\":{\"@id\":\"https:\/\/www.africa-press.net\/centrafricaine\/politique\/desertion-de-450-soldats-dans-la-zone-de-defense-nord-est#breadcrumb\"},\"inLanguage\":\"fr-FR\",\"potentialAction\":[{\"@type\":\"ReadAction\",\"target\":[\"https:\/\/www.africa-press.net\/centrafricaine\/politique\/desertion-de-450-soldats-dans-la-zone-de-defense-nord-est\"]}]},{\"@type\":\"ImageObject\",\"inLanguage\":\"fr-FR\",\"@id\":\"https:\/\/www.africa-press.net\/centrafricaine\/politique\/desertion-de-450-soldats-dans-la-zone-de-defense-nord-est#primaryimage\",\"url\":\"https:\/\/static.africa-press.net\/centrafricaine\/sites\/45\/2026\/04\/sm_1777283449.819195.jpg\",\"contentUrl\":\"https:\/\/static.africa-press.net\/centrafricaine\/sites\/45\/2026\/04\/sm_1777283449.819195.jpg\",\"width\":720,\"height\":405,\"caption\":\"D\u00e9sertion de 450 Soldats dans la Zone de D\u00e9fense Nord-Est\"},{\"@type\":\"BreadcrumbList\",\"@id\":\"https:\/\/www.africa-press.net\/centrafricaine\/politique\/desertion-de-450-soldats-dans-la-zone-de-defense-nord-est#breadcrumb\",\"itemListElement\":[{\"@type\":\"ListItem\",\"position\":1,\"name\":\"Accueil\",\"item\":\"https:\/\/www.africa-press.net\/centrafricaine\/\"},{\"@type\":\"ListItem\",\"position\":2,\"name\":\"D\u00e9sertion de 450 Soldats dans la Zone de D\u00e9fense Nord-Est\"}]},{\"@type\":\"WebSite\",\"@id\":\"https:\/\/www.africa-press.net\/centrafricaine\/#website\",\"url\":\"https:\/\/www.africa-press.net\/centrafricaine\/\",\"name\":\"centrafricaine\",\"description\":\"Just another Africa News Agency Sites site\",\"potentialAction\":[{\"@type\":\"SearchAction\",\"target\":{\"@type\":\"EntryPoint\",\"urlTemplate\":\"https:\/\/www.africa-press.net\/centrafricaine\/?s={search_term_string}\"},\"query-input\":{\"@type\":\"PropertyValueSpecification\",\"valueRequired\":true,\"valueName\":\"search_term_string\"}}],\"inLanguage\":\"fr-FR\"},{\"@type\":\"Person\",\"@id\":\"https:\/\/www.africa-press.net\/centrafricaine\/#\/schema\/person\/2b1cf3cd81a31e3cd26889ca66d677f1\",\"name\":\"cfeditorfr\"}]}<\/script>\n<!-- \/ Yoast SEO Premium plugin. -->","yoast_head_json":{"title":"D\u00e9sertion de 450 Soldats dans la Zone de D\u00e9fense Nord-Est - centrafricaine","description":"Les forces arme\u0301es centrafricaines connaissent depuis plus de 6 ans une crise de discipline majeure dans les di ...","robots":{"index":"index","follow":"follow","max-snippet":"max-snippet:-1","max-image-preview":"max-image-preview:large","max-video-preview":"max-video-preview:-1"},"canonical":"https:\/\/www.africa-press.net\/centrafricaine\/politique\/desertion-de-450-soldats-dans-la-zone-de-defense-nord-est","og_locale":"fr_FR","og_type":"article","og_title":"D\u00e9sertion de 450 Soldats dans la Zone de D\u00e9fense Nord-Est","og_description":"Les forces arme\u0301es centrafricaines connaissent depuis plus de 6 ans une crise de discipline majeure dans les di ...","og_url":"https:\/\/www.africa-press.net\/centrafricaine\/politique\/desertion-de-450-soldats-dans-la-zone-de-defense-nord-est","og_site_name":"centrafricaine","article_published_time":"2026-04-27T12:50:02+00:00","article_modified_time":"2026-04-27T13:24:27+00:00","og_image":[{"width":720,"height":405,"url":"https:\/\/static.africa-press.net\/centrafricaine\/sites\/45\/2026\/04\/sm_1777283449.819195.jpg","type":"image\/jpeg"}],"author":"cfeditorfr","twitter_card":"summary_large_image","twitter_misc":{"\u00c9crit par":"cfeditorfr","Dur\u00e9e de lecture estim\u00e9e":"4 minutes"},"schema":{"@context":"https:\/\/schema.org","@graph":[{"@type":"Article","@id":"https:\/\/www.africa-press.net\/centrafricaine\/politique\/desertion-de-450-soldats-dans-la-zone-de-defense-nord-est#article","isPartOf":{"@id":"https:\/\/www.africa-press.net\/centrafricaine\/politique\/desertion-de-450-soldats-dans-la-zone-de-defense-nord-est"},"author":{"name":"cfeditorfr","@id":"https:\/\/www.africa-press.net\/centrafricaine\/#\/schema\/person\/2b1cf3cd81a31e3cd26889ca66d677f1"},"headline":"D\u00e9sertion de 450 Soldats dans la Zone de D\u00e9fense Nord-Est","datePublished":"2026-04-27T12:50:02+00:00","dateModified":"2026-04-27T13:24:27+00:00","mainEntityOfPage":{"@id":"https:\/\/www.africa-press.net\/centrafricaine\/politique\/desertion-de-450-soldats-dans-la-zone-de-defense-nord-est"},"wordCount":690,"commentCount":0,"image":{"@id":"https:\/\/www.africa-press.net\/centrafricaine\/politique\/desertion-de-450-soldats-dans-la-zone-de-defense-nord-est#primaryimage"},"thumbnailUrl":"https:\/\/static.africa-press.net\/centrafricaine\/sites\/45\/2026\/04\/sm_1777283449.819195.jpg","keywords":["CentrAfricaine"],"articleSection":["Politique","Toutes les actualit\u00e9s"],"inLanguage":"fr-FR","potentialAction":[{"@type":"CommentAction","name":"Comment","target":["https:\/\/www.africa-press.net\/centrafricaine\/politique\/desertion-de-450-soldats-dans-la-zone-de-defense-nord-est#respond"]}]},{"@type":"WebPage","@id":"https:\/\/www.africa-press.net\/centrafricaine\/politique\/desertion-de-450-soldats-dans-la-zone-de-defense-nord-est","url":"https:\/\/www.africa-press.net\/centrafricaine\/politique\/desertion-de-450-soldats-dans-la-zone-de-defense-nord-est","name":"D\u00e9sertion de 450 Soldats dans la Zone de D\u00e9fense Nord-Est - centrafricaine","isPartOf":{"@id":"https:\/\/www.africa-press.net\/centrafricaine\/#website"},"primaryImageOfPage":{"@id":"https:\/\/www.africa-press.net\/centrafricaine\/politique\/desertion-de-450-soldats-dans-la-zone-de-defense-nord-est#primaryimage"},"image":{"@id":"https:\/\/www.africa-press.net\/centrafricaine\/politique\/desertion-de-450-soldats-dans-la-zone-de-defense-nord-est#primaryimage"},"thumbnailUrl":"https:\/\/static.africa-press.net\/centrafricaine\/sites\/45\/2026\/04\/sm_1777283449.819195.jpg","datePublished":"2026-04-27T12:50:02+00:00","dateModified":"2026-04-27T13:24:27+00:00","author":{"@id":"https:\/\/www.africa-press.net\/centrafricaine\/#\/schema\/person\/2b1cf3cd81a31e3cd26889ca66d677f1"},"description":"Les forces arme\u0301es centrafricaines connaissent depuis plus de 6 ans une crise de discipline majeure dans les di ...","breadcrumb":{"@id":"https:\/\/www.africa-press.net\/centrafricaine\/politique\/desertion-de-450-soldats-dans-la-zone-de-defense-nord-est#breadcrumb"},"inLanguage":"fr-FR","potentialAction":[{"@type":"ReadAction","target":["https:\/\/www.africa-press.net\/centrafricaine\/politique\/desertion-de-450-soldats-dans-la-zone-de-defense-nord-est"]}]},{"@type":"ImageObject","inLanguage":"fr-FR","@id":"https:\/\/www.africa-press.net\/centrafricaine\/politique\/desertion-de-450-soldats-dans-la-zone-de-defense-nord-est#primaryimage","url":"https:\/\/static.africa-press.net\/centrafricaine\/sites\/45\/2026\/04\/sm_1777283449.819195.jpg","contentUrl":"https:\/\/static.africa-press.net\/centrafricaine\/sites\/45\/2026\/04\/sm_1777283449.819195.jpg","width":720,"height":405,"caption":"D\u00e9sertion de 450 Soldats dans la Zone de D\u00e9fense Nord-Est"},{"@type":"BreadcrumbList","@id":"https:\/\/www.africa-press.net\/centrafricaine\/politique\/desertion-de-450-soldats-dans-la-zone-de-defense-nord-est#breadcrumb","itemListElement":[{"@type":"ListItem","position":1,"name":"Accueil","item":"https:\/\/www.africa-press.net\/centrafricaine\/"},{"@type":"ListItem","position":2,"name":"D\u00e9sertion de 450 Soldats dans la Zone de D\u00e9fense Nord-Est"}]},{"@type":"WebSite","@id":"https:\/\/www.africa-press.net\/centrafricaine\/#website","url":"https:\/\/www.africa-press.net\/centrafricaine\/","name":"centrafricaine","description":"Just another Africa News Agency Sites site","potentialAction":[{"@type":"SearchAction","target":{"@type":"EntryPoint","urlTemplate":"https:\/\/www.africa-press.net\/centrafricaine\/?s={search_term_string}"},"query-input":{"@type":"PropertyValueSpecification","valueRequired":true,"valueName":"search_term_string"}}],"inLanguage":"fr-FR"},{"@type":"Person","@id":"https:\/\/www.africa-press.net\/centrafricaine\/#\/schema\/person\/2b1cf3cd81a31e3cd26889ca66d677f1","name":"cfeditorfr"}]}},"_links":{"self":[{"href":"https:\/\/www.africa-press.net\/centrafricaine\/wp-json\/wp\/v2\/posts\/83544","targetHints":{"allow":["GET"]}}],"collection":[{"href":"https:\/\/www.africa-press.net\/centrafricaine\/wp-json\/wp\/v2\/posts"}],"about":[{"href":"https:\/\/www.africa-press.net\/centrafricaine\/wp-json\/wp\/v2\/types\/post"}],"author":[{"embeddable":true,"href":"https:\/\/www.africa-press.net\/centrafricaine\/wp-json\/wp\/v2\/users\/82"}],"replies":[{"embeddable":true,"href":"https:\/\/www.africa-press.net\/centrafricaine\/wp-json\/wp\/v2\/comments?post=83544"}],"version-history":[{"count":1,"href":"https:\/\/www.africa-press.net\/centrafricaine\/wp-json\/wp\/v2\/posts\/83544\/revisions"}],"predecessor-version":[{"id":83551,"href":"https:\/\/www.africa-press.net\/centrafricaine\/wp-json\/wp\/v2\/posts\/83544\/revisions\/83551"}],"wp:featuredmedia":[{"embeddable":true,"href":"https:\/\/www.africa-press.net\/centrafricaine\/wp-json\/wp\/v2\/media\/83543"}],"wp:attachment":[{"href":"https:\/\/www.africa-press.net\/centrafricaine\/wp-json\/wp\/v2\/media?parent=83544"}],"wp:term":[{"taxonomy":"category","embeddable":true,"href":"https:\/\/www.africa-press.net\/centrafricaine\/wp-json\/wp\/v2\/categories?post=83544"},{"taxonomy":"post_tag","embeddable":true,"href":"https:\/\/www.africa-press.net\/centrafricaine\/wp-json\/wp\/v2\/tags?post=83544"}],"curies":[{"name":"wp","href":"https:\/\/api.w.org\/{rel}","templated":true}]}}