{"id":83566,"date":"2026-04-28T13:24:50","date_gmt":"2026-04-28T13:24:50","guid":{"rendered":"https:\/\/www.africa-press.net\/centrafricaine\/politique\/haut-mbomou-celebration-de-la-victoire-des-mercenaires"},"modified":"2026-04-28T13:57:37","modified_gmt":"2026-04-28T13:57:37","slug":"haut-mbomou-celebration-de-la-victoire-des-mercenaires","status":"publish","type":"post","link":"https:\/\/www.africa-press.net\/centrafricaine\/politique\/haut-mbomou-celebration-de-la-victoire-des-mercenaires","title":{"rendered":"Haut-Mbomou C\u00e9l\u00e9bration de la Victoire des Mercenaires"},"content":{"rendered":"<p><span style=\"color: #ff6600\"><strong>Africa-Press &#8211; CentrAfricaine. <\/strong><\/span>Le colonel Le\u0301onard Mbe\u0301le\u0301 n\u2019a pas attendu la fin des combats pour s\u2019attribuer une victoire. Samedi dernier a\u0300 Obo, devant un parterre de chefs de quartiers et de villages, le pre\u0301fet du Haut-Mbomou a de\u0301clare\u0301 que les hommes d\u2019Africa Corps avaient termine\u0301 le travail autour de Ze\u0301mio: les groupes azande\u0301s e\u0301taient disperse\u0301s, la zone reprise.<\/p>\n<p>Apre\u0300s cette de\u0301claration, le pre\u0301fet a ajoute\u0301 que les ope\u0301rations allaient maintenant se tourner vers la ville d\u2019Obo pour en expulser les derniers combattants encore actifs.<\/p>\n<p>Le proble\u0300me, c\u2019est que cette de\u0301claration tombe trois jours a\u0300 peine apre\u0300s des affrontements d\u2019une intensite\u0301 rare entre les mercenaires russes et ces me\u0302mes miliciens azande\u0301s. Trois jours de combats, et le pre\u0301fet proclame de\u0301ja\u0300 la victoire totale, pour ne pas dire la propagande des russe.<\/p>\n<p><b>Le\u0301onard Mbe\u0301le\u0301<\/b> n\u2019en est pas reste\u0301 la\u0300. Il a nomme\u0301ment de\u0301signe\u0301 Ernest Mizodjo, de\u0301pute\u0301 sortant d\u2019Obo et candidat a\u0300 sa propre succession sous la bannie\u0300re de l\u2019URCA, comme responsable de la pre\u0301sence des groupes azande\u0301s aux portes de la ville d\u2019Obo. Accuser un adversaire e\u0301lectoral direct d\u2019entretenir des miliciens, sans la moindre preuve, en plus ceci en pleine pe\u0301riode de second tour: <b>c\u2019est utiliser la fonction pre\u0301fectorale comme arme politique.<\/b><\/p>\n<p>Ce que cette se\u0301quence re\u0301ve\u0300le surtout, c\u2019est l\u2019e\u0301tat de de\u0301pendance absolue dans lequel le re\u0301gime dictatorial de <b>Baba Kongoboro<\/b> s\u2019est enferme\u0301. Sans Africa Corps, Mbe\u0301le\u0301 n\u2019a rien a\u0300 annoncer. Sans les Russes, il n\u2019y a pas de victoire a\u0300 ce\u0301le\u0301brer, pas d\u2019autorite\u0301 a\u0300 incarner. Depuis pre\u0300s d\u2019une de\u0301cennie, cette tutelle militaire se paie avec l\u2019or et le diamant centrafricains, des revenus qui ne transitent pas par les ho\u0302pitaux ou les routes mais directement vers les circuits de Moscou. Les populations du Haut-Mbomou, elles, continuent de subir ce que ce syste\u0300me produit: des combats, des de\u0301placements, et des pre\u0301fets qui tiennent des discours de victoire pendant que les coups de feu ne sont pas encore e\u0301teints.<br \/>\n<b> <\/b><\/p>\n<p><b>Source: Corbeau News Centrafrique<\/b><\/p>\n<p><strong>Pour plus d&rsquo;informations et d&rsquo;analyses sur la <span style=\"color: #ff6600\">CentrAfricaine<\/span>, suivez <span style=\"color: #ff6600\">Africa-Press<\/span><\/strong><\/p>\n","protected":false},"excerpt":{"rendered":"<p>Africa-Press &#8211; CentrAfricaine. Le colonel Le\u0301onard Mbe\u0301le\u0301 n\u2019a pas attendu la fin des combats pour s\u2019attribuer une victoire. Samedi dernier a\u0300 Obo, devant un parterre de chefs de quartiers et de villages, le pre\u0301fet du Haut-Mbomou a de\u0301clare\u0301 que les hommes d\u2019Africa Corps avaient termine\u0301 le travail autour de Ze\u0301mio: les groupes azande\u0301s e\u0301taient disperse\u0301s, [&hellip;]<\/p>\n","protected":false},"author":82,"featured_media":83565,"comment_status":"open","ping_status":"closed","sticky":false,"template":"","format":"standard","meta":{"footnotes":""},"categories":[2,10],"tags":[30],"class_list":["post-83566","post","type-post","status-publish","format-standard","has-post-thumbnail","hentry","category-politique","category-toutes-les-actualites","tag-centrafricaine"],"yoast_head":"<!-- This site is optimized with the Yoast SEO Premium plugin v26.1 (Yoast SEO v27.0) - https:\/\/yoast.com\/product\/yoast-seo-premium-wordpress\/ -->\n<title>Haut-Mbomou C\u00e9l\u00e9bration de la Victoire des Mercenaires - centrafricaine<\/title>\n<meta name=\"description\" content=\"Le colonel Le\u0301onard Mbe\u0301le\u0301 n\u2019a pas attendu la fin des combats pour s\u2019attribuer une victoire. Samedi dernier a\u0300 Obo, dev ...\" \/>\n<meta name=\"robots\" content=\"index, follow, max-snippet:-1, max-image-preview:large, max-video-preview:-1\" \/>\n<link rel=\"canonical\" href=\"https:\/\/www.africa-press.net\/centrafricaine\/politique\/haut-mbomou-celebration-de-la-victoire-des-mercenaires\" \/>\n<meta property=\"og:locale\" content=\"fr_FR\" \/>\n<meta property=\"og:type\" content=\"article\" \/>\n<meta property=\"og:title\" content=\"Haut-Mbomou C\u00e9l\u00e9bration de la Victoire des Mercenaires\" \/>\n<meta property=\"og:description\" content=\"Le colonel Le\u0301onard Mbe\u0301le\u0301 n\u2019a pas attendu la fin des combats pour s\u2019attribuer une victoire. Samedi dernier a\u0300 Obo, dev ...\" \/>\n<meta property=\"og:url\" content=\"https:\/\/www.africa-press.net\/centrafricaine\/politique\/haut-mbomou-celebration-de-la-victoire-des-mercenaires\" \/>\n<meta property=\"og:site_name\" content=\"centrafricaine\" \/>\n<meta property=\"article:published_time\" content=\"2026-04-28T13:24:50+00:00\" \/>\n<meta property=\"article:modified_time\" content=\"2026-04-28T13:57:37+00:00\" \/>\n<meta property=\"og:image\" content=\"https:\/\/static.africa-press.net\/centrafricaine\/sites\/45\/2026\/04\/sm_1777372024.008629.jpg\" \/>\n\t<meta property=\"og:image:width\" content=\"720\" \/>\n\t<meta property=\"og:image:height\" content=\"774\" \/>\n\t<meta property=\"og:image:type\" content=\"image\/jpeg\" \/>\n<meta name=\"author\" content=\"cfeditorfr\" \/>\n<meta name=\"twitter:card\" content=\"summary_large_image\" \/>\n<meta name=\"twitter:label1\" content=\"\u00c9crit par\" \/>\n\t<meta name=\"twitter:data1\" content=\"cfeditorfr\" \/>\n\t<meta name=\"twitter:label2\" content=\"Dur\u00e9e de lecture estim\u00e9e\" \/>\n\t<meta name=\"twitter:data2\" content=\"2 minutes\" \/>\n<script type=\"application\/ld+json\" class=\"yoast-schema-graph\">{\"@context\":\"https:\/\/schema.org\",\"@graph\":[{\"@type\":\"Article\",\"@id\":\"https:\/\/www.africa-press.net\/centrafricaine\/politique\/haut-mbomou-celebration-de-la-victoire-des-mercenaires#article\",\"isPartOf\":{\"@id\":\"https:\/\/www.africa-press.net\/centrafricaine\/politique\/haut-mbomou-celebration-de-la-victoire-des-mercenaires\"},\"author\":{\"name\":\"cfeditorfr\",\"@id\":\"https:\/\/www.africa-press.net\/centrafricaine\/#\/schema\/person\/2b1cf3cd81a31e3cd26889ca66d677f1\"},\"headline\":\"Haut-Mbomou C\u00e9l\u00e9bration de la Victoire des Mercenaires\",\"datePublished\":\"2026-04-28T13:24:50+00:00\",\"dateModified\":\"2026-04-28T13:57:37+00:00\",\"mainEntityOfPage\":{\"@id\":\"https:\/\/www.africa-press.net\/centrafricaine\/politique\/haut-mbomou-celebration-de-la-victoire-des-mercenaires\"},\"wordCount\":406,\"commentCount\":0,\"image\":{\"@id\":\"https:\/\/www.africa-press.net\/centrafricaine\/politique\/haut-mbomou-celebration-de-la-victoire-des-mercenaires#primaryimage\"},\"thumbnailUrl\":\"https:\/\/static.africa-press.net\/centrafricaine\/sites\/45\/2026\/04\/sm_1777372024.008629.jpg\",\"keywords\":[\"CentrAfricaine\"],\"articleSection\":[\"Politique\",\"Toutes les actualit\u00e9s\"],\"inLanguage\":\"fr-FR\",\"potentialAction\":[{\"@type\":\"CommentAction\",\"name\":\"Comment\",\"target\":[\"https:\/\/www.africa-press.net\/centrafricaine\/politique\/haut-mbomou-celebration-de-la-victoire-des-mercenaires#respond\"]}]},{\"@type\":\"WebPage\",\"@id\":\"https:\/\/www.africa-press.net\/centrafricaine\/politique\/haut-mbomou-celebration-de-la-victoire-des-mercenaires\",\"url\":\"https:\/\/www.africa-press.net\/centrafricaine\/politique\/haut-mbomou-celebration-de-la-victoire-des-mercenaires\",\"name\":\"Haut-Mbomou C\u00e9l\u00e9bration de la Victoire des Mercenaires - centrafricaine\",\"isPartOf\":{\"@id\":\"https:\/\/www.africa-press.net\/centrafricaine\/#website\"},\"primaryImageOfPage\":{\"@id\":\"https:\/\/www.africa-press.net\/centrafricaine\/politique\/haut-mbomou-celebration-de-la-victoire-des-mercenaires#primaryimage\"},\"image\":{\"@id\":\"https:\/\/www.africa-press.net\/centrafricaine\/politique\/haut-mbomou-celebration-de-la-victoire-des-mercenaires#primaryimage\"},\"thumbnailUrl\":\"https:\/\/static.africa-press.net\/centrafricaine\/sites\/45\/2026\/04\/sm_1777372024.008629.jpg\",\"datePublished\":\"2026-04-28T13:24:50+00:00\",\"dateModified\":\"2026-04-28T13:57:37+00:00\",\"author\":{\"@id\":\"https:\/\/www.africa-press.net\/centrafricaine\/#\/schema\/person\/2b1cf3cd81a31e3cd26889ca66d677f1\"},\"description\":\"Le colonel Le\u0301onard Mbe\u0301le\u0301 n\u2019a pas attendu la fin des combats pour s\u2019attribuer une victoire. Samedi dernier a\u0300 Obo, dev ...\",\"breadcrumb\":{\"@id\":\"https:\/\/www.africa-press.net\/centrafricaine\/politique\/haut-mbomou-celebration-de-la-victoire-des-mercenaires#breadcrumb\"},\"inLanguage\":\"fr-FR\",\"potentialAction\":[{\"@type\":\"ReadAction\",\"target\":[\"https:\/\/www.africa-press.net\/centrafricaine\/politique\/haut-mbomou-celebration-de-la-victoire-des-mercenaires\"]}]},{\"@type\":\"ImageObject\",\"inLanguage\":\"fr-FR\",\"@id\":\"https:\/\/www.africa-press.net\/centrafricaine\/politique\/haut-mbomou-celebration-de-la-victoire-des-mercenaires#primaryimage\",\"url\":\"https:\/\/static.africa-press.net\/centrafricaine\/sites\/45\/2026\/04\/sm_1777372024.008629.jpg\",\"contentUrl\":\"https:\/\/static.africa-press.net\/centrafricaine\/sites\/45\/2026\/04\/sm_1777372024.008629.jpg\",\"width\":720,\"height\":774,\"caption\":\"Haut-Mbomou C\u00e9l\u00e9bration de la Victoire des Mercenaires\"},{\"@type\":\"BreadcrumbList\",\"@id\":\"https:\/\/www.africa-press.net\/centrafricaine\/politique\/haut-mbomou-celebration-de-la-victoire-des-mercenaires#breadcrumb\",\"itemListElement\":[{\"@type\":\"ListItem\",\"position\":1,\"name\":\"Accueil\",\"item\":\"https:\/\/www.africa-press.net\/centrafricaine\/\"},{\"@type\":\"ListItem\",\"position\":2,\"name\":\"Haut-Mbomou C\u00e9l\u00e9bration de la Victoire des Mercenaires\"}]},{\"@type\":\"WebSite\",\"@id\":\"https:\/\/www.africa-press.net\/centrafricaine\/#website\",\"url\":\"https:\/\/www.africa-press.net\/centrafricaine\/\",\"name\":\"centrafricaine\",\"description\":\"Just another Africa News Agency Sites site\",\"potentialAction\":[{\"@type\":\"SearchAction\",\"target\":{\"@type\":\"EntryPoint\",\"urlTemplate\":\"https:\/\/www.africa-press.net\/centrafricaine\/?s={search_term_string}\"},\"query-input\":{\"@type\":\"PropertyValueSpecification\",\"valueRequired\":true,\"valueName\":\"search_term_string\"}}],\"inLanguage\":\"fr-FR\"},{\"@type\":\"Person\",\"@id\":\"https:\/\/www.africa-press.net\/centrafricaine\/#\/schema\/person\/2b1cf3cd81a31e3cd26889ca66d677f1\",\"name\":\"cfeditorfr\"}]}<\/script>\n<!-- \/ Yoast SEO Premium plugin. -->","yoast_head_json":{"title":"Haut-Mbomou C\u00e9l\u00e9bration de la Victoire des Mercenaires - centrafricaine","description":"Le colonel Le\u0301onard Mbe\u0301le\u0301 n\u2019a pas attendu la fin des combats pour s\u2019attribuer une victoire. Samedi dernier a\u0300 Obo, dev ...","robots":{"index":"index","follow":"follow","max-snippet":"max-snippet:-1","max-image-preview":"max-image-preview:large","max-video-preview":"max-video-preview:-1"},"canonical":"https:\/\/www.africa-press.net\/centrafricaine\/politique\/haut-mbomou-celebration-de-la-victoire-des-mercenaires","og_locale":"fr_FR","og_type":"article","og_title":"Haut-Mbomou C\u00e9l\u00e9bration de la Victoire des Mercenaires","og_description":"Le colonel Le\u0301onard Mbe\u0301le\u0301 n\u2019a pas attendu la fin des combats pour s\u2019attribuer une victoire. Samedi dernier a\u0300 Obo, dev ...","og_url":"https:\/\/www.africa-press.net\/centrafricaine\/politique\/haut-mbomou-celebration-de-la-victoire-des-mercenaires","og_site_name":"centrafricaine","article_published_time":"2026-04-28T13:24:50+00:00","article_modified_time":"2026-04-28T13:57:37+00:00","og_image":[{"width":720,"height":774,"url":"https:\/\/static.africa-press.net\/centrafricaine\/sites\/45\/2026\/04\/sm_1777372024.008629.jpg","type":"image\/jpeg"}],"author":"cfeditorfr","twitter_card":"summary_large_image","twitter_misc":{"\u00c9crit par":"cfeditorfr","Dur\u00e9e de lecture estim\u00e9e":"2 minutes"},"schema":{"@context":"https:\/\/schema.org","@graph":[{"@type":"Article","@id":"https:\/\/www.africa-press.net\/centrafricaine\/politique\/haut-mbomou-celebration-de-la-victoire-des-mercenaires#article","isPartOf":{"@id":"https:\/\/www.africa-press.net\/centrafricaine\/politique\/haut-mbomou-celebration-de-la-victoire-des-mercenaires"},"author":{"name":"cfeditorfr","@id":"https:\/\/www.africa-press.net\/centrafricaine\/#\/schema\/person\/2b1cf3cd81a31e3cd26889ca66d677f1"},"headline":"Haut-Mbomou C\u00e9l\u00e9bration de la Victoire des Mercenaires","datePublished":"2026-04-28T13:24:50+00:00","dateModified":"2026-04-28T13:57:37+00:00","mainEntityOfPage":{"@id":"https:\/\/www.africa-press.net\/centrafricaine\/politique\/haut-mbomou-celebration-de-la-victoire-des-mercenaires"},"wordCount":406,"commentCount":0,"image":{"@id":"https:\/\/www.africa-press.net\/centrafricaine\/politique\/haut-mbomou-celebration-de-la-victoire-des-mercenaires#primaryimage"},"thumbnailUrl":"https:\/\/static.africa-press.net\/centrafricaine\/sites\/45\/2026\/04\/sm_1777372024.008629.jpg","keywords":["CentrAfricaine"],"articleSection":["Politique","Toutes les actualit\u00e9s"],"inLanguage":"fr-FR","potentialAction":[{"@type":"CommentAction","name":"Comment","target":["https:\/\/www.africa-press.net\/centrafricaine\/politique\/haut-mbomou-celebration-de-la-victoire-des-mercenaires#respond"]}]},{"@type":"WebPage","@id":"https:\/\/www.africa-press.net\/centrafricaine\/politique\/haut-mbomou-celebration-de-la-victoire-des-mercenaires","url":"https:\/\/www.africa-press.net\/centrafricaine\/politique\/haut-mbomou-celebration-de-la-victoire-des-mercenaires","name":"Haut-Mbomou C\u00e9l\u00e9bration de la Victoire des Mercenaires - centrafricaine","isPartOf":{"@id":"https:\/\/www.africa-press.net\/centrafricaine\/#website"},"primaryImageOfPage":{"@id":"https:\/\/www.africa-press.net\/centrafricaine\/politique\/haut-mbomou-celebration-de-la-victoire-des-mercenaires#primaryimage"},"image":{"@id":"https:\/\/www.africa-press.net\/centrafricaine\/politique\/haut-mbomou-celebration-de-la-victoire-des-mercenaires#primaryimage"},"thumbnailUrl":"https:\/\/static.africa-press.net\/centrafricaine\/sites\/45\/2026\/04\/sm_1777372024.008629.jpg","datePublished":"2026-04-28T13:24:50+00:00","dateModified":"2026-04-28T13:57:37+00:00","author":{"@id":"https:\/\/www.africa-press.net\/centrafricaine\/#\/schema\/person\/2b1cf3cd81a31e3cd26889ca66d677f1"},"description":"Le colonel Le\u0301onard Mbe\u0301le\u0301 n\u2019a pas attendu la fin des combats pour s\u2019attribuer une victoire. Samedi dernier a\u0300 Obo, dev ...","breadcrumb":{"@id":"https:\/\/www.africa-press.net\/centrafricaine\/politique\/haut-mbomou-celebration-de-la-victoire-des-mercenaires#breadcrumb"},"inLanguage":"fr-FR","potentialAction":[{"@type":"ReadAction","target":["https:\/\/www.africa-press.net\/centrafricaine\/politique\/haut-mbomou-celebration-de-la-victoire-des-mercenaires"]}]},{"@type":"ImageObject","inLanguage":"fr-FR","@id":"https:\/\/www.africa-press.net\/centrafricaine\/politique\/haut-mbomou-celebration-de-la-victoire-des-mercenaires#primaryimage","url":"https:\/\/static.africa-press.net\/centrafricaine\/sites\/45\/2026\/04\/sm_1777372024.008629.jpg","contentUrl":"https:\/\/static.africa-press.net\/centrafricaine\/sites\/45\/2026\/04\/sm_1777372024.008629.jpg","width":720,"height":774,"caption":"Haut-Mbomou C\u00e9l\u00e9bration de la Victoire des Mercenaires"},{"@type":"BreadcrumbList","@id":"https:\/\/www.africa-press.net\/centrafricaine\/politique\/haut-mbomou-celebration-de-la-victoire-des-mercenaires#breadcrumb","itemListElement":[{"@type":"ListItem","position":1,"name":"Accueil","item":"https:\/\/www.africa-press.net\/centrafricaine\/"},{"@type":"ListItem","position":2,"name":"Haut-Mbomou C\u00e9l\u00e9bration de la Victoire des Mercenaires"}]},{"@type":"WebSite","@id":"https:\/\/www.africa-press.net\/centrafricaine\/#website","url":"https:\/\/www.africa-press.net\/centrafricaine\/","name":"centrafricaine","description":"Just another Africa News Agency Sites site","potentialAction":[{"@type":"SearchAction","target":{"@type":"EntryPoint","urlTemplate":"https:\/\/www.africa-press.net\/centrafricaine\/?s={search_term_string}"},"query-input":{"@type":"PropertyValueSpecification","valueRequired":true,"valueName":"search_term_string"}}],"inLanguage":"fr-FR"},{"@type":"Person","@id":"https:\/\/www.africa-press.net\/centrafricaine\/#\/schema\/person\/2b1cf3cd81a31e3cd26889ca66d677f1","name":"cfeditorfr"}]}},"_links":{"self":[{"href":"https:\/\/www.africa-press.net\/centrafricaine\/wp-json\/wp\/v2\/posts\/83566","targetHints":{"allow":["GET"]}}],"collection":[{"href":"https:\/\/www.africa-press.net\/centrafricaine\/wp-json\/wp\/v2\/posts"}],"about":[{"href":"https:\/\/www.africa-press.net\/centrafricaine\/wp-json\/wp\/v2\/types\/post"}],"author":[{"embeddable":true,"href":"https:\/\/www.africa-press.net\/centrafricaine\/wp-json\/wp\/v2\/users\/82"}],"replies":[{"embeddable":true,"href":"https:\/\/www.africa-press.net\/centrafricaine\/wp-json\/wp\/v2\/comments?post=83566"}],"version-history":[{"count":1,"href":"https:\/\/www.africa-press.net\/centrafricaine\/wp-json\/wp\/v2\/posts\/83566\/revisions"}],"predecessor-version":[{"id":83572,"href":"https:\/\/www.africa-press.net\/centrafricaine\/wp-json\/wp\/v2\/posts\/83566\/revisions\/83572"}],"wp:featuredmedia":[{"embeddable":true,"href":"https:\/\/www.africa-press.net\/centrafricaine\/wp-json\/wp\/v2\/media\/83565"}],"wp:attachment":[{"href":"https:\/\/www.africa-press.net\/centrafricaine\/wp-json\/wp\/v2\/media?parent=83566"}],"wp:term":[{"taxonomy":"category","embeddable":true,"href":"https:\/\/www.africa-press.net\/centrafricaine\/wp-json\/wp\/v2\/categories?post=83566"},{"taxonomy":"post_tag","embeddable":true,"href":"https:\/\/www.africa-press.net\/centrafricaine\/wp-json\/wp\/v2\/tags?post=83566"}],"curies":[{"name":"wp","href":"https:\/\/api.w.org\/{rel}","templated":true}]}}