{"id":83574,"date":"2026-04-28T13:26:30","date_gmt":"2026-04-28T13:26:30","guid":{"rendered":"https:\/\/www.africa-press.net\/centrafricaine\/politique\/nomination-dinspecteurs-academiques-par-zingas"},"modified":"2026-04-28T13:58:17","modified_gmt":"2026-04-28T13:58:17","slug":"nomination-dinspecteurs-academiques-par-zingas","status":"publish","type":"post","link":"https:\/\/www.africa-press.net\/centrafricaine\/culture-et-art\/nomination-dinspecteurs-academiques-par-zingas","title":{"rendered":"Nomination d&rsquo;inspecteurs acad\u00e9miques par Zingas"},"content":{"rendered":"<p><span style=\"color: #ff6600\"><strong>Africa-Press &#8211; CentrAfricaine. <\/strong><\/span><b> <\/b><br \/>\n<b>Quand on pense que les Centrafricains ont de\u0301ja\u0300 tout vu avec ce ministre, voila\u0300 qu\u2019il nous prouve qu\u2019on n\u2019a encore rien vu. Aure\u0301lien Simplice Zingas, ministre d\u2019E\u0301tat charge\u0301 de l\u2019E\u0301ducation nationale, ne recule devant rien. Le ne\u0301potisme, les de\u0301tournements, les nominations douteuses \u2014 c\u2019est sa spe\u0301cialite\u0301. Et comme si cela ne suffisait pas, alors que l\u2019affaire des diplo\u0302mes distribue\u0301s par arre\u0302te\u0301 ministe\u0301riel, en dehors de toute le\u0301galite\u0301, est encore frai\u0302che dans les me\u0301moires, le voila\u0300 qui remet c\u0327a.<\/b><\/p>\n<p>Cette fois, c\u2019est une nouvelle provocation: Zingas a nomme\u0301 dix inspecteurs acade\u0301miques. Des inspecteurs pas comme les autres. Des proches, des parents, des oblige\u0301s. Mais ce qui choque le plus, c\u2019est que ces nouveaux inspecteurs ne sont me\u0302me pas diplo\u0302me\u0301s. Ils sont encore sur les bancs de l\u2019universite\u0301, en train de suivre leur formation en administration scolaire. Oui, vous avez bien lu: des e\u0301tudiants, encore en cours d\u2019e\u0301tudes, se retrouvent propulse\u0301s a\u0300 des postes de responsabilite\u0301, simplement parce qu\u2019ils ont la chance \u2014 ou la malchance \u2014 d\u2019e\u0302tre dans le cercle rapproche\u0301 du ministre.<\/p>\n<p>Pendant ce temps, des dizaines d\u2019autres, ceux qui ont termine\u0301 leurs e\u0301tudes, soutenu leur me\u0301moire et rempli toutes les conditions, attendent toujours leur nomination. Ils sont la\u0300, a\u0300 chercher du travail, a\u0300 espe\u0301rer une opportunite\u0301, tandis que des e\u0301tudiants encore en formation se voient offrir des postes sur un plateau. On se demande: ou\u0300 est la justice? Ou\u0300 est la logique?<\/p>\n<p>Avec Zingas, on a l\u2019impression que rien n\u2019a de sens. Depuis vingt ans, il agit de la me\u0302me manie\u0300re, comme si les re\u0300gles ne s\u2019appliquaient pas a\u0300 lui. Comme si l\u2019E\u0301ducation nationale e\u0301tait sa proprie\u0301te\u0301 prive\u0301e, un terrain de jeu ou\u0300 il peut faire ce qu\u2019il veut, quand il veut. Mais jusqu\u2019ou\u0300 peut-on laisser un seul homme bafouer ainsi les principes les plus e\u0301le\u0301mentaires de l\u2019e\u0301quite\u0301 et du me\u0301rite?<\/p>\n<p>Les Centrafricains en ont assez. Assez des passe-droits, assez des injustices, assez de voir leurs efforts ignore\u0301s au profit de ceux qui ont simplement la bonne connexion. Il est temps que cela change. Il est temps que Zingas comprenne qu\u2019un ministe\u0300re, surtout celui de l\u2019E\u0301ducation, ne se ge\u0300re pas comme une affaire de famille. Il est temps que la Centrafrique se re\u0301veille et exige le respect qu\u2019elle me\u0301rite.<br \/>\n<b> <\/b><\/p>\n<p><strong>Pour plus d&rsquo;informations et d&rsquo;analyses sur la <span style=\"color: #ff6600\">CentrAfricaine<\/span>, suivez <span style=\"color: #ff6600\">Africa-Press<\/span><\/strong><\/p>\n","protected":false},"excerpt":{"rendered":"<p>Africa-Press &#8211; CentrAfricaine. Quand on pense que les Centrafricains ont de\u0301ja\u0300 tout vu avec ce ministre, voila\u0300 qu\u2019il nous prouve qu\u2019on n\u2019a encore rien vu. Aure\u0301lien Simplice Zingas, ministre d\u2019E\u0301tat charge\u0301 de l\u2019E\u0301ducation nationale, ne recule devant rien. Le ne\u0301potisme, les de\u0301tournements, les nominations douteuses \u2014 c\u2019est sa spe\u0301cialite\u0301. Et comme si cela ne suffisait [&hellip;]<\/p>\n","protected":false},"author":82,"featured_media":83573,"comment_status":"open","ping_status":"closed","sticky":false,"template":"","format":"standard","meta":{"footnotes":""},"categories":[5,10],"tags":[30],"class_list":["post-83574","post","type-post","status-publish","format-standard","has-post-thumbnail","hentry","category-culture-et-art","category-toutes-les-actualites","tag-centrafricaine"],"yoast_head":"<!-- This site is optimized with the Yoast SEO Premium plugin v26.1 (Yoast SEO v27.0) - https:\/\/yoast.com\/product\/yoast-seo-premium-wordpress\/ -->\n<title>Nomination d&#039;inspecteurs acad\u00e9miques par Zingas - centrafricaine<\/title>\n<meta name=\"description\" content=\"Quand on pense que les Centrafricains ont de\u0301ja\u0300 tout vu avec ce ministre, voila\u0300 qu\u2019il nous prouve qu\u2019on n\u2019 ...\" \/>\n<meta name=\"robots\" content=\"index, follow, max-snippet:-1, max-image-preview:large, max-video-preview:-1\" \/>\n<link rel=\"canonical\" href=\"https:\/\/www.africa-press.net\/centrafricaine\/culture-et-art\/nomination-dinspecteurs-academiques-par-zingas\" \/>\n<meta property=\"og:locale\" content=\"fr_FR\" \/>\n<meta property=\"og:type\" content=\"article\" \/>\n<meta property=\"og:title\" content=\"Nomination d&#039;inspecteurs acad\u00e9miques par Zingas\" \/>\n<meta property=\"og:description\" content=\"Quand on pense que les Centrafricains ont de\u0301ja\u0300 tout vu avec ce ministre, voila\u0300 qu\u2019il nous prouve qu\u2019on n\u2019 ...\" \/>\n<meta property=\"og:url\" content=\"https:\/\/www.africa-press.net\/centrafricaine\/culture-et-art\/nomination-dinspecteurs-academiques-par-zingas\" \/>\n<meta property=\"og:site_name\" content=\"centrafricaine\" \/>\n<meta property=\"article:published_time\" content=\"2026-04-28T13:26:30+00:00\" \/>\n<meta property=\"article:modified_time\" content=\"2026-04-28T13:58:17+00:00\" \/>\n<meta property=\"og:image\" content=\"https:\/\/static.africa-press.net\/centrafricaine\/sites\/45\/2026\/04\/sm_1777372059.646419.jpg\" \/>\n\t<meta property=\"og:image:width\" content=\"720\" \/>\n\t<meta property=\"og:image:height\" content=\"638\" \/>\n\t<meta property=\"og:image:type\" content=\"image\/jpeg\" \/>\n<meta name=\"author\" content=\"cfeditorfr\" \/>\n<meta name=\"twitter:card\" content=\"summary_large_image\" \/>\n<meta name=\"twitter:label1\" content=\"\u00c9crit par\" \/>\n\t<meta name=\"twitter:data1\" content=\"cfeditorfr\" \/>\n\t<meta name=\"twitter:label2\" content=\"Dur\u00e9e de lecture estim\u00e9e\" \/>\n\t<meta name=\"twitter:data2\" content=\"3 minutes\" \/>\n<script type=\"application\/ld+json\" class=\"yoast-schema-graph\">{\"@context\":\"https:\/\/schema.org\",\"@graph\":[{\"@type\":\"Article\",\"@id\":\"https:\/\/www.africa-press.net\/centrafricaine\/culture-et-art\/nomination-dinspecteurs-academiques-par-zingas#article\",\"isPartOf\":{\"@id\":\"https:\/\/www.africa-press.net\/centrafricaine\/culture-et-art\/nomination-dinspecteurs-academiques-par-zingas\"},\"author\":{\"name\":\"cfeditorfr\",\"@id\":\"https:\/\/www.africa-press.net\/centrafricaine\/#\/schema\/person\/2b1cf3cd81a31e3cd26889ca66d677f1\"},\"headline\":\"Nomination d&rsquo;inspecteurs acad\u00e9miques par Zingas\",\"datePublished\":\"2026-04-28T13:26:30+00:00\",\"dateModified\":\"2026-04-28T13:58:17+00:00\",\"mainEntityOfPage\":{\"@id\":\"https:\/\/www.africa-press.net\/centrafricaine\/culture-et-art\/nomination-dinspecteurs-academiques-par-zingas\"},\"wordCount\":458,\"commentCount\":0,\"image\":{\"@id\":\"https:\/\/www.africa-press.net\/centrafricaine\/culture-et-art\/nomination-dinspecteurs-academiques-par-zingas#primaryimage\"},\"thumbnailUrl\":\"https:\/\/static.africa-press.net\/centrafricaine\/sites\/45\/2026\/04\/sm_1777372059.646419.jpg\",\"keywords\":[\"CentrAfricaine\"],\"articleSection\":[\"Culture et Art\",\"Toutes les actualit\u00e9s\"],\"inLanguage\":\"fr-FR\",\"potentialAction\":[{\"@type\":\"CommentAction\",\"name\":\"Comment\",\"target\":[\"https:\/\/www.africa-press.net\/centrafricaine\/culture-et-art\/nomination-dinspecteurs-academiques-par-zingas#respond\"]}]},{\"@type\":\"WebPage\",\"@id\":\"https:\/\/www.africa-press.net\/centrafricaine\/culture-et-art\/nomination-dinspecteurs-academiques-par-zingas\",\"url\":\"https:\/\/www.africa-press.net\/centrafricaine\/culture-et-art\/nomination-dinspecteurs-academiques-par-zingas\",\"name\":\"Nomination d'inspecteurs acad\u00e9miques par Zingas - centrafricaine\",\"isPartOf\":{\"@id\":\"https:\/\/www.africa-press.net\/centrafricaine\/#website\"},\"primaryImageOfPage\":{\"@id\":\"https:\/\/www.africa-press.net\/centrafricaine\/culture-et-art\/nomination-dinspecteurs-academiques-par-zingas#primaryimage\"},\"image\":{\"@id\":\"https:\/\/www.africa-press.net\/centrafricaine\/culture-et-art\/nomination-dinspecteurs-academiques-par-zingas#primaryimage\"},\"thumbnailUrl\":\"https:\/\/static.africa-press.net\/centrafricaine\/sites\/45\/2026\/04\/sm_1777372059.646419.jpg\",\"datePublished\":\"2026-04-28T13:26:30+00:00\",\"dateModified\":\"2026-04-28T13:58:17+00:00\",\"author\":{\"@id\":\"https:\/\/www.africa-press.net\/centrafricaine\/#\/schema\/person\/2b1cf3cd81a31e3cd26889ca66d677f1\"},\"description\":\"Quand on pense que les Centrafricains ont de\u0301ja\u0300 tout vu avec ce ministre, voila\u0300 qu\u2019il nous prouve qu\u2019on n\u2019 ...\",\"breadcrumb\":{\"@id\":\"https:\/\/www.africa-press.net\/centrafricaine\/culture-et-art\/nomination-dinspecteurs-academiques-par-zingas#breadcrumb\"},\"inLanguage\":\"fr-FR\",\"potentialAction\":[{\"@type\":\"ReadAction\",\"target\":[\"https:\/\/www.africa-press.net\/centrafricaine\/culture-et-art\/nomination-dinspecteurs-academiques-par-zingas\"]}]},{\"@type\":\"ImageObject\",\"inLanguage\":\"fr-FR\",\"@id\":\"https:\/\/www.africa-press.net\/centrafricaine\/culture-et-art\/nomination-dinspecteurs-academiques-par-zingas#primaryimage\",\"url\":\"https:\/\/static.africa-press.net\/centrafricaine\/sites\/45\/2026\/04\/sm_1777372059.646419.jpg\",\"contentUrl\":\"https:\/\/static.africa-press.net\/centrafricaine\/sites\/45\/2026\/04\/sm_1777372059.646419.jpg\",\"width\":720,\"height\":638,\"caption\":\"Nomination d'inspecteurs acad\u00e9miques par Zingas\"},{\"@type\":\"BreadcrumbList\",\"@id\":\"https:\/\/www.africa-press.net\/centrafricaine\/culture-et-art\/nomination-dinspecteurs-academiques-par-zingas#breadcrumb\",\"itemListElement\":[{\"@type\":\"ListItem\",\"position\":1,\"name\":\"Accueil\",\"item\":\"https:\/\/www.africa-press.net\/centrafricaine\/\"},{\"@type\":\"ListItem\",\"position\":2,\"name\":\"Nomination d&#8217;inspecteurs acad\u00e9miques par Zingas\"}]},{\"@type\":\"WebSite\",\"@id\":\"https:\/\/www.africa-press.net\/centrafricaine\/#website\",\"url\":\"https:\/\/www.africa-press.net\/centrafricaine\/\",\"name\":\"centrafricaine\",\"description\":\"Just another Africa News Agency Sites site\",\"potentialAction\":[{\"@type\":\"SearchAction\",\"target\":{\"@type\":\"EntryPoint\",\"urlTemplate\":\"https:\/\/www.africa-press.net\/centrafricaine\/?s={search_term_string}\"},\"query-input\":{\"@type\":\"PropertyValueSpecification\",\"valueRequired\":true,\"valueName\":\"search_term_string\"}}],\"inLanguage\":\"fr-FR\"},{\"@type\":\"Person\",\"@id\":\"https:\/\/www.africa-press.net\/centrafricaine\/#\/schema\/person\/2b1cf3cd81a31e3cd26889ca66d677f1\",\"name\":\"cfeditorfr\"}]}<\/script>\n<!-- \/ Yoast SEO Premium plugin. -->","yoast_head_json":{"title":"Nomination d'inspecteurs acad\u00e9miques par Zingas - centrafricaine","description":"Quand on pense que les Centrafricains ont de\u0301ja\u0300 tout vu avec ce ministre, voila\u0300 qu\u2019il nous prouve qu\u2019on n\u2019 ...","robots":{"index":"index","follow":"follow","max-snippet":"max-snippet:-1","max-image-preview":"max-image-preview:large","max-video-preview":"max-video-preview:-1"},"canonical":"https:\/\/www.africa-press.net\/centrafricaine\/culture-et-art\/nomination-dinspecteurs-academiques-par-zingas","og_locale":"fr_FR","og_type":"article","og_title":"Nomination d'inspecteurs acad\u00e9miques par Zingas","og_description":"Quand on pense que les Centrafricains ont de\u0301ja\u0300 tout vu avec ce ministre, voila\u0300 qu\u2019il nous prouve qu\u2019on n\u2019 ...","og_url":"https:\/\/www.africa-press.net\/centrafricaine\/culture-et-art\/nomination-dinspecteurs-academiques-par-zingas","og_site_name":"centrafricaine","article_published_time":"2026-04-28T13:26:30+00:00","article_modified_time":"2026-04-28T13:58:17+00:00","og_image":[{"width":720,"height":638,"url":"https:\/\/static.africa-press.net\/centrafricaine\/sites\/45\/2026\/04\/sm_1777372059.646419.jpg","type":"image\/jpeg"}],"author":"cfeditorfr","twitter_card":"summary_large_image","twitter_misc":{"\u00c9crit par":"cfeditorfr","Dur\u00e9e de lecture estim\u00e9e":"3 minutes"},"schema":{"@context":"https:\/\/schema.org","@graph":[{"@type":"Article","@id":"https:\/\/www.africa-press.net\/centrafricaine\/culture-et-art\/nomination-dinspecteurs-academiques-par-zingas#article","isPartOf":{"@id":"https:\/\/www.africa-press.net\/centrafricaine\/culture-et-art\/nomination-dinspecteurs-academiques-par-zingas"},"author":{"name":"cfeditorfr","@id":"https:\/\/www.africa-press.net\/centrafricaine\/#\/schema\/person\/2b1cf3cd81a31e3cd26889ca66d677f1"},"headline":"Nomination d&rsquo;inspecteurs acad\u00e9miques par Zingas","datePublished":"2026-04-28T13:26:30+00:00","dateModified":"2026-04-28T13:58:17+00:00","mainEntityOfPage":{"@id":"https:\/\/www.africa-press.net\/centrafricaine\/culture-et-art\/nomination-dinspecteurs-academiques-par-zingas"},"wordCount":458,"commentCount":0,"image":{"@id":"https:\/\/www.africa-press.net\/centrafricaine\/culture-et-art\/nomination-dinspecteurs-academiques-par-zingas#primaryimage"},"thumbnailUrl":"https:\/\/static.africa-press.net\/centrafricaine\/sites\/45\/2026\/04\/sm_1777372059.646419.jpg","keywords":["CentrAfricaine"],"articleSection":["Culture et Art","Toutes les actualit\u00e9s"],"inLanguage":"fr-FR","potentialAction":[{"@type":"CommentAction","name":"Comment","target":["https:\/\/www.africa-press.net\/centrafricaine\/culture-et-art\/nomination-dinspecteurs-academiques-par-zingas#respond"]}]},{"@type":"WebPage","@id":"https:\/\/www.africa-press.net\/centrafricaine\/culture-et-art\/nomination-dinspecteurs-academiques-par-zingas","url":"https:\/\/www.africa-press.net\/centrafricaine\/culture-et-art\/nomination-dinspecteurs-academiques-par-zingas","name":"Nomination d'inspecteurs acad\u00e9miques par Zingas - centrafricaine","isPartOf":{"@id":"https:\/\/www.africa-press.net\/centrafricaine\/#website"},"primaryImageOfPage":{"@id":"https:\/\/www.africa-press.net\/centrafricaine\/culture-et-art\/nomination-dinspecteurs-academiques-par-zingas#primaryimage"},"image":{"@id":"https:\/\/www.africa-press.net\/centrafricaine\/culture-et-art\/nomination-dinspecteurs-academiques-par-zingas#primaryimage"},"thumbnailUrl":"https:\/\/static.africa-press.net\/centrafricaine\/sites\/45\/2026\/04\/sm_1777372059.646419.jpg","datePublished":"2026-04-28T13:26:30+00:00","dateModified":"2026-04-28T13:58:17+00:00","author":{"@id":"https:\/\/www.africa-press.net\/centrafricaine\/#\/schema\/person\/2b1cf3cd81a31e3cd26889ca66d677f1"},"description":"Quand on pense que les Centrafricains ont de\u0301ja\u0300 tout vu avec ce ministre, voila\u0300 qu\u2019il nous prouve qu\u2019on n\u2019 ...","breadcrumb":{"@id":"https:\/\/www.africa-press.net\/centrafricaine\/culture-et-art\/nomination-dinspecteurs-academiques-par-zingas#breadcrumb"},"inLanguage":"fr-FR","potentialAction":[{"@type":"ReadAction","target":["https:\/\/www.africa-press.net\/centrafricaine\/culture-et-art\/nomination-dinspecteurs-academiques-par-zingas"]}]},{"@type":"ImageObject","inLanguage":"fr-FR","@id":"https:\/\/www.africa-press.net\/centrafricaine\/culture-et-art\/nomination-dinspecteurs-academiques-par-zingas#primaryimage","url":"https:\/\/static.africa-press.net\/centrafricaine\/sites\/45\/2026\/04\/sm_1777372059.646419.jpg","contentUrl":"https:\/\/static.africa-press.net\/centrafricaine\/sites\/45\/2026\/04\/sm_1777372059.646419.jpg","width":720,"height":638,"caption":"Nomination d'inspecteurs acad\u00e9miques par Zingas"},{"@type":"BreadcrumbList","@id":"https:\/\/www.africa-press.net\/centrafricaine\/culture-et-art\/nomination-dinspecteurs-academiques-par-zingas#breadcrumb","itemListElement":[{"@type":"ListItem","position":1,"name":"Accueil","item":"https:\/\/www.africa-press.net\/centrafricaine\/"},{"@type":"ListItem","position":2,"name":"Nomination d&#8217;inspecteurs acad\u00e9miques par Zingas"}]},{"@type":"WebSite","@id":"https:\/\/www.africa-press.net\/centrafricaine\/#website","url":"https:\/\/www.africa-press.net\/centrafricaine\/","name":"centrafricaine","description":"Just another Africa News Agency Sites site","potentialAction":[{"@type":"SearchAction","target":{"@type":"EntryPoint","urlTemplate":"https:\/\/www.africa-press.net\/centrafricaine\/?s={search_term_string}"},"query-input":{"@type":"PropertyValueSpecification","valueRequired":true,"valueName":"search_term_string"}}],"inLanguage":"fr-FR"},{"@type":"Person","@id":"https:\/\/www.africa-press.net\/centrafricaine\/#\/schema\/person\/2b1cf3cd81a31e3cd26889ca66d677f1","name":"cfeditorfr"}]}},"_links":{"self":[{"href":"https:\/\/www.africa-press.net\/centrafricaine\/wp-json\/wp\/v2\/posts\/83574","targetHints":{"allow":["GET"]}}],"collection":[{"href":"https:\/\/www.africa-press.net\/centrafricaine\/wp-json\/wp\/v2\/posts"}],"about":[{"href":"https:\/\/www.africa-press.net\/centrafricaine\/wp-json\/wp\/v2\/types\/post"}],"author":[{"embeddable":true,"href":"https:\/\/www.africa-press.net\/centrafricaine\/wp-json\/wp\/v2\/users\/82"}],"replies":[{"embeddable":true,"href":"https:\/\/www.africa-press.net\/centrafricaine\/wp-json\/wp\/v2\/comments?post=83574"}],"version-history":[{"count":1,"href":"https:\/\/www.africa-press.net\/centrafricaine\/wp-json\/wp\/v2\/posts\/83574\/revisions"}],"predecessor-version":[{"id":83581,"href":"https:\/\/www.africa-press.net\/centrafricaine\/wp-json\/wp\/v2\/posts\/83574\/revisions\/83581"}],"wp:featuredmedia":[{"embeddable":true,"href":"https:\/\/www.africa-press.net\/centrafricaine\/wp-json\/wp\/v2\/media\/83573"}],"wp:attachment":[{"href":"https:\/\/www.africa-press.net\/centrafricaine\/wp-json\/wp\/v2\/media?parent=83574"}],"wp:term":[{"taxonomy":"category","embeddable":true,"href":"https:\/\/www.africa-press.net\/centrafricaine\/wp-json\/wp\/v2\/categories?post=83574"},{"taxonomy":"post_tag","embeddable":true,"href":"https:\/\/www.africa-press.net\/centrafricaine\/wp-json\/wp\/v2\/tags?post=83574"}],"curies":[{"name":"wp","href":"https:\/\/api.w.org\/{rel}","templated":true}]}}