{"id":83577,"date":"2026-04-28T13:26:43","date_gmt":"2026-04-28T13:26:43","guid":{"rendered":"https:\/\/www.africa-press.net\/centrafricaine\/politique\/vehicules-impayes-proprietaires-bloquent-ministere-2"},"modified":"2026-04-28T13:58:31","modified_gmt":"2026-04-28T13:58:31","slug":"vehicules-impayes-proprietaires-bloquent-ministere-2","status":"publish","type":"post","link":"https:\/\/www.africa-press.net\/centrafricaine\/toutes-les-actualites\/vehicules-impayes-proprietaires-bloquent-ministere-2","title":{"rendered":"Ve\u0301hicules Impaye\u0301s: Proprie\u0301taires Bloquent Ministe\u0300re"},"content":{"rendered":"<p><span style=\"color: #ff6600\"><strong>Africa-Press &#8211; CentrAfricaine. <\/strong><\/span><b>Ce lundi 27 avril 2026, l\u2019ambiance est devenue e\u0301lectrique devant le ministe\u0300re des transports a\u0300 Bangui, de\u0301butant un tournant de\u0301cisif dans l\u2019affaire des ve\u0301hicules impaye\u0301s de l\u2019investiture du dictateur Faustin-Archange Touadera. <\/b><\/p>\n<p>Trois semaines apre\u0300s la prestation de serment de Faustin-Archange Touade\u0301ra alias <b>Baba Kongoboro<\/b>, les proprie\u0301taires des ve\u0301hicules loue\u0301s, exce\u0301de\u0301s d\u2019e\u0302tre \u00ab roule\u0301s dans la farine \u00bb, ont transforme\u0301 leur cole\u0300re en une de\u0301monstration de force qui a paralyse\u0301 l\u2019appareil administratif.<\/p>\n<p>L\u2019escalade a de\u0301bute\u0301 tre\u0300s to\u0302t lundi matin au Ministe\u0300re des Transports, ou\u0300 le Directeur ge\u0301ne\u0301ral Wenceslas a une nouvelle fois de\u0301cline\u0301 toute responsabilite\u0301, renvoyant les de\u0301le\u0301gue\u0301s vers le ministre des Mines, <b>Ruffin Benam-Beltoungou<\/b>.<\/p>\n<p>Cette e\u0301nie\u0300me tentative d\u2019esquive a conduit les manifestants jusqu\u2019au domicile du ministre a\u0300 Boy-Rabe, dans le 4e\u0300me arrondissement, ou\u0300 une sce\u0300ne surre\u0301aliste s\u2019est joue\u0301e.<\/p>\n<p>Alors que les proprie\u0301taires avaient la certitude de la pre\u0301sence du ministre des mines a\u0300 la maison chez lui, ses gardes du corps, dans une de\u0301monstration de la folie pathe\u0301tique, ont fait barrage aux proprie\u0301taires, affirmant avec assurance que leur patron e\u0301tait \u00ab en voyage \u00bb.<\/p>\n<p>Cette come\u0301die, perc\u0327ue comme une insulte de plus, a e\u0301te\u0301 imme\u0301diatement de\u0301mentie par les antennes des proprie\u0301taires qui ont signale\u0301, peu de temps apre\u0300s, l\u2019arrive\u0301e du ministre a\u0300 son ministe\u0300re.<\/p>\n<p>C\u2019est alors que la tension est monte\u0301e d\u2019un cran lorsque la foule s\u2019est de\u0301porte\u0301e massivement vers le Ministe\u0300re des Mines. Devant l\u2019afflux impressionnant de ve\u0301hicules et de proprie\u0301taires, les gendarmes, de\u0301borde\u0301s mais soucieux d\u2019e\u0301viter un affrontement direct, ont supplie\u0301 les proprie\u0301taires de libe\u0301rer la cour inte\u0301rieure.<\/p>\n<p>Par souci de discipline, les proprie\u0301taires ont accepte\u0301 de se positionner aux abords de la route, juste en face du ministe\u0300re. Cependant, en observant le ballet des officiels et le silence me\u0301prisant derrie\u0300re les vitres teinte\u0301es, les proprie\u0301taires ont compris que ce jeu de \u00ab chat et de souris \u00bb n\u2019e\u0301tait qu\u2019une man\u0153uvre dilatoire pour gagner du temps.<\/p>\n<p>Refusant de se laisser endormir par ce positionnement statique, les manifestants ont pris la de\u0301cision radicale de retourner au Ministe\u0300re des Transports pour engager un blocage total. Dans un vacarme assourdissant de klaxons qui a fini par alerter les journalistes et les passants, ils ont gare\u0301 leurs ve\u0301hicules en travers de l\u2019entre\u0301e principale, transformant le ministe\u0300re en forteresse assie\u0301ge\u0301e. Face a\u0300 cette paralysie, le personnel est sorti en masse et le Directeur ge\u0301ne\u0301ral des transports est monte\u0301 au cre\u0301neau pour tenter une me\u0301diation de la dernie\u0300re chance. Des ne\u0301gociateurs ont alors e\u0301te\u0301 de\u0301pe\u0302che\u0301s sur place pour calmer les esprits, avanc\u0327ant des explications qui peinent a\u0300 convaincre.<\/p>\n<p>Selon ces e\u0301missaires, le blocage ne serait que \u00ab technique \u00bb: tous les documents seraient de\u0301sormais au Tre\u0301sor Public, mais le processus aurait e\u0301te\u0301 retarde\u0301 dans un premier temps par l\u2019absence du ministre des Finances qui e\u0301tait aux E\u0301tats-Unis, et surtout par celle d\u2019un haut responsable du Tre\u0301sor, Monsieur Slesson, charge\u0301 des de\u0301caissements, qui rentrait tout juste d\u2019un se\u0301jour me\u0301dical au Maroc. Ces justifications, bien que de\u0301taille\u0301es, sonnent creux pour des citoyens a\u0300 qui le Pre\u0301sident Touade\u0301ra lui-me\u0302me avait promis, lors de leur rencontre a\u0300 Damara, que la situation serait re\u0301gle\u0301e ce lundi.<\/p>\n<p>Malgre\u0301 le scepticisme ge\u0301ne\u0301ral, les proprie\u0301taires ont accepte\u0301 de lever le sie\u0300ge apre\u0300s avoir obtenu une promesse de paiement d\u2019ici vendredi. Mais l\u2019avertissement lance\u0301 est sans e\u0301quivoque: si l\u2019argent n\u2019est pas verse\u0301 avant la fin de la semaine, ils reviendront de\u0300s lundi prochain pour une ope\u0301ration \u00ab ze\u0301ro entre\u0301e, ze\u0301ro sortie \u00bb qui ne se limitera pas a\u0300 de simples klaxons. Ce bras de fer illustre la faillite morale d\u2019un re\u0301gime qui, apre\u0300s avoir utilise\u0301 les biens de ses citoyens pour le faste d\u2019une investiture, se cache derrie\u0300re des absences re\u0301pe\u0301te\u0301es et une bureaucratie de\u0301faillante pour ne pas payer ses dettes.<\/p>\n<p>Pour rappel, le ministre conseiller Fide\u0300le Gouandjikak a de nouveau roule\u0301 les proprie\u0301taires dans la farine , mais nous reviendrons sur son cas dans nos prochains articles sur CNC.<\/p>\n<p><b>Source: Corbeau News Centrafrique<\/b><\/p>\n<p><strong>Pour plus d&rsquo;informations et d&rsquo;analyses sur la <span style=\"color: #ff6600\">CentrAfricaine<\/span>, suivez <span style=\"color: #ff6600\">Africa-Press<\/span><\/strong><\/p>\n","protected":false},"excerpt":{"rendered":"<p>Africa-Press &#8211; CentrAfricaine. Ce lundi 27 avril 2026, l\u2019ambiance est devenue e\u0301lectrique devant le ministe\u0300re des transports a\u0300 Bangui, de\u0301butant un tournant de\u0301cisif dans l\u2019affaire des ve\u0301hicules impaye\u0301s de l\u2019investiture du dictateur Faustin-Archange Touadera. Trois semaines apre\u0300s la prestation de serment de Faustin-Archange Touade\u0301ra alias Baba Kongoboro, les proprie\u0301taires des ve\u0301hicules loue\u0301s, exce\u0301de\u0301s d\u2019e\u0302tre \u00ab [&hellip;]<\/p>\n","protected":false},"author":82,"featured_media":83575,"comment_status":"open","ping_status":"closed","sticky":false,"template":"","format":"standard","meta":{"footnotes":""},"categories":[21,10],"tags":[30],"class_list":["post-83577","post","type-post","status-publish","format-standard","has-post-thumbnail","hentry","category-communaute","category-toutes-les-actualites","tag-centrafricaine"],"yoast_head":"<!-- This site is optimized with the Yoast SEO Premium plugin v26.1 (Yoast SEO v27.0) - https:\/\/yoast.com\/product\/yoast-seo-premium-wordpress\/ -->\n<title>Ve\u0301hicules Impaye\u0301s: Proprie\u0301taires Bloquent Ministe\u0300re - centrafricaine<\/title>\n<meta name=\"description\" content=\"Ce lundi 27 avril 2026, l\u2019ambiance est devenue e\u0301lectrique devant le ministe\u0300re des transports a\u0300 Bangui, de\u0301butant u ...\" \/>\n<meta name=\"robots\" content=\"index, follow, max-snippet:-1, max-image-preview:large, max-video-preview:-1\" \/>\n<link rel=\"canonical\" href=\"https:\/\/www.africa-press.net\/centrafricaine\/toutes-les-actualites\/vehicules-impayes-proprietaires-bloquent-ministere-2\" \/>\n<meta property=\"og:locale\" content=\"fr_FR\" \/>\n<meta property=\"og:type\" content=\"article\" \/>\n<meta property=\"og:title\" content=\"Ve\u0301hicules Impaye\u0301s: Proprie\u0301taires Bloquent Ministe\u0300re\" \/>\n<meta property=\"og:description\" content=\"Ce lundi 27 avril 2026, l\u2019ambiance est devenue e\u0301lectrique devant le ministe\u0300re des transports a\u0300 Bangui, de\u0301butant u ...\" \/>\n<meta property=\"og:url\" content=\"https:\/\/www.africa-press.net\/centrafricaine\/toutes-les-actualites\/vehicules-impayes-proprietaires-bloquent-ministere-2\" \/>\n<meta property=\"og:site_name\" content=\"centrafricaine\" \/>\n<meta property=\"article:published_time\" content=\"2026-04-28T13:26:43+00:00\" \/>\n<meta property=\"article:modified_time\" content=\"2026-04-28T13:58:31+00:00\" \/>\n<meta property=\"og:image\" content=\"https:\/\/static.africa-press.net\/centrafricaine\/sites\/45\/2026\/04\/sm_1777372070.237364.jpg\" \/>\n\t<meta property=\"og:image:width\" content=\"720\" \/>\n\t<meta property=\"og:image:height\" content=\"662\" \/>\n\t<meta property=\"og:image:type\" content=\"image\/jpeg\" \/>\n<meta name=\"author\" content=\"cfeditorfr\" \/>\n<meta name=\"twitter:card\" content=\"summary_large_image\" \/>\n<meta name=\"twitter:label1\" content=\"\u00c9crit par\" \/>\n\t<meta name=\"twitter:data1\" content=\"cfeditorfr\" \/>\n\t<meta name=\"twitter:label2\" content=\"Dur\u00e9e de lecture estim\u00e9e\" \/>\n\t<meta name=\"twitter:data2\" content=\"4 minutes\" \/>\n<script type=\"application\/ld+json\" class=\"yoast-schema-graph\">{\"@context\":\"https:\/\/schema.org\",\"@graph\":[{\"@type\":\"Article\",\"@id\":\"https:\/\/www.africa-press.net\/centrafricaine\/toutes-les-actualites\/vehicules-impayes-proprietaires-bloquent-ministere-2#article\",\"isPartOf\":{\"@id\":\"https:\/\/www.africa-press.net\/centrafricaine\/toutes-les-actualites\/vehicules-impayes-proprietaires-bloquent-ministere-2\"},\"author\":{\"name\":\"cfeditorfr\",\"@id\":\"https:\/\/www.africa-press.net\/centrafricaine\/#\/schema\/person\/2b1cf3cd81a31e3cd26889ca66d677f1\"},\"headline\":\"Ve\u0301hicules Impaye\u0301s: Proprie\u0301taires Bloquent Ministe\u0300re\",\"datePublished\":\"2026-04-28T13:26:43+00:00\",\"dateModified\":\"2026-04-28T13:58:31+00:00\",\"mainEntityOfPage\":{\"@id\":\"https:\/\/www.africa-press.net\/centrafricaine\/toutes-les-actualites\/vehicules-impayes-proprietaires-bloquent-ministere-2\"},\"wordCount\":802,\"commentCount\":0,\"image\":{\"@id\":\"https:\/\/www.africa-press.net\/centrafricaine\/toutes-les-actualites\/vehicules-impayes-proprietaires-bloquent-ministere-2#primaryimage\"},\"thumbnailUrl\":\"https:\/\/static.africa-press.net\/centrafricaine\/sites\/45\/2026\/04\/sm_1777372070.237364.jpg\",\"keywords\":[\"CentrAfricaine\"],\"articleSection\":[\"Communaut\u00e9\",\"Toutes les actualit\u00e9s\"],\"inLanguage\":\"fr-FR\",\"potentialAction\":[{\"@type\":\"CommentAction\",\"name\":\"Comment\",\"target\":[\"https:\/\/www.africa-press.net\/centrafricaine\/toutes-les-actualites\/vehicules-impayes-proprietaires-bloquent-ministere-2#respond\"]}]},{\"@type\":\"WebPage\",\"@id\":\"https:\/\/www.africa-press.net\/centrafricaine\/toutes-les-actualites\/vehicules-impayes-proprietaires-bloquent-ministere-2\",\"url\":\"https:\/\/www.africa-press.net\/centrafricaine\/toutes-les-actualites\/vehicules-impayes-proprietaires-bloquent-ministere-2\",\"name\":\"Ve\u0301hicules Impaye\u0301s: Proprie\u0301taires Bloquent Ministe\u0300re - centrafricaine\",\"isPartOf\":{\"@id\":\"https:\/\/www.africa-press.net\/centrafricaine\/#website\"},\"primaryImageOfPage\":{\"@id\":\"https:\/\/www.africa-press.net\/centrafricaine\/toutes-les-actualites\/vehicules-impayes-proprietaires-bloquent-ministere-2#primaryimage\"},\"image\":{\"@id\":\"https:\/\/www.africa-press.net\/centrafricaine\/toutes-les-actualites\/vehicules-impayes-proprietaires-bloquent-ministere-2#primaryimage\"},\"thumbnailUrl\":\"https:\/\/static.africa-press.net\/centrafricaine\/sites\/45\/2026\/04\/sm_1777372070.237364.jpg\",\"datePublished\":\"2026-04-28T13:26:43+00:00\",\"dateModified\":\"2026-04-28T13:58:31+00:00\",\"author\":{\"@id\":\"https:\/\/www.africa-press.net\/centrafricaine\/#\/schema\/person\/2b1cf3cd81a31e3cd26889ca66d677f1\"},\"description\":\"Ce lundi 27 avril 2026, l\u2019ambiance est devenue e\u0301lectrique devant le ministe\u0300re des transports a\u0300 Bangui, de\u0301butant u ...\",\"breadcrumb\":{\"@id\":\"https:\/\/www.africa-press.net\/centrafricaine\/toutes-les-actualites\/vehicules-impayes-proprietaires-bloquent-ministere-2#breadcrumb\"},\"inLanguage\":\"fr-FR\",\"potentialAction\":[{\"@type\":\"ReadAction\",\"target\":[\"https:\/\/www.africa-press.net\/centrafricaine\/toutes-les-actualites\/vehicules-impayes-proprietaires-bloquent-ministere-2\"]}]},{\"@type\":\"ImageObject\",\"inLanguage\":\"fr-FR\",\"@id\":\"https:\/\/www.africa-press.net\/centrafricaine\/toutes-les-actualites\/vehicules-impayes-proprietaires-bloquent-ministere-2#primaryimage\",\"url\":\"https:\/\/static.africa-press.net\/centrafricaine\/sites\/45\/2026\/04\/sm_1777372070.237364.jpg\",\"contentUrl\":\"https:\/\/static.africa-press.net\/centrafricaine\/sites\/45\/2026\/04\/sm_1777372070.237364.jpg\",\"width\":720,\"height\":662,\"caption\":\"Ve\u0301hicules Impaye\u0301s: Proprie\u0301taires Bloquent Ministe\u0300re\"},{\"@type\":\"BreadcrumbList\",\"@id\":\"https:\/\/www.africa-press.net\/centrafricaine\/toutes-les-actualites\/vehicules-impayes-proprietaires-bloquent-ministere-2#breadcrumb\",\"itemListElement\":[{\"@type\":\"ListItem\",\"position\":1,\"name\":\"Accueil\",\"item\":\"https:\/\/www.africa-press.net\/centrafricaine\/\"},{\"@type\":\"ListItem\",\"position\":2,\"name\":\"Ve\u0301hicules Impaye\u0301s: Proprie\u0301taires Bloquent Ministe\u0300re\"}]},{\"@type\":\"WebSite\",\"@id\":\"https:\/\/www.africa-press.net\/centrafricaine\/#website\",\"url\":\"https:\/\/www.africa-press.net\/centrafricaine\/\",\"name\":\"centrafricaine\",\"description\":\"Just another Africa News Agency Sites site\",\"potentialAction\":[{\"@type\":\"SearchAction\",\"target\":{\"@type\":\"EntryPoint\",\"urlTemplate\":\"https:\/\/www.africa-press.net\/centrafricaine\/?s={search_term_string}\"},\"query-input\":{\"@type\":\"PropertyValueSpecification\",\"valueRequired\":true,\"valueName\":\"search_term_string\"}}],\"inLanguage\":\"fr-FR\"},{\"@type\":\"Person\",\"@id\":\"https:\/\/www.africa-press.net\/centrafricaine\/#\/schema\/person\/2b1cf3cd81a31e3cd26889ca66d677f1\",\"name\":\"cfeditorfr\"}]}<\/script>\n<!-- \/ Yoast SEO Premium plugin. -->","yoast_head_json":{"title":"Ve\u0301hicules Impaye\u0301s: Proprie\u0301taires Bloquent Ministe\u0300re - centrafricaine","description":"Ce lundi 27 avril 2026, l\u2019ambiance est devenue e\u0301lectrique devant le ministe\u0300re des transports a\u0300 Bangui, de\u0301butant u ...","robots":{"index":"index","follow":"follow","max-snippet":"max-snippet:-1","max-image-preview":"max-image-preview:large","max-video-preview":"max-video-preview:-1"},"canonical":"https:\/\/www.africa-press.net\/centrafricaine\/toutes-les-actualites\/vehicules-impayes-proprietaires-bloquent-ministere-2","og_locale":"fr_FR","og_type":"article","og_title":"Ve\u0301hicules Impaye\u0301s: Proprie\u0301taires Bloquent Ministe\u0300re","og_description":"Ce lundi 27 avril 2026, l\u2019ambiance est devenue e\u0301lectrique devant le ministe\u0300re des transports a\u0300 Bangui, de\u0301butant u ...","og_url":"https:\/\/www.africa-press.net\/centrafricaine\/toutes-les-actualites\/vehicules-impayes-proprietaires-bloquent-ministere-2","og_site_name":"centrafricaine","article_published_time":"2026-04-28T13:26:43+00:00","article_modified_time":"2026-04-28T13:58:31+00:00","og_image":[{"width":720,"height":662,"url":"https:\/\/static.africa-press.net\/centrafricaine\/sites\/45\/2026\/04\/sm_1777372070.237364.jpg","type":"image\/jpeg"}],"author":"cfeditorfr","twitter_card":"summary_large_image","twitter_misc":{"\u00c9crit par":"cfeditorfr","Dur\u00e9e de lecture estim\u00e9e":"4 minutes"},"schema":{"@context":"https:\/\/schema.org","@graph":[{"@type":"Article","@id":"https:\/\/www.africa-press.net\/centrafricaine\/toutes-les-actualites\/vehicules-impayes-proprietaires-bloquent-ministere-2#article","isPartOf":{"@id":"https:\/\/www.africa-press.net\/centrafricaine\/toutes-les-actualites\/vehicules-impayes-proprietaires-bloquent-ministere-2"},"author":{"name":"cfeditorfr","@id":"https:\/\/www.africa-press.net\/centrafricaine\/#\/schema\/person\/2b1cf3cd81a31e3cd26889ca66d677f1"},"headline":"Ve\u0301hicules Impaye\u0301s: Proprie\u0301taires Bloquent Ministe\u0300re","datePublished":"2026-04-28T13:26:43+00:00","dateModified":"2026-04-28T13:58:31+00:00","mainEntityOfPage":{"@id":"https:\/\/www.africa-press.net\/centrafricaine\/toutes-les-actualites\/vehicules-impayes-proprietaires-bloquent-ministere-2"},"wordCount":802,"commentCount":0,"image":{"@id":"https:\/\/www.africa-press.net\/centrafricaine\/toutes-les-actualites\/vehicules-impayes-proprietaires-bloquent-ministere-2#primaryimage"},"thumbnailUrl":"https:\/\/static.africa-press.net\/centrafricaine\/sites\/45\/2026\/04\/sm_1777372070.237364.jpg","keywords":["CentrAfricaine"],"articleSection":["Communaut\u00e9","Toutes les actualit\u00e9s"],"inLanguage":"fr-FR","potentialAction":[{"@type":"CommentAction","name":"Comment","target":["https:\/\/www.africa-press.net\/centrafricaine\/toutes-les-actualites\/vehicules-impayes-proprietaires-bloquent-ministere-2#respond"]}]},{"@type":"WebPage","@id":"https:\/\/www.africa-press.net\/centrafricaine\/toutes-les-actualites\/vehicules-impayes-proprietaires-bloquent-ministere-2","url":"https:\/\/www.africa-press.net\/centrafricaine\/toutes-les-actualites\/vehicules-impayes-proprietaires-bloquent-ministere-2","name":"Ve\u0301hicules Impaye\u0301s: Proprie\u0301taires Bloquent Ministe\u0300re - centrafricaine","isPartOf":{"@id":"https:\/\/www.africa-press.net\/centrafricaine\/#website"},"primaryImageOfPage":{"@id":"https:\/\/www.africa-press.net\/centrafricaine\/toutes-les-actualites\/vehicules-impayes-proprietaires-bloquent-ministere-2#primaryimage"},"image":{"@id":"https:\/\/www.africa-press.net\/centrafricaine\/toutes-les-actualites\/vehicules-impayes-proprietaires-bloquent-ministere-2#primaryimage"},"thumbnailUrl":"https:\/\/static.africa-press.net\/centrafricaine\/sites\/45\/2026\/04\/sm_1777372070.237364.jpg","datePublished":"2026-04-28T13:26:43+00:00","dateModified":"2026-04-28T13:58:31+00:00","author":{"@id":"https:\/\/www.africa-press.net\/centrafricaine\/#\/schema\/person\/2b1cf3cd81a31e3cd26889ca66d677f1"},"description":"Ce lundi 27 avril 2026, l\u2019ambiance est devenue e\u0301lectrique devant le ministe\u0300re des transports a\u0300 Bangui, de\u0301butant u ...","breadcrumb":{"@id":"https:\/\/www.africa-press.net\/centrafricaine\/toutes-les-actualites\/vehicules-impayes-proprietaires-bloquent-ministere-2#breadcrumb"},"inLanguage":"fr-FR","potentialAction":[{"@type":"ReadAction","target":["https:\/\/www.africa-press.net\/centrafricaine\/toutes-les-actualites\/vehicules-impayes-proprietaires-bloquent-ministere-2"]}]},{"@type":"ImageObject","inLanguage":"fr-FR","@id":"https:\/\/www.africa-press.net\/centrafricaine\/toutes-les-actualites\/vehicules-impayes-proprietaires-bloquent-ministere-2#primaryimage","url":"https:\/\/static.africa-press.net\/centrafricaine\/sites\/45\/2026\/04\/sm_1777372070.237364.jpg","contentUrl":"https:\/\/static.africa-press.net\/centrafricaine\/sites\/45\/2026\/04\/sm_1777372070.237364.jpg","width":720,"height":662,"caption":"Ve\u0301hicules Impaye\u0301s: Proprie\u0301taires Bloquent Ministe\u0300re"},{"@type":"BreadcrumbList","@id":"https:\/\/www.africa-press.net\/centrafricaine\/toutes-les-actualites\/vehicules-impayes-proprietaires-bloquent-ministere-2#breadcrumb","itemListElement":[{"@type":"ListItem","position":1,"name":"Accueil","item":"https:\/\/www.africa-press.net\/centrafricaine\/"},{"@type":"ListItem","position":2,"name":"Ve\u0301hicules Impaye\u0301s: Proprie\u0301taires Bloquent Ministe\u0300re"}]},{"@type":"WebSite","@id":"https:\/\/www.africa-press.net\/centrafricaine\/#website","url":"https:\/\/www.africa-press.net\/centrafricaine\/","name":"centrafricaine","description":"Just another Africa News Agency Sites site","potentialAction":[{"@type":"SearchAction","target":{"@type":"EntryPoint","urlTemplate":"https:\/\/www.africa-press.net\/centrafricaine\/?s={search_term_string}"},"query-input":{"@type":"PropertyValueSpecification","valueRequired":true,"valueName":"search_term_string"}}],"inLanguage":"fr-FR"},{"@type":"Person","@id":"https:\/\/www.africa-press.net\/centrafricaine\/#\/schema\/person\/2b1cf3cd81a31e3cd26889ca66d677f1","name":"cfeditorfr"}]}},"_links":{"self":[{"href":"https:\/\/www.africa-press.net\/centrafricaine\/wp-json\/wp\/v2\/posts\/83577","targetHints":{"allow":["GET"]}}],"collection":[{"href":"https:\/\/www.africa-press.net\/centrafricaine\/wp-json\/wp\/v2\/posts"}],"about":[{"href":"https:\/\/www.africa-press.net\/centrafricaine\/wp-json\/wp\/v2\/types\/post"}],"author":[{"embeddable":true,"href":"https:\/\/www.africa-press.net\/centrafricaine\/wp-json\/wp\/v2\/users\/82"}],"replies":[{"embeddable":true,"href":"https:\/\/www.africa-press.net\/centrafricaine\/wp-json\/wp\/v2\/comments?post=83577"}],"version-history":[{"count":1,"href":"https:\/\/www.africa-press.net\/centrafricaine\/wp-json\/wp\/v2\/posts\/83577\/revisions"}],"predecessor-version":[{"id":83582,"href":"https:\/\/www.africa-press.net\/centrafricaine\/wp-json\/wp\/v2\/posts\/83577\/revisions\/83582"}],"wp:featuredmedia":[{"embeddable":true,"href":"https:\/\/www.africa-press.net\/centrafricaine\/wp-json\/wp\/v2\/media\/83575"}],"wp:attachment":[{"href":"https:\/\/www.africa-press.net\/centrafricaine\/wp-json\/wp\/v2\/media?parent=83577"}],"wp:term":[{"taxonomy":"category","embeddable":true,"href":"https:\/\/www.africa-press.net\/centrafricaine\/wp-json\/wp\/v2\/categories?post=83577"},{"taxonomy":"post_tag","embeddable":true,"href":"https:\/\/www.africa-press.net\/centrafricaine\/wp-json\/wp\/v2\/tags?post=83577"}],"curies":[{"name":"wp","href":"https:\/\/api.w.org\/{rel}","templated":true}]}}