{"id":83580,"date":"2026-04-28T13:27:14","date_gmt":"2026-04-28T13:27:14","guid":{"rendered":"https:\/\/www.africa-press.net\/centrafricaine\/politique\/adouma-devoile-la-catastrophe-alimentaire-en-centrafrique"},"modified":"2026-04-28T13:58:48","modified_gmt":"2026-04-28T13:58:48","slug":"adouma-devoile-la-catastrophe-alimentaire-en-centrafrique","status":"publish","type":"post","link":"https:\/\/www.africa-press.net\/centrafricaine\/politique\/adouma-devoile-la-catastrophe-alimentaire-en-centrafrique","title":{"rendered":"Adouma D\u00e9voile La Catastrophe Alimentaire En Centrafrique"},"content":{"rendered":"<p><span style=\"color: #ff6600\"><strong>Africa-Press &#8211; CentrAfricaine. <\/strong><\/span>Dans le de\u0301bat Patara diffuse\u0301 sur la <b>radio Nde\u0301ke\u0300-luka<\/b>, l\u2019ancien ministre Raymond Adouma a dresse\u0301 un tableau sombre de la situation alimentaire en Centrafrique apre\u0300s dix ans de pouvoir du pre\u0301sident Faustin-Archange Touade\u0301ra. Il a de\u0301nonce\u0301 une de\u0301gradation profonde du quotidien des populations.<\/p>\n<p><b>\u00ab Les Centrafricains ne mangent pas a\u0300 leur faim, ils mangent de\u0301sormais une seule fois par jour \u00bb,<\/b> a affirme\u0301 Raymond Adouma. Selon lui, la qualite\u0301 de cette unique ration est souvent me\u0301diocre. Pire encore, il a accuse\u0301 le pays d\u2019importer \u00ab n\u2019importe quoi de l\u2019e\u0301tranger pour pouvoir aller empoisonner les Centrafricains \u00bb.<\/p>\n<p>L\u2019opposant, membre du Bloc re\u0301publicain pour la de\u0301fense de la Constitution du 30 mars 2016, a explique\u0301 que la production agricole locale a chute\u0301 de manie\u0300re importante. Autrefois, les habitants de l\u2019arrie\u0300re-pays ravitaillaient les marche\u0301s de Bangui avec des produits locaux. Aujourd\u2019hui, ces marche\u0301s de\u0301pendent largement d\u2019importations dont la qualite\u0301 pose proble\u0300me. Adouma a lie\u0301 cette situation a\u0300 l\u2019incapacite\u0301 du re\u0301gime a\u0300 soutenir l\u2019agriculture et a\u0300 maintenir des routes praticables, laissant les villes isole\u0301es et les villages coupe\u0301s de tout.<\/p>\n<p>Il a insiste\u0301 sur les conse\u0301quences humaines de cette crise: les familles peinent a\u0300 se nourrir correctement, et cela touche particulie\u0300rement les personnes en a\u0302ge de contribuer au de\u0301veloppement du pays. Pour lui, cette re\u0301alite\u0301 contredit les discours officiels sur la renaissance et la souverainete\u0301 e\u0301conomique prononce\u0301s par le pre\u0301sident lors de son investiture le 30 mars 2026 au complexe sportif Barthe\u0301le\u0301my-Bouganda.<\/p>\n<p>Adouma a e\u0301galement rappele\u0301 que l\u2019opposition avait demande\u0301 un dialogue avant les e\u0301lections pour apaiser le climat et trouver des solutions aux proble\u0300mes concrets du pays. Selon lui, ces appels sont reste\u0301s sans re\u0301ponse, le pre\u0301sident pre\u0301fe\u0301rant aller de l\u2019avant sans concertation.<\/p>\n<p>Face a\u0300 lui, le ministre He\u0301ritier Doneng a pre\u0301sente\u0301 un bilan plus positif. Il a parle\u0301 de l\u2019unite\u0301 retrouve\u0301e entre les communaute\u0301s, de la dignite\u0301 rendue au peuple centrafricain gra\u0302ce a\u0300 la re\u0301occupation du territoire par l\u2019arme\u0301e re\u0301publicaine, et de l\u2019entre\u0301e dans la septie\u0300me Re\u0301publique comme le de\u0301but d\u2019une e\u0300re de travail et de renaissance. Doneng a insiste\u0301 sur le fait que le peuple a choisi cette nouvelle voie par re\u0301fe\u0301rendum et qu\u2019il faut maintenant se concentrer sur les actions concre\u0300tes pluto\u0302t que sur les critiques re\u0301pe\u0301te\u0301es.<\/p>\n<p>Adouma a rejete\u0301 ces arguments. Pour lui, les promesses de transformation et de souverainete\u0301 ne changent rien a\u0300 la re\u0301alite\u0301 ve\u0301cue par les familles qui re\u0301duisent leurs repas a\u0300 une seule fois par jour et consomment des produits importe\u0301s de qualite\u0301 douteuse. Il a maintenu que le pouvoir ge\u0300re le pays sans tenir compte des besoins essentiels de la population.<\/p>\n<p>Le de\u0301bat s\u2019est de\u0301roule\u0301 dans une ambiance tendue, avec des e\u0301changes vifs entre les deux invite\u0301s. Raymond Adouma a conclu que le discours du pre\u0301sident sur la lutte contre la pauvrete\u0301 et l\u2019autosuffisance alimentaire reste une liste de v\u0153ux pieux qui ne correspond pas a\u0300 la situation sur le terrain.<\/p>\n<p>Ce face-a\u0300-face confirme les fortes divergences entre le camp pre\u0301sidentiel et l\u2019opposition sur l\u2019e\u0301tat re\u0301el de l\u2019e\u0301conomie et des conditions de vie en Centrafrique. Tandis que le pouvoir appelle a\u0300 tourner la page et a\u0300 travailler pour l\u2019avenir, l\u2019opposition continue de pointer du doigt la de\u0301te\u0301rioration du pouvoir d\u2019achat alimentaire et les difficulte\u0301s quotidiennes des citoyens.<\/p>\n<p>&nbsp;<\/p>\n<p><b>Source: Corbeau News Centrafrique<\/b><\/p>\n<p><strong>Pour plus d&rsquo;informations et d&rsquo;analyses sur la <span style=\"color: #ff6600\">CentrAfricaine<\/span>, suivez <span style=\"color: #ff6600\">Africa-Press<\/span><\/strong><\/p>\n","protected":false},"excerpt":{"rendered":"<p>Africa-Press &#8211; CentrAfricaine. Dans le de\u0301bat Patara diffuse\u0301 sur la radio Nde\u0301ke\u0300-luka, l\u2019ancien ministre Raymond Adouma a dresse\u0301 un tableau sombre de la situation alimentaire en Centrafrique apre\u0300s dix ans de pouvoir du pre\u0301sident Faustin-Archange Touade\u0301ra. Il a de\u0301nonce\u0301 une de\u0301gradation profonde du quotidien des populations. \u00ab Les Centrafricains ne mangent pas a\u0300 leur faim, [&hellip;]<\/p>\n","protected":false},"author":82,"featured_media":83578,"comment_status":"open","ping_status":"closed","sticky":false,"template":"","format":"standard","meta":{"footnotes":""},"categories":[2,10],"tags":[30],"class_list":["post-83580","post","type-post","status-publish","format-standard","has-post-thumbnail","hentry","category-politique","category-toutes-les-actualites","tag-centrafricaine"],"yoast_head":"<!-- This site is optimized with the Yoast SEO Premium plugin v26.1 (Yoast SEO v27.0) - https:\/\/yoast.com\/product\/yoast-seo-premium-wordpress\/ -->\n<title>Adouma D\u00e9voile La Catastrophe Alimentaire En Centrafrique - centrafricaine<\/title>\n<meta name=\"description\" content=\"Dans le de\u0301bat Patara diffuse\u0301 sur la radio Nde\u0301ke\u0300-luka, l\u2019ancien ministre Raymond Adouma a dresse\u0301 un tableau s ...\" \/>\n<meta name=\"robots\" content=\"index, follow, max-snippet:-1, max-image-preview:large, max-video-preview:-1\" \/>\n<link rel=\"canonical\" href=\"https:\/\/www.africa-press.net\/centrafricaine\/politique\/adouma-devoile-la-catastrophe-alimentaire-en-centrafrique\" \/>\n<meta property=\"og:locale\" content=\"fr_FR\" \/>\n<meta property=\"og:type\" content=\"article\" \/>\n<meta property=\"og:title\" content=\"Adouma D\u00e9voile La Catastrophe Alimentaire En Centrafrique\" \/>\n<meta property=\"og:description\" content=\"Dans le de\u0301bat Patara diffuse\u0301 sur la radio Nde\u0301ke\u0300-luka, l\u2019ancien ministre Raymond Adouma a dresse\u0301 un tableau s ...\" \/>\n<meta property=\"og:url\" content=\"https:\/\/www.africa-press.net\/centrafricaine\/politique\/adouma-devoile-la-catastrophe-alimentaire-en-centrafrique\" \/>\n<meta property=\"og:site_name\" content=\"centrafricaine\" \/>\n<meta property=\"article:published_time\" content=\"2026-04-28T13:27:14+00:00\" \/>\n<meta property=\"article:modified_time\" content=\"2026-04-28T13:58:48+00:00\" \/>\n<meta property=\"og:image\" content=\"https:\/\/static.africa-press.net\/centrafricaine\/sites\/45\/2026\/04\/sm_1777372085.261617.jpg\" \/>\n\t<meta property=\"og:image:width\" content=\"720\" \/>\n\t<meta property=\"og:image:height\" content=\"324\" \/>\n\t<meta property=\"og:image:type\" content=\"image\/jpeg\" \/>\n<meta name=\"author\" content=\"cfeditorfr\" \/>\n<meta name=\"twitter:card\" content=\"summary_large_image\" \/>\n<meta name=\"twitter:label1\" content=\"\u00c9crit par\" \/>\n\t<meta name=\"twitter:data1\" content=\"cfeditorfr\" \/>\n\t<meta name=\"twitter:label2\" content=\"Dur\u00e9e de lecture estim\u00e9e\" \/>\n\t<meta name=\"twitter:data2\" content=\"3 minutes\" \/>\n<script type=\"application\/ld+json\" class=\"yoast-schema-graph\">{\"@context\":\"https:\/\/schema.org\",\"@graph\":[{\"@type\":\"Article\",\"@id\":\"https:\/\/www.africa-press.net\/centrafricaine\/politique\/adouma-devoile-la-catastrophe-alimentaire-en-centrafrique#article\",\"isPartOf\":{\"@id\":\"https:\/\/www.africa-press.net\/centrafricaine\/politique\/adouma-devoile-la-catastrophe-alimentaire-en-centrafrique\"},\"author\":{\"name\":\"cfeditorfr\",\"@id\":\"https:\/\/www.africa-press.net\/centrafricaine\/#\/schema\/person\/2b1cf3cd81a31e3cd26889ca66d677f1\"},\"headline\":\"Adouma D\u00e9voile La Catastrophe Alimentaire En Centrafrique\",\"datePublished\":\"2026-04-28T13:27:14+00:00\",\"dateModified\":\"2026-04-28T13:58:48+00:00\",\"mainEntityOfPage\":{\"@id\":\"https:\/\/www.africa-press.net\/centrafricaine\/politique\/adouma-devoile-la-catastrophe-alimentaire-en-centrafrique\"},\"wordCount\":657,\"commentCount\":0,\"image\":{\"@id\":\"https:\/\/www.africa-press.net\/centrafricaine\/politique\/adouma-devoile-la-catastrophe-alimentaire-en-centrafrique#primaryimage\"},\"thumbnailUrl\":\"https:\/\/static.africa-press.net\/centrafricaine\/sites\/45\/2026\/04\/sm_1777372085.261617.jpg\",\"keywords\":[\"CentrAfricaine\"],\"articleSection\":[\"Politique\",\"Toutes les actualit\u00e9s\"],\"inLanguage\":\"fr-FR\",\"potentialAction\":[{\"@type\":\"CommentAction\",\"name\":\"Comment\",\"target\":[\"https:\/\/www.africa-press.net\/centrafricaine\/politique\/adouma-devoile-la-catastrophe-alimentaire-en-centrafrique#respond\"]}]},{\"@type\":\"WebPage\",\"@id\":\"https:\/\/www.africa-press.net\/centrafricaine\/politique\/adouma-devoile-la-catastrophe-alimentaire-en-centrafrique\",\"url\":\"https:\/\/www.africa-press.net\/centrafricaine\/politique\/adouma-devoile-la-catastrophe-alimentaire-en-centrafrique\",\"name\":\"Adouma D\u00e9voile La Catastrophe Alimentaire En Centrafrique - centrafricaine\",\"isPartOf\":{\"@id\":\"https:\/\/www.africa-press.net\/centrafricaine\/#website\"},\"primaryImageOfPage\":{\"@id\":\"https:\/\/www.africa-press.net\/centrafricaine\/politique\/adouma-devoile-la-catastrophe-alimentaire-en-centrafrique#primaryimage\"},\"image\":{\"@id\":\"https:\/\/www.africa-press.net\/centrafricaine\/politique\/adouma-devoile-la-catastrophe-alimentaire-en-centrafrique#primaryimage\"},\"thumbnailUrl\":\"https:\/\/static.africa-press.net\/centrafricaine\/sites\/45\/2026\/04\/sm_1777372085.261617.jpg\",\"datePublished\":\"2026-04-28T13:27:14+00:00\",\"dateModified\":\"2026-04-28T13:58:48+00:00\",\"author\":{\"@id\":\"https:\/\/www.africa-press.net\/centrafricaine\/#\/schema\/person\/2b1cf3cd81a31e3cd26889ca66d677f1\"},\"description\":\"Dans le de\u0301bat Patara diffuse\u0301 sur la radio Nde\u0301ke\u0300-luka, l\u2019ancien ministre Raymond Adouma a dresse\u0301 un tableau s ...\",\"breadcrumb\":{\"@id\":\"https:\/\/www.africa-press.net\/centrafricaine\/politique\/adouma-devoile-la-catastrophe-alimentaire-en-centrafrique#breadcrumb\"},\"inLanguage\":\"fr-FR\",\"potentialAction\":[{\"@type\":\"ReadAction\",\"target\":[\"https:\/\/www.africa-press.net\/centrafricaine\/politique\/adouma-devoile-la-catastrophe-alimentaire-en-centrafrique\"]}]},{\"@type\":\"ImageObject\",\"inLanguage\":\"fr-FR\",\"@id\":\"https:\/\/www.africa-press.net\/centrafricaine\/politique\/adouma-devoile-la-catastrophe-alimentaire-en-centrafrique#primaryimage\",\"url\":\"https:\/\/static.africa-press.net\/centrafricaine\/sites\/45\/2026\/04\/sm_1777372085.261617.jpg\",\"contentUrl\":\"https:\/\/static.africa-press.net\/centrafricaine\/sites\/45\/2026\/04\/sm_1777372085.261617.jpg\",\"width\":720,\"height\":324,\"caption\":\"Adouma D\u00e9voile La Catastrophe Alimentaire En Centrafrique\"},{\"@type\":\"BreadcrumbList\",\"@id\":\"https:\/\/www.africa-press.net\/centrafricaine\/politique\/adouma-devoile-la-catastrophe-alimentaire-en-centrafrique#breadcrumb\",\"itemListElement\":[{\"@type\":\"ListItem\",\"position\":1,\"name\":\"Accueil\",\"item\":\"https:\/\/www.africa-press.net\/centrafricaine\/\"},{\"@type\":\"ListItem\",\"position\":2,\"name\":\"Adouma D\u00e9voile La Catastrophe Alimentaire En Centrafrique\"}]},{\"@type\":\"WebSite\",\"@id\":\"https:\/\/www.africa-press.net\/centrafricaine\/#website\",\"url\":\"https:\/\/www.africa-press.net\/centrafricaine\/\",\"name\":\"centrafricaine\",\"description\":\"Just another Africa News Agency Sites site\",\"potentialAction\":[{\"@type\":\"SearchAction\",\"target\":{\"@type\":\"EntryPoint\",\"urlTemplate\":\"https:\/\/www.africa-press.net\/centrafricaine\/?s={search_term_string}\"},\"query-input\":{\"@type\":\"PropertyValueSpecification\",\"valueRequired\":true,\"valueName\":\"search_term_string\"}}],\"inLanguage\":\"fr-FR\"},{\"@type\":\"Person\",\"@id\":\"https:\/\/www.africa-press.net\/centrafricaine\/#\/schema\/person\/2b1cf3cd81a31e3cd26889ca66d677f1\",\"name\":\"cfeditorfr\"}]}<\/script>\n<!-- \/ Yoast SEO Premium plugin. -->","yoast_head_json":{"title":"Adouma D\u00e9voile La Catastrophe Alimentaire En Centrafrique - centrafricaine","description":"Dans le de\u0301bat Patara diffuse\u0301 sur la radio Nde\u0301ke\u0300-luka, l\u2019ancien ministre Raymond Adouma a dresse\u0301 un tableau s ...","robots":{"index":"index","follow":"follow","max-snippet":"max-snippet:-1","max-image-preview":"max-image-preview:large","max-video-preview":"max-video-preview:-1"},"canonical":"https:\/\/www.africa-press.net\/centrafricaine\/politique\/adouma-devoile-la-catastrophe-alimentaire-en-centrafrique","og_locale":"fr_FR","og_type":"article","og_title":"Adouma D\u00e9voile La Catastrophe Alimentaire En Centrafrique","og_description":"Dans le de\u0301bat Patara diffuse\u0301 sur la radio Nde\u0301ke\u0300-luka, l\u2019ancien ministre Raymond Adouma a dresse\u0301 un tableau s ...","og_url":"https:\/\/www.africa-press.net\/centrafricaine\/politique\/adouma-devoile-la-catastrophe-alimentaire-en-centrafrique","og_site_name":"centrafricaine","article_published_time":"2026-04-28T13:27:14+00:00","article_modified_time":"2026-04-28T13:58:48+00:00","og_image":[{"width":720,"height":324,"url":"https:\/\/static.africa-press.net\/centrafricaine\/sites\/45\/2026\/04\/sm_1777372085.261617.jpg","type":"image\/jpeg"}],"author":"cfeditorfr","twitter_card":"summary_large_image","twitter_misc":{"\u00c9crit par":"cfeditorfr","Dur\u00e9e de lecture estim\u00e9e":"3 minutes"},"schema":{"@context":"https:\/\/schema.org","@graph":[{"@type":"Article","@id":"https:\/\/www.africa-press.net\/centrafricaine\/politique\/adouma-devoile-la-catastrophe-alimentaire-en-centrafrique#article","isPartOf":{"@id":"https:\/\/www.africa-press.net\/centrafricaine\/politique\/adouma-devoile-la-catastrophe-alimentaire-en-centrafrique"},"author":{"name":"cfeditorfr","@id":"https:\/\/www.africa-press.net\/centrafricaine\/#\/schema\/person\/2b1cf3cd81a31e3cd26889ca66d677f1"},"headline":"Adouma D\u00e9voile La Catastrophe Alimentaire En Centrafrique","datePublished":"2026-04-28T13:27:14+00:00","dateModified":"2026-04-28T13:58:48+00:00","mainEntityOfPage":{"@id":"https:\/\/www.africa-press.net\/centrafricaine\/politique\/adouma-devoile-la-catastrophe-alimentaire-en-centrafrique"},"wordCount":657,"commentCount":0,"image":{"@id":"https:\/\/www.africa-press.net\/centrafricaine\/politique\/adouma-devoile-la-catastrophe-alimentaire-en-centrafrique#primaryimage"},"thumbnailUrl":"https:\/\/static.africa-press.net\/centrafricaine\/sites\/45\/2026\/04\/sm_1777372085.261617.jpg","keywords":["CentrAfricaine"],"articleSection":["Politique","Toutes les actualit\u00e9s"],"inLanguage":"fr-FR","potentialAction":[{"@type":"CommentAction","name":"Comment","target":["https:\/\/www.africa-press.net\/centrafricaine\/politique\/adouma-devoile-la-catastrophe-alimentaire-en-centrafrique#respond"]}]},{"@type":"WebPage","@id":"https:\/\/www.africa-press.net\/centrafricaine\/politique\/adouma-devoile-la-catastrophe-alimentaire-en-centrafrique","url":"https:\/\/www.africa-press.net\/centrafricaine\/politique\/adouma-devoile-la-catastrophe-alimentaire-en-centrafrique","name":"Adouma D\u00e9voile La Catastrophe Alimentaire En Centrafrique - centrafricaine","isPartOf":{"@id":"https:\/\/www.africa-press.net\/centrafricaine\/#website"},"primaryImageOfPage":{"@id":"https:\/\/www.africa-press.net\/centrafricaine\/politique\/adouma-devoile-la-catastrophe-alimentaire-en-centrafrique#primaryimage"},"image":{"@id":"https:\/\/www.africa-press.net\/centrafricaine\/politique\/adouma-devoile-la-catastrophe-alimentaire-en-centrafrique#primaryimage"},"thumbnailUrl":"https:\/\/static.africa-press.net\/centrafricaine\/sites\/45\/2026\/04\/sm_1777372085.261617.jpg","datePublished":"2026-04-28T13:27:14+00:00","dateModified":"2026-04-28T13:58:48+00:00","author":{"@id":"https:\/\/www.africa-press.net\/centrafricaine\/#\/schema\/person\/2b1cf3cd81a31e3cd26889ca66d677f1"},"description":"Dans le de\u0301bat Patara diffuse\u0301 sur la radio Nde\u0301ke\u0300-luka, l\u2019ancien ministre Raymond Adouma a dresse\u0301 un tableau s ...","breadcrumb":{"@id":"https:\/\/www.africa-press.net\/centrafricaine\/politique\/adouma-devoile-la-catastrophe-alimentaire-en-centrafrique#breadcrumb"},"inLanguage":"fr-FR","potentialAction":[{"@type":"ReadAction","target":["https:\/\/www.africa-press.net\/centrafricaine\/politique\/adouma-devoile-la-catastrophe-alimentaire-en-centrafrique"]}]},{"@type":"ImageObject","inLanguage":"fr-FR","@id":"https:\/\/www.africa-press.net\/centrafricaine\/politique\/adouma-devoile-la-catastrophe-alimentaire-en-centrafrique#primaryimage","url":"https:\/\/static.africa-press.net\/centrafricaine\/sites\/45\/2026\/04\/sm_1777372085.261617.jpg","contentUrl":"https:\/\/static.africa-press.net\/centrafricaine\/sites\/45\/2026\/04\/sm_1777372085.261617.jpg","width":720,"height":324,"caption":"Adouma D\u00e9voile La Catastrophe Alimentaire En Centrafrique"},{"@type":"BreadcrumbList","@id":"https:\/\/www.africa-press.net\/centrafricaine\/politique\/adouma-devoile-la-catastrophe-alimentaire-en-centrafrique#breadcrumb","itemListElement":[{"@type":"ListItem","position":1,"name":"Accueil","item":"https:\/\/www.africa-press.net\/centrafricaine\/"},{"@type":"ListItem","position":2,"name":"Adouma D\u00e9voile La Catastrophe Alimentaire En Centrafrique"}]},{"@type":"WebSite","@id":"https:\/\/www.africa-press.net\/centrafricaine\/#website","url":"https:\/\/www.africa-press.net\/centrafricaine\/","name":"centrafricaine","description":"Just another Africa News Agency Sites site","potentialAction":[{"@type":"SearchAction","target":{"@type":"EntryPoint","urlTemplate":"https:\/\/www.africa-press.net\/centrafricaine\/?s={search_term_string}"},"query-input":{"@type":"PropertyValueSpecification","valueRequired":true,"valueName":"search_term_string"}}],"inLanguage":"fr-FR"},{"@type":"Person","@id":"https:\/\/www.africa-press.net\/centrafricaine\/#\/schema\/person\/2b1cf3cd81a31e3cd26889ca66d677f1","name":"cfeditorfr"}]}},"_links":{"self":[{"href":"https:\/\/www.africa-press.net\/centrafricaine\/wp-json\/wp\/v2\/posts\/83580","targetHints":{"allow":["GET"]}}],"collection":[{"href":"https:\/\/www.africa-press.net\/centrafricaine\/wp-json\/wp\/v2\/posts"}],"about":[{"href":"https:\/\/www.africa-press.net\/centrafricaine\/wp-json\/wp\/v2\/types\/post"}],"author":[{"embeddable":true,"href":"https:\/\/www.africa-press.net\/centrafricaine\/wp-json\/wp\/v2\/users\/82"}],"replies":[{"embeddable":true,"href":"https:\/\/www.africa-press.net\/centrafricaine\/wp-json\/wp\/v2\/comments?post=83580"}],"version-history":[{"count":1,"href":"https:\/\/www.africa-press.net\/centrafricaine\/wp-json\/wp\/v2\/posts\/83580\/revisions"}],"predecessor-version":[{"id":83583,"href":"https:\/\/www.africa-press.net\/centrafricaine\/wp-json\/wp\/v2\/posts\/83580\/revisions\/83583"}],"wp:featuredmedia":[{"embeddable":true,"href":"https:\/\/www.africa-press.net\/centrafricaine\/wp-json\/wp\/v2\/media\/83578"}],"wp:attachment":[{"href":"https:\/\/www.africa-press.net\/centrafricaine\/wp-json\/wp\/v2\/media?parent=83580"}],"wp:term":[{"taxonomy":"category","embeddable":true,"href":"https:\/\/www.africa-press.net\/centrafricaine\/wp-json\/wp\/v2\/categories?post=83580"},{"taxonomy":"post_tag","embeddable":true,"href":"https:\/\/www.africa-press.net\/centrafricaine\/wp-json\/wp\/v2\/tags?post=83580"}],"curies":[{"name":"wp","href":"https:\/\/api.w.org\/{rel}","templated":true}]}}