{"id":83590,"date":"2026-04-28T13:51:10","date_gmt":"2026-04-28T13:51:10","guid":{"rendered":"https:\/\/www.africa-press.net\/centrafricaine\/politique\/centrafrique-appel-aux-urnes-pour-second-tour-legislatives"},"modified":"2026-04-28T14:10:23","modified_gmt":"2026-04-28T14:10:23","slug":"centrafrique-appel-aux-urnes-pour-second-tour-legislatives","status":"publish","type":"post","link":"https:\/\/www.africa-press.net\/centrafricaine\/politique\/centrafrique-appel-aux-urnes-pour-second-tour-legislatives","title":{"rendered":"Centrafrique Appel Aux Urnes Pour Second Tour L\u00e9gislatives"},"content":{"rendered":"<p><span style=\"color: #ff6600\"><strong>Africa-Press &#8211; CentrAfricaine. <\/strong><\/span>La Centrafrique organise, dimanche 26 avril, le second tour des e\u0301lections le\u0301gislatives, re\u0301gionales et partielles. Cette journe\u0301e de vote a commence\u0301 sans engouement majeur. Selon de nombreux observateurs et agents e\u0301lectoraux, la plupart des e\u0301lecteurs pre\u0301fe\u0300rent se rendre d&rsquo;abord a\u0300 l&rsquo;e\u0301glise, avant d&rsquo;accomplir leur devoir civique dans l&rsquo;apre\u0300s-midi.<\/p>\n<p>Dans plusieurs bureaux de vote de la capitale et de l&rsquo;arrie\u0300re-pays, le scrutin se de\u0301roule dans le calme ce 26 avril, sans incident majeur. Quelques e\u0301lecteurs se plaignent toutefois de l&rsquo;absence de leur nom sur les listes e\u0301lectorales. Il s&rsquo;agit d&rsquo;un rendez-vous e\u0301lectoral majeur pour la de\u0301signation des de\u0301pute\u0301s, des conseillers municipaux et des repre\u0301sentants re\u0301gionaux.<\/p>\n<p>Ce scrutin de\u0301cisif intervient pre\u0300s de deux mois apre\u0300s la proclamation des re\u0301sultats du premier tour, annonce\u0301s par le Conseil constitutionnel. Re\u0301e\u0301lu a\u0300 l&rsquo;e\u0301lection pre\u0301sidentielle avec 77,90% des suffrages, le pre\u0301sident <b>Faustin-Archange Touade\u0301ra<\/b> a e\u0301te\u0301 investi pour un nouveau mandat, le 30 mars. Selon la pre\u0301sidence, il attend l&rsquo;issue de ces scrutins pour former le premier gouvernement de la septie\u0300me Re\u0301publique.<\/p>\n<p>Quatre-vingt-huit des 144 de\u0301pute\u0301s de l&rsquo;Assemble\u0301e ont e\u0301te\u0301 e\u0301lus de\u0300s le premier tour. Le second tour concerne 46 circonscriptions, tandis que des e\u0301lections partielles se tiennent dans dix autres.<\/p>\n<p>L&rsquo;un des enjeux majeurs se situe a\u0300 Bambouti, dans le sud-est du pays. Lors des e\u0301lections ge\u0301ne\u0301rales, fin de\u0301cembre, une attaque du groupe arme\u0301 Azande\u0301 Ani Kpi Gbe\u0301 (AAKG) y avait empe\u0302che\u0301 la tenue du vote. Plusieurs personnes avaient e\u0301te\u0301 enleve\u0301es, dont un agent de l&rsquo;Autorite\u0301 nationale des e\u0301lections (ANE), toujours retenu a\u0300 ce jour.<\/p>\n<p>Le gouvernement assure que toutes les dispositions se\u0301curitaires ont e\u0301te\u0301 prises pour permettre le bon de\u0301roulement du scrutin. De son co\u0302te\u0301, l&rsquo;ANE confirme le de\u0301ploiement du mate\u0301riel et des agents e\u0301lectoraux sur place. Les bureaux de vote sont donc pre\u0302ts a\u0300 accueillir les e\u0301lecteurs.<\/p>\n<p>Autre acteur mobilise\u0301: le Re\u0301seau Arc-en-Ciel. Les observateurs ont mis en place une salle de veille e\u0301lectorale afin de suivre le scrutin de pre\u0300s. Lors du premier tour, ils avaient releve\u0301 plusieurs irre\u0301gularite\u0301s.<\/p>\n<p>Sur le plan politique, le Mouvement Coeurs unis, parti au pouvoir, a de\u0301ja\u0300 obtenu 50 sie\u0300ges de\u0300s le premier tour. L&rsquo;opposition, qui avait lance\u0301 un appel au boycott, ne participe pas a\u0300 ces e\u0301lections.<\/p>\n<p><strong>Pour plus d&rsquo;informations et d&rsquo;analyses sur la <span style=\"color: #ff6600\">CentrAfricaine<\/span>, suivez <span style=\"color: #ff6600\">Africa-Press<\/span><\/strong><\/p>\n","protected":false},"excerpt":{"rendered":"<p>Africa-Press &#8211; CentrAfricaine. La Centrafrique organise, dimanche 26 avril, le second tour des e\u0301lections le\u0301gislatives, re\u0301gionales et partielles. Cette journe\u0301e de vote a commence\u0301 sans engouement majeur. Selon de nombreux observateurs et agents e\u0301lectoraux, la plupart des e\u0301lecteurs pre\u0301fe\u0300rent se rendre d&rsquo;abord a\u0300 l&rsquo;e\u0301glise, avant d&rsquo;accomplir leur devoir civique dans l&rsquo;apre\u0300s-midi. Dans plusieurs bureaux de [&hellip;]<\/p>\n","protected":false},"author":82,"featured_media":83589,"comment_status":"open","ping_status":"closed","sticky":false,"template":"","format":"standard","meta":{"footnotes":""},"categories":[2,20,10],"tags":[30],"class_list":["post-83590","post","type-post","status-publish","format-standard","has-post-thumbnail","hentry","category-politique","category-top-nouvelles","category-toutes-les-actualites","tag-centrafricaine"],"yoast_head":"<!-- This site is optimized with the Yoast SEO Premium plugin v26.1 (Yoast SEO v27.0) - https:\/\/yoast.com\/product\/yoast-seo-premium-wordpress\/ -->\n<title>Centrafrique Appel Aux Urnes Pour Second Tour L\u00e9gislatives - centrafricaine<\/title>\n<meta name=\"description\" content=\"La Centrafrique organise, dimanche 26 avril, le second tour des e\u0301lections le\u0301gislatives, re\u0301gionales et partielles. Cet ...\" \/>\n<meta name=\"robots\" content=\"index, follow, max-snippet:-1, max-image-preview:large, max-video-preview:-1\" \/>\n<link rel=\"canonical\" href=\"https:\/\/www.africa-press.net\/centrafricaine\/politique\/centrafrique-appel-aux-urnes-pour-second-tour-legislatives\" \/>\n<meta property=\"og:locale\" content=\"fr_FR\" \/>\n<meta property=\"og:type\" content=\"article\" \/>\n<meta property=\"og:title\" content=\"Centrafrique Appel Aux Urnes Pour Second Tour L\u00e9gislatives\" \/>\n<meta property=\"og:description\" content=\"La Centrafrique organise, dimanche 26 avril, le second tour des e\u0301lections le\u0301gislatives, re\u0301gionales et partielles. Cet ...\" \/>\n<meta property=\"og:url\" content=\"https:\/\/www.africa-press.net\/centrafricaine\/politique\/centrafrique-appel-aux-urnes-pour-second-tour-legislatives\" \/>\n<meta property=\"og:site_name\" content=\"centrafricaine\" \/>\n<meta property=\"article:published_time\" content=\"2026-04-28T13:51:10+00:00\" \/>\n<meta property=\"article:modified_time\" content=\"2026-04-28T14:10:23+00:00\" \/>\n<meta property=\"og:image\" content=\"https:\/\/static.africa-press.net\/centrafricaine\/sites\/45\/2026\/04\/sm_1777372744.841265.jpg\" \/>\n\t<meta property=\"og:image:width\" content=\"638\" \/>\n\t<meta property=\"og:image:height\" content=\"488\" \/>\n\t<meta property=\"og:image:type\" content=\"image\/jpeg\" \/>\n<meta name=\"author\" content=\"cfeditorfr\" \/>\n<meta name=\"twitter:card\" content=\"summary_large_image\" \/>\n<meta name=\"twitter:label1\" content=\"\u00c9crit par\" \/>\n\t<meta name=\"twitter:data1\" content=\"cfeditorfr\" \/>\n\t<meta name=\"twitter:label2\" content=\"Dur\u00e9e de lecture estim\u00e9e\" \/>\n\t<meta name=\"twitter:data2\" content=\"3 minutes\" \/>\n<script type=\"application\/ld+json\" class=\"yoast-schema-graph\">{\"@context\":\"https:\/\/schema.org\",\"@graph\":[{\"@type\":\"Article\",\"@id\":\"https:\/\/www.africa-press.net\/centrafricaine\/politique\/centrafrique-appel-aux-urnes-pour-second-tour-legislatives#article\",\"isPartOf\":{\"@id\":\"https:\/\/www.africa-press.net\/centrafricaine\/politique\/centrafrique-appel-aux-urnes-pour-second-tour-legislatives\"},\"author\":{\"name\":\"cfeditorfr\",\"@id\":\"https:\/\/www.africa-press.net\/centrafricaine\/#\/schema\/person\/2b1cf3cd81a31e3cd26889ca66d677f1\"},\"headline\":\"Centrafrique Appel Aux Urnes Pour Second Tour L\u00e9gislatives\",\"datePublished\":\"2026-04-28T13:51:10+00:00\",\"dateModified\":\"2026-04-28T14:10:23+00:00\",\"mainEntityOfPage\":{\"@id\":\"https:\/\/www.africa-press.net\/centrafricaine\/politique\/centrafrique-appel-aux-urnes-pour-second-tour-legislatives\"},\"wordCount\":460,\"commentCount\":0,\"image\":{\"@id\":\"https:\/\/www.africa-press.net\/centrafricaine\/politique\/centrafrique-appel-aux-urnes-pour-second-tour-legislatives#primaryimage\"},\"thumbnailUrl\":\"https:\/\/static.africa-press.net\/centrafricaine\/sites\/45\/2026\/04\/sm_1777372744.841265.jpg\",\"keywords\":[\"CentrAfricaine\"],\"articleSection\":[\"Politique\",\"Top Nouvelles\",\"Toutes les actualit\u00e9s\"],\"inLanguage\":\"fr-FR\",\"potentialAction\":[{\"@type\":\"CommentAction\",\"name\":\"Comment\",\"target\":[\"https:\/\/www.africa-press.net\/centrafricaine\/politique\/centrafrique-appel-aux-urnes-pour-second-tour-legislatives#respond\"]}]},{\"@type\":\"WebPage\",\"@id\":\"https:\/\/www.africa-press.net\/centrafricaine\/politique\/centrafrique-appel-aux-urnes-pour-second-tour-legislatives\",\"url\":\"https:\/\/www.africa-press.net\/centrafricaine\/politique\/centrafrique-appel-aux-urnes-pour-second-tour-legislatives\",\"name\":\"Centrafrique Appel Aux Urnes Pour Second Tour L\u00e9gislatives - centrafricaine\",\"isPartOf\":{\"@id\":\"https:\/\/www.africa-press.net\/centrafricaine\/#website\"},\"primaryImageOfPage\":{\"@id\":\"https:\/\/www.africa-press.net\/centrafricaine\/politique\/centrafrique-appel-aux-urnes-pour-second-tour-legislatives#primaryimage\"},\"image\":{\"@id\":\"https:\/\/www.africa-press.net\/centrafricaine\/politique\/centrafrique-appel-aux-urnes-pour-second-tour-legislatives#primaryimage\"},\"thumbnailUrl\":\"https:\/\/static.africa-press.net\/centrafricaine\/sites\/45\/2026\/04\/sm_1777372744.841265.jpg\",\"datePublished\":\"2026-04-28T13:51:10+00:00\",\"dateModified\":\"2026-04-28T14:10:23+00:00\",\"author\":{\"@id\":\"https:\/\/www.africa-press.net\/centrafricaine\/#\/schema\/person\/2b1cf3cd81a31e3cd26889ca66d677f1\"},\"description\":\"La Centrafrique organise, dimanche 26 avril, le second tour des e\u0301lections le\u0301gislatives, re\u0301gionales et partielles. Cet ...\",\"breadcrumb\":{\"@id\":\"https:\/\/www.africa-press.net\/centrafricaine\/politique\/centrafrique-appel-aux-urnes-pour-second-tour-legislatives#breadcrumb\"},\"inLanguage\":\"fr-FR\",\"potentialAction\":[{\"@type\":\"ReadAction\",\"target\":[\"https:\/\/www.africa-press.net\/centrafricaine\/politique\/centrafrique-appel-aux-urnes-pour-second-tour-legislatives\"]}]},{\"@type\":\"ImageObject\",\"inLanguage\":\"fr-FR\",\"@id\":\"https:\/\/www.africa-press.net\/centrafricaine\/politique\/centrafrique-appel-aux-urnes-pour-second-tour-legislatives#primaryimage\",\"url\":\"https:\/\/static.africa-press.net\/centrafricaine\/sites\/45\/2026\/04\/sm_1777372744.841265.jpg\",\"contentUrl\":\"https:\/\/static.africa-press.net\/centrafricaine\/sites\/45\/2026\/04\/sm_1777372744.841265.jpg\",\"width\":638,\"height\":488,\"caption\":\"Centrafrique Appel Aux Urnes Pour Second Tour L\u00e9gislatives\"},{\"@type\":\"BreadcrumbList\",\"@id\":\"https:\/\/www.africa-press.net\/centrafricaine\/politique\/centrafrique-appel-aux-urnes-pour-second-tour-legislatives#breadcrumb\",\"itemListElement\":[{\"@type\":\"ListItem\",\"position\":1,\"name\":\"Accueil\",\"item\":\"https:\/\/www.africa-press.net\/centrafricaine\/\"},{\"@type\":\"ListItem\",\"position\":2,\"name\":\"Centrafrique Appel Aux Urnes Pour Second Tour L\u00e9gislatives\"}]},{\"@type\":\"WebSite\",\"@id\":\"https:\/\/www.africa-press.net\/centrafricaine\/#website\",\"url\":\"https:\/\/www.africa-press.net\/centrafricaine\/\",\"name\":\"centrafricaine\",\"description\":\"Just another Africa News Agency Sites site\",\"potentialAction\":[{\"@type\":\"SearchAction\",\"target\":{\"@type\":\"EntryPoint\",\"urlTemplate\":\"https:\/\/www.africa-press.net\/centrafricaine\/?s={search_term_string}\"},\"query-input\":{\"@type\":\"PropertyValueSpecification\",\"valueRequired\":true,\"valueName\":\"search_term_string\"}}],\"inLanguage\":\"fr-FR\"},{\"@type\":\"Person\",\"@id\":\"https:\/\/www.africa-press.net\/centrafricaine\/#\/schema\/person\/2b1cf3cd81a31e3cd26889ca66d677f1\",\"name\":\"cfeditorfr\"}]}<\/script>\n<!-- \/ Yoast SEO Premium plugin. -->","yoast_head_json":{"title":"Centrafrique Appel Aux Urnes Pour Second Tour L\u00e9gislatives - centrafricaine","description":"La Centrafrique organise, dimanche 26 avril, le second tour des e\u0301lections le\u0301gislatives, re\u0301gionales et partielles. Cet ...","robots":{"index":"index","follow":"follow","max-snippet":"max-snippet:-1","max-image-preview":"max-image-preview:large","max-video-preview":"max-video-preview:-1"},"canonical":"https:\/\/www.africa-press.net\/centrafricaine\/politique\/centrafrique-appel-aux-urnes-pour-second-tour-legislatives","og_locale":"fr_FR","og_type":"article","og_title":"Centrafrique Appel Aux Urnes Pour Second Tour L\u00e9gislatives","og_description":"La Centrafrique organise, dimanche 26 avril, le second tour des e\u0301lections le\u0301gislatives, re\u0301gionales et partielles. Cet ...","og_url":"https:\/\/www.africa-press.net\/centrafricaine\/politique\/centrafrique-appel-aux-urnes-pour-second-tour-legislatives","og_site_name":"centrafricaine","article_published_time":"2026-04-28T13:51:10+00:00","article_modified_time":"2026-04-28T14:10:23+00:00","og_image":[{"width":638,"height":488,"url":"https:\/\/static.africa-press.net\/centrafricaine\/sites\/45\/2026\/04\/sm_1777372744.841265.jpg","type":"image\/jpeg"}],"author":"cfeditorfr","twitter_card":"summary_large_image","twitter_misc":{"\u00c9crit par":"cfeditorfr","Dur\u00e9e de lecture estim\u00e9e":"3 minutes"},"schema":{"@context":"https:\/\/schema.org","@graph":[{"@type":"Article","@id":"https:\/\/www.africa-press.net\/centrafricaine\/politique\/centrafrique-appel-aux-urnes-pour-second-tour-legislatives#article","isPartOf":{"@id":"https:\/\/www.africa-press.net\/centrafricaine\/politique\/centrafrique-appel-aux-urnes-pour-second-tour-legislatives"},"author":{"name":"cfeditorfr","@id":"https:\/\/www.africa-press.net\/centrafricaine\/#\/schema\/person\/2b1cf3cd81a31e3cd26889ca66d677f1"},"headline":"Centrafrique Appel Aux Urnes Pour Second Tour L\u00e9gislatives","datePublished":"2026-04-28T13:51:10+00:00","dateModified":"2026-04-28T14:10:23+00:00","mainEntityOfPage":{"@id":"https:\/\/www.africa-press.net\/centrafricaine\/politique\/centrafrique-appel-aux-urnes-pour-second-tour-legislatives"},"wordCount":460,"commentCount":0,"image":{"@id":"https:\/\/www.africa-press.net\/centrafricaine\/politique\/centrafrique-appel-aux-urnes-pour-second-tour-legislatives#primaryimage"},"thumbnailUrl":"https:\/\/static.africa-press.net\/centrafricaine\/sites\/45\/2026\/04\/sm_1777372744.841265.jpg","keywords":["CentrAfricaine"],"articleSection":["Politique","Top Nouvelles","Toutes les actualit\u00e9s"],"inLanguage":"fr-FR","potentialAction":[{"@type":"CommentAction","name":"Comment","target":["https:\/\/www.africa-press.net\/centrafricaine\/politique\/centrafrique-appel-aux-urnes-pour-second-tour-legislatives#respond"]}]},{"@type":"WebPage","@id":"https:\/\/www.africa-press.net\/centrafricaine\/politique\/centrafrique-appel-aux-urnes-pour-second-tour-legislatives","url":"https:\/\/www.africa-press.net\/centrafricaine\/politique\/centrafrique-appel-aux-urnes-pour-second-tour-legislatives","name":"Centrafrique Appel Aux Urnes Pour Second Tour L\u00e9gislatives - centrafricaine","isPartOf":{"@id":"https:\/\/www.africa-press.net\/centrafricaine\/#website"},"primaryImageOfPage":{"@id":"https:\/\/www.africa-press.net\/centrafricaine\/politique\/centrafrique-appel-aux-urnes-pour-second-tour-legislatives#primaryimage"},"image":{"@id":"https:\/\/www.africa-press.net\/centrafricaine\/politique\/centrafrique-appel-aux-urnes-pour-second-tour-legislatives#primaryimage"},"thumbnailUrl":"https:\/\/static.africa-press.net\/centrafricaine\/sites\/45\/2026\/04\/sm_1777372744.841265.jpg","datePublished":"2026-04-28T13:51:10+00:00","dateModified":"2026-04-28T14:10:23+00:00","author":{"@id":"https:\/\/www.africa-press.net\/centrafricaine\/#\/schema\/person\/2b1cf3cd81a31e3cd26889ca66d677f1"},"description":"La Centrafrique organise, dimanche 26 avril, le second tour des e\u0301lections le\u0301gislatives, re\u0301gionales et partielles. Cet ...","breadcrumb":{"@id":"https:\/\/www.africa-press.net\/centrafricaine\/politique\/centrafrique-appel-aux-urnes-pour-second-tour-legislatives#breadcrumb"},"inLanguage":"fr-FR","potentialAction":[{"@type":"ReadAction","target":["https:\/\/www.africa-press.net\/centrafricaine\/politique\/centrafrique-appel-aux-urnes-pour-second-tour-legislatives"]}]},{"@type":"ImageObject","inLanguage":"fr-FR","@id":"https:\/\/www.africa-press.net\/centrafricaine\/politique\/centrafrique-appel-aux-urnes-pour-second-tour-legislatives#primaryimage","url":"https:\/\/static.africa-press.net\/centrafricaine\/sites\/45\/2026\/04\/sm_1777372744.841265.jpg","contentUrl":"https:\/\/static.africa-press.net\/centrafricaine\/sites\/45\/2026\/04\/sm_1777372744.841265.jpg","width":638,"height":488,"caption":"Centrafrique Appel Aux Urnes Pour Second Tour L\u00e9gislatives"},{"@type":"BreadcrumbList","@id":"https:\/\/www.africa-press.net\/centrafricaine\/politique\/centrafrique-appel-aux-urnes-pour-second-tour-legislatives#breadcrumb","itemListElement":[{"@type":"ListItem","position":1,"name":"Accueil","item":"https:\/\/www.africa-press.net\/centrafricaine\/"},{"@type":"ListItem","position":2,"name":"Centrafrique Appel Aux Urnes Pour Second Tour L\u00e9gislatives"}]},{"@type":"WebSite","@id":"https:\/\/www.africa-press.net\/centrafricaine\/#website","url":"https:\/\/www.africa-press.net\/centrafricaine\/","name":"centrafricaine","description":"Just another Africa News Agency Sites site","potentialAction":[{"@type":"SearchAction","target":{"@type":"EntryPoint","urlTemplate":"https:\/\/www.africa-press.net\/centrafricaine\/?s={search_term_string}"},"query-input":{"@type":"PropertyValueSpecification","valueRequired":true,"valueName":"search_term_string"}}],"inLanguage":"fr-FR"},{"@type":"Person","@id":"https:\/\/www.africa-press.net\/centrafricaine\/#\/schema\/person\/2b1cf3cd81a31e3cd26889ca66d677f1","name":"cfeditorfr"}]}},"_links":{"self":[{"href":"https:\/\/www.africa-press.net\/centrafricaine\/wp-json\/wp\/v2\/posts\/83590","targetHints":{"allow":["GET"]}}],"collection":[{"href":"https:\/\/www.africa-press.net\/centrafricaine\/wp-json\/wp\/v2\/posts"}],"about":[{"href":"https:\/\/www.africa-press.net\/centrafricaine\/wp-json\/wp\/v2\/types\/post"}],"author":[{"embeddable":true,"href":"https:\/\/www.africa-press.net\/centrafricaine\/wp-json\/wp\/v2\/users\/82"}],"replies":[{"embeddable":true,"href":"https:\/\/www.africa-press.net\/centrafricaine\/wp-json\/wp\/v2\/comments?post=83590"}],"version-history":[{"count":1,"href":"https:\/\/www.africa-press.net\/centrafricaine\/wp-json\/wp\/v2\/posts\/83590\/revisions"}],"predecessor-version":[{"id":83598,"href":"https:\/\/www.africa-press.net\/centrafricaine\/wp-json\/wp\/v2\/posts\/83590\/revisions\/83598"}],"wp:featuredmedia":[{"embeddable":true,"href":"https:\/\/www.africa-press.net\/centrafricaine\/wp-json\/wp\/v2\/media\/83589"}],"wp:attachment":[{"href":"https:\/\/www.africa-press.net\/centrafricaine\/wp-json\/wp\/v2\/media?parent=83590"}],"wp:term":[{"taxonomy":"category","embeddable":true,"href":"https:\/\/www.africa-press.net\/centrafricaine\/wp-json\/wp\/v2\/categories?post=83590"},{"taxonomy":"post_tag","embeddable":true,"href":"https:\/\/www.africa-press.net\/centrafricaine\/wp-json\/wp\/v2\/tags?post=83590"}],"curies":[{"name":"wp","href":"https:\/\/api.w.org\/{rel}","templated":true}]}}