{"id":83592,"date":"2026-04-28T13:52:23","date_gmt":"2026-04-28T13:52:23","guid":{"rendered":"https:\/\/www.africa-press.net\/centrafricaine\/politique\/echanges-francs-pour-changements-concrets-en-planification-familiale"},"modified":"2026-04-28T14:10:39","modified_gmt":"2026-04-28T14:10:39","slug":"echanges-francs-pour-changements-concrets-en-planification-familiale","status":"publish","type":"post","link":"https:\/\/www.africa-press.net\/centrafricaine\/toutes-les-actualites\/echanges-francs-pour-changements-concrets-en-planification-familiale","title":{"rendered":"\u00c9changes Francs Pour Changements Concrets En Planification Familiale"},"content":{"rendered":"<p><span style=\"color: #ff6600\"><strong>Africa-Press &#8211; CentrAfricaine. <\/strong><\/span>A\u0300 Bangui, le Forum national sur la planification familiale s&rsquo;est poursuivi bien au-dela\u0300 des discours d&rsquo;ouverture pour entrer dans le coeur des enjeux. Pendant deux jours, les e\u0301changes ont mis en avant les expe\u0301riences ve\u0301cues et les voix de celles et ceux qui accompagnent, au quotidien, les femmes et les familles. Ces travaux, mene\u0301s les 22 et 23 avril, ont accorde\u0301 une place centrale aux re\u0301alite\u0301s du terrain et aux de\u0301fis rencontre\u0301s sur le terrain.<\/p>\n<p>Au fil des discussions, un constat s&rsquo;est impose\u0301 avec force: ce sujet est largement reconnu comme un levier essentiel pour re\u0301duire la mortalite\u0301 maternelle, mais son impact reste limite\u0301 tant que les barrie\u0300res sociales, culturelles et structurelles ne sont pas vraiment prises en compte. Les participants ont insiste\u0301 sur la ne\u0301cessite\u0301 d&rsquo;aller au-dela\u0300 des politiques et strate\u0301gies pour s&rsquo;attaquer aux causes profondes qui influencent les choix des femmes et des couples.<\/p>\n<p>La question des normes socioculturelles a traverse\u0301 de nombreux e\u0301changes. Les rumeurs, les fausses ide\u0301es et les tabous autour de la contraception continuent de freiner l&rsquo;acce\u0300s aux services, me\u0302me lorsqu&rsquo;ils existent. Pour plusieurs intervenants, il est essentiel de dialoguer avec les communaute\u0301s, d&rsquo;impliquer les leaders religieux et traditionnels, et de renforcer la communication de proximite\u0301 afin d&rsquo;instaurer la confiance.<\/p>\n<p>Dans ce contexte, la voix des sages-femmes a occupe\u0301 une place particulie\u0300re. Pre\u0301sentes au plus pre\u0300s des femmes, souvent premier point de contact avec le syste\u0300me de sante\u0301, elles font le lien entre les politiques nationales et la re\u0301alite\u0301 du terrain. Re\u0301gina Patricia Pepa, pre\u0301sidente de l&rsquo;Association des sages-femmes et infirmie\u0300res accoucheuses de Centrafrique, a rappele\u0301 leur ro\u0302le cle\u0301: \u00ab Les sage-femmes constituent un pilier essentiel de la sante\u0301 des me\u0300res et de la sante\u0301 reproductive. Nous intervenons a\u0300 toutes les e\u0301tapes, que ce soit pour les consultations pre\u0301natales, l&rsquo;accouchement ou encore la planification familiale. Lorsqu&rsquo;on nous donne les moyens de travailler correctement, beaucoup de situations a\u0300 risque peuvent e\u0302tre e\u0301vite\u0301es. \u00bb<\/p>\n<p>Son intervention a aussi mis en lumie\u0300re les difficulte\u0301s auxquelles elles font face: manque de personnel, re\u0301partition ine\u0301gale sur le territoire, ruptures d&rsquo;intrants et conditions de travail parfois pre\u0301caires. Selon elle, il est essentiel d&rsquo;impliquer pleinement les sages-femmes dans les de\u0301cisions et les actions qui suivront le forum afin que les recommandations aient un impact concret.<\/p>\n<p>Les organisations de femmes ont, quant a\u0300 elles, rappele\u0301 l&rsquo;importance de replacer ce sujet dans la vie quotidienne des me\u0301nages. Sandrine Solet-Andji, coordinatrice de l&rsquo;ONG Femme Initiative (FEMI), a insiste\u0301 sur les obstacles persistants. \u00ab Le manque d&rsquo;informations fiables, les tabous socioculturels et la pre\u0301carite\u0301 limitent fortement l&rsquo;acce\u0300s des femmes aux services. La planification familiale est un outil de protection, d&rsquo;e\u0301quilibre et de dignite\u0301 qui doit e\u0302tre mieux compris et soutenu par tous \u00bb, a-t-elle explique\u0301. Elle a e\u0301galement souligne\u0301 le ro\u0302le des organisations de la socie\u0301te\u0301 civile dans l&rsquo;information, l&rsquo;accompagnement et le plaidoyer.<\/p>\n<p>Du co\u0302te\u0301 me\u0301dical, les discussions ont permis de rappeler l&rsquo;ampleur des enjeux. Le Professeur Richard Norbert Ngbale, pre\u0301sident de la Socie\u0301te\u0301 centrafricaine de gyne\u0301cologie obste\u0301trique, a qualifie\u0301 la mortalite\u0301 maternelle \u00ab d&rsquo;injustice sociale profonde \u00bb. \u00ab Ce sujet est le premier pilier de la pre\u0301vention. Une part importante des de\u0301ce\u0300s maternels est lie\u0301e aux grossesses non de\u0301sire\u0301es et aux complications d&rsquo;avortements a\u0300 risque \u00bb, a-t-il souligne\u0301. Pour lui, mieux travailler ensemble &#8212; entre gyne\u0301cologues, sages-femmes et acteurs communautaires &#8212; est essentiel pour atteindre les zones les plus isole\u0301es.<\/p>\n<p>L&rsquo;attention porte\u0301e aux jeunes et aux adolescents des deux sexes a e\u0301galement marque\u0301 ces deux journe\u0301es. Les e\u0301changes ont mis en e\u0301vidence la ne\u0301cessite\u0301 de services adapte\u0301s, confidentiels et accessibles, capables d&rsquo;atteindre les jeunes avant que des grossesses pre\u0301coces n&rsquo;affectent leur sante\u0301 et leur parcours scolaire. Plusieurs participants ont souligne\u0301 que la pre\u0301vention et l&rsquo;e\u0301ducation a\u0300 la sante\u0301 reproductive de\u0300s le plus jeune a\u0302ge sont un investissement important pour l&rsquo;avenir.<\/p>\n<p>Progressivement, les discussions ont aussi fait e\u0301merger la question du financement et de la coordination. Dans un contexte de ressources limite\u0301es, le fait que plusieurs secteurs doivent travailler ensemble et planifier de manie\u0300re coordonne\u0301e a e\u0301te\u0301 pre\u0301sente\u0301 comme une condition essentielle pour renforcer l&rsquo;impact des actions. E\u0301viter de faire les me\u0302mes actions en paralle\u0300le et concentrer les efforts la\u0300 ou\u0300 les besoins sont les plus importants est apparu comme une priorite\u0301 partage\u0301e.<\/p>\n<p>Le ro\u0302le de l&rsquo;Organisation mondiale de la Sante\u0301 (OMS) a e\u0301galement e\u0301te\u0301 largement souligne\u0301. Le Dr Le\u0301opold Oue\u0301draogo, conseiller re\u0301gional pour la sante\u0301 de la reproduction au Bureau re\u0301gional de l&rsquo;OMS pour l&rsquo;Afrique, a mis en avant l&rsquo;importance du travail conjoint de plusieurs secteurs. \u00ab Ce forum a montre\u0301 qu&rsquo;aucune solution durable n&rsquo;est possible sans la mobilisation de l&rsquo;ensemble de la socie\u0301te\u0301. Ce sujet ne rele\u0300ve pas uniquement du secteur de la sante\u0301 \u00bb, a-t-il affirme\u0301, saluant l&rsquo;engagement observe\u0301 durant ces travaux.<\/p>\n<p>Au terme des e\u0301changes, la pre\u0301sentation des recommandations et de la feuille de route post-forum a constitue\u0301 un moment cle\u0301. Plus qu&rsquo;une conclusion, cette e\u0301tape a rappele\u0301 la ne\u0301cessite\u0301 de s&rsquo;assurer que chacun rende compte des engagements pris et que les actions suivent re\u0301ellement sur le terrain.<\/p>\n<p>Les travaux des 22 et 23 avril ont ainsi permis de remettre les re\u0301alite\u0301s du terrain au centre des de\u0301cisions. En donnant la parole aux professionnelles de sante\u0301, aux organisations de femmes et aux experts, le Forum national sur la planification familiale a pose\u0301 les bases d&rsquo;une action collective ne\u0301cessaire. Investir dans la sante\u0301, la dignite\u0301 et dans l&rsquo;avenir des femmes de la Re\u0301publique centrafricaine ne\u0301cessite une planification familiale adapte\u0301e aux re\u0301alite\u0301s des familles.<\/p>\n<p><b>Source: allAfrica.fr<\/b><\/p>\n<p><strong>Pour plus d&rsquo;informations et d&rsquo;analyses sur la <span style=\"color: #ff6600\">CentrAfricaine<\/span>, suivez <span style=\"color: #ff6600\">Africa-Press<\/span><\/strong><\/p>\n","protected":false},"excerpt":{"rendered":"<p>Africa-Press &#8211; CentrAfricaine. A\u0300 Bangui, le Forum national sur la planification familiale s&rsquo;est poursuivi bien au-dela\u0300 des discours d&rsquo;ouverture pour entrer dans le coeur des enjeux. Pendant deux jours, les e\u0301changes ont mis en avant les expe\u0301riences ve\u0301cues et les voix de celles et ceux qui accompagnent, au quotidien, les femmes et les familles. Ces [&hellip;]<\/p>\n","protected":false},"author":82,"featured_media":83591,"comment_status":"open","ping_status":"closed","sticky":false,"template":"","format":"standard","meta":{"footnotes":""},"categories":[21,10],"tags":[30],"class_list":["post-83592","post","type-post","status-publish","format-standard","has-post-thumbnail","hentry","category-communaute","category-toutes-les-actualites","tag-centrafricaine"],"yoast_head":"<!-- This site is optimized with the Yoast SEO Premium plugin v26.1 (Yoast SEO v27.0) - https:\/\/yoast.com\/product\/yoast-seo-premium-wordpress\/ -->\n<title>\u00c9changes Francs Pour Changements Concrets En Planification Familiale - centrafricaine<\/title>\n<meta name=\"description\" content=\"A\u0300 Bangui, le Forum national sur la planification familiale s&#039;est poursuivi bien au-dela\u0300 des discours d&#039;ouverture pour ...\" \/>\n<meta name=\"robots\" content=\"index, follow, max-snippet:-1, max-image-preview:large, max-video-preview:-1\" \/>\n<link rel=\"canonical\" href=\"https:\/\/www.africa-press.net\/centrafricaine\/toutes-les-actualites\/echanges-francs-pour-changements-concrets-en-planification-familiale\" \/>\n<meta property=\"og:locale\" content=\"fr_FR\" \/>\n<meta property=\"og:type\" content=\"article\" \/>\n<meta property=\"og:title\" content=\"\u00c9changes Francs Pour Changements Concrets En Planification Familiale\" \/>\n<meta property=\"og:description\" content=\"A\u0300 Bangui, le Forum national sur la planification familiale s&#039;est poursuivi bien au-dela\u0300 des discours d&#039;ouverture pour ...\" \/>\n<meta property=\"og:url\" content=\"https:\/\/www.africa-press.net\/centrafricaine\/toutes-les-actualites\/echanges-francs-pour-changements-concrets-en-planification-familiale\" \/>\n<meta property=\"og:site_name\" content=\"centrafricaine\" \/>\n<meta property=\"article:published_time\" content=\"2026-04-28T13:52:23+00:00\" \/>\n<meta property=\"article:modified_time\" content=\"2026-04-28T14:10:39+00:00\" \/>\n<meta property=\"og:image\" content=\"https:\/\/static.africa-press.net\/centrafricaine\/sites\/45\/2026\/04\/sm_1777372765.408252.jpg\" \/>\n\t<meta property=\"og:image:width\" content=\"1440\" \/>\n\t<meta property=\"og:image:height\" content=\"1080\" \/>\n\t<meta property=\"og:image:type\" content=\"image\/jpeg\" \/>\n<meta name=\"author\" content=\"cfeditorfr\" \/>\n<meta name=\"twitter:card\" content=\"summary_large_image\" \/>\n<meta name=\"twitter:label1\" content=\"\u00c9crit par\" \/>\n\t<meta name=\"twitter:data1\" content=\"cfeditorfr\" \/>\n\t<meta name=\"twitter:label2\" content=\"Dur\u00e9e de lecture estim\u00e9e\" \/>\n\t<meta name=\"twitter:data2\" content=\"5 minutes\" \/>\n<script type=\"application\/ld+json\" class=\"yoast-schema-graph\">{\"@context\":\"https:\/\/schema.org\",\"@graph\":[{\"@type\":\"Article\",\"@id\":\"https:\/\/www.africa-press.net\/centrafricaine\/toutes-les-actualites\/echanges-francs-pour-changements-concrets-en-planification-familiale#article\",\"isPartOf\":{\"@id\":\"https:\/\/www.africa-press.net\/centrafricaine\/toutes-les-actualites\/echanges-francs-pour-changements-concrets-en-planification-familiale\"},\"author\":{\"name\":\"cfeditorfr\",\"@id\":\"https:\/\/www.africa-press.net\/centrafricaine\/#\/schema\/person\/2b1cf3cd81a31e3cd26889ca66d677f1\"},\"headline\":\"\u00c9changes Francs Pour Changements Concrets En Planification Familiale\",\"datePublished\":\"2026-04-28T13:52:23+00:00\",\"dateModified\":\"2026-04-28T14:10:39+00:00\",\"mainEntityOfPage\":{\"@id\":\"https:\/\/www.africa-press.net\/centrafricaine\/toutes-les-actualites\/echanges-francs-pour-changements-concrets-en-planification-familiale\"},\"wordCount\":1059,\"commentCount\":0,\"image\":{\"@id\":\"https:\/\/www.africa-press.net\/centrafricaine\/toutes-les-actualites\/echanges-francs-pour-changements-concrets-en-planification-familiale#primaryimage\"},\"thumbnailUrl\":\"https:\/\/static.africa-press.net\/centrafricaine\/sites\/45\/2026\/04\/sm_1777372765.408252.jpg\",\"keywords\":[\"CentrAfricaine\"],\"articleSection\":[\"Communaut\u00e9\",\"Toutes les actualit\u00e9s\"],\"inLanguage\":\"fr-FR\",\"potentialAction\":[{\"@type\":\"CommentAction\",\"name\":\"Comment\",\"target\":[\"https:\/\/www.africa-press.net\/centrafricaine\/toutes-les-actualites\/echanges-francs-pour-changements-concrets-en-planification-familiale#respond\"]}]},{\"@type\":\"WebPage\",\"@id\":\"https:\/\/www.africa-press.net\/centrafricaine\/toutes-les-actualites\/echanges-francs-pour-changements-concrets-en-planification-familiale\",\"url\":\"https:\/\/www.africa-press.net\/centrafricaine\/toutes-les-actualites\/echanges-francs-pour-changements-concrets-en-planification-familiale\",\"name\":\"\u00c9changes Francs Pour Changements Concrets En Planification Familiale - centrafricaine\",\"isPartOf\":{\"@id\":\"https:\/\/www.africa-press.net\/centrafricaine\/#website\"},\"primaryImageOfPage\":{\"@id\":\"https:\/\/www.africa-press.net\/centrafricaine\/toutes-les-actualites\/echanges-francs-pour-changements-concrets-en-planification-familiale#primaryimage\"},\"image\":{\"@id\":\"https:\/\/www.africa-press.net\/centrafricaine\/toutes-les-actualites\/echanges-francs-pour-changements-concrets-en-planification-familiale#primaryimage\"},\"thumbnailUrl\":\"https:\/\/static.africa-press.net\/centrafricaine\/sites\/45\/2026\/04\/sm_1777372765.408252.jpg\",\"datePublished\":\"2026-04-28T13:52:23+00:00\",\"dateModified\":\"2026-04-28T14:10:39+00:00\",\"author\":{\"@id\":\"https:\/\/www.africa-press.net\/centrafricaine\/#\/schema\/person\/2b1cf3cd81a31e3cd26889ca66d677f1\"},\"description\":\"A\u0300 Bangui, le Forum national sur la planification familiale s'est poursuivi bien au-dela\u0300 des discours d'ouverture pour ...\",\"breadcrumb\":{\"@id\":\"https:\/\/www.africa-press.net\/centrafricaine\/toutes-les-actualites\/echanges-francs-pour-changements-concrets-en-planification-familiale#breadcrumb\"},\"inLanguage\":\"fr-FR\",\"potentialAction\":[{\"@type\":\"ReadAction\",\"target\":[\"https:\/\/www.africa-press.net\/centrafricaine\/toutes-les-actualites\/echanges-francs-pour-changements-concrets-en-planification-familiale\"]}]},{\"@type\":\"ImageObject\",\"inLanguage\":\"fr-FR\",\"@id\":\"https:\/\/www.africa-press.net\/centrafricaine\/toutes-les-actualites\/echanges-francs-pour-changements-concrets-en-planification-familiale#primaryimage\",\"url\":\"https:\/\/static.africa-press.net\/centrafricaine\/sites\/45\/2026\/04\/sm_1777372765.408252.jpg\",\"contentUrl\":\"https:\/\/static.africa-press.net\/centrafricaine\/sites\/45\/2026\/04\/sm_1777372765.408252.jpg\",\"width\":1440,\"height\":1080,\"caption\":\"\u00c9changes Francs Pour Changements Concrets En Planification Familiale\"},{\"@type\":\"BreadcrumbList\",\"@id\":\"https:\/\/www.africa-press.net\/centrafricaine\/toutes-les-actualites\/echanges-francs-pour-changements-concrets-en-planification-familiale#breadcrumb\",\"itemListElement\":[{\"@type\":\"ListItem\",\"position\":1,\"name\":\"Accueil\",\"item\":\"https:\/\/www.africa-press.net\/centrafricaine\/\"},{\"@type\":\"ListItem\",\"position\":2,\"name\":\"\u00c9changes Francs Pour Changements Concrets En Planification Familiale\"}]},{\"@type\":\"WebSite\",\"@id\":\"https:\/\/www.africa-press.net\/centrafricaine\/#website\",\"url\":\"https:\/\/www.africa-press.net\/centrafricaine\/\",\"name\":\"centrafricaine\",\"description\":\"Just another Africa News Agency Sites site\",\"potentialAction\":[{\"@type\":\"SearchAction\",\"target\":{\"@type\":\"EntryPoint\",\"urlTemplate\":\"https:\/\/www.africa-press.net\/centrafricaine\/?s={search_term_string}\"},\"query-input\":{\"@type\":\"PropertyValueSpecification\",\"valueRequired\":true,\"valueName\":\"search_term_string\"}}],\"inLanguage\":\"fr-FR\"},{\"@type\":\"Person\",\"@id\":\"https:\/\/www.africa-press.net\/centrafricaine\/#\/schema\/person\/2b1cf3cd81a31e3cd26889ca66d677f1\",\"name\":\"cfeditorfr\"}]}<\/script>\n<!-- \/ Yoast SEO Premium plugin. -->","yoast_head_json":{"title":"\u00c9changes Francs Pour Changements Concrets En Planification Familiale - centrafricaine","description":"A\u0300 Bangui, le Forum national sur la planification familiale s'est poursuivi bien au-dela\u0300 des discours d'ouverture pour ...","robots":{"index":"index","follow":"follow","max-snippet":"max-snippet:-1","max-image-preview":"max-image-preview:large","max-video-preview":"max-video-preview:-1"},"canonical":"https:\/\/www.africa-press.net\/centrafricaine\/toutes-les-actualites\/echanges-francs-pour-changements-concrets-en-planification-familiale","og_locale":"fr_FR","og_type":"article","og_title":"\u00c9changes Francs Pour Changements Concrets En Planification Familiale","og_description":"A\u0300 Bangui, le Forum national sur la planification familiale s'est poursuivi bien au-dela\u0300 des discours d'ouverture pour ...","og_url":"https:\/\/www.africa-press.net\/centrafricaine\/toutes-les-actualites\/echanges-francs-pour-changements-concrets-en-planification-familiale","og_site_name":"centrafricaine","article_published_time":"2026-04-28T13:52:23+00:00","article_modified_time":"2026-04-28T14:10:39+00:00","og_image":[{"width":1440,"height":1080,"url":"https:\/\/static.africa-press.net\/centrafricaine\/sites\/45\/2026\/04\/sm_1777372765.408252.jpg","type":"image\/jpeg"}],"author":"cfeditorfr","twitter_card":"summary_large_image","twitter_misc":{"\u00c9crit par":"cfeditorfr","Dur\u00e9e de lecture estim\u00e9e":"5 minutes"},"schema":{"@context":"https:\/\/schema.org","@graph":[{"@type":"Article","@id":"https:\/\/www.africa-press.net\/centrafricaine\/toutes-les-actualites\/echanges-francs-pour-changements-concrets-en-planification-familiale#article","isPartOf":{"@id":"https:\/\/www.africa-press.net\/centrafricaine\/toutes-les-actualites\/echanges-francs-pour-changements-concrets-en-planification-familiale"},"author":{"name":"cfeditorfr","@id":"https:\/\/www.africa-press.net\/centrafricaine\/#\/schema\/person\/2b1cf3cd81a31e3cd26889ca66d677f1"},"headline":"\u00c9changes Francs Pour Changements Concrets En Planification Familiale","datePublished":"2026-04-28T13:52:23+00:00","dateModified":"2026-04-28T14:10:39+00:00","mainEntityOfPage":{"@id":"https:\/\/www.africa-press.net\/centrafricaine\/toutes-les-actualites\/echanges-francs-pour-changements-concrets-en-planification-familiale"},"wordCount":1059,"commentCount":0,"image":{"@id":"https:\/\/www.africa-press.net\/centrafricaine\/toutes-les-actualites\/echanges-francs-pour-changements-concrets-en-planification-familiale#primaryimage"},"thumbnailUrl":"https:\/\/static.africa-press.net\/centrafricaine\/sites\/45\/2026\/04\/sm_1777372765.408252.jpg","keywords":["CentrAfricaine"],"articleSection":["Communaut\u00e9","Toutes les actualit\u00e9s"],"inLanguage":"fr-FR","potentialAction":[{"@type":"CommentAction","name":"Comment","target":["https:\/\/www.africa-press.net\/centrafricaine\/toutes-les-actualites\/echanges-francs-pour-changements-concrets-en-planification-familiale#respond"]}]},{"@type":"WebPage","@id":"https:\/\/www.africa-press.net\/centrafricaine\/toutes-les-actualites\/echanges-francs-pour-changements-concrets-en-planification-familiale","url":"https:\/\/www.africa-press.net\/centrafricaine\/toutes-les-actualites\/echanges-francs-pour-changements-concrets-en-planification-familiale","name":"\u00c9changes Francs Pour Changements Concrets En Planification Familiale - centrafricaine","isPartOf":{"@id":"https:\/\/www.africa-press.net\/centrafricaine\/#website"},"primaryImageOfPage":{"@id":"https:\/\/www.africa-press.net\/centrafricaine\/toutes-les-actualites\/echanges-francs-pour-changements-concrets-en-planification-familiale#primaryimage"},"image":{"@id":"https:\/\/www.africa-press.net\/centrafricaine\/toutes-les-actualites\/echanges-francs-pour-changements-concrets-en-planification-familiale#primaryimage"},"thumbnailUrl":"https:\/\/static.africa-press.net\/centrafricaine\/sites\/45\/2026\/04\/sm_1777372765.408252.jpg","datePublished":"2026-04-28T13:52:23+00:00","dateModified":"2026-04-28T14:10:39+00:00","author":{"@id":"https:\/\/www.africa-press.net\/centrafricaine\/#\/schema\/person\/2b1cf3cd81a31e3cd26889ca66d677f1"},"description":"A\u0300 Bangui, le Forum national sur la planification familiale s'est poursuivi bien au-dela\u0300 des discours d'ouverture pour ...","breadcrumb":{"@id":"https:\/\/www.africa-press.net\/centrafricaine\/toutes-les-actualites\/echanges-francs-pour-changements-concrets-en-planification-familiale#breadcrumb"},"inLanguage":"fr-FR","potentialAction":[{"@type":"ReadAction","target":["https:\/\/www.africa-press.net\/centrafricaine\/toutes-les-actualites\/echanges-francs-pour-changements-concrets-en-planification-familiale"]}]},{"@type":"ImageObject","inLanguage":"fr-FR","@id":"https:\/\/www.africa-press.net\/centrafricaine\/toutes-les-actualites\/echanges-francs-pour-changements-concrets-en-planification-familiale#primaryimage","url":"https:\/\/static.africa-press.net\/centrafricaine\/sites\/45\/2026\/04\/sm_1777372765.408252.jpg","contentUrl":"https:\/\/static.africa-press.net\/centrafricaine\/sites\/45\/2026\/04\/sm_1777372765.408252.jpg","width":1440,"height":1080,"caption":"\u00c9changes Francs Pour Changements Concrets En Planification Familiale"},{"@type":"BreadcrumbList","@id":"https:\/\/www.africa-press.net\/centrafricaine\/toutes-les-actualites\/echanges-francs-pour-changements-concrets-en-planification-familiale#breadcrumb","itemListElement":[{"@type":"ListItem","position":1,"name":"Accueil","item":"https:\/\/www.africa-press.net\/centrafricaine\/"},{"@type":"ListItem","position":2,"name":"\u00c9changes Francs Pour Changements Concrets En Planification Familiale"}]},{"@type":"WebSite","@id":"https:\/\/www.africa-press.net\/centrafricaine\/#website","url":"https:\/\/www.africa-press.net\/centrafricaine\/","name":"centrafricaine","description":"Just another Africa News Agency Sites site","potentialAction":[{"@type":"SearchAction","target":{"@type":"EntryPoint","urlTemplate":"https:\/\/www.africa-press.net\/centrafricaine\/?s={search_term_string}"},"query-input":{"@type":"PropertyValueSpecification","valueRequired":true,"valueName":"search_term_string"}}],"inLanguage":"fr-FR"},{"@type":"Person","@id":"https:\/\/www.africa-press.net\/centrafricaine\/#\/schema\/person\/2b1cf3cd81a31e3cd26889ca66d677f1","name":"cfeditorfr"}]}},"_links":{"self":[{"href":"https:\/\/www.africa-press.net\/centrafricaine\/wp-json\/wp\/v2\/posts\/83592","targetHints":{"allow":["GET"]}}],"collection":[{"href":"https:\/\/www.africa-press.net\/centrafricaine\/wp-json\/wp\/v2\/posts"}],"about":[{"href":"https:\/\/www.africa-press.net\/centrafricaine\/wp-json\/wp\/v2\/types\/post"}],"author":[{"embeddable":true,"href":"https:\/\/www.africa-press.net\/centrafricaine\/wp-json\/wp\/v2\/users\/82"}],"replies":[{"embeddable":true,"href":"https:\/\/www.africa-press.net\/centrafricaine\/wp-json\/wp\/v2\/comments?post=83592"}],"version-history":[{"count":1,"href":"https:\/\/www.africa-press.net\/centrafricaine\/wp-json\/wp\/v2\/posts\/83592\/revisions"}],"predecessor-version":[{"id":83599,"href":"https:\/\/www.africa-press.net\/centrafricaine\/wp-json\/wp\/v2\/posts\/83592\/revisions\/83599"}],"wp:featuredmedia":[{"embeddable":true,"href":"https:\/\/www.africa-press.net\/centrafricaine\/wp-json\/wp\/v2\/media\/83591"}],"wp:attachment":[{"href":"https:\/\/www.africa-press.net\/centrafricaine\/wp-json\/wp\/v2\/media?parent=83592"}],"wp:term":[{"taxonomy":"category","embeddable":true,"href":"https:\/\/www.africa-press.net\/centrafricaine\/wp-json\/wp\/v2\/categories?post=83592"},{"taxonomy":"post_tag","embeddable":true,"href":"https:\/\/www.africa-press.net\/centrafricaine\/wp-json\/wp\/v2\/tags?post=83592"}],"curies":[{"name":"wp","href":"https:\/\/api.w.org\/{rel}","templated":true}]}}