{"id":83597,"date":"2026-04-28T13:54:09","date_gmt":"2026-04-28T13:54:09","guid":{"rendered":"https:\/\/www.africa-press.net\/centrafricaine\/politique\/resultats-legislatives-et-formation-gouvernement"},"modified":"2026-04-28T14:11:07","modified_gmt":"2026-04-28T14:11:07","slug":"resultats-legislatives-et-formation-gouvernement","status":"publish","type":"post","link":"https:\/\/www.africa-press.net\/centrafricaine\/politique\/resultats-legislatives-et-formation-gouvernement","title":{"rendered":"R\u00e9sultats L\u00e9gislatives et Formation Gouvernement"},"content":{"rendered":"<p><span style=\"color: #ff6600\"><strong>Africa-Press &#8211; CentrAfricaine. <\/strong><\/span>En Centrafrique, quatre mois apre\u0300s les e\u0301lections ge\u0301ne\u0301rales du 28 de\u0301cembre dernier, les Centrafricains e\u0301taient une fois de plus appele\u0301s aux urnes, dimanche 26 avril 2026, pour le second tour des e\u0301lections le\u0301gislatives, re\u0301gionales ainsi que les e\u0301lections partielles. Malgre\u0301 une faible participation releve\u0301e par les observateurs, les scrutins se sont de\u0301roule\u0301s dans le calme, sans incident, dans l&rsquo;ensemble des circonscriptions concerne\u0301es.<\/p>\n<p>Selon l&rsquo;autorite\u0301 nationale des e\u0301lections (ANE), environ 1 240 000 e\u0301lecteurs, soit 51,7 % du corps e\u0301lectoral, ont pris part aux scrutins. Ils se sont de\u0301roule\u0301s dans 19 pre\u0301fectures sur les 20 que compte la Re\u0301publique <b>centrafricaine<\/b>.<\/p>\n<p>Mathieu Seramelet, rapporteur de l&rsquo;ANE, pre\u0301sente les e\u0301tapes a\u0300 suivre. \u00ab Il y a eu de\u0301pouillement au niveau de chaque bureau de vote. Au niveau du centre de traitement des donne\u0301es, nous avons commence\u0301 a\u0300 recevoir les enveloppes en provenance de chaque de\u0301membrement et apre\u0300s, c&rsquo;est chaque soir, nous aurons a\u0300 publier les re\u0301sultats. Bureau de vote par bureau de vote \u00bb.<\/p>\n<p><b>\u00ab Des re\u0301sultats qui sortent effectivement des urnes \u00bb<\/b><\/p>\n<p>Le second tour concernait 46 circonscriptions, tandis que des e\u0301lections partielles se tenaient dans dix autres. Ze\u0301phirin Kaya, coordonnateur technique des ope\u0301rations e\u0301lectorales du Re\u0301seau Arc-en-ciel, dresse le bilan de ces scrutins pour lesquels \u00ab les incidents sont mineurs \u00bb.<\/p>\n<p>\u00ab Les forces de l&rsquo;ordre ont assume\u0301 dans la ple\u0301nitude de leur mission pour garantir le bon de\u0301roulement du scrutin, explique-t-il. Nous demandons aux agents de l&rsquo;ANE de faire leur travail, d&rsquo;e\u0302tre professionnels et que ces re\u0301sultats soient des re\u0301sultats qui sortent effectivement des urnes \u00bb.<\/p>\n<p>De son co\u0302te\u0301, la <b>Minusca<\/b>, la force des Nations unies en Centrafrique, qui a contribue\u0301 sur le plan logistique et se\u0301curitaire a\u0300 l&rsquo;organisation de ces scrutins, salue des e\u0301lections pacifiques et ordonne\u0301es. De\u0301sormais, l&rsquo;Autorite\u0301 nationale des e\u0301lections dispose de huit jours pour publier les re\u0301sultats.<\/p>\n<p>Re\u0301e\u0301lu a\u0300 l&rsquo;e\u0301lection pre\u0301sidentielle avec 77,90 % des suffrages, le pre\u0301sident <b>Faustin-Archange Touade\u0301ra<\/b> a e\u0301te\u0301 investi pour un troisie\u0300me mandat le 30 mars dernier. Selon la pre\u0301sidence, il attend l&rsquo;issue de ces scrutins pour former le premier gouvernement de la septie\u0300me Re\u0301publique.<\/p>\n<p><strong>Pour plus d&rsquo;informations et d&rsquo;analyses sur la <span style=\"color: #ff6600\">CentrAfricaine<\/span>, suivez <span style=\"color: #ff6600\">Africa-Press<\/span><\/strong><\/p>\n","protected":false},"excerpt":{"rendered":"<p>Africa-Press &#8211; CentrAfricaine. En Centrafrique, quatre mois apre\u0300s les e\u0301lections ge\u0301ne\u0301rales du 28 de\u0301cembre dernier, les Centrafricains e\u0301taient une fois de plus appele\u0301s aux urnes, dimanche 26 avril 2026, pour le second tour des e\u0301lections le\u0301gislatives, re\u0301gionales ainsi que les e\u0301lections partielles. Malgre\u0301 une faible participation releve\u0301e par les observateurs, les scrutins se sont de\u0301roule\u0301s [&hellip;]<\/p>\n","protected":false},"author":82,"featured_media":83596,"comment_status":"open","ping_status":"closed","sticky":false,"template":"","format":"standard","meta":{"footnotes":""},"categories":[2,84,20,10],"tags":[30],"class_list":["post-83597","post","type-post","status-publish","format-standard","has-post-thumbnail","hentry","category-politique","category-to-homepage","category-top-nouvelles","category-toutes-les-actualites","tag-centrafricaine"],"yoast_head":"<!-- This site is optimized with the Yoast SEO Premium plugin v26.1 (Yoast SEO v27.0) - https:\/\/yoast.com\/product\/yoast-seo-premium-wordpress\/ -->\n<title>R\u00e9sultats L\u00e9gislatives et Formation Gouvernement - centrafricaine<\/title>\n<meta name=\"description\" content=\"En Centrafrique, quatre mois apre\u0300s les e\u0301lections ge\u0301ne\u0301rales du 28 de\u0301cembre dernier, les Centrafricains e\u0301taient une ...\" \/>\n<meta name=\"robots\" content=\"index, follow, max-snippet:-1, max-image-preview:large, max-video-preview:-1\" \/>\n<link rel=\"canonical\" href=\"https:\/\/www.africa-press.net\/centrafricaine\/politique\/resultats-legislatives-et-formation-gouvernement\" \/>\n<meta property=\"og:locale\" content=\"fr_FR\" \/>\n<meta property=\"og:type\" content=\"article\" \/>\n<meta property=\"og:title\" content=\"R\u00e9sultats L\u00e9gislatives et Formation Gouvernement\" \/>\n<meta property=\"og:description\" content=\"En Centrafrique, quatre mois apre\u0300s les e\u0301lections ge\u0301ne\u0301rales du 28 de\u0301cembre dernier, les Centrafricains e\u0301taient une ...\" \/>\n<meta property=\"og:url\" content=\"https:\/\/www.africa-press.net\/centrafricaine\/politique\/resultats-legislatives-et-formation-gouvernement\" \/>\n<meta property=\"og:site_name\" content=\"centrafricaine\" \/>\n<meta property=\"article:published_time\" content=\"2026-04-28T13:54:09+00:00\" \/>\n<meta property=\"article:modified_time\" content=\"2026-04-28T14:11:07+00:00\" \/>\n<meta property=\"og:image\" content=\"https:\/\/static.africa-press.net\/centrafricaine\/sites\/45\/2026\/04\/sm_1777372811.182203.jpg\" \/>\n\t<meta property=\"og:image:width\" content=\"906\" \/>\n\t<meta property=\"og:image:height\" content=\"506\" \/>\n\t<meta property=\"og:image:type\" content=\"image\/jpeg\" \/>\n<meta name=\"author\" content=\"cfeditorfr\" \/>\n<meta name=\"twitter:card\" content=\"summary_large_image\" \/>\n<meta name=\"twitter:label1\" content=\"\u00c9crit par\" \/>\n\t<meta name=\"twitter:data1\" content=\"cfeditorfr\" \/>\n\t<meta name=\"twitter:label2\" content=\"Dur\u00e9e de lecture estim\u00e9e\" \/>\n\t<meta name=\"twitter:data2\" content=\"2 minutes\" \/>\n<script type=\"application\/ld+json\" class=\"yoast-schema-graph\">{\"@context\":\"https:\/\/schema.org\",\"@graph\":[{\"@type\":\"Article\",\"@id\":\"https:\/\/www.africa-press.net\/centrafricaine\/politique\/resultats-legislatives-et-formation-gouvernement#article\",\"isPartOf\":{\"@id\":\"https:\/\/www.africa-press.net\/centrafricaine\/politique\/resultats-legislatives-et-formation-gouvernement\"},\"author\":{\"name\":\"cfeditorfr\",\"@id\":\"https:\/\/www.africa-press.net\/centrafricaine\/#\/schema\/person\/2b1cf3cd81a31e3cd26889ca66d677f1\"},\"headline\":\"R\u00e9sultats L\u00e9gislatives et Formation Gouvernement\",\"datePublished\":\"2026-04-28T13:54:09+00:00\",\"dateModified\":\"2026-04-28T14:11:07+00:00\",\"mainEntityOfPage\":{\"@id\":\"https:\/\/www.africa-press.net\/centrafricaine\/politique\/resultats-legislatives-et-formation-gouvernement\"},\"wordCount\":412,\"commentCount\":0,\"image\":{\"@id\":\"https:\/\/www.africa-press.net\/centrafricaine\/politique\/resultats-legislatives-et-formation-gouvernement#primaryimage\"},\"thumbnailUrl\":\"https:\/\/static.africa-press.net\/centrafricaine\/sites\/45\/2026\/04\/sm_1777372811.182203.jpg\",\"keywords\":[\"CentrAfricaine\"],\"articleSection\":[\"Politique\",\"to-homepage\",\"Top Nouvelles\",\"Toutes les actualit\u00e9s\"],\"inLanguage\":\"fr-FR\",\"potentialAction\":[{\"@type\":\"CommentAction\",\"name\":\"Comment\",\"target\":[\"https:\/\/www.africa-press.net\/centrafricaine\/politique\/resultats-legislatives-et-formation-gouvernement#respond\"]}]},{\"@type\":\"WebPage\",\"@id\":\"https:\/\/www.africa-press.net\/centrafricaine\/politique\/resultats-legislatives-et-formation-gouvernement\",\"url\":\"https:\/\/www.africa-press.net\/centrafricaine\/politique\/resultats-legislatives-et-formation-gouvernement\",\"name\":\"R\u00e9sultats L\u00e9gislatives et Formation Gouvernement - centrafricaine\",\"isPartOf\":{\"@id\":\"https:\/\/www.africa-press.net\/centrafricaine\/#website\"},\"primaryImageOfPage\":{\"@id\":\"https:\/\/www.africa-press.net\/centrafricaine\/politique\/resultats-legislatives-et-formation-gouvernement#primaryimage\"},\"image\":{\"@id\":\"https:\/\/www.africa-press.net\/centrafricaine\/politique\/resultats-legislatives-et-formation-gouvernement#primaryimage\"},\"thumbnailUrl\":\"https:\/\/static.africa-press.net\/centrafricaine\/sites\/45\/2026\/04\/sm_1777372811.182203.jpg\",\"datePublished\":\"2026-04-28T13:54:09+00:00\",\"dateModified\":\"2026-04-28T14:11:07+00:00\",\"author\":{\"@id\":\"https:\/\/www.africa-press.net\/centrafricaine\/#\/schema\/person\/2b1cf3cd81a31e3cd26889ca66d677f1\"},\"description\":\"En Centrafrique, quatre mois apre\u0300s les e\u0301lections ge\u0301ne\u0301rales du 28 de\u0301cembre dernier, les Centrafricains e\u0301taient une ...\",\"breadcrumb\":{\"@id\":\"https:\/\/www.africa-press.net\/centrafricaine\/politique\/resultats-legislatives-et-formation-gouvernement#breadcrumb\"},\"inLanguage\":\"fr-FR\",\"potentialAction\":[{\"@type\":\"ReadAction\",\"target\":[\"https:\/\/www.africa-press.net\/centrafricaine\/politique\/resultats-legislatives-et-formation-gouvernement\"]}]},{\"@type\":\"ImageObject\",\"inLanguage\":\"fr-FR\",\"@id\":\"https:\/\/www.africa-press.net\/centrafricaine\/politique\/resultats-legislatives-et-formation-gouvernement#primaryimage\",\"url\":\"https:\/\/static.africa-press.net\/centrafricaine\/sites\/45\/2026\/04\/sm_1777372811.182203.jpg\",\"contentUrl\":\"https:\/\/static.africa-press.net\/centrafricaine\/sites\/45\/2026\/04\/sm_1777372811.182203.jpg\",\"width\":906,\"height\":506,\"caption\":\"R\u00e9sultats L\u00e9gislatives et Formation Gouvernement\"},{\"@type\":\"BreadcrumbList\",\"@id\":\"https:\/\/www.africa-press.net\/centrafricaine\/politique\/resultats-legislatives-et-formation-gouvernement#breadcrumb\",\"itemListElement\":[{\"@type\":\"ListItem\",\"position\":1,\"name\":\"Accueil\",\"item\":\"https:\/\/www.africa-press.net\/centrafricaine\/\"},{\"@type\":\"ListItem\",\"position\":2,\"name\":\"R\u00e9sultats L\u00e9gislatives et Formation Gouvernement\"}]},{\"@type\":\"WebSite\",\"@id\":\"https:\/\/www.africa-press.net\/centrafricaine\/#website\",\"url\":\"https:\/\/www.africa-press.net\/centrafricaine\/\",\"name\":\"centrafricaine\",\"description\":\"Just another Africa News Agency Sites site\",\"potentialAction\":[{\"@type\":\"SearchAction\",\"target\":{\"@type\":\"EntryPoint\",\"urlTemplate\":\"https:\/\/www.africa-press.net\/centrafricaine\/?s={search_term_string}\"},\"query-input\":{\"@type\":\"PropertyValueSpecification\",\"valueRequired\":true,\"valueName\":\"search_term_string\"}}],\"inLanguage\":\"fr-FR\"},{\"@type\":\"Person\",\"@id\":\"https:\/\/www.africa-press.net\/centrafricaine\/#\/schema\/person\/2b1cf3cd81a31e3cd26889ca66d677f1\",\"name\":\"cfeditorfr\"}]}<\/script>\n<!-- \/ Yoast SEO Premium plugin. -->","yoast_head_json":{"title":"R\u00e9sultats L\u00e9gislatives et Formation Gouvernement - centrafricaine","description":"En Centrafrique, quatre mois apre\u0300s les e\u0301lections ge\u0301ne\u0301rales du 28 de\u0301cembre dernier, les Centrafricains e\u0301taient une ...","robots":{"index":"index","follow":"follow","max-snippet":"max-snippet:-1","max-image-preview":"max-image-preview:large","max-video-preview":"max-video-preview:-1"},"canonical":"https:\/\/www.africa-press.net\/centrafricaine\/politique\/resultats-legislatives-et-formation-gouvernement","og_locale":"fr_FR","og_type":"article","og_title":"R\u00e9sultats L\u00e9gislatives et Formation Gouvernement","og_description":"En Centrafrique, quatre mois apre\u0300s les e\u0301lections ge\u0301ne\u0301rales du 28 de\u0301cembre dernier, les Centrafricains e\u0301taient une ...","og_url":"https:\/\/www.africa-press.net\/centrafricaine\/politique\/resultats-legislatives-et-formation-gouvernement","og_site_name":"centrafricaine","article_published_time":"2026-04-28T13:54:09+00:00","article_modified_time":"2026-04-28T14:11:07+00:00","og_image":[{"width":906,"height":506,"url":"https:\/\/static.africa-press.net\/centrafricaine\/sites\/45\/2026\/04\/sm_1777372811.182203.jpg","type":"image\/jpeg"}],"author":"cfeditorfr","twitter_card":"summary_large_image","twitter_misc":{"\u00c9crit par":"cfeditorfr","Dur\u00e9e de lecture estim\u00e9e":"2 minutes"},"schema":{"@context":"https:\/\/schema.org","@graph":[{"@type":"Article","@id":"https:\/\/www.africa-press.net\/centrafricaine\/politique\/resultats-legislatives-et-formation-gouvernement#article","isPartOf":{"@id":"https:\/\/www.africa-press.net\/centrafricaine\/politique\/resultats-legislatives-et-formation-gouvernement"},"author":{"name":"cfeditorfr","@id":"https:\/\/www.africa-press.net\/centrafricaine\/#\/schema\/person\/2b1cf3cd81a31e3cd26889ca66d677f1"},"headline":"R\u00e9sultats L\u00e9gislatives et Formation Gouvernement","datePublished":"2026-04-28T13:54:09+00:00","dateModified":"2026-04-28T14:11:07+00:00","mainEntityOfPage":{"@id":"https:\/\/www.africa-press.net\/centrafricaine\/politique\/resultats-legislatives-et-formation-gouvernement"},"wordCount":412,"commentCount":0,"image":{"@id":"https:\/\/www.africa-press.net\/centrafricaine\/politique\/resultats-legislatives-et-formation-gouvernement#primaryimage"},"thumbnailUrl":"https:\/\/static.africa-press.net\/centrafricaine\/sites\/45\/2026\/04\/sm_1777372811.182203.jpg","keywords":["CentrAfricaine"],"articleSection":["Politique","to-homepage","Top Nouvelles","Toutes les actualit\u00e9s"],"inLanguage":"fr-FR","potentialAction":[{"@type":"CommentAction","name":"Comment","target":["https:\/\/www.africa-press.net\/centrafricaine\/politique\/resultats-legislatives-et-formation-gouvernement#respond"]}]},{"@type":"WebPage","@id":"https:\/\/www.africa-press.net\/centrafricaine\/politique\/resultats-legislatives-et-formation-gouvernement","url":"https:\/\/www.africa-press.net\/centrafricaine\/politique\/resultats-legislatives-et-formation-gouvernement","name":"R\u00e9sultats L\u00e9gislatives et Formation Gouvernement - centrafricaine","isPartOf":{"@id":"https:\/\/www.africa-press.net\/centrafricaine\/#website"},"primaryImageOfPage":{"@id":"https:\/\/www.africa-press.net\/centrafricaine\/politique\/resultats-legislatives-et-formation-gouvernement#primaryimage"},"image":{"@id":"https:\/\/www.africa-press.net\/centrafricaine\/politique\/resultats-legislatives-et-formation-gouvernement#primaryimage"},"thumbnailUrl":"https:\/\/static.africa-press.net\/centrafricaine\/sites\/45\/2026\/04\/sm_1777372811.182203.jpg","datePublished":"2026-04-28T13:54:09+00:00","dateModified":"2026-04-28T14:11:07+00:00","author":{"@id":"https:\/\/www.africa-press.net\/centrafricaine\/#\/schema\/person\/2b1cf3cd81a31e3cd26889ca66d677f1"},"description":"En Centrafrique, quatre mois apre\u0300s les e\u0301lections ge\u0301ne\u0301rales du 28 de\u0301cembre dernier, les Centrafricains e\u0301taient une ...","breadcrumb":{"@id":"https:\/\/www.africa-press.net\/centrafricaine\/politique\/resultats-legislatives-et-formation-gouvernement#breadcrumb"},"inLanguage":"fr-FR","potentialAction":[{"@type":"ReadAction","target":["https:\/\/www.africa-press.net\/centrafricaine\/politique\/resultats-legislatives-et-formation-gouvernement"]}]},{"@type":"ImageObject","inLanguage":"fr-FR","@id":"https:\/\/www.africa-press.net\/centrafricaine\/politique\/resultats-legislatives-et-formation-gouvernement#primaryimage","url":"https:\/\/static.africa-press.net\/centrafricaine\/sites\/45\/2026\/04\/sm_1777372811.182203.jpg","contentUrl":"https:\/\/static.africa-press.net\/centrafricaine\/sites\/45\/2026\/04\/sm_1777372811.182203.jpg","width":906,"height":506,"caption":"R\u00e9sultats L\u00e9gislatives et Formation Gouvernement"},{"@type":"BreadcrumbList","@id":"https:\/\/www.africa-press.net\/centrafricaine\/politique\/resultats-legislatives-et-formation-gouvernement#breadcrumb","itemListElement":[{"@type":"ListItem","position":1,"name":"Accueil","item":"https:\/\/www.africa-press.net\/centrafricaine\/"},{"@type":"ListItem","position":2,"name":"R\u00e9sultats L\u00e9gislatives et Formation Gouvernement"}]},{"@type":"WebSite","@id":"https:\/\/www.africa-press.net\/centrafricaine\/#website","url":"https:\/\/www.africa-press.net\/centrafricaine\/","name":"centrafricaine","description":"Just another Africa News Agency Sites site","potentialAction":[{"@type":"SearchAction","target":{"@type":"EntryPoint","urlTemplate":"https:\/\/www.africa-press.net\/centrafricaine\/?s={search_term_string}"},"query-input":{"@type":"PropertyValueSpecification","valueRequired":true,"valueName":"search_term_string"}}],"inLanguage":"fr-FR"},{"@type":"Person","@id":"https:\/\/www.africa-press.net\/centrafricaine\/#\/schema\/person\/2b1cf3cd81a31e3cd26889ca66d677f1","name":"cfeditorfr"}]}},"_links":{"self":[{"href":"https:\/\/www.africa-press.net\/centrafricaine\/wp-json\/wp\/v2\/posts\/83597","targetHints":{"allow":["GET"]}}],"collection":[{"href":"https:\/\/www.africa-press.net\/centrafricaine\/wp-json\/wp\/v2\/posts"}],"about":[{"href":"https:\/\/www.africa-press.net\/centrafricaine\/wp-json\/wp\/v2\/types\/post"}],"author":[{"embeddable":true,"href":"https:\/\/www.africa-press.net\/centrafricaine\/wp-json\/wp\/v2\/users\/82"}],"replies":[{"embeddable":true,"href":"https:\/\/www.africa-press.net\/centrafricaine\/wp-json\/wp\/v2\/comments?post=83597"}],"version-history":[{"count":1,"href":"https:\/\/www.africa-press.net\/centrafricaine\/wp-json\/wp\/v2\/posts\/83597\/revisions"}],"predecessor-version":[{"id":83601,"href":"https:\/\/www.africa-press.net\/centrafricaine\/wp-json\/wp\/v2\/posts\/83597\/revisions\/83601"}],"wp:featuredmedia":[{"embeddable":true,"href":"https:\/\/www.africa-press.net\/centrafricaine\/wp-json\/wp\/v2\/media\/83596"}],"wp:attachment":[{"href":"https:\/\/www.africa-press.net\/centrafricaine\/wp-json\/wp\/v2\/media?parent=83597"}],"wp:term":[{"taxonomy":"category","embeddable":true,"href":"https:\/\/www.africa-press.net\/centrafricaine\/wp-json\/wp\/v2\/categories?post=83597"},{"taxonomy":"post_tag","embeddable":true,"href":"https:\/\/www.africa-press.net\/centrafricaine\/wp-json\/wp\/v2\/tags?post=83597"}],"curies":[{"name":"wp","href":"https:\/\/api.w.org\/{rel}","templated":true}]}}