{"id":8360,"date":"2021-06-23T16:14:06","date_gmt":"2021-06-23T16:14:06","guid":{"rendered":"https:\/\/www.africa-press.net\/centrafricaine\/?p=8360"},"modified":"2021-06-23T18:35:13","modified_gmt":"2021-06-23T18:35:13","slug":"rca-violent-affrontement-entre-les-rebelles-et-larmee-nationale-a-la-frontiere-avec-le-cameroun-plusieurs-faca-captures-dautres-en-fuite","status":"publish","type":"post","link":"https:\/\/www.africa-press.net\/centrafricaine\/politique\/rca-violent-affrontement-entre-les-rebelles-et-larmee-nationale-a-la-frontiere-avec-le-cameroun-plusieurs-faca-captures-dautres-en-fuite","title":{"rendered":"violent affrontement entre les rebelles et l\u2019arm\u00e9e nationale \u00e0 la fronti\u00e8re avec le Cameroun, plusieurs FACA captur\u00e9s, d\u2019autres en fuite"},"content":{"rendered":"<p><span style=\"color: #ff6600\"><strong><a href=\"https:\/\/www.africa-press.net\/\">Africa-Press<\/a> &#8211; <a href=\"https:\/\/www.africa-press.net\/centrafricaine\">CentrAfricaine<\/a>.\u00a0 <\/strong><\/span>\u00a0Apr\u00e8s le d\u00e9part des mercenaires russes et syriens de la soci\u00e9t\u00e9 Wagner de la ville de koui, puis de Bang, les soldats FACA d\u00e9ploy\u00e9s dans la localit\u00e9 sont devenus de facto vuln\u00e9rables, pour ne pas dire un jouet devant les rebelles de 3R, membres de la coalition des patriotes pour le changement (CPC).<\/p>\n<p>Dans la soir\u00e9e du mardi 22 juin, vers 16 heures, les rebelles de 3R, lourdement arm\u00e9s, ont attaqu\u00e9 les positions des soldats des forces arm\u00e9es centrafricaines bas\u00e9es dans le village ka\u00efna, dans le nord-ouest de la R\u00e9publique centrafricaine. Apr\u00e8s quelques minutes d\u2019affrontement, plusieurs d\u2019entre eux ont \u00e9t\u00e9 tu\u00e9s, d\u2019autres captur\u00e9s vivants.<\/p>\n<p>Au m\u00eame moment, dans le village djaoro lim, les FACA qui sont bas\u00e9s dans cette localit\u00e9 ont pris la poudre d\u2019escampette pour franchir la fronti\u00e8re et rejoindre le village camerounais de iambe.<\/p>\n<p>Pour l\u2019heure, les d\u00e9tonations d\u2019armes lourdes et l\u00e9g\u00e8res ont cess\u00e9s dans ces localit\u00e9s, mais le niveau de s\u00e9curit\u00e9 demeure extr\u00eamement pr\u00e9occupant.<\/p>\n<p>Rappelons qu\u2019apr\u00e8s l\u2019assassinat du sultan maire de koui, de son adjoint et de son garde du corps par les mercenaires russes et syriens de la soci\u00e9t\u00e9 Wagner, le chef de l\u2019\u00c9tat Faustin Archange Touadera, apr\u00e8s plusieurs tentative de corrompre les familles des victimes, avait d\u00e9cid\u00e9 de rapatrier \u00e0 Bangui tous les mercenaires qui sont positionn\u00e9s dans les localit\u00e9s de Bang, de Koui, de Ngaoundaye, laissant que les soldats de l\u2019arm\u00e9e nationale sur place. Mais ces derniers, seules faces aux rebelles ne pouvaient pas faire grand-chose, sinon que de s\u2019enfuir comme nous l\u2019avons vu dans le pass\u00e9 r\u00e9cent.<\/p>\n<p><b>\u00a0<\/b><\/p>\n","protected":false},"excerpt":{"rendered":"<p>Africa-Press &#8211; CentrAfricaine.\u00a0 \u00a0Apr\u00e8s le d\u00e9part des mercenaires russes et syriens de la soci\u00e9t\u00e9 Wagner de la ville de koui, puis de Bang, les soldats FACA d\u00e9ploy\u00e9s dans la localit\u00e9 sont devenus de facto vuln\u00e9rables, pour ne pas dire un jouet devant les rebelles de 3R, membres de la coalition des patriotes pour le changement [&hellip;]<\/p>\n","protected":false},"author":82,"featured_media":8359,"comment_status":"open","ping_status":"closed","sticky":false,"template":"","format":"standard","meta":{"footnotes":""},"categories":[11,2,20,10],"tags":[36,58,30],"class_list":["post-8360","post","type-post","status-publish","format-standard","has-post-thumbnail","hentry","category-homepage-french","category-politique","category-top-nouvelles","category-toutes-les-actualites","tag-africa-press","tag-africa-press-centrafricaine","tag-centrafricaine"],"yoast_head":"<!-- This site is optimized with the Yoast SEO Premium plugin v26.1 (Yoast SEO v27.0) - https:\/\/yoast.com\/product\/yoast-seo-premium-wordpress\/ -->\n<title>violent affrontement entre les rebelles et l\u2019arm\u00e9e nationale \u00e0 la fronti\u00e8re avec le Cameroun, plusieurs FACA captur\u00e9s, d\u2019autres en fuite - centrafricaine<\/title>\n<meta name=\"description\" content=\"Bangui, R\u00e9publique centrafricaine, mercredi, 23 juin 2021, 17:03:39 ( Corbeaunews-Centrafrique ). Apr\u00e8s le d\u00e9par ...\" \/>\n<meta name=\"robots\" content=\"index, follow, max-snippet:-1, max-image-preview:large, max-video-preview:-1\" \/>\n<link rel=\"canonical\" href=\"https:\/\/www.africa-press.net\/centrafricaine\/politique\/rca-violent-affrontement-entre-les-rebelles-et-larmee-nationale-a-la-frontiere-avec-le-cameroun-plusieurs-faca-captures-dautres-en-fuite\" \/>\n<meta property=\"og:locale\" content=\"fr_FR\" \/>\n<meta property=\"og:type\" content=\"article\" \/>\n<meta property=\"og:title\" content=\"violent affrontement entre les rebelles et l\u2019arm\u00e9e nationale \u00e0 la fronti\u00e8re avec le Cameroun, plusieurs FACA captur\u00e9s, d\u2019autres en fuite\" \/>\n<meta property=\"og:description\" content=\"Bangui, R\u00e9publique centrafricaine, mercredi, 23 juin 2021, 17:03:39 ( Corbeaunews-Centrafrique ). Apr\u00e8s le d\u00e9par ...\" \/>\n<meta property=\"og:url\" content=\"https:\/\/www.africa-press.net\/centrafricaine\/politique\/rca-violent-affrontement-entre-les-rebelles-et-larmee-nationale-a-la-frontiere-avec-le-cameroun-plusieurs-faca-captures-dautres-en-fuite\" \/>\n<meta property=\"og:site_name\" content=\"centrafricaine\" \/>\n<meta property=\"article:published_time\" content=\"2021-06-23T16:14:06+00:00\" \/>\n<meta property=\"article:modified_time\" content=\"2021-06-23T18:35:13+00:00\" \/>\n<meta property=\"og:image\" content=\"https:\/\/static.africa-press.net\/centrafricaine\/sites\/45\/2021\/06\/img-60d3585d680b8.jpg\" \/>\n\t<meta property=\"og:image:width\" content=\"720\" \/>\n\t<meta property=\"og:image:height\" content=\"406\" \/>\n\t<meta property=\"og:image:type\" content=\"image\/jpeg\" \/>\n<meta name=\"author\" content=\"cfeditorfr\" \/>\n<meta name=\"twitter:card\" content=\"summary_large_image\" \/>\n<meta name=\"twitter:label1\" content=\"\u00c9crit par\" \/>\n\t<meta name=\"twitter:data1\" content=\"cfeditorfr\" \/>\n\t<meta name=\"twitter:label2\" content=\"Dur\u00e9e de lecture estim\u00e9e\" \/>\n\t<meta name=\"twitter:data2\" content=\"2 minutes\" \/>\n<script type=\"application\/ld+json\" class=\"yoast-schema-graph\">{\"@context\":\"https:\/\/schema.org\",\"@graph\":[{\"@type\":\"Article\",\"@id\":\"https:\/\/www.africa-press.net\/centrafricaine\/politique\/rca-violent-affrontement-entre-les-rebelles-et-larmee-nationale-a-la-frontiere-avec-le-cameroun-plusieurs-faca-captures-dautres-en-fuite#article\",\"isPartOf\":{\"@id\":\"https:\/\/www.africa-press.net\/centrafricaine\/politique\/rca-violent-affrontement-entre-les-rebelles-et-larmee-nationale-a-la-frontiere-avec-le-cameroun-plusieurs-faca-captures-dautres-en-fuite\"},\"author\":{\"name\":\"cfeditorfr\",\"@id\":\"https:\/\/www.africa-press.net\/centrafricaine\/#\/schema\/person\/2b1cf3cd81a31e3cd26889ca66d677f1\"},\"headline\":\"violent affrontement entre les rebelles et l\u2019arm\u00e9e nationale \u00e0 la fronti\u00e8re avec le Cameroun, plusieurs FACA captur\u00e9s, d\u2019autres en fuite\",\"datePublished\":\"2021-06-23T16:14:06+00:00\",\"dateModified\":\"2021-06-23T18:35:13+00:00\",\"mainEntityOfPage\":{\"@id\":\"https:\/\/www.africa-press.net\/centrafricaine\/politique\/rca-violent-affrontement-entre-les-rebelles-et-larmee-nationale-a-la-frontiere-avec-le-cameroun-plusieurs-faca-captures-dautres-en-fuite\"},\"wordCount\":324,\"commentCount\":0,\"image\":{\"@id\":\"https:\/\/www.africa-press.net\/centrafricaine\/politique\/rca-violent-affrontement-entre-les-rebelles-et-larmee-nationale-a-la-frontiere-avec-le-cameroun-plusieurs-faca-captures-dautres-en-fuite#primaryimage\"},\"thumbnailUrl\":\"https:\/\/static.africa-press.net\/centrafricaine\/sites\/45\/2021\/06\/img-60d3585d680b8.jpg\",\"keywords\":[\"Africa Press\",\"Africa Press-CentrAfricaine\",\"CentrAfricaine\"],\"articleSection\":[\"homepage-french\",\"Politique\",\"Top Nouvelles\",\"Toutes les actualit\u00e9s\"],\"inLanguage\":\"fr-FR\",\"potentialAction\":[{\"@type\":\"CommentAction\",\"name\":\"Comment\",\"target\":[\"https:\/\/www.africa-press.net\/centrafricaine\/politique\/rca-violent-affrontement-entre-les-rebelles-et-larmee-nationale-a-la-frontiere-avec-le-cameroun-plusieurs-faca-captures-dautres-en-fuite#respond\"]}]},{\"@type\":\"WebPage\",\"@id\":\"https:\/\/www.africa-press.net\/centrafricaine\/politique\/rca-violent-affrontement-entre-les-rebelles-et-larmee-nationale-a-la-frontiere-avec-le-cameroun-plusieurs-faca-captures-dautres-en-fuite\",\"url\":\"https:\/\/www.africa-press.net\/centrafricaine\/politique\/rca-violent-affrontement-entre-les-rebelles-et-larmee-nationale-a-la-frontiere-avec-le-cameroun-plusieurs-faca-captures-dautres-en-fuite\",\"name\":\"violent affrontement entre les rebelles et l\u2019arm\u00e9e nationale \u00e0 la fronti\u00e8re avec le Cameroun, plusieurs FACA captur\u00e9s, d\u2019autres en fuite - centrafricaine\",\"isPartOf\":{\"@id\":\"https:\/\/www.africa-press.net\/centrafricaine\/#website\"},\"primaryImageOfPage\":{\"@id\":\"https:\/\/www.africa-press.net\/centrafricaine\/politique\/rca-violent-affrontement-entre-les-rebelles-et-larmee-nationale-a-la-frontiere-avec-le-cameroun-plusieurs-faca-captures-dautres-en-fuite#primaryimage\"},\"image\":{\"@id\":\"https:\/\/www.africa-press.net\/centrafricaine\/politique\/rca-violent-affrontement-entre-les-rebelles-et-larmee-nationale-a-la-frontiere-avec-le-cameroun-plusieurs-faca-captures-dautres-en-fuite#primaryimage\"},\"thumbnailUrl\":\"https:\/\/static.africa-press.net\/centrafricaine\/sites\/45\/2021\/06\/img-60d3585d680b8.jpg\",\"datePublished\":\"2021-06-23T16:14:06+00:00\",\"dateModified\":\"2021-06-23T18:35:13+00:00\",\"author\":{\"@id\":\"https:\/\/www.africa-press.net\/centrafricaine\/#\/schema\/person\/2b1cf3cd81a31e3cd26889ca66d677f1\"},\"description\":\"Bangui, R\u00e9publique centrafricaine, mercredi, 23 juin 2021, 17:03:39 ( Corbeaunews-Centrafrique ). Apr\u00e8s le d\u00e9par ...\",\"breadcrumb\":{\"@id\":\"https:\/\/www.africa-press.net\/centrafricaine\/politique\/rca-violent-affrontement-entre-les-rebelles-et-larmee-nationale-a-la-frontiere-avec-le-cameroun-plusieurs-faca-captures-dautres-en-fuite#breadcrumb\"},\"inLanguage\":\"fr-FR\",\"potentialAction\":[{\"@type\":\"ReadAction\",\"target\":[\"https:\/\/www.africa-press.net\/centrafricaine\/politique\/rca-violent-affrontement-entre-les-rebelles-et-larmee-nationale-a-la-frontiere-avec-le-cameroun-plusieurs-faca-captures-dautres-en-fuite\"]}]},{\"@type\":\"ImageObject\",\"inLanguage\":\"fr-FR\",\"@id\":\"https:\/\/www.africa-press.net\/centrafricaine\/politique\/rca-violent-affrontement-entre-les-rebelles-et-larmee-nationale-a-la-frontiere-avec-le-cameroun-plusieurs-faca-captures-dautres-en-fuite#primaryimage\",\"url\":\"https:\/\/static.africa-press.net\/centrafricaine\/sites\/45\/2021\/06\/img-60d3585d680b8.jpg\",\"contentUrl\":\"https:\/\/static.africa-press.net\/centrafricaine\/sites\/45\/2021\/06\/img-60d3585d680b8.jpg\",\"width\":720,\"height\":406,\"caption\":\"RCA\u00a0: violent affrontement entre les rebelles et l\u2019arm\u00e9e nationale \u00e0 la fronti\u00e8re avec le Cameroun, plusieurs FACA captur\u00e9s, d\u2019autres en fuite\"},{\"@type\":\"BreadcrumbList\",\"@id\":\"https:\/\/www.africa-press.net\/centrafricaine\/politique\/rca-violent-affrontement-entre-les-rebelles-et-larmee-nationale-a-la-frontiere-avec-le-cameroun-plusieurs-faca-captures-dautres-en-fuite#breadcrumb\",\"itemListElement\":[{\"@type\":\"ListItem\",\"position\":1,\"name\":\"Accueil\",\"item\":\"https:\/\/www.africa-press.net\/centrafricaine\/\"},{\"@type\":\"ListItem\",\"position\":2,\"name\":\"violent affrontement entre les rebelles et l\u2019arm\u00e9e nationale \u00e0 la fronti\u00e8re avec le Cameroun, plusieurs FACA captur\u00e9s, d\u2019autres en fuite\"}]},{\"@type\":\"WebSite\",\"@id\":\"https:\/\/www.africa-press.net\/centrafricaine\/#website\",\"url\":\"https:\/\/www.africa-press.net\/centrafricaine\/\",\"name\":\"centrafricaine\",\"description\":\"Just another Africa News Agency Sites site\",\"potentialAction\":[{\"@type\":\"SearchAction\",\"target\":{\"@type\":\"EntryPoint\",\"urlTemplate\":\"https:\/\/www.africa-press.net\/centrafricaine\/?s={search_term_string}\"},\"query-input\":{\"@type\":\"PropertyValueSpecification\",\"valueRequired\":true,\"valueName\":\"search_term_string\"}}],\"inLanguage\":\"fr-FR\"},{\"@type\":\"Person\",\"@id\":\"https:\/\/www.africa-press.net\/centrafricaine\/#\/schema\/person\/2b1cf3cd81a31e3cd26889ca66d677f1\",\"name\":\"cfeditorfr\"}]}<\/script>\n<!-- \/ Yoast SEO Premium plugin. -->","yoast_head_json":{"title":"violent affrontement entre les rebelles et l\u2019arm\u00e9e nationale \u00e0 la fronti\u00e8re avec le Cameroun, plusieurs FACA captur\u00e9s, d\u2019autres en fuite - centrafricaine","description":"Bangui, R\u00e9publique centrafricaine, mercredi, 23 juin 2021, 17:03:39 ( Corbeaunews-Centrafrique ). Apr\u00e8s le d\u00e9par ...","robots":{"index":"index","follow":"follow","max-snippet":"max-snippet:-1","max-image-preview":"max-image-preview:large","max-video-preview":"max-video-preview:-1"},"canonical":"https:\/\/www.africa-press.net\/centrafricaine\/politique\/rca-violent-affrontement-entre-les-rebelles-et-larmee-nationale-a-la-frontiere-avec-le-cameroun-plusieurs-faca-captures-dautres-en-fuite","og_locale":"fr_FR","og_type":"article","og_title":"violent affrontement entre les rebelles et l\u2019arm\u00e9e nationale \u00e0 la fronti\u00e8re avec le Cameroun, plusieurs FACA captur\u00e9s, d\u2019autres en fuite","og_description":"Bangui, R\u00e9publique centrafricaine, mercredi, 23 juin 2021, 17:03:39 ( Corbeaunews-Centrafrique ). Apr\u00e8s le d\u00e9par ...","og_url":"https:\/\/www.africa-press.net\/centrafricaine\/politique\/rca-violent-affrontement-entre-les-rebelles-et-larmee-nationale-a-la-frontiere-avec-le-cameroun-plusieurs-faca-captures-dautres-en-fuite","og_site_name":"centrafricaine","article_published_time":"2021-06-23T16:14:06+00:00","article_modified_time":"2021-06-23T18:35:13+00:00","og_image":[{"width":720,"height":406,"url":"https:\/\/static.africa-press.net\/centrafricaine\/sites\/45\/2021\/06\/img-60d3585d680b8.jpg","type":"image\/jpeg"}],"author":"cfeditorfr","twitter_card":"summary_large_image","twitter_misc":{"\u00c9crit par":"cfeditorfr","Dur\u00e9e de lecture estim\u00e9e":"2 minutes"},"schema":{"@context":"https:\/\/schema.org","@graph":[{"@type":"Article","@id":"https:\/\/www.africa-press.net\/centrafricaine\/politique\/rca-violent-affrontement-entre-les-rebelles-et-larmee-nationale-a-la-frontiere-avec-le-cameroun-plusieurs-faca-captures-dautres-en-fuite#article","isPartOf":{"@id":"https:\/\/www.africa-press.net\/centrafricaine\/politique\/rca-violent-affrontement-entre-les-rebelles-et-larmee-nationale-a-la-frontiere-avec-le-cameroun-plusieurs-faca-captures-dautres-en-fuite"},"author":{"name":"cfeditorfr","@id":"https:\/\/www.africa-press.net\/centrafricaine\/#\/schema\/person\/2b1cf3cd81a31e3cd26889ca66d677f1"},"headline":"violent affrontement entre les rebelles et l\u2019arm\u00e9e nationale \u00e0 la fronti\u00e8re avec le Cameroun, plusieurs FACA captur\u00e9s, d\u2019autres en fuite","datePublished":"2021-06-23T16:14:06+00:00","dateModified":"2021-06-23T18:35:13+00:00","mainEntityOfPage":{"@id":"https:\/\/www.africa-press.net\/centrafricaine\/politique\/rca-violent-affrontement-entre-les-rebelles-et-larmee-nationale-a-la-frontiere-avec-le-cameroun-plusieurs-faca-captures-dautres-en-fuite"},"wordCount":324,"commentCount":0,"image":{"@id":"https:\/\/www.africa-press.net\/centrafricaine\/politique\/rca-violent-affrontement-entre-les-rebelles-et-larmee-nationale-a-la-frontiere-avec-le-cameroun-plusieurs-faca-captures-dautres-en-fuite#primaryimage"},"thumbnailUrl":"https:\/\/static.africa-press.net\/centrafricaine\/sites\/45\/2021\/06\/img-60d3585d680b8.jpg","keywords":["Africa Press","Africa Press-CentrAfricaine","CentrAfricaine"],"articleSection":["homepage-french","Politique","Top Nouvelles","Toutes les actualit\u00e9s"],"inLanguage":"fr-FR","potentialAction":[{"@type":"CommentAction","name":"Comment","target":["https:\/\/www.africa-press.net\/centrafricaine\/politique\/rca-violent-affrontement-entre-les-rebelles-et-larmee-nationale-a-la-frontiere-avec-le-cameroun-plusieurs-faca-captures-dautres-en-fuite#respond"]}]},{"@type":"WebPage","@id":"https:\/\/www.africa-press.net\/centrafricaine\/politique\/rca-violent-affrontement-entre-les-rebelles-et-larmee-nationale-a-la-frontiere-avec-le-cameroun-plusieurs-faca-captures-dautres-en-fuite","url":"https:\/\/www.africa-press.net\/centrafricaine\/politique\/rca-violent-affrontement-entre-les-rebelles-et-larmee-nationale-a-la-frontiere-avec-le-cameroun-plusieurs-faca-captures-dautres-en-fuite","name":"violent affrontement entre les rebelles et l\u2019arm\u00e9e nationale \u00e0 la fronti\u00e8re avec le Cameroun, plusieurs FACA captur\u00e9s, d\u2019autres en fuite - centrafricaine","isPartOf":{"@id":"https:\/\/www.africa-press.net\/centrafricaine\/#website"},"primaryImageOfPage":{"@id":"https:\/\/www.africa-press.net\/centrafricaine\/politique\/rca-violent-affrontement-entre-les-rebelles-et-larmee-nationale-a-la-frontiere-avec-le-cameroun-plusieurs-faca-captures-dautres-en-fuite#primaryimage"},"image":{"@id":"https:\/\/www.africa-press.net\/centrafricaine\/politique\/rca-violent-affrontement-entre-les-rebelles-et-larmee-nationale-a-la-frontiere-avec-le-cameroun-plusieurs-faca-captures-dautres-en-fuite#primaryimage"},"thumbnailUrl":"https:\/\/static.africa-press.net\/centrafricaine\/sites\/45\/2021\/06\/img-60d3585d680b8.jpg","datePublished":"2021-06-23T16:14:06+00:00","dateModified":"2021-06-23T18:35:13+00:00","author":{"@id":"https:\/\/www.africa-press.net\/centrafricaine\/#\/schema\/person\/2b1cf3cd81a31e3cd26889ca66d677f1"},"description":"Bangui, R\u00e9publique centrafricaine, mercredi, 23 juin 2021, 17:03:39 ( Corbeaunews-Centrafrique ). Apr\u00e8s le d\u00e9par ...","breadcrumb":{"@id":"https:\/\/www.africa-press.net\/centrafricaine\/politique\/rca-violent-affrontement-entre-les-rebelles-et-larmee-nationale-a-la-frontiere-avec-le-cameroun-plusieurs-faca-captures-dautres-en-fuite#breadcrumb"},"inLanguage":"fr-FR","potentialAction":[{"@type":"ReadAction","target":["https:\/\/www.africa-press.net\/centrafricaine\/politique\/rca-violent-affrontement-entre-les-rebelles-et-larmee-nationale-a-la-frontiere-avec-le-cameroun-plusieurs-faca-captures-dautres-en-fuite"]}]},{"@type":"ImageObject","inLanguage":"fr-FR","@id":"https:\/\/www.africa-press.net\/centrafricaine\/politique\/rca-violent-affrontement-entre-les-rebelles-et-larmee-nationale-a-la-frontiere-avec-le-cameroun-plusieurs-faca-captures-dautres-en-fuite#primaryimage","url":"https:\/\/static.africa-press.net\/centrafricaine\/sites\/45\/2021\/06\/img-60d3585d680b8.jpg","contentUrl":"https:\/\/static.africa-press.net\/centrafricaine\/sites\/45\/2021\/06\/img-60d3585d680b8.jpg","width":720,"height":406,"caption":"RCA\u00a0: violent affrontement entre les rebelles et l\u2019arm\u00e9e nationale \u00e0 la fronti\u00e8re avec le Cameroun, plusieurs FACA captur\u00e9s, d\u2019autres en fuite"},{"@type":"BreadcrumbList","@id":"https:\/\/www.africa-press.net\/centrafricaine\/politique\/rca-violent-affrontement-entre-les-rebelles-et-larmee-nationale-a-la-frontiere-avec-le-cameroun-plusieurs-faca-captures-dautres-en-fuite#breadcrumb","itemListElement":[{"@type":"ListItem","position":1,"name":"Accueil","item":"https:\/\/www.africa-press.net\/centrafricaine\/"},{"@type":"ListItem","position":2,"name":"violent affrontement entre les rebelles et l\u2019arm\u00e9e nationale \u00e0 la fronti\u00e8re avec le Cameroun, plusieurs FACA captur\u00e9s, d\u2019autres en fuite"}]},{"@type":"WebSite","@id":"https:\/\/www.africa-press.net\/centrafricaine\/#website","url":"https:\/\/www.africa-press.net\/centrafricaine\/","name":"centrafricaine","description":"Just another Africa News Agency Sites site","potentialAction":[{"@type":"SearchAction","target":{"@type":"EntryPoint","urlTemplate":"https:\/\/www.africa-press.net\/centrafricaine\/?s={search_term_string}"},"query-input":{"@type":"PropertyValueSpecification","valueRequired":true,"valueName":"search_term_string"}}],"inLanguage":"fr-FR"},{"@type":"Person","@id":"https:\/\/www.africa-press.net\/centrafricaine\/#\/schema\/person\/2b1cf3cd81a31e3cd26889ca66d677f1","name":"cfeditorfr"}]}},"_links":{"self":[{"href":"https:\/\/www.africa-press.net\/centrafricaine\/wp-json\/wp\/v2\/posts\/8360","targetHints":{"allow":["GET"]}}],"collection":[{"href":"https:\/\/www.africa-press.net\/centrafricaine\/wp-json\/wp\/v2\/posts"}],"about":[{"href":"https:\/\/www.africa-press.net\/centrafricaine\/wp-json\/wp\/v2\/types\/post"}],"author":[{"embeddable":true,"href":"https:\/\/www.africa-press.net\/centrafricaine\/wp-json\/wp\/v2\/users\/82"}],"replies":[{"embeddable":true,"href":"https:\/\/www.africa-press.net\/centrafricaine\/wp-json\/wp\/v2\/comments?post=8360"}],"version-history":[{"count":0,"href":"https:\/\/www.africa-press.net\/centrafricaine\/wp-json\/wp\/v2\/posts\/8360\/revisions"}],"wp:featuredmedia":[{"embeddable":true,"href":"https:\/\/www.africa-press.net\/centrafricaine\/wp-json\/wp\/v2\/media\/8359"}],"wp:attachment":[{"href":"https:\/\/www.africa-press.net\/centrafricaine\/wp-json\/wp\/v2\/media?parent=8360"}],"wp:term":[{"taxonomy":"category","embeddable":true,"href":"https:\/\/www.africa-press.net\/centrafricaine\/wp-json\/wp\/v2\/categories?post=8360"},{"taxonomy":"post_tag","embeddable":true,"href":"https:\/\/www.africa-press.net\/centrafricaine\/wp-json\/wp\/v2\/tags?post=8360"}],"curies":[{"name":"wp","href":"https:\/\/api.w.org\/{rel}","templated":true}]}}