{"id":8373,"date":"2021-06-25T07:06:16","date_gmt":"2021-06-25T07:06:16","guid":{"rendered":"https:\/\/www.africa-press.net\/centrafricaine\/?p=8373"},"modified":"2021-06-25T08:33:57","modified_gmt":"2021-06-25T08:33:57","slug":"agrobusiness-raed-hariri-veut-exporter-son-modele-vers-la-rdc-et-le-tchad","status":"publish","type":"post","link":"https:\/\/www.africa-press.net\/centrafricaine\/economie\/agrobusiness-raed-hariri-veut-exporter-son-modele-vers-la-rdc-et-le-tchad","title":{"rendered":"Agrobusiness : Raed Hariri veut exporter son mod\u00e8le vers la RDC et le Tchad"},"content":{"rendered":"<p><span style=\"color: #ff6600\"><strong><a href=\"https:\/\/www.africa-press.net\/\">Africa-Press<\/a> &#8211; <a href=\"https:\/\/www.africa-press.net\/centrafricaine\">CentrAfricaine<\/a>. <\/strong><\/span>Centrafricain n\u00e9 de parents libanais, l\u2019agro-industriel travaille avec plusieurs milliers de cultivateurs et fournit le Programme alimentaire mondial. Il vise d\u00e9sormais une expansion en Afrique centrale.<\/p>\n<p>Depuis 2019, Raed Hariri se retrouve au c\u0153ur de la relance agricole en Centrafrique. Il est parvenu \u00e0 rassembler plus de 5 000 agriculteurs \u00e0 travers des coop\u00e9ratives agricoles en exploitant directement plus de 5 000 hectares de ma\u00efs.<\/p>\n<p>\u00c2g\u00e9 de 38 ans, Raed Hariri est dipl\u00f4m\u00e9 d\u2019une licence en ing\u00e9nierie m\u00e9canique et industrielle obtenue \u00e0 l\u2019universit\u00e9 de Bangui, mais il a pr\u00e9f\u00e9r\u00e9 changer de profil et a finalement opt\u00e9 pour l\u2019industrie agro-alimentaire dans des unit\u00e9s de transformation de produits agricoles. Ce changement lui r\u00e9ussit puisque c\u2019est dans ce nouveau r\u00f4le qu\u2019il s\u2019illustre en Centrafrique.<\/p>\n<p>Centrafricain n\u00e9 de parents libanais, il s\u2019est lanc\u00e9 dans l\u2019agriculture en 2012 en prenant la t\u00eate de la soci\u00e9t\u00e9 Palme d\u2019or, tout en g\u00e9rant en parall\u00e8le sa palmeraie d\u2019environ 3 000 hectares, qui rassemble des terres industrielles et celles de petits<\/p>\n","protected":false},"excerpt":{"rendered":"<p>Africa-Press &#8211; CentrAfricaine. Centrafricain n\u00e9 de parents libanais, l\u2019agro-industriel travaille avec plusieurs milliers de cultivateurs et fournit le Programme alimentaire mondial. Il vise d\u00e9sormais une expansion en Afrique centrale. Depuis 2019, Raed Hariri se retrouve au c\u0153ur de la relance agricole en Centrafrique. Il est parvenu \u00e0 rassembler plus de 5 000 agriculteurs \u00e0 travers [&hellip;]<\/p>\n","protected":false},"author":82,"featured_media":8372,"comment_status":"open","ping_status":"closed","sticky":false,"template":"","format":"standard","meta":{"footnotes":""},"categories":[3,11,20,10],"tags":[36,58,30],"class_list":["post-8373","post","type-post","status-publish","format-standard","has-post-thumbnail","hentry","category-economie","category-homepage-french","category-top-nouvelles","category-toutes-les-actualites","tag-africa-press","tag-africa-press-centrafricaine","tag-centrafricaine"],"yoast_head":"<!-- This site is optimized with the Yoast SEO Premium plugin v26.1 (Yoast SEO v27.0) - https:\/\/yoast.com\/product\/yoast-seo-premium-wordpress\/ -->\n<title>Agrobusiness : Raed Hariri veut exporter son mod\u00e8le vers la RDC et le Tchad - centrafricaine<\/title>\n<meta name=\"description\" content=\"Centrafricain n\u00e9 de parents libanais, l\u2019agro-industriel travaille avec plusieurs milliers de cultivateurs et fournit le ...\" \/>\n<meta name=\"robots\" content=\"index, follow, max-snippet:-1, max-image-preview:large, max-video-preview:-1\" \/>\n<link rel=\"canonical\" href=\"https:\/\/www.africa-press.net\/centrafricaine\/economie\/agrobusiness-raed-hariri-veut-exporter-son-modele-vers-la-rdc-et-le-tchad\" \/>\n<meta property=\"og:locale\" content=\"fr_FR\" \/>\n<meta property=\"og:type\" content=\"article\" \/>\n<meta property=\"og:title\" content=\"Agrobusiness : Raed Hariri veut exporter son mod\u00e8le vers la RDC et le Tchad\" \/>\n<meta property=\"og:description\" content=\"Centrafricain n\u00e9 de parents libanais, l\u2019agro-industriel travaille avec plusieurs milliers de cultivateurs et fournit le ...\" \/>\n<meta property=\"og:url\" content=\"https:\/\/www.africa-press.net\/centrafricaine\/economie\/agrobusiness-raed-hariri-veut-exporter-son-modele-vers-la-rdc-et-le-tchad\" \/>\n<meta property=\"og:site_name\" content=\"centrafricaine\" \/>\n<meta property=\"article:published_time\" content=\"2021-06-25T07:06:16+00:00\" \/>\n<meta property=\"article:modified_time\" content=\"2021-06-25T08:33:57+00:00\" \/>\n<meta property=\"og:image\" content=\"https:\/\/static.africa-press.net\/centrafricaine\/sites\/45\/2021\/06\/img-60d57f30ab56e.jpg\" \/>\n\t<meta property=\"og:image:width\" content=\"720\" \/>\n\t<meta property=\"og:image:height\" content=\"360\" \/>\n\t<meta property=\"og:image:type\" content=\"image\/jpeg\" \/>\n<meta name=\"author\" content=\"cfeditorfr\" \/>\n<meta name=\"twitter:card\" content=\"summary_large_image\" \/>\n<meta name=\"twitter:label1\" content=\"\u00c9crit par\" \/>\n\t<meta name=\"twitter:data1\" content=\"cfeditorfr\" \/>\n\t<meta name=\"twitter:label2\" content=\"Dur\u00e9e de lecture estim\u00e9e\" \/>\n\t<meta name=\"twitter:data2\" content=\"1 minute\" \/>\n<script type=\"application\/ld+json\" class=\"yoast-schema-graph\">{\"@context\":\"https:\/\/schema.org\",\"@graph\":[{\"@type\":\"Article\",\"@id\":\"https:\/\/www.africa-press.net\/centrafricaine\/economie\/agrobusiness-raed-hariri-veut-exporter-son-modele-vers-la-rdc-et-le-tchad#article\",\"isPartOf\":{\"@id\":\"https:\/\/www.africa-press.net\/centrafricaine\/economie\/agrobusiness-raed-hariri-veut-exporter-son-modele-vers-la-rdc-et-le-tchad\"},\"author\":{\"name\":\"cfeditorfr\",\"@id\":\"https:\/\/www.africa-press.net\/centrafricaine\/#\/schema\/person\/2b1cf3cd81a31e3cd26889ca66d677f1\"},\"headline\":\"Agrobusiness : Raed Hariri veut exporter son mod\u00e8le vers la RDC et le Tchad\",\"datePublished\":\"2021-06-25T07:06:16+00:00\",\"dateModified\":\"2021-06-25T08:33:57+00:00\",\"mainEntityOfPage\":{\"@id\":\"https:\/\/www.africa-press.net\/centrafricaine\/economie\/agrobusiness-raed-hariri-veut-exporter-son-modele-vers-la-rdc-et-le-tchad\"},\"wordCount\":194,\"commentCount\":0,\"image\":{\"@id\":\"https:\/\/www.africa-press.net\/centrafricaine\/economie\/agrobusiness-raed-hariri-veut-exporter-son-modele-vers-la-rdc-et-le-tchad#primaryimage\"},\"thumbnailUrl\":\"https:\/\/static.africa-press.net\/centrafricaine\/sites\/45\/2021\/06\/img-60d57f30ab56e.jpg\",\"keywords\":[\"Africa Press\",\"Africa Press-CentrAfricaine\",\"CentrAfricaine\"],\"articleSection\":[\"\u00c9conomie\",\"homepage-french\",\"Top Nouvelles\",\"Toutes les actualit\u00e9s\"],\"inLanguage\":\"fr-FR\",\"potentialAction\":[{\"@type\":\"CommentAction\",\"name\":\"Comment\",\"target\":[\"https:\/\/www.africa-press.net\/centrafricaine\/economie\/agrobusiness-raed-hariri-veut-exporter-son-modele-vers-la-rdc-et-le-tchad#respond\"]}]},{\"@type\":\"WebPage\",\"@id\":\"https:\/\/www.africa-press.net\/centrafricaine\/economie\/agrobusiness-raed-hariri-veut-exporter-son-modele-vers-la-rdc-et-le-tchad\",\"url\":\"https:\/\/www.africa-press.net\/centrafricaine\/economie\/agrobusiness-raed-hariri-veut-exporter-son-modele-vers-la-rdc-et-le-tchad\",\"name\":\"Agrobusiness : Raed Hariri veut exporter son mod\u00e8le vers la RDC et le Tchad - centrafricaine\",\"isPartOf\":{\"@id\":\"https:\/\/www.africa-press.net\/centrafricaine\/#website\"},\"primaryImageOfPage\":{\"@id\":\"https:\/\/www.africa-press.net\/centrafricaine\/economie\/agrobusiness-raed-hariri-veut-exporter-son-modele-vers-la-rdc-et-le-tchad#primaryimage\"},\"image\":{\"@id\":\"https:\/\/www.africa-press.net\/centrafricaine\/economie\/agrobusiness-raed-hariri-veut-exporter-son-modele-vers-la-rdc-et-le-tchad#primaryimage\"},\"thumbnailUrl\":\"https:\/\/static.africa-press.net\/centrafricaine\/sites\/45\/2021\/06\/img-60d57f30ab56e.jpg\",\"datePublished\":\"2021-06-25T07:06:16+00:00\",\"dateModified\":\"2021-06-25T08:33:57+00:00\",\"author\":{\"@id\":\"https:\/\/www.africa-press.net\/centrafricaine\/#\/schema\/person\/2b1cf3cd81a31e3cd26889ca66d677f1\"},\"description\":\"Centrafricain n\u00e9 de parents libanais, l\u2019agro-industriel travaille avec plusieurs milliers de cultivateurs et fournit le ...\",\"breadcrumb\":{\"@id\":\"https:\/\/www.africa-press.net\/centrafricaine\/economie\/agrobusiness-raed-hariri-veut-exporter-son-modele-vers-la-rdc-et-le-tchad#breadcrumb\"},\"inLanguage\":\"fr-FR\",\"potentialAction\":[{\"@type\":\"ReadAction\",\"target\":[\"https:\/\/www.africa-press.net\/centrafricaine\/economie\/agrobusiness-raed-hariri-veut-exporter-son-modele-vers-la-rdc-et-le-tchad\"]}]},{\"@type\":\"ImageObject\",\"inLanguage\":\"fr-FR\",\"@id\":\"https:\/\/www.africa-press.net\/centrafricaine\/economie\/agrobusiness-raed-hariri-veut-exporter-son-modele-vers-la-rdc-et-le-tchad#primaryimage\",\"url\":\"https:\/\/static.africa-press.net\/centrafricaine\/sites\/45\/2021\/06\/img-60d57f30ab56e.jpg\",\"contentUrl\":\"https:\/\/static.africa-press.net\/centrafricaine\/sites\/45\/2021\/06\/img-60d57f30ab56e.jpg\",\"width\":720,\"height\":360,\"caption\":\"Agrobusiness : Raed Hariri veut exporter son mod\u00e8le vers la RDC et le Tchad\"},{\"@type\":\"BreadcrumbList\",\"@id\":\"https:\/\/www.africa-press.net\/centrafricaine\/economie\/agrobusiness-raed-hariri-veut-exporter-son-modele-vers-la-rdc-et-le-tchad#breadcrumb\",\"itemListElement\":[{\"@type\":\"ListItem\",\"position\":1,\"name\":\"Accueil\",\"item\":\"https:\/\/www.africa-press.net\/centrafricaine\/\"},{\"@type\":\"ListItem\",\"position\":2,\"name\":\"Agrobusiness : Raed Hariri veut exporter son mod\u00e8le vers la RDC et le Tchad\"}]},{\"@type\":\"WebSite\",\"@id\":\"https:\/\/www.africa-press.net\/centrafricaine\/#website\",\"url\":\"https:\/\/www.africa-press.net\/centrafricaine\/\",\"name\":\"centrafricaine\",\"description\":\"Just another Africa News Agency Sites site\",\"potentialAction\":[{\"@type\":\"SearchAction\",\"target\":{\"@type\":\"EntryPoint\",\"urlTemplate\":\"https:\/\/www.africa-press.net\/centrafricaine\/?s={search_term_string}\"},\"query-input\":{\"@type\":\"PropertyValueSpecification\",\"valueRequired\":true,\"valueName\":\"search_term_string\"}}],\"inLanguage\":\"fr-FR\"},{\"@type\":\"Person\",\"@id\":\"https:\/\/www.africa-press.net\/centrafricaine\/#\/schema\/person\/2b1cf3cd81a31e3cd26889ca66d677f1\",\"name\":\"cfeditorfr\"}]}<\/script>\n<!-- \/ Yoast SEO Premium plugin. -->","yoast_head_json":{"title":"Agrobusiness : Raed Hariri veut exporter son mod\u00e8le vers la RDC et le Tchad - centrafricaine","description":"Centrafricain n\u00e9 de parents libanais, l\u2019agro-industriel travaille avec plusieurs milliers de cultivateurs et fournit le ...","robots":{"index":"index","follow":"follow","max-snippet":"max-snippet:-1","max-image-preview":"max-image-preview:large","max-video-preview":"max-video-preview:-1"},"canonical":"https:\/\/www.africa-press.net\/centrafricaine\/economie\/agrobusiness-raed-hariri-veut-exporter-son-modele-vers-la-rdc-et-le-tchad","og_locale":"fr_FR","og_type":"article","og_title":"Agrobusiness : Raed Hariri veut exporter son mod\u00e8le vers la RDC et le Tchad","og_description":"Centrafricain n\u00e9 de parents libanais, l\u2019agro-industriel travaille avec plusieurs milliers de cultivateurs et fournit le ...","og_url":"https:\/\/www.africa-press.net\/centrafricaine\/economie\/agrobusiness-raed-hariri-veut-exporter-son-modele-vers-la-rdc-et-le-tchad","og_site_name":"centrafricaine","article_published_time":"2021-06-25T07:06:16+00:00","article_modified_time":"2021-06-25T08:33:57+00:00","og_image":[{"width":720,"height":360,"url":"https:\/\/static.africa-press.net\/centrafricaine\/sites\/45\/2021\/06\/img-60d57f30ab56e.jpg","type":"image\/jpeg"}],"author":"cfeditorfr","twitter_card":"summary_large_image","twitter_misc":{"\u00c9crit par":"cfeditorfr","Dur\u00e9e de lecture estim\u00e9e":"1 minute"},"schema":{"@context":"https:\/\/schema.org","@graph":[{"@type":"Article","@id":"https:\/\/www.africa-press.net\/centrafricaine\/economie\/agrobusiness-raed-hariri-veut-exporter-son-modele-vers-la-rdc-et-le-tchad#article","isPartOf":{"@id":"https:\/\/www.africa-press.net\/centrafricaine\/economie\/agrobusiness-raed-hariri-veut-exporter-son-modele-vers-la-rdc-et-le-tchad"},"author":{"name":"cfeditorfr","@id":"https:\/\/www.africa-press.net\/centrafricaine\/#\/schema\/person\/2b1cf3cd81a31e3cd26889ca66d677f1"},"headline":"Agrobusiness : Raed Hariri veut exporter son mod\u00e8le vers la RDC et le Tchad","datePublished":"2021-06-25T07:06:16+00:00","dateModified":"2021-06-25T08:33:57+00:00","mainEntityOfPage":{"@id":"https:\/\/www.africa-press.net\/centrafricaine\/economie\/agrobusiness-raed-hariri-veut-exporter-son-modele-vers-la-rdc-et-le-tchad"},"wordCount":194,"commentCount":0,"image":{"@id":"https:\/\/www.africa-press.net\/centrafricaine\/economie\/agrobusiness-raed-hariri-veut-exporter-son-modele-vers-la-rdc-et-le-tchad#primaryimage"},"thumbnailUrl":"https:\/\/static.africa-press.net\/centrafricaine\/sites\/45\/2021\/06\/img-60d57f30ab56e.jpg","keywords":["Africa Press","Africa Press-CentrAfricaine","CentrAfricaine"],"articleSection":["\u00c9conomie","homepage-french","Top Nouvelles","Toutes les actualit\u00e9s"],"inLanguage":"fr-FR","potentialAction":[{"@type":"CommentAction","name":"Comment","target":["https:\/\/www.africa-press.net\/centrafricaine\/economie\/agrobusiness-raed-hariri-veut-exporter-son-modele-vers-la-rdc-et-le-tchad#respond"]}]},{"@type":"WebPage","@id":"https:\/\/www.africa-press.net\/centrafricaine\/economie\/agrobusiness-raed-hariri-veut-exporter-son-modele-vers-la-rdc-et-le-tchad","url":"https:\/\/www.africa-press.net\/centrafricaine\/economie\/agrobusiness-raed-hariri-veut-exporter-son-modele-vers-la-rdc-et-le-tchad","name":"Agrobusiness : Raed Hariri veut exporter son mod\u00e8le vers la RDC et le Tchad - centrafricaine","isPartOf":{"@id":"https:\/\/www.africa-press.net\/centrafricaine\/#website"},"primaryImageOfPage":{"@id":"https:\/\/www.africa-press.net\/centrafricaine\/economie\/agrobusiness-raed-hariri-veut-exporter-son-modele-vers-la-rdc-et-le-tchad#primaryimage"},"image":{"@id":"https:\/\/www.africa-press.net\/centrafricaine\/economie\/agrobusiness-raed-hariri-veut-exporter-son-modele-vers-la-rdc-et-le-tchad#primaryimage"},"thumbnailUrl":"https:\/\/static.africa-press.net\/centrafricaine\/sites\/45\/2021\/06\/img-60d57f30ab56e.jpg","datePublished":"2021-06-25T07:06:16+00:00","dateModified":"2021-06-25T08:33:57+00:00","author":{"@id":"https:\/\/www.africa-press.net\/centrafricaine\/#\/schema\/person\/2b1cf3cd81a31e3cd26889ca66d677f1"},"description":"Centrafricain n\u00e9 de parents libanais, l\u2019agro-industriel travaille avec plusieurs milliers de cultivateurs et fournit le ...","breadcrumb":{"@id":"https:\/\/www.africa-press.net\/centrafricaine\/economie\/agrobusiness-raed-hariri-veut-exporter-son-modele-vers-la-rdc-et-le-tchad#breadcrumb"},"inLanguage":"fr-FR","potentialAction":[{"@type":"ReadAction","target":["https:\/\/www.africa-press.net\/centrafricaine\/economie\/agrobusiness-raed-hariri-veut-exporter-son-modele-vers-la-rdc-et-le-tchad"]}]},{"@type":"ImageObject","inLanguage":"fr-FR","@id":"https:\/\/www.africa-press.net\/centrafricaine\/economie\/agrobusiness-raed-hariri-veut-exporter-son-modele-vers-la-rdc-et-le-tchad#primaryimage","url":"https:\/\/static.africa-press.net\/centrafricaine\/sites\/45\/2021\/06\/img-60d57f30ab56e.jpg","contentUrl":"https:\/\/static.africa-press.net\/centrafricaine\/sites\/45\/2021\/06\/img-60d57f30ab56e.jpg","width":720,"height":360,"caption":"Agrobusiness : Raed Hariri veut exporter son mod\u00e8le vers la RDC et le Tchad"},{"@type":"BreadcrumbList","@id":"https:\/\/www.africa-press.net\/centrafricaine\/economie\/agrobusiness-raed-hariri-veut-exporter-son-modele-vers-la-rdc-et-le-tchad#breadcrumb","itemListElement":[{"@type":"ListItem","position":1,"name":"Accueil","item":"https:\/\/www.africa-press.net\/centrafricaine\/"},{"@type":"ListItem","position":2,"name":"Agrobusiness : Raed Hariri veut exporter son mod\u00e8le vers la RDC et le Tchad"}]},{"@type":"WebSite","@id":"https:\/\/www.africa-press.net\/centrafricaine\/#website","url":"https:\/\/www.africa-press.net\/centrafricaine\/","name":"centrafricaine","description":"Just another Africa News Agency Sites site","potentialAction":[{"@type":"SearchAction","target":{"@type":"EntryPoint","urlTemplate":"https:\/\/www.africa-press.net\/centrafricaine\/?s={search_term_string}"},"query-input":{"@type":"PropertyValueSpecification","valueRequired":true,"valueName":"search_term_string"}}],"inLanguage":"fr-FR"},{"@type":"Person","@id":"https:\/\/www.africa-press.net\/centrafricaine\/#\/schema\/person\/2b1cf3cd81a31e3cd26889ca66d677f1","name":"cfeditorfr"}]}},"_links":{"self":[{"href":"https:\/\/www.africa-press.net\/centrafricaine\/wp-json\/wp\/v2\/posts\/8373","targetHints":{"allow":["GET"]}}],"collection":[{"href":"https:\/\/www.africa-press.net\/centrafricaine\/wp-json\/wp\/v2\/posts"}],"about":[{"href":"https:\/\/www.africa-press.net\/centrafricaine\/wp-json\/wp\/v2\/types\/post"}],"author":[{"embeddable":true,"href":"https:\/\/www.africa-press.net\/centrafricaine\/wp-json\/wp\/v2\/users\/82"}],"replies":[{"embeddable":true,"href":"https:\/\/www.africa-press.net\/centrafricaine\/wp-json\/wp\/v2\/comments?post=8373"}],"version-history":[{"count":0,"href":"https:\/\/www.africa-press.net\/centrafricaine\/wp-json\/wp\/v2\/posts\/8373\/revisions"}],"wp:featuredmedia":[{"embeddable":true,"href":"https:\/\/www.africa-press.net\/centrafricaine\/wp-json\/wp\/v2\/media\/8372"}],"wp:attachment":[{"href":"https:\/\/www.africa-press.net\/centrafricaine\/wp-json\/wp\/v2\/media?parent=8373"}],"wp:term":[{"taxonomy":"category","embeddable":true,"href":"https:\/\/www.africa-press.net\/centrafricaine\/wp-json\/wp\/v2\/categories?post=8373"},{"taxonomy":"post_tag","embeddable":true,"href":"https:\/\/www.africa-press.net\/centrafricaine\/wp-json\/wp\/v2\/tags?post=8373"}],"curies":[{"name":"wp","href":"https:\/\/api.w.org\/{rel}","templated":true}]}}