{"id":8379,"date":"2021-06-25T07:19:51","date_gmt":"2021-06-25T07:19:51","guid":{"rendered":"https:\/\/www.africa-press.net\/centrafricaine\/?p=8379"},"modified":"2021-06-25T08:34:21","modified_gmt":"2021-06-25T08:34:21","slug":"la-situation-securitaire-reste-precaire-selon-lonu","status":"publish","type":"post","link":"https:\/\/www.africa-press.net\/centrafricaine\/politique\/la-situation-securitaire-reste-precaire-selon-lonu","title":{"rendered":"la situation s\u00e9curitaire reste pr\u00e9caire, selon  l\u2019ONU"},"content":{"rendered":"<p><span style=\"color: #ff6600\"><strong><a href=\"https:\/\/www.africa-press.net\/\">Africa-Press<\/a> &#8211; <a href=\"https:\/\/www.africa-press.net\/centrafricaine\">CentrAfricaine<\/a>. <\/strong><\/span>Six mois apr\u00e8s les \u00e9lections pr\u00e9sidentielle et l\u00e9gislatives, la situation reste extr\u00eamement tendue en Centrafrique o\u00f9 au moins 82 civils ont \u00e9t\u00e9 tu\u00e9 entre f\u00e9vrier et juin, selon l\u2019ONU.<\/p>\n<p>La situation s\u00e9curitaire \u00ab est rest\u00e9e pr\u00e9caire, en particulier dans l\u2019ouest, le nord-ouest et le centre du pays \u00bb, a soulign\u00e9 mercredi devant le Conseil de s\u00e9curit\u00e9 des Nations Unies, le Repr\u00e9sentant sp\u00e9cial du Secr\u00e9taire g\u00e9n\u00e9ral de l\u2019ONU, Vladimir Monteiro.<\/p>\n<p>La RCA est en situation apocalyptique \u00ab du fait de la poursuite des affrontements entre des groupes arm\u00e9s, pour la plupart affili\u00e9s \u00e0 la CPC, et les forces de d\u00e9fense nationale, assist\u00e9es par des forces de s\u00e9curit\u00e9 d\u00e9ploy\u00e9es de mani\u00e8re bilat\u00e9rale et d\u2019autres agents de s\u00e9curit\u00e9, ce qui a provoqu\u00e9 des pertes humaines et des d\u00e9placements \u00bb, a-t-il soulign\u00e9.<\/p>\n<p>Monteiro a relev\u00e9 que la situation humanitaire qui s\u2019est d\u00e9t\u00e9rior\u00e9e \u00ab pour atteindre son degr\u00e9 le plus bas depuis cinq ans en raison de la violence, des d\u00e9placements de population, de la flamb\u00e9e des prix des denr\u00e9es alimentaires provoqu\u00e9e par la perturbation de la principale voie d\u2019approvisionnement du pays, de l\u2019impact socio\u00e9conomique de la maladie \u00e0 coronavirus 2019 (COVID-19) et de la baisse de la production agricole caus\u00e9e par les inondations \u00bb.<\/p>\n<p>Le rapport a indiqu\u00e9 qu\u2019entre le 1er f\u00e9vrier et le 1er juin 2021, la force l\u2019onusienne, la Minusca, a document\u00e9 344 cas de violations des droits humains, d\u2019atteintes \u00e0 ces droits et de violations du droit international humanitaire qui ont fait 628 victimes et caus\u00e9 82 d\u00e9c\u00e8s de civils li\u00e9s au conflit.<\/p>\n<p>Le document pr\u00e9cise aussi que \u00ab 140 violations ont \u00e9t\u00e9 perp\u00e9tr\u00e9es par des agents de s\u00e9curit\u00e9 nationaux, des agents d\u00e9ploy\u00e9s bilat\u00e9ralement et d\u2019autres agents de s\u00e9curit\u00e9, ont \u00e9t\u00e9 document\u00e9es, pour un total de 249 victimes \u00bb.<\/p>\n<p>Pour son tour, le porte-parole de la Minusca, le Lieutenant-Colonel Abdoul Aziz Fall, a indiqu\u00e9 que la situation s\u00e9curitaire, cette semaine, a \u00e9t\u00e9 pr\u00e9caire, marqu\u00e9e par une recrudescence des violences commises par les \u00e9l\u00e9ments des groupes arm\u00e9s contre les populations et la persistance de la menace que constituent les mines et autres engins explosifs improvis\u00e9s.<\/p>\n<p>La RCA est l\u2019un des pays les plus pauvres et les plus instables d\u2019Afrique, m\u00eame si elle est riche en ressources telles que les diamants et l\u2019uranium. L\u2019ONU estime qu\u2019environ la moiti\u00e9 de la population d\u00e9pend de l\u2019aide humanitaire.<\/p>\n<p>D\u2019apr\u00e8s le rapport de l\u2019ONU quelque 2,8 millions de personnes en RCA (soit plus de la moiti\u00e9 de la population) ont besoin d\u2019une aide humanitaire et d\u2019une protection, et, pour 1,9 million d\u2019entre elles, de mani\u00e8re urgente.<\/p>\n<p><b>\u00a0<\/b><\/p>\n","protected":false},"excerpt":{"rendered":"<p>Africa-Press &#8211; CentrAfricaine. Six mois apr\u00e8s les \u00e9lections pr\u00e9sidentielle et l\u00e9gislatives, la situation reste extr\u00eamement tendue en Centrafrique o\u00f9 au moins 82 civils ont \u00e9t\u00e9 tu\u00e9 entre f\u00e9vrier et juin, selon l\u2019ONU. La situation s\u00e9curitaire \u00ab est rest\u00e9e pr\u00e9caire, en particulier dans l\u2019ouest, le nord-ouest et le centre du pays \u00bb, a soulign\u00e9 mercredi devant [&hellip;]<\/p>\n","protected":false},"author":82,"featured_media":8378,"comment_status":"open","ping_status":"closed","sticky":false,"template":"","format":"standard","meta":{"footnotes":""},"categories":[11,2,10],"tags":[36,58,30],"class_list":["post-8379","post","type-post","status-publish","format-standard","has-post-thumbnail","hentry","category-homepage-french","category-politique","category-toutes-les-actualites","tag-africa-press","tag-africa-press-centrafricaine","tag-centrafricaine"],"yoast_head":"<!-- This site is optimized with the Yoast SEO Premium plugin v26.1 (Yoast SEO v27.0) - https:\/\/yoast.com\/product\/yoast-seo-premium-wordpress\/ -->\n<title>la situation s\u00e9curitaire reste pr\u00e9caire, selon l\u2019ONU - centrafricaine<\/title>\n<meta name=\"description\" content=\"Bangui, R\u00e9publique centrafricaine, jeudi, 24 juin 2021, 03:29:24 ( Corbeaunews-Centrafrique ). Six mois apr\u00e8s les \u00e9lec ...\" \/>\n<meta name=\"robots\" content=\"index, follow, max-snippet:-1, max-image-preview:large, max-video-preview:-1\" \/>\n<link rel=\"canonical\" href=\"https:\/\/www.africa-press.net\/centrafricaine\/politique\/la-situation-securitaire-reste-precaire-selon-lonu\" \/>\n<meta property=\"og:locale\" content=\"fr_FR\" \/>\n<meta property=\"og:type\" content=\"article\" \/>\n<meta property=\"og:title\" content=\"la situation s\u00e9curitaire reste pr\u00e9caire, selon l\u2019ONU\" \/>\n<meta property=\"og:description\" content=\"Bangui, R\u00e9publique centrafricaine, jeudi, 24 juin 2021, 03:29:24 ( Corbeaunews-Centrafrique ). Six mois apr\u00e8s les \u00e9lec ...\" \/>\n<meta property=\"og:url\" content=\"https:\/\/www.africa-press.net\/centrafricaine\/politique\/la-situation-securitaire-reste-precaire-selon-lonu\" \/>\n<meta property=\"og:site_name\" content=\"centrafricaine\" \/>\n<meta property=\"article:published_time\" content=\"2021-06-25T07:19:51+00:00\" \/>\n<meta property=\"article:modified_time\" content=\"2021-06-25T08:34:21+00:00\" \/>\n<meta property=\"og:image\" content=\"https:\/\/static.africa-press.net\/centrafricaine\/sites\/45\/2021\/06\/img-60d57f9040b96.jpg\" \/>\n\t<meta property=\"og:image:width\" content=\"720\" \/>\n\t<meta property=\"og:image:height\" content=\"515\" \/>\n\t<meta property=\"og:image:type\" content=\"image\/jpeg\" \/>\n<meta name=\"author\" content=\"cfeditorfr\" \/>\n<meta name=\"twitter:card\" content=\"summary_large_image\" \/>\n<meta name=\"twitter:label1\" content=\"\u00c9crit par\" \/>\n\t<meta name=\"twitter:data1\" content=\"cfeditorfr\" \/>\n\t<meta name=\"twitter:label2\" content=\"Dur\u00e9e de lecture estim\u00e9e\" \/>\n\t<meta name=\"twitter:data2\" content=\"2 minutes\" \/>\n<script type=\"application\/ld+json\" class=\"yoast-schema-graph\">{\"@context\":\"https:\/\/schema.org\",\"@graph\":[{\"@type\":\"Article\",\"@id\":\"https:\/\/www.africa-press.net\/centrafricaine\/politique\/la-situation-securitaire-reste-precaire-selon-lonu#article\",\"isPartOf\":{\"@id\":\"https:\/\/www.africa-press.net\/centrafricaine\/politique\/la-situation-securitaire-reste-precaire-selon-lonu\"},\"author\":{\"name\":\"cfeditorfr\",\"@id\":\"https:\/\/www.africa-press.net\/centrafricaine\/#\/schema\/person\/2b1cf3cd81a31e3cd26889ca66d677f1\"},\"headline\":\"la situation s\u00e9curitaire reste pr\u00e9caire, selon l\u2019ONU\",\"datePublished\":\"2021-06-25T07:19:51+00:00\",\"dateModified\":\"2021-06-25T08:34:21+00:00\",\"mainEntityOfPage\":{\"@id\":\"https:\/\/www.africa-press.net\/centrafricaine\/politique\/la-situation-securitaire-reste-precaire-selon-lonu\"},\"wordCount\":490,\"commentCount\":0,\"image\":{\"@id\":\"https:\/\/www.africa-press.net\/centrafricaine\/politique\/la-situation-securitaire-reste-precaire-selon-lonu#primaryimage\"},\"thumbnailUrl\":\"https:\/\/static.africa-press.net\/centrafricaine\/sites\/45\/2021\/06\/img-60d57f9040b96.jpg\",\"keywords\":[\"Africa Press\",\"Africa Press-CentrAfricaine\",\"CentrAfricaine\"],\"articleSection\":[\"homepage-french\",\"Politique\",\"Toutes les actualit\u00e9s\"],\"inLanguage\":\"fr-FR\",\"potentialAction\":[{\"@type\":\"CommentAction\",\"name\":\"Comment\",\"target\":[\"https:\/\/www.africa-press.net\/centrafricaine\/politique\/la-situation-securitaire-reste-precaire-selon-lonu#respond\"]}]},{\"@type\":\"WebPage\",\"@id\":\"https:\/\/www.africa-press.net\/centrafricaine\/politique\/la-situation-securitaire-reste-precaire-selon-lonu\",\"url\":\"https:\/\/www.africa-press.net\/centrafricaine\/politique\/la-situation-securitaire-reste-precaire-selon-lonu\",\"name\":\"la situation s\u00e9curitaire reste pr\u00e9caire, selon l\u2019ONU - centrafricaine\",\"isPartOf\":{\"@id\":\"https:\/\/www.africa-press.net\/centrafricaine\/#website\"},\"primaryImageOfPage\":{\"@id\":\"https:\/\/www.africa-press.net\/centrafricaine\/politique\/la-situation-securitaire-reste-precaire-selon-lonu#primaryimage\"},\"image\":{\"@id\":\"https:\/\/www.africa-press.net\/centrafricaine\/politique\/la-situation-securitaire-reste-precaire-selon-lonu#primaryimage\"},\"thumbnailUrl\":\"https:\/\/static.africa-press.net\/centrafricaine\/sites\/45\/2021\/06\/img-60d57f9040b96.jpg\",\"datePublished\":\"2021-06-25T07:19:51+00:00\",\"dateModified\":\"2021-06-25T08:34:21+00:00\",\"author\":{\"@id\":\"https:\/\/www.africa-press.net\/centrafricaine\/#\/schema\/person\/2b1cf3cd81a31e3cd26889ca66d677f1\"},\"description\":\"Bangui, R\u00e9publique centrafricaine, jeudi, 24 juin 2021, 03:29:24 ( Corbeaunews-Centrafrique ). Six mois apr\u00e8s les \u00e9lec ...\",\"breadcrumb\":{\"@id\":\"https:\/\/www.africa-press.net\/centrafricaine\/politique\/la-situation-securitaire-reste-precaire-selon-lonu#breadcrumb\"},\"inLanguage\":\"fr-FR\",\"potentialAction\":[{\"@type\":\"ReadAction\",\"target\":[\"https:\/\/www.africa-press.net\/centrafricaine\/politique\/la-situation-securitaire-reste-precaire-selon-lonu\"]}]},{\"@type\":\"ImageObject\",\"inLanguage\":\"fr-FR\",\"@id\":\"https:\/\/www.africa-press.net\/centrafricaine\/politique\/la-situation-securitaire-reste-precaire-selon-lonu#primaryimage\",\"url\":\"https:\/\/static.africa-press.net\/centrafricaine\/sites\/45\/2021\/06\/img-60d57f9040b96.jpg\",\"contentUrl\":\"https:\/\/static.africa-press.net\/centrafricaine\/sites\/45\/2021\/06\/img-60d57f9040b96.jpg\",\"width\":720,\"height\":515,\"caption\":\"la situation s\u00e9curitaire reste pr\u00e9caire, selon l\u2019ONU\"},{\"@type\":\"BreadcrumbList\",\"@id\":\"https:\/\/www.africa-press.net\/centrafricaine\/politique\/la-situation-securitaire-reste-precaire-selon-lonu#breadcrumb\",\"itemListElement\":[{\"@type\":\"ListItem\",\"position\":1,\"name\":\"Accueil\",\"item\":\"https:\/\/www.africa-press.net\/centrafricaine\/\"},{\"@type\":\"ListItem\",\"position\":2,\"name\":\"la situation s\u00e9curitaire reste pr\u00e9caire, selon l\u2019ONU\"}]},{\"@type\":\"WebSite\",\"@id\":\"https:\/\/www.africa-press.net\/centrafricaine\/#website\",\"url\":\"https:\/\/www.africa-press.net\/centrafricaine\/\",\"name\":\"centrafricaine\",\"description\":\"Just another Africa News Agency Sites site\",\"potentialAction\":[{\"@type\":\"SearchAction\",\"target\":{\"@type\":\"EntryPoint\",\"urlTemplate\":\"https:\/\/www.africa-press.net\/centrafricaine\/?s={search_term_string}\"},\"query-input\":{\"@type\":\"PropertyValueSpecification\",\"valueRequired\":true,\"valueName\":\"search_term_string\"}}],\"inLanguage\":\"fr-FR\"},{\"@type\":\"Person\",\"@id\":\"https:\/\/www.africa-press.net\/centrafricaine\/#\/schema\/person\/2b1cf3cd81a31e3cd26889ca66d677f1\",\"name\":\"cfeditorfr\"}]}<\/script>\n<!-- \/ Yoast SEO Premium plugin. -->","yoast_head_json":{"title":"la situation s\u00e9curitaire reste pr\u00e9caire, selon l\u2019ONU - centrafricaine","description":"Bangui, R\u00e9publique centrafricaine, jeudi, 24 juin 2021, 03:29:24 ( Corbeaunews-Centrafrique ). Six mois apr\u00e8s les \u00e9lec ...","robots":{"index":"index","follow":"follow","max-snippet":"max-snippet:-1","max-image-preview":"max-image-preview:large","max-video-preview":"max-video-preview:-1"},"canonical":"https:\/\/www.africa-press.net\/centrafricaine\/politique\/la-situation-securitaire-reste-precaire-selon-lonu","og_locale":"fr_FR","og_type":"article","og_title":"la situation s\u00e9curitaire reste pr\u00e9caire, selon l\u2019ONU","og_description":"Bangui, R\u00e9publique centrafricaine, jeudi, 24 juin 2021, 03:29:24 ( Corbeaunews-Centrafrique ). Six mois apr\u00e8s les \u00e9lec ...","og_url":"https:\/\/www.africa-press.net\/centrafricaine\/politique\/la-situation-securitaire-reste-precaire-selon-lonu","og_site_name":"centrafricaine","article_published_time":"2021-06-25T07:19:51+00:00","article_modified_time":"2021-06-25T08:34:21+00:00","og_image":[{"width":720,"height":515,"url":"https:\/\/static.africa-press.net\/centrafricaine\/sites\/45\/2021\/06\/img-60d57f9040b96.jpg","type":"image\/jpeg"}],"author":"cfeditorfr","twitter_card":"summary_large_image","twitter_misc":{"\u00c9crit par":"cfeditorfr","Dur\u00e9e de lecture estim\u00e9e":"2 minutes"},"schema":{"@context":"https:\/\/schema.org","@graph":[{"@type":"Article","@id":"https:\/\/www.africa-press.net\/centrafricaine\/politique\/la-situation-securitaire-reste-precaire-selon-lonu#article","isPartOf":{"@id":"https:\/\/www.africa-press.net\/centrafricaine\/politique\/la-situation-securitaire-reste-precaire-selon-lonu"},"author":{"name":"cfeditorfr","@id":"https:\/\/www.africa-press.net\/centrafricaine\/#\/schema\/person\/2b1cf3cd81a31e3cd26889ca66d677f1"},"headline":"la situation s\u00e9curitaire reste pr\u00e9caire, selon l\u2019ONU","datePublished":"2021-06-25T07:19:51+00:00","dateModified":"2021-06-25T08:34:21+00:00","mainEntityOfPage":{"@id":"https:\/\/www.africa-press.net\/centrafricaine\/politique\/la-situation-securitaire-reste-precaire-selon-lonu"},"wordCount":490,"commentCount":0,"image":{"@id":"https:\/\/www.africa-press.net\/centrafricaine\/politique\/la-situation-securitaire-reste-precaire-selon-lonu#primaryimage"},"thumbnailUrl":"https:\/\/static.africa-press.net\/centrafricaine\/sites\/45\/2021\/06\/img-60d57f9040b96.jpg","keywords":["Africa Press","Africa Press-CentrAfricaine","CentrAfricaine"],"articleSection":["homepage-french","Politique","Toutes les actualit\u00e9s"],"inLanguage":"fr-FR","potentialAction":[{"@type":"CommentAction","name":"Comment","target":["https:\/\/www.africa-press.net\/centrafricaine\/politique\/la-situation-securitaire-reste-precaire-selon-lonu#respond"]}]},{"@type":"WebPage","@id":"https:\/\/www.africa-press.net\/centrafricaine\/politique\/la-situation-securitaire-reste-precaire-selon-lonu","url":"https:\/\/www.africa-press.net\/centrafricaine\/politique\/la-situation-securitaire-reste-precaire-selon-lonu","name":"la situation s\u00e9curitaire reste pr\u00e9caire, selon l\u2019ONU - centrafricaine","isPartOf":{"@id":"https:\/\/www.africa-press.net\/centrafricaine\/#website"},"primaryImageOfPage":{"@id":"https:\/\/www.africa-press.net\/centrafricaine\/politique\/la-situation-securitaire-reste-precaire-selon-lonu#primaryimage"},"image":{"@id":"https:\/\/www.africa-press.net\/centrafricaine\/politique\/la-situation-securitaire-reste-precaire-selon-lonu#primaryimage"},"thumbnailUrl":"https:\/\/static.africa-press.net\/centrafricaine\/sites\/45\/2021\/06\/img-60d57f9040b96.jpg","datePublished":"2021-06-25T07:19:51+00:00","dateModified":"2021-06-25T08:34:21+00:00","author":{"@id":"https:\/\/www.africa-press.net\/centrafricaine\/#\/schema\/person\/2b1cf3cd81a31e3cd26889ca66d677f1"},"description":"Bangui, R\u00e9publique centrafricaine, jeudi, 24 juin 2021, 03:29:24 ( Corbeaunews-Centrafrique ). Six mois apr\u00e8s les \u00e9lec ...","breadcrumb":{"@id":"https:\/\/www.africa-press.net\/centrafricaine\/politique\/la-situation-securitaire-reste-precaire-selon-lonu#breadcrumb"},"inLanguage":"fr-FR","potentialAction":[{"@type":"ReadAction","target":["https:\/\/www.africa-press.net\/centrafricaine\/politique\/la-situation-securitaire-reste-precaire-selon-lonu"]}]},{"@type":"ImageObject","inLanguage":"fr-FR","@id":"https:\/\/www.africa-press.net\/centrafricaine\/politique\/la-situation-securitaire-reste-precaire-selon-lonu#primaryimage","url":"https:\/\/static.africa-press.net\/centrafricaine\/sites\/45\/2021\/06\/img-60d57f9040b96.jpg","contentUrl":"https:\/\/static.africa-press.net\/centrafricaine\/sites\/45\/2021\/06\/img-60d57f9040b96.jpg","width":720,"height":515,"caption":"la situation s\u00e9curitaire reste pr\u00e9caire, selon l\u2019ONU"},{"@type":"BreadcrumbList","@id":"https:\/\/www.africa-press.net\/centrafricaine\/politique\/la-situation-securitaire-reste-precaire-selon-lonu#breadcrumb","itemListElement":[{"@type":"ListItem","position":1,"name":"Accueil","item":"https:\/\/www.africa-press.net\/centrafricaine\/"},{"@type":"ListItem","position":2,"name":"la situation s\u00e9curitaire reste pr\u00e9caire, selon l\u2019ONU"}]},{"@type":"WebSite","@id":"https:\/\/www.africa-press.net\/centrafricaine\/#website","url":"https:\/\/www.africa-press.net\/centrafricaine\/","name":"centrafricaine","description":"Just another Africa News Agency Sites site","potentialAction":[{"@type":"SearchAction","target":{"@type":"EntryPoint","urlTemplate":"https:\/\/www.africa-press.net\/centrafricaine\/?s={search_term_string}"},"query-input":{"@type":"PropertyValueSpecification","valueRequired":true,"valueName":"search_term_string"}}],"inLanguage":"fr-FR"},{"@type":"Person","@id":"https:\/\/www.africa-press.net\/centrafricaine\/#\/schema\/person\/2b1cf3cd81a31e3cd26889ca66d677f1","name":"cfeditorfr"}]}},"_links":{"self":[{"href":"https:\/\/www.africa-press.net\/centrafricaine\/wp-json\/wp\/v2\/posts\/8379","targetHints":{"allow":["GET"]}}],"collection":[{"href":"https:\/\/www.africa-press.net\/centrafricaine\/wp-json\/wp\/v2\/posts"}],"about":[{"href":"https:\/\/www.africa-press.net\/centrafricaine\/wp-json\/wp\/v2\/types\/post"}],"author":[{"embeddable":true,"href":"https:\/\/www.africa-press.net\/centrafricaine\/wp-json\/wp\/v2\/users\/82"}],"replies":[{"embeddable":true,"href":"https:\/\/www.africa-press.net\/centrafricaine\/wp-json\/wp\/v2\/comments?post=8379"}],"version-history":[{"count":0,"href":"https:\/\/www.africa-press.net\/centrafricaine\/wp-json\/wp\/v2\/posts\/8379\/revisions"}],"wp:featuredmedia":[{"embeddable":true,"href":"https:\/\/www.africa-press.net\/centrafricaine\/wp-json\/wp\/v2\/media\/8378"}],"wp:attachment":[{"href":"https:\/\/www.africa-press.net\/centrafricaine\/wp-json\/wp\/v2\/media?parent=8379"}],"wp:term":[{"taxonomy":"category","embeddable":true,"href":"https:\/\/www.africa-press.net\/centrafricaine\/wp-json\/wp\/v2\/categories?post=8379"},{"taxonomy":"post_tag","embeddable":true,"href":"https:\/\/www.africa-press.net\/centrafricaine\/wp-json\/wp\/v2\/tags?post=8379"}],"curies":[{"name":"wp","href":"https:\/\/api.w.org\/{rel}","templated":true}]}}