{"id":8382,"date":"2021-06-25T07:26:22","date_gmt":"2021-06-25T07:26:22","guid":{"rendered":"https:\/\/www.africa-press.net\/centrafricaine\/?p=8382"},"modified":"2021-06-25T08:34:31","modified_gmt":"2021-06-25T08:34:31","slug":"rca-vive-tension-a-bria-et-a-ndele-les-hommes-de-wagner-se-renforcent-dans-la-ville","status":"publish","type":"post","link":"https:\/\/www.africa-press.net\/centrafricaine\/politique\/rca-vive-tension-a-bria-et-a-ndele-les-hommes-de-wagner-se-renforcent-dans-la-ville","title":{"rendered":"vive tension \u00e0 Bria et \u00e0 Nd\u00e9l\u00e9, les hommes de Wagner se renforcent dans la ville"},"content":{"rendered":"<p><span style=\"color: #ff6600\"><strong><a href=\"https:\/\/www.africa-press.net\/\">Africa-Press<\/a> &#8211; <a href=\"https:\/\/www.africa-press.net\/centrafricaine\">CentrAfricaine<\/a>.\u00a0 <\/strong><\/span>\u00a0Depuis 48 heures, la ville de Bria, chef-lieu de la Haute-Kotto, puis de Nd\u00e9l\u00e9, chef-lieu de Bamingui-Bangoran, sont en alerte g\u00e9n\u00e9rale. Les mercenaires russes et syriens ne cessent d\u2019augmenter leur effectif en hommes et mat\u00e9riels, suscitant de l\u2018inqui\u00e9tude au sein de la population.<\/p>\n<p>Des navettes sans cesse des cargos russes, les villes encercl\u00e9es, des contr\u00f4les renforc\u00e9s, la ville de Bria, mais aussi celle de Nd\u00e9l\u00e9 ressemblent \u00e0 un territoire en \u00e9tat de guerre imminente.<\/p>\n<p>Personne n\u2019est en mesure actuellement de savoir exactement ce qui se passe, mais des rumeurs au sein de l\u2019arm\u00e9e nationale font \u00e9tat d\u2019une attaque imminente des rebelles de CPC contre les positions des forces arm\u00e9es centrafricaines (FACA), mais \u00e9galement celles des mercenaires de Wagner dans la ville de Bria, mais aussi de Nd\u00e9l\u00e9.<\/p>\n<p>\u00c0 Bria par exemple, depuis mercredi, la s\u00e9curit\u00e9 sur les routes qui m\u00e8nent \u00e0 la ville est renforc\u00e9e. Les Russes et les Syriens se sont renforc\u00e9s sur l\u2019axe Ippy \u2013 Bria, mais aussi sur l\u2019axe Nd\u00e9l\u00e9 \u2013 Bria, puis La Kotto \u2013 Bria. Les populations ont peur, peur d\u2019\u00eatre prises pour cibles :<\/p>\n<p><b>\u00ab Actuellement, nous vivons dans la psychose. Les cultivateurs qui ont l\u2019habitude de sortir t\u00f4t le matin pour aller aux champ champs ne le font plus. M\u00eame les commer\u00e7ants aussi. Ils ont peur d\u2019\u00eatre pris pour un assaillant et abattre \u00bb<\/b><\/p>\n<p>, a t\u00e9moign\u00e9 un homme d\u2019affaires de Bria.<\/p>\n<p>Rappelons que le service des renseignements de l\u2019arm\u00e9e avait saisi la ministre de la D\u00e9fense pour l\u2019informer que plusieurs villes de provinces, mais aussi de Bangui sont dans le viseur de plusieurs assaillants proches de l\u2019ancien Pr\u00e9sident Fran\u00e7ois Boziz\u00e9, devenu chef rebelle de CPC.<\/p>\n<p><b>\u00a0<\/b><\/p>\n","protected":false},"excerpt":{"rendered":"<p>Africa-Press &#8211; CentrAfricaine.\u00a0 \u00a0Depuis 48 heures, la ville de Bria, chef-lieu de la Haute-Kotto, puis de Nd\u00e9l\u00e9, chef-lieu de Bamingui-Bangoran, sont en alerte g\u00e9n\u00e9rale. Les mercenaires russes et syriens ne cessent d\u2019augmenter leur effectif en hommes et mat\u00e9riels, suscitant de l\u2018inqui\u00e9tude au sein de la population. Des navettes sans cesse des cargos russes, les villes [&hellip;]<\/p>\n","protected":false},"author":82,"featured_media":8381,"comment_status":"open","ping_status":"closed","sticky":false,"template":"","format":"standard","meta":{"footnotes":""},"categories":[11,2,20,10],"tags":[36,58,30],"class_list":["post-8382","post","type-post","status-publish","format-standard","has-post-thumbnail","hentry","category-homepage-french","category-politique","category-top-nouvelles","category-toutes-les-actualites","tag-africa-press","tag-africa-press-centrafricaine","tag-centrafricaine"],"yoast_head":"<!-- This site is optimized with the Yoast SEO Premium plugin v26.1 (Yoast SEO v27.0) - https:\/\/yoast.com\/product\/yoast-seo-premium-wordpress\/ -->\n<title>vive tension \u00e0 Bria et \u00e0 Nd\u00e9l\u00e9, les hommes de Wagner se renforcent dans la ville - centrafricaine<\/title>\n<meta name=\"description\" content=\"Bangui, R\u00e9publique centrafricaine, vendredi, 25 juin 2021, 03:09:52 ( Corbeaunews-Centrafrique ). Depuis 48 heur ...\" \/>\n<meta name=\"robots\" content=\"index, follow, max-snippet:-1, max-image-preview:large, max-video-preview:-1\" \/>\n<link rel=\"canonical\" href=\"https:\/\/www.africa-press.net\/centrafricaine\/politique\/rca-vive-tension-a-bria-et-a-ndele-les-hommes-de-wagner-se-renforcent-dans-la-ville\" \/>\n<meta property=\"og:locale\" content=\"fr_FR\" \/>\n<meta property=\"og:type\" content=\"article\" \/>\n<meta property=\"og:title\" content=\"vive tension \u00e0 Bria et \u00e0 Nd\u00e9l\u00e9, les hommes de Wagner se renforcent dans la ville\" \/>\n<meta property=\"og:description\" content=\"Bangui, R\u00e9publique centrafricaine, vendredi, 25 juin 2021, 03:09:52 ( Corbeaunews-Centrafrique ). Depuis 48 heur ...\" \/>\n<meta property=\"og:url\" content=\"https:\/\/www.africa-press.net\/centrafricaine\/politique\/rca-vive-tension-a-bria-et-a-ndele-les-hommes-de-wagner-se-renforcent-dans-la-ville\" \/>\n<meta property=\"og:site_name\" content=\"centrafricaine\" \/>\n<meta property=\"article:published_time\" content=\"2021-06-25T07:26:22+00:00\" \/>\n<meta property=\"article:modified_time\" content=\"2021-06-25T08:34:31+00:00\" \/>\n<meta property=\"og:image\" content=\"https:\/\/static.africa-press.net\/centrafricaine\/sites\/45\/2021\/06\/img-60d57fb01120f.jpg\" \/>\n\t<meta property=\"og:image:width\" content=\"720\" \/>\n\t<meta property=\"og:image:height\" content=\"426\" \/>\n\t<meta property=\"og:image:type\" content=\"image\/jpeg\" \/>\n<meta name=\"author\" content=\"cfeditorfr\" \/>\n<meta name=\"twitter:card\" content=\"summary_large_image\" \/>\n<meta name=\"twitter:label1\" content=\"\u00c9crit par\" \/>\n\t<meta name=\"twitter:data1\" content=\"cfeditorfr\" \/>\n\t<meta name=\"twitter:label2\" content=\"Dur\u00e9e de lecture estim\u00e9e\" \/>\n\t<meta name=\"twitter:data2\" content=\"2 minutes\" \/>\n<script type=\"application\/ld+json\" class=\"yoast-schema-graph\">{\"@context\":\"https:\/\/schema.org\",\"@graph\":[{\"@type\":\"Article\",\"@id\":\"https:\/\/www.africa-press.net\/centrafricaine\/politique\/rca-vive-tension-a-bria-et-a-ndele-les-hommes-de-wagner-se-renforcent-dans-la-ville#article\",\"isPartOf\":{\"@id\":\"https:\/\/www.africa-press.net\/centrafricaine\/politique\/rca-vive-tension-a-bria-et-a-ndele-les-hommes-de-wagner-se-renforcent-dans-la-ville\"},\"author\":{\"name\":\"cfeditorfr\",\"@id\":\"https:\/\/www.africa-press.net\/centrafricaine\/#\/schema\/person\/2b1cf3cd81a31e3cd26889ca66d677f1\"},\"headline\":\"vive tension \u00e0 Bria et \u00e0 Nd\u00e9l\u00e9, les hommes de Wagner se renforcent dans la ville\",\"datePublished\":\"2021-06-25T07:26:22+00:00\",\"dateModified\":\"2021-06-25T08:34:31+00:00\",\"mainEntityOfPage\":{\"@id\":\"https:\/\/www.africa-press.net\/centrafricaine\/politique\/rca-vive-tension-a-bria-et-a-ndele-les-hommes-de-wagner-se-renforcent-dans-la-ville\"},\"wordCount\":319,\"commentCount\":0,\"image\":{\"@id\":\"https:\/\/www.africa-press.net\/centrafricaine\/politique\/rca-vive-tension-a-bria-et-a-ndele-les-hommes-de-wagner-se-renforcent-dans-la-ville#primaryimage\"},\"thumbnailUrl\":\"https:\/\/static.africa-press.net\/centrafricaine\/sites\/45\/2021\/06\/img-60d57fb01120f.jpg\",\"keywords\":[\"Africa Press\",\"Africa Press-CentrAfricaine\",\"CentrAfricaine\"],\"articleSection\":[\"homepage-french\",\"Politique\",\"Top Nouvelles\",\"Toutes les actualit\u00e9s\"],\"inLanguage\":\"fr-FR\",\"potentialAction\":[{\"@type\":\"CommentAction\",\"name\":\"Comment\",\"target\":[\"https:\/\/www.africa-press.net\/centrafricaine\/politique\/rca-vive-tension-a-bria-et-a-ndele-les-hommes-de-wagner-se-renforcent-dans-la-ville#respond\"]}]},{\"@type\":\"WebPage\",\"@id\":\"https:\/\/www.africa-press.net\/centrafricaine\/politique\/rca-vive-tension-a-bria-et-a-ndele-les-hommes-de-wagner-se-renforcent-dans-la-ville\",\"url\":\"https:\/\/www.africa-press.net\/centrafricaine\/politique\/rca-vive-tension-a-bria-et-a-ndele-les-hommes-de-wagner-se-renforcent-dans-la-ville\",\"name\":\"vive tension \u00e0 Bria et \u00e0 Nd\u00e9l\u00e9, les hommes de Wagner se renforcent dans la ville - centrafricaine\",\"isPartOf\":{\"@id\":\"https:\/\/www.africa-press.net\/centrafricaine\/#website\"},\"primaryImageOfPage\":{\"@id\":\"https:\/\/www.africa-press.net\/centrafricaine\/politique\/rca-vive-tension-a-bria-et-a-ndele-les-hommes-de-wagner-se-renforcent-dans-la-ville#primaryimage\"},\"image\":{\"@id\":\"https:\/\/www.africa-press.net\/centrafricaine\/politique\/rca-vive-tension-a-bria-et-a-ndele-les-hommes-de-wagner-se-renforcent-dans-la-ville#primaryimage\"},\"thumbnailUrl\":\"https:\/\/static.africa-press.net\/centrafricaine\/sites\/45\/2021\/06\/img-60d57fb01120f.jpg\",\"datePublished\":\"2021-06-25T07:26:22+00:00\",\"dateModified\":\"2021-06-25T08:34:31+00:00\",\"author\":{\"@id\":\"https:\/\/www.africa-press.net\/centrafricaine\/#\/schema\/person\/2b1cf3cd81a31e3cd26889ca66d677f1\"},\"description\":\"Bangui, R\u00e9publique centrafricaine, vendredi, 25 juin 2021, 03:09:52 ( Corbeaunews-Centrafrique ). Depuis 48 heur ...\",\"breadcrumb\":{\"@id\":\"https:\/\/www.africa-press.net\/centrafricaine\/politique\/rca-vive-tension-a-bria-et-a-ndele-les-hommes-de-wagner-se-renforcent-dans-la-ville#breadcrumb\"},\"inLanguage\":\"fr-FR\",\"potentialAction\":[{\"@type\":\"ReadAction\",\"target\":[\"https:\/\/www.africa-press.net\/centrafricaine\/politique\/rca-vive-tension-a-bria-et-a-ndele-les-hommes-de-wagner-se-renforcent-dans-la-ville\"]}]},{\"@type\":\"ImageObject\",\"inLanguage\":\"fr-FR\",\"@id\":\"https:\/\/www.africa-press.net\/centrafricaine\/politique\/rca-vive-tension-a-bria-et-a-ndele-les-hommes-de-wagner-se-renforcent-dans-la-ville#primaryimage\",\"url\":\"https:\/\/static.africa-press.net\/centrafricaine\/sites\/45\/2021\/06\/img-60d57fb01120f.jpg\",\"contentUrl\":\"https:\/\/static.africa-press.net\/centrafricaine\/sites\/45\/2021\/06\/img-60d57fb01120f.jpg\",\"width\":720,\"height\":426,\"caption\":\"RCA\u00a0: vive tension \u00e0 Bria et \u00e0 Nd\u00e9l\u00e9, les hommes de Wagner se renforcent dans la ville\"},{\"@type\":\"BreadcrumbList\",\"@id\":\"https:\/\/www.africa-press.net\/centrafricaine\/politique\/rca-vive-tension-a-bria-et-a-ndele-les-hommes-de-wagner-se-renforcent-dans-la-ville#breadcrumb\",\"itemListElement\":[{\"@type\":\"ListItem\",\"position\":1,\"name\":\"Accueil\",\"item\":\"https:\/\/www.africa-press.net\/centrafricaine\/\"},{\"@type\":\"ListItem\",\"position\":2,\"name\":\"vive tension \u00e0 Bria et \u00e0 Nd\u00e9l\u00e9, les hommes de Wagner se renforcent dans la ville\"}]},{\"@type\":\"WebSite\",\"@id\":\"https:\/\/www.africa-press.net\/centrafricaine\/#website\",\"url\":\"https:\/\/www.africa-press.net\/centrafricaine\/\",\"name\":\"centrafricaine\",\"description\":\"Just another Africa News Agency Sites site\",\"potentialAction\":[{\"@type\":\"SearchAction\",\"target\":{\"@type\":\"EntryPoint\",\"urlTemplate\":\"https:\/\/www.africa-press.net\/centrafricaine\/?s={search_term_string}\"},\"query-input\":{\"@type\":\"PropertyValueSpecification\",\"valueRequired\":true,\"valueName\":\"search_term_string\"}}],\"inLanguage\":\"fr-FR\"},{\"@type\":\"Person\",\"@id\":\"https:\/\/www.africa-press.net\/centrafricaine\/#\/schema\/person\/2b1cf3cd81a31e3cd26889ca66d677f1\",\"name\":\"cfeditorfr\"}]}<\/script>\n<!-- \/ Yoast SEO Premium plugin. -->","yoast_head_json":{"title":"vive tension \u00e0 Bria et \u00e0 Nd\u00e9l\u00e9, les hommes de Wagner se renforcent dans la ville - centrafricaine","description":"Bangui, R\u00e9publique centrafricaine, vendredi, 25 juin 2021, 03:09:52 ( Corbeaunews-Centrafrique ). Depuis 48 heur ...","robots":{"index":"index","follow":"follow","max-snippet":"max-snippet:-1","max-image-preview":"max-image-preview:large","max-video-preview":"max-video-preview:-1"},"canonical":"https:\/\/www.africa-press.net\/centrafricaine\/politique\/rca-vive-tension-a-bria-et-a-ndele-les-hommes-de-wagner-se-renforcent-dans-la-ville","og_locale":"fr_FR","og_type":"article","og_title":"vive tension \u00e0 Bria et \u00e0 Nd\u00e9l\u00e9, les hommes de Wagner se renforcent dans la ville","og_description":"Bangui, R\u00e9publique centrafricaine, vendredi, 25 juin 2021, 03:09:52 ( Corbeaunews-Centrafrique ). Depuis 48 heur ...","og_url":"https:\/\/www.africa-press.net\/centrafricaine\/politique\/rca-vive-tension-a-bria-et-a-ndele-les-hommes-de-wagner-se-renforcent-dans-la-ville","og_site_name":"centrafricaine","article_published_time":"2021-06-25T07:26:22+00:00","article_modified_time":"2021-06-25T08:34:31+00:00","og_image":[{"width":720,"height":426,"url":"https:\/\/static.africa-press.net\/centrafricaine\/sites\/45\/2021\/06\/img-60d57fb01120f.jpg","type":"image\/jpeg"}],"author":"cfeditorfr","twitter_card":"summary_large_image","twitter_misc":{"\u00c9crit par":"cfeditorfr","Dur\u00e9e de lecture estim\u00e9e":"2 minutes"},"schema":{"@context":"https:\/\/schema.org","@graph":[{"@type":"Article","@id":"https:\/\/www.africa-press.net\/centrafricaine\/politique\/rca-vive-tension-a-bria-et-a-ndele-les-hommes-de-wagner-se-renforcent-dans-la-ville#article","isPartOf":{"@id":"https:\/\/www.africa-press.net\/centrafricaine\/politique\/rca-vive-tension-a-bria-et-a-ndele-les-hommes-de-wagner-se-renforcent-dans-la-ville"},"author":{"name":"cfeditorfr","@id":"https:\/\/www.africa-press.net\/centrafricaine\/#\/schema\/person\/2b1cf3cd81a31e3cd26889ca66d677f1"},"headline":"vive tension \u00e0 Bria et \u00e0 Nd\u00e9l\u00e9, les hommes de Wagner se renforcent dans la ville","datePublished":"2021-06-25T07:26:22+00:00","dateModified":"2021-06-25T08:34:31+00:00","mainEntityOfPage":{"@id":"https:\/\/www.africa-press.net\/centrafricaine\/politique\/rca-vive-tension-a-bria-et-a-ndele-les-hommes-de-wagner-se-renforcent-dans-la-ville"},"wordCount":319,"commentCount":0,"image":{"@id":"https:\/\/www.africa-press.net\/centrafricaine\/politique\/rca-vive-tension-a-bria-et-a-ndele-les-hommes-de-wagner-se-renforcent-dans-la-ville#primaryimage"},"thumbnailUrl":"https:\/\/static.africa-press.net\/centrafricaine\/sites\/45\/2021\/06\/img-60d57fb01120f.jpg","keywords":["Africa Press","Africa Press-CentrAfricaine","CentrAfricaine"],"articleSection":["homepage-french","Politique","Top Nouvelles","Toutes les actualit\u00e9s"],"inLanguage":"fr-FR","potentialAction":[{"@type":"CommentAction","name":"Comment","target":["https:\/\/www.africa-press.net\/centrafricaine\/politique\/rca-vive-tension-a-bria-et-a-ndele-les-hommes-de-wagner-se-renforcent-dans-la-ville#respond"]}]},{"@type":"WebPage","@id":"https:\/\/www.africa-press.net\/centrafricaine\/politique\/rca-vive-tension-a-bria-et-a-ndele-les-hommes-de-wagner-se-renforcent-dans-la-ville","url":"https:\/\/www.africa-press.net\/centrafricaine\/politique\/rca-vive-tension-a-bria-et-a-ndele-les-hommes-de-wagner-se-renforcent-dans-la-ville","name":"vive tension \u00e0 Bria et \u00e0 Nd\u00e9l\u00e9, les hommes de Wagner se renforcent dans la ville - centrafricaine","isPartOf":{"@id":"https:\/\/www.africa-press.net\/centrafricaine\/#website"},"primaryImageOfPage":{"@id":"https:\/\/www.africa-press.net\/centrafricaine\/politique\/rca-vive-tension-a-bria-et-a-ndele-les-hommes-de-wagner-se-renforcent-dans-la-ville#primaryimage"},"image":{"@id":"https:\/\/www.africa-press.net\/centrafricaine\/politique\/rca-vive-tension-a-bria-et-a-ndele-les-hommes-de-wagner-se-renforcent-dans-la-ville#primaryimage"},"thumbnailUrl":"https:\/\/static.africa-press.net\/centrafricaine\/sites\/45\/2021\/06\/img-60d57fb01120f.jpg","datePublished":"2021-06-25T07:26:22+00:00","dateModified":"2021-06-25T08:34:31+00:00","author":{"@id":"https:\/\/www.africa-press.net\/centrafricaine\/#\/schema\/person\/2b1cf3cd81a31e3cd26889ca66d677f1"},"description":"Bangui, R\u00e9publique centrafricaine, vendredi, 25 juin 2021, 03:09:52 ( Corbeaunews-Centrafrique ). Depuis 48 heur ...","breadcrumb":{"@id":"https:\/\/www.africa-press.net\/centrafricaine\/politique\/rca-vive-tension-a-bria-et-a-ndele-les-hommes-de-wagner-se-renforcent-dans-la-ville#breadcrumb"},"inLanguage":"fr-FR","potentialAction":[{"@type":"ReadAction","target":["https:\/\/www.africa-press.net\/centrafricaine\/politique\/rca-vive-tension-a-bria-et-a-ndele-les-hommes-de-wagner-se-renforcent-dans-la-ville"]}]},{"@type":"ImageObject","inLanguage":"fr-FR","@id":"https:\/\/www.africa-press.net\/centrafricaine\/politique\/rca-vive-tension-a-bria-et-a-ndele-les-hommes-de-wagner-se-renforcent-dans-la-ville#primaryimage","url":"https:\/\/static.africa-press.net\/centrafricaine\/sites\/45\/2021\/06\/img-60d57fb01120f.jpg","contentUrl":"https:\/\/static.africa-press.net\/centrafricaine\/sites\/45\/2021\/06\/img-60d57fb01120f.jpg","width":720,"height":426,"caption":"RCA\u00a0: vive tension \u00e0 Bria et \u00e0 Nd\u00e9l\u00e9, les hommes de Wagner se renforcent dans la ville"},{"@type":"BreadcrumbList","@id":"https:\/\/www.africa-press.net\/centrafricaine\/politique\/rca-vive-tension-a-bria-et-a-ndele-les-hommes-de-wagner-se-renforcent-dans-la-ville#breadcrumb","itemListElement":[{"@type":"ListItem","position":1,"name":"Accueil","item":"https:\/\/www.africa-press.net\/centrafricaine\/"},{"@type":"ListItem","position":2,"name":"vive tension \u00e0 Bria et \u00e0 Nd\u00e9l\u00e9, les hommes de Wagner se renforcent dans la ville"}]},{"@type":"WebSite","@id":"https:\/\/www.africa-press.net\/centrafricaine\/#website","url":"https:\/\/www.africa-press.net\/centrafricaine\/","name":"centrafricaine","description":"Just another Africa News Agency Sites site","potentialAction":[{"@type":"SearchAction","target":{"@type":"EntryPoint","urlTemplate":"https:\/\/www.africa-press.net\/centrafricaine\/?s={search_term_string}"},"query-input":{"@type":"PropertyValueSpecification","valueRequired":true,"valueName":"search_term_string"}}],"inLanguage":"fr-FR"},{"@type":"Person","@id":"https:\/\/www.africa-press.net\/centrafricaine\/#\/schema\/person\/2b1cf3cd81a31e3cd26889ca66d677f1","name":"cfeditorfr"}]}},"_links":{"self":[{"href":"https:\/\/www.africa-press.net\/centrafricaine\/wp-json\/wp\/v2\/posts\/8382","targetHints":{"allow":["GET"]}}],"collection":[{"href":"https:\/\/www.africa-press.net\/centrafricaine\/wp-json\/wp\/v2\/posts"}],"about":[{"href":"https:\/\/www.africa-press.net\/centrafricaine\/wp-json\/wp\/v2\/types\/post"}],"author":[{"embeddable":true,"href":"https:\/\/www.africa-press.net\/centrafricaine\/wp-json\/wp\/v2\/users\/82"}],"replies":[{"embeddable":true,"href":"https:\/\/www.africa-press.net\/centrafricaine\/wp-json\/wp\/v2\/comments?post=8382"}],"version-history":[{"count":0,"href":"https:\/\/www.africa-press.net\/centrafricaine\/wp-json\/wp\/v2\/posts\/8382\/revisions"}],"wp:featuredmedia":[{"embeddable":true,"href":"https:\/\/www.africa-press.net\/centrafricaine\/wp-json\/wp\/v2\/media\/8381"}],"wp:attachment":[{"href":"https:\/\/www.africa-press.net\/centrafricaine\/wp-json\/wp\/v2\/media?parent=8382"}],"wp:term":[{"taxonomy":"category","embeddable":true,"href":"https:\/\/www.africa-press.net\/centrafricaine\/wp-json\/wp\/v2\/categories?post=8382"},{"taxonomy":"post_tag","embeddable":true,"href":"https:\/\/www.africa-press.net\/centrafricaine\/wp-json\/wp\/v2\/tags?post=8382"}],"curies":[{"name":"wp","href":"https:\/\/api.w.org\/{rel}","templated":true}]}}