{"id":8391,"date":"2021-06-25T07:52:03","date_gmt":"2021-06-25T07:52:03","guid":{"rendered":"https:\/\/www.africa-press.net\/centrafricaine\/?p=8391"},"modified":"2021-06-25T08:35:07","modified_gmt":"2021-06-25T08:35:07","slug":"rca-les-policiers-et-gendarmes-regrettent-le-choix-du-commissaire-de-police-michel-nicaise-nassin-comme-ministre-de-la-securite-publique","status":"publish","type":"post","link":"https:\/\/www.africa-press.net\/centrafricaine\/politique\/rca-les-policiers-et-gendarmes-regrettent-le-choix-du-commissaire-de-police-michel-nicaise-nassin-comme-ministre-de-la-securite-publique","title":{"rendered":"les policiers et gendarmes regrettent le choix du commissaire de police Michel Nicaise NASSIN comme ministre de la S\u00e9curit\u00e9 publique"},"content":{"rendered":"<p><span style=\"color: #ff6600\"><strong><a href=\"https:\/\/www.africa-press.net\/\">Africa-Press<\/a> &#8211; <a href=\"https:\/\/www.africa-press.net\/centrafricaine\">CentrAfricaine<\/a>.\u00a0 <\/strong><\/span>\u00a0L\u2019ancien Directeur g\u00e9n\u00e9ral de la police, et fr\u00e8re du chef de l\u2019\u00c9tat Faustin Archange Touadera, le commissaire de police Michel Nicaise NASSIN, nomm\u00e9 ministre de la S\u00e9curit\u00e9 Publique en remplacement du g\u00e9n\u00e9ral Henri Wanzet Linguissara, est d\u2019ores et d\u00e9j\u00e0 contest\u00e9. Il fait quasiment l\u2019unanimit\u00e9 contre lui en raison de son incomp\u00e9tence et de son orgueil mal plac\u00e9, selon ses d\u00e9tracteurs.<\/p>\n<p>Selon des informations du CNC, Monsieur Michel Nicaise NASSIN, fr\u00e8re du Pr\u00e9sident Touadera, avait \u00e9t\u00e9 nomm\u00e9 Directeur g\u00e9n\u00e9ral de la police nationale en remplacement du commandant Henri Wanzet Linguissara \u00e0 l\u2019\u00e9poque du Pr\u00e9sident Boziz\u00e9 gr\u00e2ce \u00e0 son fr\u00e8re Touadera qui \u00e9tait \u00e0 l\u2019\u00e9poque Premier ministre. Mais en raison de son incomp\u00e9tence, de son orgueil mal plac\u00e9 ou d\u2019abus de confiance, il avait \u00e9t\u00e9 contest\u00e9 vigoureusement par les policiers et les gendarmes. Ils demandent son d\u00e9part imm\u00e9diat, et le chef de l\u2019\u00c9tat d\u2019alors Fran\u00e7ois Boziz\u00e9 \u00e9tait contraint de le limoger, puis renommer le commandant Henri Wanzet Linguissara pour la seconde fois \u00e0 la t\u00eate de la police nationale jusqu\u2019\u00e0 sa chute en 2013.<\/p>\n<p>Nomm\u00e9 depuis l\u2019accession de Touadera \u00e0 la pr\u00e9sidence en 2016 comme Directeur g\u00e9n\u00e9ral du service de renseignements \u00e0 la Pr\u00e9sidence de la R\u00e9publique, Monsieur Michel Nicaise NASSIN vient d\u2019\u00eatre parachut\u00e9 ministre de la S\u00e9curit\u00e9 Publique dans le gouvernement Dondra. Mais aujourd\u2019hui son pass\u00e9 tumultueux le rattrape toujours. Les policiers comme les gendarmes regrettent le g\u00e9n\u00e9ral Henri Wanzet Linguissara, et exigent que son rempla\u00e7ant soit limog\u00e9 \u00e0 la t\u00eate du d\u00e9partement de la S\u00e9curit\u00e9 publique.<\/p>\n<p>Notons que le gouvernement Dondra 1 a \u00e9t\u00e9 d\u00e9voil\u00e9 mercredi 23 juin 2021 dans l\u2019apr\u00e8s-midi, il compte 32 membres, dont sept femmes, et un ministre d\u00e9l\u00e9gu\u00e9. Mais parmi eux, plusieurs n\u2019ont pas franchi le secondaire.<\/p>\n<p><b>\u00a0<\/b><\/p>\n","protected":false},"excerpt":{"rendered":"<p>Africa-Press &#8211; CentrAfricaine.\u00a0 \u00a0L\u2019ancien Directeur g\u00e9n\u00e9ral de la police, et fr\u00e8re du chef de l\u2019\u00c9tat Faustin Archange Touadera, le commissaire de police Michel Nicaise NASSIN, nomm\u00e9 ministre de la S\u00e9curit\u00e9 Publique en remplacement du g\u00e9n\u00e9ral Henri Wanzet Linguissara, est d\u2019ores et d\u00e9j\u00e0 contest\u00e9. Il fait quasiment l\u2019unanimit\u00e9 contre lui en raison de son incomp\u00e9tence et [&hellip;]<\/p>\n","protected":false},"author":82,"featured_media":8390,"comment_status":"open","ping_status":"closed","sticky":false,"template":"","format":"standard","meta":{"footnotes":""},"categories":[11,2,10],"tags":[36,58,30],"class_list":["post-8391","post","type-post","status-publish","format-standard","has-post-thumbnail","hentry","category-homepage-french","category-politique","category-toutes-les-actualites","tag-africa-press","tag-africa-press-centrafricaine","tag-centrafricaine"],"yoast_head":"<!-- This site is optimized with the Yoast SEO Premium plugin v26.1 (Yoast SEO v27.0) - https:\/\/yoast.com\/product\/yoast-seo-premium-wordpress\/ -->\n<title>les policiers et gendarmes regrettent le choix du commissaire de police Michel Nicaise NASSIN comme ministre de la S\u00e9curit\u00e9 publique - centrafricaine<\/title>\n<meta name=\"description\" content=\"Bangui, R\u00e9publique centrafricaine, vendredi, 25 juin 2021, 03:11:40 (. Corbeaunews-Centrafrique ). L\u2019ancien Dire ...\" \/>\n<meta name=\"robots\" content=\"index, follow, max-snippet:-1, max-image-preview:large, max-video-preview:-1\" \/>\n<link rel=\"canonical\" href=\"https:\/\/www.africa-press.net\/centrafricaine\/politique\/rca-les-policiers-et-gendarmes-regrettent-le-choix-du-commissaire-de-police-michel-nicaise-nassin-comme-ministre-de-la-securite-publique\" \/>\n<meta property=\"og:locale\" content=\"fr_FR\" \/>\n<meta property=\"og:type\" content=\"article\" \/>\n<meta property=\"og:title\" content=\"les policiers et gendarmes regrettent le choix du commissaire de police Michel Nicaise NASSIN comme ministre de la S\u00e9curit\u00e9 publique\" \/>\n<meta property=\"og:description\" content=\"Bangui, R\u00e9publique centrafricaine, vendredi, 25 juin 2021, 03:11:40 (. Corbeaunews-Centrafrique ). L\u2019ancien Dire ...\" \/>\n<meta property=\"og:url\" content=\"https:\/\/www.africa-press.net\/centrafricaine\/politique\/rca-les-policiers-et-gendarmes-regrettent-le-choix-du-commissaire-de-police-michel-nicaise-nassin-comme-ministre-de-la-securite-publique\" \/>\n<meta property=\"og:site_name\" content=\"centrafricaine\" \/>\n<meta property=\"article:published_time\" content=\"2021-06-25T07:52:03+00:00\" \/>\n<meta property=\"article:modified_time\" content=\"2021-06-25T08:35:07+00:00\" \/>\n<meta property=\"og:image\" content=\"https:\/\/static.africa-press.net\/centrafricaine\/sites\/45\/2021\/06\/img-60d58013c49da.jpg\" \/>\n\t<meta property=\"og:image:width\" content=\"750\" \/>\n\t<meta property=\"og:image:height\" content=\"397\" \/>\n\t<meta property=\"og:image:type\" content=\"image\/jpeg\" \/>\n<meta name=\"author\" content=\"cfeditorfr\" \/>\n<meta name=\"twitter:card\" content=\"summary_large_image\" \/>\n<meta name=\"twitter:label1\" content=\"\u00c9crit par\" \/>\n\t<meta name=\"twitter:data1\" content=\"cfeditorfr\" \/>\n\t<meta name=\"twitter:label2\" content=\"Dur\u00e9e de lecture estim\u00e9e\" \/>\n\t<meta name=\"twitter:data2\" content=\"2 minutes\" \/>\n<script type=\"application\/ld+json\" class=\"yoast-schema-graph\">{\"@context\":\"https:\/\/schema.org\",\"@graph\":[{\"@type\":\"Article\",\"@id\":\"https:\/\/www.africa-press.net\/centrafricaine\/politique\/rca-les-policiers-et-gendarmes-regrettent-le-choix-du-commissaire-de-police-michel-nicaise-nassin-comme-ministre-de-la-securite-publique#article\",\"isPartOf\":{\"@id\":\"https:\/\/www.africa-press.net\/centrafricaine\/politique\/rca-les-policiers-et-gendarmes-regrettent-le-choix-du-commissaire-de-police-michel-nicaise-nassin-comme-ministre-de-la-securite-publique\"},\"author\":{\"name\":\"cfeditorfr\",\"@id\":\"https:\/\/www.africa-press.net\/centrafricaine\/#\/schema\/person\/2b1cf3cd81a31e3cd26889ca66d677f1\"},\"headline\":\"les policiers et gendarmes regrettent le choix du commissaire de police Michel Nicaise NASSIN comme ministre de la S\u00e9curit\u00e9 publique\",\"datePublished\":\"2021-06-25T07:52:03+00:00\",\"dateModified\":\"2021-06-25T08:35:07+00:00\",\"mainEntityOfPage\":{\"@id\":\"https:\/\/www.africa-press.net\/centrafricaine\/politique\/rca-les-policiers-et-gendarmes-regrettent-le-choix-du-commissaire-de-police-michel-nicaise-nassin-comme-ministre-de-la-securite-publique\"},\"wordCount\":343,\"commentCount\":0,\"image\":{\"@id\":\"https:\/\/www.africa-press.net\/centrafricaine\/politique\/rca-les-policiers-et-gendarmes-regrettent-le-choix-du-commissaire-de-police-michel-nicaise-nassin-comme-ministre-de-la-securite-publique#primaryimage\"},\"thumbnailUrl\":\"https:\/\/static.africa-press.net\/centrafricaine\/sites\/45\/2021\/06\/img-60d58013c49da.jpg\",\"keywords\":[\"Africa Press\",\"Africa Press-CentrAfricaine\",\"CentrAfricaine\"],\"articleSection\":[\"homepage-french\",\"Politique\",\"Toutes les actualit\u00e9s\"],\"inLanguage\":\"fr-FR\",\"potentialAction\":[{\"@type\":\"CommentAction\",\"name\":\"Comment\",\"target\":[\"https:\/\/www.africa-press.net\/centrafricaine\/politique\/rca-les-policiers-et-gendarmes-regrettent-le-choix-du-commissaire-de-police-michel-nicaise-nassin-comme-ministre-de-la-securite-publique#respond\"]}]},{\"@type\":\"WebPage\",\"@id\":\"https:\/\/www.africa-press.net\/centrafricaine\/politique\/rca-les-policiers-et-gendarmes-regrettent-le-choix-du-commissaire-de-police-michel-nicaise-nassin-comme-ministre-de-la-securite-publique\",\"url\":\"https:\/\/www.africa-press.net\/centrafricaine\/politique\/rca-les-policiers-et-gendarmes-regrettent-le-choix-du-commissaire-de-police-michel-nicaise-nassin-comme-ministre-de-la-securite-publique\",\"name\":\"les policiers et gendarmes regrettent le choix du commissaire de police Michel Nicaise NASSIN comme ministre de la S\u00e9curit\u00e9 publique - centrafricaine\",\"isPartOf\":{\"@id\":\"https:\/\/www.africa-press.net\/centrafricaine\/#website\"},\"primaryImageOfPage\":{\"@id\":\"https:\/\/www.africa-press.net\/centrafricaine\/politique\/rca-les-policiers-et-gendarmes-regrettent-le-choix-du-commissaire-de-police-michel-nicaise-nassin-comme-ministre-de-la-securite-publique#primaryimage\"},\"image\":{\"@id\":\"https:\/\/www.africa-press.net\/centrafricaine\/politique\/rca-les-policiers-et-gendarmes-regrettent-le-choix-du-commissaire-de-police-michel-nicaise-nassin-comme-ministre-de-la-securite-publique#primaryimage\"},\"thumbnailUrl\":\"https:\/\/static.africa-press.net\/centrafricaine\/sites\/45\/2021\/06\/img-60d58013c49da.jpg\",\"datePublished\":\"2021-06-25T07:52:03+00:00\",\"dateModified\":\"2021-06-25T08:35:07+00:00\",\"author\":{\"@id\":\"https:\/\/www.africa-press.net\/centrafricaine\/#\/schema\/person\/2b1cf3cd81a31e3cd26889ca66d677f1\"},\"description\":\"Bangui, R\u00e9publique centrafricaine, vendredi, 25 juin 2021, 03:11:40 (. Corbeaunews-Centrafrique ). L\u2019ancien Dire ...\",\"breadcrumb\":{\"@id\":\"https:\/\/www.africa-press.net\/centrafricaine\/politique\/rca-les-policiers-et-gendarmes-regrettent-le-choix-du-commissaire-de-police-michel-nicaise-nassin-comme-ministre-de-la-securite-publique#breadcrumb\"},\"inLanguage\":\"fr-FR\",\"potentialAction\":[{\"@type\":\"ReadAction\",\"target\":[\"https:\/\/www.africa-press.net\/centrafricaine\/politique\/rca-les-policiers-et-gendarmes-regrettent-le-choix-du-commissaire-de-police-michel-nicaise-nassin-comme-ministre-de-la-securite-publique\"]}]},{\"@type\":\"ImageObject\",\"inLanguage\":\"fr-FR\",\"@id\":\"https:\/\/www.africa-press.net\/centrafricaine\/politique\/rca-les-policiers-et-gendarmes-regrettent-le-choix-du-commissaire-de-police-michel-nicaise-nassin-comme-ministre-de-la-securite-publique#primaryimage\",\"url\":\"https:\/\/static.africa-press.net\/centrafricaine\/sites\/45\/2021\/06\/img-60d58013c49da.jpg\",\"contentUrl\":\"https:\/\/static.africa-press.net\/centrafricaine\/sites\/45\/2021\/06\/img-60d58013c49da.jpg\",\"width\":750,\"height\":397,\"caption\":\"RCA\u00a0: les policiers et gendarmes regrettent le choix du commissaire de police Michel Nicaise NASSIN comme ministre de la S\u00e9curit\u00e9 publique\"},{\"@type\":\"BreadcrumbList\",\"@id\":\"https:\/\/www.africa-press.net\/centrafricaine\/politique\/rca-les-policiers-et-gendarmes-regrettent-le-choix-du-commissaire-de-police-michel-nicaise-nassin-comme-ministre-de-la-securite-publique#breadcrumb\",\"itemListElement\":[{\"@type\":\"ListItem\",\"position\":1,\"name\":\"Accueil\",\"item\":\"https:\/\/www.africa-press.net\/centrafricaine\/\"},{\"@type\":\"ListItem\",\"position\":2,\"name\":\"les policiers et gendarmes regrettent le choix du commissaire de police Michel Nicaise NASSIN comme ministre de la S\u00e9curit\u00e9 publique\"}]},{\"@type\":\"WebSite\",\"@id\":\"https:\/\/www.africa-press.net\/centrafricaine\/#website\",\"url\":\"https:\/\/www.africa-press.net\/centrafricaine\/\",\"name\":\"centrafricaine\",\"description\":\"Just another Africa News Agency Sites site\",\"potentialAction\":[{\"@type\":\"SearchAction\",\"target\":{\"@type\":\"EntryPoint\",\"urlTemplate\":\"https:\/\/www.africa-press.net\/centrafricaine\/?s={search_term_string}\"},\"query-input\":{\"@type\":\"PropertyValueSpecification\",\"valueRequired\":true,\"valueName\":\"search_term_string\"}}],\"inLanguage\":\"fr-FR\"},{\"@type\":\"Person\",\"@id\":\"https:\/\/www.africa-press.net\/centrafricaine\/#\/schema\/person\/2b1cf3cd81a31e3cd26889ca66d677f1\",\"name\":\"cfeditorfr\"}]}<\/script>\n<!-- \/ Yoast SEO Premium plugin. -->","yoast_head_json":{"title":"les policiers et gendarmes regrettent le choix du commissaire de police Michel Nicaise NASSIN comme ministre de la S\u00e9curit\u00e9 publique - centrafricaine","description":"Bangui, R\u00e9publique centrafricaine, vendredi, 25 juin 2021, 03:11:40 (. Corbeaunews-Centrafrique ). L\u2019ancien Dire ...","robots":{"index":"index","follow":"follow","max-snippet":"max-snippet:-1","max-image-preview":"max-image-preview:large","max-video-preview":"max-video-preview:-1"},"canonical":"https:\/\/www.africa-press.net\/centrafricaine\/politique\/rca-les-policiers-et-gendarmes-regrettent-le-choix-du-commissaire-de-police-michel-nicaise-nassin-comme-ministre-de-la-securite-publique","og_locale":"fr_FR","og_type":"article","og_title":"les policiers et gendarmes regrettent le choix du commissaire de police Michel Nicaise NASSIN comme ministre de la S\u00e9curit\u00e9 publique","og_description":"Bangui, R\u00e9publique centrafricaine, vendredi, 25 juin 2021, 03:11:40 (. Corbeaunews-Centrafrique ). L\u2019ancien Dire ...","og_url":"https:\/\/www.africa-press.net\/centrafricaine\/politique\/rca-les-policiers-et-gendarmes-regrettent-le-choix-du-commissaire-de-police-michel-nicaise-nassin-comme-ministre-de-la-securite-publique","og_site_name":"centrafricaine","article_published_time":"2021-06-25T07:52:03+00:00","article_modified_time":"2021-06-25T08:35:07+00:00","og_image":[{"width":750,"height":397,"url":"https:\/\/static.africa-press.net\/centrafricaine\/sites\/45\/2021\/06\/img-60d58013c49da.jpg","type":"image\/jpeg"}],"author":"cfeditorfr","twitter_card":"summary_large_image","twitter_misc":{"\u00c9crit par":"cfeditorfr","Dur\u00e9e de lecture estim\u00e9e":"2 minutes"},"schema":{"@context":"https:\/\/schema.org","@graph":[{"@type":"Article","@id":"https:\/\/www.africa-press.net\/centrafricaine\/politique\/rca-les-policiers-et-gendarmes-regrettent-le-choix-du-commissaire-de-police-michel-nicaise-nassin-comme-ministre-de-la-securite-publique#article","isPartOf":{"@id":"https:\/\/www.africa-press.net\/centrafricaine\/politique\/rca-les-policiers-et-gendarmes-regrettent-le-choix-du-commissaire-de-police-michel-nicaise-nassin-comme-ministre-de-la-securite-publique"},"author":{"name":"cfeditorfr","@id":"https:\/\/www.africa-press.net\/centrafricaine\/#\/schema\/person\/2b1cf3cd81a31e3cd26889ca66d677f1"},"headline":"les policiers et gendarmes regrettent le choix du commissaire de police Michel Nicaise NASSIN comme ministre de la S\u00e9curit\u00e9 publique","datePublished":"2021-06-25T07:52:03+00:00","dateModified":"2021-06-25T08:35:07+00:00","mainEntityOfPage":{"@id":"https:\/\/www.africa-press.net\/centrafricaine\/politique\/rca-les-policiers-et-gendarmes-regrettent-le-choix-du-commissaire-de-police-michel-nicaise-nassin-comme-ministre-de-la-securite-publique"},"wordCount":343,"commentCount":0,"image":{"@id":"https:\/\/www.africa-press.net\/centrafricaine\/politique\/rca-les-policiers-et-gendarmes-regrettent-le-choix-du-commissaire-de-police-michel-nicaise-nassin-comme-ministre-de-la-securite-publique#primaryimage"},"thumbnailUrl":"https:\/\/static.africa-press.net\/centrafricaine\/sites\/45\/2021\/06\/img-60d58013c49da.jpg","keywords":["Africa Press","Africa Press-CentrAfricaine","CentrAfricaine"],"articleSection":["homepage-french","Politique","Toutes les actualit\u00e9s"],"inLanguage":"fr-FR","potentialAction":[{"@type":"CommentAction","name":"Comment","target":["https:\/\/www.africa-press.net\/centrafricaine\/politique\/rca-les-policiers-et-gendarmes-regrettent-le-choix-du-commissaire-de-police-michel-nicaise-nassin-comme-ministre-de-la-securite-publique#respond"]}]},{"@type":"WebPage","@id":"https:\/\/www.africa-press.net\/centrafricaine\/politique\/rca-les-policiers-et-gendarmes-regrettent-le-choix-du-commissaire-de-police-michel-nicaise-nassin-comme-ministre-de-la-securite-publique","url":"https:\/\/www.africa-press.net\/centrafricaine\/politique\/rca-les-policiers-et-gendarmes-regrettent-le-choix-du-commissaire-de-police-michel-nicaise-nassin-comme-ministre-de-la-securite-publique","name":"les policiers et gendarmes regrettent le choix du commissaire de police Michel Nicaise NASSIN comme ministre de la S\u00e9curit\u00e9 publique - centrafricaine","isPartOf":{"@id":"https:\/\/www.africa-press.net\/centrafricaine\/#website"},"primaryImageOfPage":{"@id":"https:\/\/www.africa-press.net\/centrafricaine\/politique\/rca-les-policiers-et-gendarmes-regrettent-le-choix-du-commissaire-de-police-michel-nicaise-nassin-comme-ministre-de-la-securite-publique#primaryimage"},"image":{"@id":"https:\/\/www.africa-press.net\/centrafricaine\/politique\/rca-les-policiers-et-gendarmes-regrettent-le-choix-du-commissaire-de-police-michel-nicaise-nassin-comme-ministre-de-la-securite-publique#primaryimage"},"thumbnailUrl":"https:\/\/static.africa-press.net\/centrafricaine\/sites\/45\/2021\/06\/img-60d58013c49da.jpg","datePublished":"2021-06-25T07:52:03+00:00","dateModified":"2021-06-25T08:35:07+00:00","author":{"@id":"https:\/\/www.africa-press.net\/centrafricaine\/#\/schema\/person\/2b1cf3cd81a31e3cd26889ca66d677f1"},"description":"Bangui, R\u00e9publique centrafricaine, vendredi, 25 juin 2021, 03:11:40 (. Corbeaunews-Centrafrique ). L\u2019ancien Dire ...","breadcrumb":{"@id":"https:\/\/www.africa-press.net\/centrafricaine\/politique\/rca-les-policiers-et-gendarmes-regrettent-le-choix-du-commissaire-de-police-michel-nicaise-nassin-comme-ministre-de-la-securite-publique#breadcrumb"},"inLanguage":"fr-FR","potentialAction":[{"@type":"ReadAction","target":["https:\/\/www.africa-press.net\/centrafricaine\/politique\/rca-les-policiers-et-gendarmes-regrettent-le-choix-du-commissaire-de-police-michel-nicaise-nassin-comme-ministre-de-la-securite-publique"]}]},{"@type":"ImageObject","inLanguage":"fr-FR","@id":"https:\/\/www.africa-press.net\/centrafricaine\/politique\/rca-les-policiers-et-gendarmes-regrettent-le-choix-du-commissaire-de-police-michel-nicaise-nassin-comme-ministre-de-la-securite-publique#primaryimage","url":"https:\/\/static.africa-press.net\/centrafricaine\/sites\/45\/2021\/06\/img-60d58013c49da.jpg","contentUrl":"https:\/\/static.africa-press.net\/centrafricaine\/sites\/45\/2021\/06\/img-60d58013c49da.jpg","width":750,"height":397,"caption":"RCA\u00a0: les policiers et gendarmes regrettent le choix du commissaire de police Michel Nicaise NASSIN comme ministre de la S\u00e9curit\u00e9 publique"},{"@type":"BreadcrumbList","@id":"https:\/\/www.africa-press.net\/centrafricaine\/politique\/rca-les-policiers-et-gendarmes-regrettent-le-choix-du-commissaire-de-police-michel-nicaise-nassin-comme-ministre-de-la-securite-publique#breadcrumb","itemListElement":[{"@type":"ListItem","position":1,"name":"Accueil","item":"https:\/\/www.africa-press.net\/centrafricaine\/"},{"@type":"ListItem","position":2,"name":"les policiers et gendarmes regrettent le choix du commissaire de police Michel Nicaise NASSIN comme ministre de la S\u00e9curit\u00e9 publique"}]},{"@type":"WebSite","@id":"https:\/\/www.africa-press.net\/centrafricaine\/#website","url":"https:\/\/www.africa-press.net\/centrafricaine\/","name":"centrafricaine","description":"Just another Africa News Agency Sites site","potentialAction":[{"@type":"SearchAction","target":{"@type":"EntryPoint","urlTemplate":"https:\/\/www.africa-press.net\/centrafricaine\/?s={search_term_string}"},"query-input":{"@type":"PropertyValueSpecification","valueRequired":true,"valueName":"search_term_string"}}],"inLanguage":"fr-FR"},{"@type":"Person","@id":"https:\/\/www.africa-press.net\/centrafricaine\/#\/schema\/person\/2b1cf3cd81a31e3cd26889ca66d677f1","name":"cfeditorfr"}]}},"_links":{"self":[{"href":"https:\/\/www.africa-press.net\/centrafricaine\/wp-json\/wp\/v2\/posts\/8391","targetHints":{"allow":["GET"]}}],"collection":[{"href":"https:\/\/www.africa-press.net\/centrafricaine\/wp-json\/wp\/v2\/posts"}],"about":[{"href":"https:\/\/www.africa-press.net\/centrafricaine\/wp-json\/wp\/v2\/types\/post"}],"author":[{"embeddable":true,"href":"https:\/\/www.africa-press.net\/centrafricaine\/wp-json\/wp\/v2\/users\/82"}],"replies":[{"embeddable":true,"href":"https:\/\/www.africa-press.net\/centrafricaine\/wp-json\/wp\/v2\/comments?post=8391"}],"version-history":[{"count":0,"href":"https:\/\/www.africa-press.net\/centrafricaine\/wp-json\/wp\/v2\/posts\/8391\/revisions"}],"wp:featuredmedia":[{"embeddable":true,"href":"https:\/\/www.africa-press.net\/centrafricaine\/wp-json\/wp\/v2\/media\/8390"}],"wp:attachment":[{"href":"https:\/\/www.africa-press.net\/centrafricaine\/wp-json\/wp\/v2\/media?parent=8391"}],"wp:term":[{"taxonomy":"category","embeddable":true,"href":"https:\/\/www.africa-press.net\/centrafricaine\/wp-json\/wp\/v2\/categories?post=8391"},{"taxonomy":"post_tag","embeddable":true,"href":"https:\/\/www.africa-press.net\/centrafricaine\/wp-json\/wp\/v2\/tags?post=8391"}],"curies":[{"name":"wp","href":"https:\/\/api.w.org\/{rel}","templated":true}]}}