{"id":8406,"date":"2021-06-25T08:25:55","date_gmt":"2021-06-25T08:25:55","guid":{"rendered":"https:\/\/www.africa-press.net\/centrafricaine\/?p=8406"},"modified":"2021-06-25T08:37:02","modified_gmt":"2021-06-25T08:37:02","slug":"centrafrique-la-liste-complete-du-gouvernement-dondra-1","status":"publish","type":"post","link":"https:\/\/www.africa-press.net\/centrafricaine\/politique\/centrafrique-la-liste-complete-du-gouvernement-dondra-1","title":{"rendered":"la liste compl\u00e8te du gouvernement Dondra 1"},"content":{"rendered":"<p><span style=\"color: #ff6600\"><strong><a href=\"https:\/\/www.africa-press.net\/\">Africa-Press<\/a> &#8211; <a href=\"https:\/\/www.africa-press.net\/centrafricaine\">CentrAfricaine<\/a>.\u00a0 <\/strong><\/span><b>Le nouveau gouvernement du Premier ministre Henri Marie Dondra a \u00e9t\u00e9 d\u00e9voil\u00e9 mercredi apr\u00e8s-midi par le porte-parole de la pr\u00e9sidence de la R\u00e9publique. Il est compos\u00e9 de 32 membres , dont un ministre d\u00e9l\u00e9gu\u00e9. Voici la liste compl\u00e8te ci-dessous :<\/b><\/p>\n<p>\u2013Ministre d\u2019\u00c9tat:<\/p>\n<p>Ministre d\u2019Etat charg\u00e9 de l\u2019Economie, du Plan et de Coop\u00e9ration internationale : Monsieur F\u00e9lix MOLOUA<\/p>\n<p>\u2013 Ministre d\u2019Etat charg\u00e9 de la justice, de la Promotion des droits humains et de la Bonne Gouvernance, Garde des Sceaux : Monsieur Arnaud DJOUBANE-ABAZENE<\/p>\n<p>\u2013 Ministre d\u2019Etat charg\u00e9 du d\u00e9sarmement, de la D\u00e9mobilisation, de la R\u00e9int\u00e9gration, du Rapatriement et du Suivi de l\u2019Accord Politique pour la Paix et la R\u00e9conciliation : Jean WILLVBIRO-SAKO<\/p>\n<p><b>Ministres<\/b><\/p>\n<p>:<\/p>\n<p>\u2013 Ministre charg\u00e9 des Transports et de l\u2019Aviation Civile: Monsieur Gontran NDJONO-AHABA<\/p>\n<p>\u2013 Ministre de la D\u00e9fense Nationale et de la Reconstruction de l\u2019arm\u00e9e: Monsieur Claude Rameaux BIREAU<\/p>\n<p>\u2013 Ministre des Affaires \u00c9trang\u00e8res, de la francophonie et des Centrafricains de l\u2019Etranger : Madame Sylvie BAPO-TEMO<\/p>\n<p>\u2013 Ministre de l\u2019int\u00e9rieur et de la S\u00e9curit\u00e9 Publique : Contr\u00f4leur G\u00e9n\u00e9ral de Police Michel Nicaise NASSIN<\/p>\n<p>\u2013 Ministre charg\u00e9 des Finances et du Budget: Monsieur Herv\u00e9 NDOBA<\/p>\n<p>\u2013 Ministre charg\u00e9 de l\u2019\u00e9conomie Num\u00e9rique, des Postes et T\u00e9l\u00e9communications : Monsieur Justin GOURNA-ZACKO<\/p>\n<p>-Ministre charg\u00e9 de l\u2019Education Nationale: Monsieur MOUKADAS-NOURE<\/p>\n<p>\u2013 Ministre charg\u00e9 de l\u2019actions Humanitaire, de la Solidarit\u00e9 : Madame Virginie Mba\u00efkoua<\/p>\n<p>\u2013 Ministre charg\u00e9 de l\u2019environnement et du D\u00e9veloppement Durable : Monsieur Thierry KAMACH<\/p>\n<p>\u2013 Ministre charg\u00e9 de la Sant\u00e9 et de la Population : Docteur Pierre Soms\u00e9<\/p>\n<p>\u2013 Ministre charg\u00e9 de la Communication et des M\u00e9dia, Porte-Parole du Gouvernement: Monsieur Serge Ghislain DJORIE<\/p>\n<p>\u2013 Ministre charg\u00e9 de la Promotion de la Jeunesse, des Sports et de l\u2019\u00c9ducation Civique : Monsieur Aristide Briand REBOAS<\/p>\n<p>\u2013 Ministre charg\u00e9 de la Fonction Publique et de la reforme administrative: Monsieur Marcel DJIMASSE<\/p>\n<p>\u2013 Ministre charg\u00e9 du Secr\u00e9tariat G\u00e9n\u00e9ral du Gouvernement et des Relations avec les Institutions de la R\u00e9publique: Monsieur Maxime BALALOU<\/p>\n<p>\u2013 Ministre charg\u00e9 de l\u2019\u00e9quipement et des Travaux Publics: Monsieur GUISMALA-AMZA<\/p>\n<p>\u2013 Ministre charg\u00e9 du Commerce et de l\u2019Industrie: Madame MBOUA n\u00e9e L\u00e9a KOVASSOUM-DOUMTA<\/p>\n<p>\u2013 Ministre charg\u00e9 du D\u00e9veloppement de l\u2019\u00c9nergie durable et des Ressources Hydrauliques : Monsieur Arthur Bertrand PIRI<\/p>\n<p>\u2013 Ministre charg\u00e9 des Eaux, For\u00eats, Chasse et P\u00eache : Monsieur AMIT IDRISS<\/p>\n<p>\u2013 Ministre charg\u00e9 de l\u2019Elevage et de la Sant\u00e9 Animale : Monsieur Hassan BOUBA<\/p>\n<p>-Ministre charg\u00e9 de l\u2019Administration du Territoire, de la D\u00e9centralisation : et du D\u00e9veloppement Local : Monsieur Bruno YAPANDE<\/p>\n<p>\u2013 Ministre charg\u00e9 de l\u2019Enseignement sup\u00e9rieur, de la Recherche Scientifique et de l\u2019innovation Technologique : Monsieur Jean Laurent MAGALE<\/p>\n<p>-Ministre charg\u00e9 de la Promotion du Genre, de la Protection de la femme, de la Famille et de l\u2019Enfant: Madame Margueritte RAMADAN<\/p>\n<p>\u2013 Ministre charg\u00e9 des Mines et de la G\u00e9ologie: Monsieur Rufin BENAM-BELTOUNGOU<\/p>\n<p>\u2013 Ministre charg\u00e9 de l\u2019Agriculture et du D\u00e9veloppement Rural: Monsieur Erie REKOSSE-KAMOT<\/p>\n<p>\u2013 Ministre charg\u00e9 des Petites et Moyennes Entreprises et de la Promotion du Secteur Priv\u00e9: Monsieur Mohamed LAWAN<\/p>\n<p>\u2013 Ministre charg\u00e9 des Arts, de la Culture et du Tourisme: Madame Vimcemte Marie Lionele Jemnifer ARAIVA-VANZERE<\/p>\n<p>-Ministre charg\u00e9 de l\u2019urbanisme, de la R\u00e9forme fonci\u00e8re, de la Ville et de l\u2019habitat : Madame Nicele NKOUE<\/p>\n<p>\u2013 Ministre charg\u00e9 du Travail, de l\u2019Emplo, de la Protection Sociale et de la Formation Professionnelle: Madame Michelle MWANGA<\/p>\n<p><b>Ministre d\u00e9l\u00e9gu\u00e9<\/b><\/p>\n<p>\u2013 Ministre d\u00e9l\u00e9gu\u00e9 aupr\u00e8s du Ministre d\u2019Etat du D\u00e9sarmement, de la D\u00e9mobilisation, de la R\u00e9int\u00e9gration, du Rapatriement, Charg\u00e9 du Suivi de l\u2019Accord Politique pour la Paix et la R\u00e9conciliation natioationale : Monsieur GIlbert TOUMOU DEYA<\/p>\n","protected":false},"excerpt":{"rendered":"<p>Africa-Press &#8211; CentrAfricaine.\u00a0 Le nouveau gouvernement du Premier ministre Henri Marie Dondra a \u00e9t\u00e9 d\u00e9voil\u00e9 mercredi apr\u00e8s-midi par le porte-parole de la pr\u00e9sidence de la R\u00e9publique. Il est compos\u00e9 de 32 membres , dont un ministre d\u00e9l\u00e9gu\u00e9. Voici la liste compl\u00e8te ci-dessous : \u2013Ministre d\u2019\u00c9tat: Ministre d\u2019Etat charg\u00e9 de l\u2019Economie, du Plan et de Coop\u00e9ration [&hellip;]<\/p>\n","protected":false},"author":82,"featured_media":8405,"comment_status":"open","ping_status":"closed","sticky":false,"template":"","format":"standard","meta":{"footnotes":""},"categories":[11,2,20,10],"tags":[36,58,30],"class_list":["post-8406","post","type-post","status-publish","format-standard","has-post-thumbnail","hentry","category-homepage-french","category-politique","category-top-nouvelles","category-toutes-les-actualites","tag-africa-press","tag-africa-press-centrafricaine","tag-centrafricaine"],"yoast_head":"<!-- This site is optimized with the Yoast SEO Premium plugin v26.1 (Yoast SEO v27.0) - https:\/\/yoast.com\/product\/yoast-seo-premium-wordpress\/ -->\n<title>la liste compl\u00e8te du gouvernement Dondra 1 - centrafricaine<\/title>\n<meta name=\"description\" content=\"Bangui, R\u00e9publique centrafricaine, jeudi, 24 juin 2021 ( Corbeaunews \u2013 Centrafrique ). Le nouveau gouvernement du Pre ...\" \/>\n<meta name=\"robots\" content=\"index, follow, max-snippet:-1, max-image-preview:large, max-video-preview:-1\" \/>\n<link rel=\"canonical\" href=\"https:\/\/www.africa-press.net\/centrafricaine\/politique\/centrafrique-la-liste-complete-du-gouvernement-dondra-1\" \/>\n<meta property=\"og:locale\" content=\"fr_FR\" \/>\n<meta property=\"og:type\" content=\"article\" \/>\n<meta property=\"og:title\" content=\"la liste compl\u00e8te du gouvernement Dondra 1\" \/>\n<meta property=\"og:description\" content=\"Bangui, R\u00e9publique centrafricaine, jeudi, 24 juin 2021 ( Corbeaunews \u2013 Centrafrique ). Le nouveau gouvernement du Pre ...\" \/>\n<meta property=\"og:url\" content=\"https:\/\/www.africa-press.net\/centrafricaine\/politique\/centrafrique-la-liste-complete-du-gouvernement-dondra-1\" \/>\n<meta property=\"og:site_name\" content=\"centrafricaine\" \/>\n<meta property=\"article:published_time\" content=\"2021-06-25T08:25:55+00:00\" \/>\n<meta property=\"article:modified_time\" content=\"2021-06-25T08:37:02+00:00\" \/>\n<meta property=\"og:image\" content=\"https:\/\/static.africa-press.net\/centrafricaine\/sites\/45\/2021\/06\/img-60d580bf26eb8.jpg\" \/>\n\t<meta property=\"og:image:width\" content=\"720\" \/>\n\t<meta property=\"og:image:height\" content=\"747\" \/>\n\t<meta property=\"og:image:type\" content=\"image\/jpeg\" \/>\n<meta name=\"author\" content=\"cfeditorfr\" \/>\n<meta name=\"twitter:card\" content=\"summary_large_image\" \/>\n<meta name=\"twitter:label1\" content=\"\u00c9crit par\" \/>\n\t<meta name=\"twitter:data1\" content=\"cfeditorfr\" \/>\n\t<meta name=\"twitter:label2\" content=\"Dur\u00e9e de lecture estim\u00e9e\" \/>\n\t<meta name=\"twitter:data2\" content=\"3 minutes\" \/>\n<script type=\"application\/ld+json\" class=\"yoast-schema-graph\">{\"@context\":\"https:\/\/schema.org\",\"@graph\":[{\"@type\":\"Article\",\"@id\":\"https:\/\/www.africa-press.net\/centrafricaine\/politique\/centrafrique-la-liste-complete-du-gouvernement-dondra-1#article\",\"isPartOf\":{\"@id\":\"https:\/\/www.africa-press.net\/centrafricaine\/politique\/centrafrique-la-liste-complete-du-gouvernement-dondra-1\"},\"author\":{\"name\":\"cfeditorfr\",\"@id\":\"https:\/\/www.africa-press.net\/centrafricaine\/#\/schema\/person\/2b1cf3cd81a31e3cd26889ca66d677f1\"},\"headline\":\"la liste compl\u00e8te du gouvernement Dondra 1\",\"datePublished\":\"2021-06-25T08:25:55+00:00\",\"dateModified\":\"2021-06-25T08:37:02+00:00\",\"mainEntityOfPage\":{\"@id\":\"https:\/\/www.africa-press.net\/centrafricaine\/politique\/centrafrique-la-liste-complete-du-gouvernement-dondra-1\"},\"wordCount\":622,\"commentCount\":0,\"image\":{\"@id\":\"https:\/\/www.africa-press.net\/centrafricaine\/politique\/centrafrique-la-liste-complete-du-gouvernement-dondra-1#primaryimage\"},\"thumbnailUrl\":\"https:\/\/static.africa-press.net\/centrafricaine\/sites\/45\/2021\/06\/img-60d580bf26eb8.jpg\",\"keywords\":[\"Africa Press\",\"Africa Press-CentrAfricaine\",\"CentrAfricaine\"],\"articleSection\":[\"homepage-french\",\"Politique\",\"Top Nouvelles\",\"Toutes les actualit\u00e9s\"],\"inLanguage\":\"fr-FR\",\"potentialAction\":[{\"@type\":\"CommentAction\",\"name\":\"Comment\",\"target\":[\"https:\/\/www.africa-press.net\/centrafricaine\/politique\/centrafrique-la-liste-complete-du-gouvernement-dondra-1#respond\"]}]},{\"@type\":\"WebPage\",\"@id\":\"https:\/\/www.africa-press.net\/centrafricaine\/politique\/centrafrique-la-liste-complete-du-gouvernement-dondra-1\",\"url\":\"https:\/\/www.africa-press.net\/centrafricaine\/politique\/centrafrique-la-liste-complete-du-gouvernement-dondra-1\",\"name\":\"la liste compl\u00e8te du gouvernement Dondra 1 - centrafricaine\",\"isPartOf\":{\"@id\":\"https:\/\/www.africa-press.net\/centrafricaine\/#website\"},\"primaryImageOfPage\":{\"@id\":\"https:\/\/www.africa-press.net\/centrafricaine\/politique\/centrafrique-la-liste-complete-du-gouvernement-dondra-1#primaryimage\"},\"image\":{\"@id\":\"https:\/\/www.africa-press.net\/centrafricaine\/politique\/centrafrique-la-liste-complete-du-gouvernement-dondra-1#primaryimage\"},\"thumbnailUrl\":\"https:\/\/static.africa-press.net\/centrafricaine\/sites\/45\/2021\/06\/img-60d580bf26eb8.jpg\",\"datePublished\":\"2021-06-25T08:25:55+00:00\",\"dateModified\":\"2021-06-25T08:37:02+00:00\",\"author\":{\"@id\":\"https:\/\/www.africa-press.net\/centrafricaine\/#\/schema\/person\/2b1cf3cd81a31e3cd26889ca66d677f1\"},\"description\":\"Bangui, R\u00e9publique centrafricaine, jeudi, 24 juin 2021 ( Corbeaunews \u2013 Centrafrique ). Le nouveau gouvernement du Pre ...\",\"breadcrumb\":{\"@id\":\"https:\/\/www.africa-press.net\/centrafricaine\/politique\/centrafrique-la-liste-complete-du-gouvernement-dondra-1#breadcrumb\"},\"inLanguage\":\"fr-FR\",\"potentialAction\":[{\"@type\":\"ReadAction\",\"target\":[\"https:\/\/www.africa-press.net\/centrafricaine\/politique\/centrafrique-la-liste-complete-du-gouvernement-dondra-1\"]}]},{\"@type\":\"ImageObject\",\"inLanguage\":\"fr-FR\",\"@id\":\"https:\/\/www.africa-press.net\/centrafricaine\/politique\/centrafrique-la-liste-complete-du-gouvernement-dondra-1#primaryimage\",\"url\":\"https:\/\/static.africa-press.net\/centrafricaine\/sites\/45\/2021\/06\/img-60d580bf26eb8.jpg\",\"contentUrl\":\"https:\/\/static.africa-press.net\/centrafricaine\/sites\/45\/2021\/06\/img-60d580bf26eb8.jpg\",\"width\":720,\"height\":747,\"caption\":\"Centrafrique\u00a0: la liste compl\u00e8te du gouvernement Dondra 1\"},{\"@type\":\"BreadcrumbList\",\"@id\":\"https:\/\/www.africa-press.net\/centrafricaine\/politique\/centrafrique-la-liste-complete-du-gouvernement-dondra-1#breadcrumb\",\"itemListElement\":[{\"@type\":\"ListItem\",\"position\":1,\"name\":\"Accueil\",\"item\":\"https:\/\/www.africa-press.net\/centrafricaine\/\"},{\"@type\":\"ListItem\",\"position\":2,\"name\":\"la liste compl\u00e8te du gouvernement Dondra 1\"}]},{\"@type\":\"WebSite\",\"@id\":\"https:\/\/www.africa-press.net\/centrafricaine\/#website\",\"url\":\"https:\/\/www.africa-press.net\/centrafricaine\/\",\"name\":\"centrafricaine\",\"description\":\"Just another Africa News Agency Sites site\",\"potentialAction\":[{\"@type\":\"SearchAction\",\"target\":{\"@type\":\"EntryPoint\",\"urlTemplate\":\"https:\/\/www.africa-press.net\/centrafricaine\/?s={search_term_string}\"},\"query-input\":{\"@type\":\"PropertyValueSpecification\",\"valueRequired\":true,\"valueName\":\"search_term_string\"}}],\"inLanguage\":\"fr-FR\"},{\"@type\":\"Person\",\"@id\":\"https:\/\/www.africa-press.net\/centrafricaine\/#\/schema\/person\/2b1cf3cd81a31e3cd26889ca66d677f1\",\"name\":\"cfeditorfr\"}]}<\/script>\n<!-- \/ Yoast SEO Premium plugin. -->","yoast_head_json":{"title":"la liste compl\u00e8te du gouvernement Dondra 1 - centrafricaine","description":"Bangui, R\u00e9publique centrafricaine, jeudi, 24 juin 2021 ( Corbeaunews \u2013 Centrafrique ). Le nouveau gouvernement du Pre ...","robots":{"index":"index","follow":"follow","max-snippet":"max-snippet:-1","max-image-preview":"max-image-preview:large","max-video-preview":"max-video-preview:-1"},"canonical":"https:\/\/www.africa-press.net\/centrafricaine\/politique\/centrafrique-la-liste-complete-du-gouvernement-dondra-1","og_locale":"fr_FR","og_type":"article","og_title":"la liste compl\u00e8te du gouvernement Dondra 1","og_description":"Bangui, R\u00e9publique centrafricaine, jeudi, 24 juin 2021 ( Corbeaunews \u2013 Centrafrique ). Le nouveau gouvernement du Pre ...","og_url":"https:\/\/www.africa-press.net\/centrafricaine\/politique\/centrafrique-la-liste-complete-du-gouvernement-dondra-1","og_site_name":"centrafricaine","article_published_time":"2021-06-25T08:25:55+00:00","article_modified_time":"2021-06-25T08:37:02+00:00","og_image":[{"width":720,"height":747,"url":"https:\/\/static.africa-press.net\/centrafricaine\/sites\/45\/2021\/06\/img-60d580bf26eb8.jpg","type":"image\/jpeg"}],"author":"cfeditorfr","twitter_card":"summary_large_image","twitter_misc":{"\u00c9crit par":"cfeditorfr","Dur\u00e9e de lecture estim\u00e9e":"3 minutes"},"schema":{"@context":"https:\/\/schema.org","@graph":[{"@type":"Article","@id":"https:\/\/www.africa-press.net\/centrafricaine\/politique\/centrafrique-la-liste-complete-du-gouvernement-dondra-1#article","isPartOf":{"@id":"https:\/\/www.africa-press.net\/centrafricaine\/politique\/centrafrique-la-liste-complete-du-gouvernement-dondra-1"},"author":{"name":"cfeditorfr","@id":"https:\/\/www.africa-press.net\/centrafricaine\/#\/schema\/person\/2b1cf3cd81a31e3cd26889ca66d677f1"},"headline":"la liste compl\u00e8te du gouvernement Dondra 1","datePublished":"2021-06-25T08:25:55+00:00","dateModified":"2021-06-25T08:37:02+00:00","mainEntityOfPage":{"@id":"https:\/\/www.africa-press.net\/centrafricaine\/politique\/centrafrique-la-liste-complete-du-gouvernement-dondra-1"},"wordCount":622,"commentCount":0,"image":{"@id":"https:\/\/www.africa-press.net\/centrafricaine\/politique\/centrafrique-la-liste-complete-du-gouvernement-dondra-1#primaryimage"},"thumbnailUrl":"https:\/\/static.africa-press.net\/centrafricaine\/sites\/45\/2021\/06\/img-60d580bf26eb8.jpg","keywords":["Africa Press","Africa Press-CentrAfricaine","CentrAfricaine"],"articleSection":["homepage-french","Politique","Top Nouvelles","Toutes les actualit\u00e9s"],"inLanguage":"fr-FR","potentialAction":[{"@type":"CommentAction","name":"Comment","target":["https:\/\/www.africa-press.net\/centrafricaine\/politique\/centrafrique-la-liste-complete-du-gouvernement-dondra-1#respond"]}]},{"@type":"WebPage","@id":"https:\/\/www.africa-press.net\/centrafricaine\/politique\/centrafrique-la-liste-complete-du-gouvernement-dondra-1","url":"https:\/\/www.africa-press.net\/centrafricaine\/politique\/centrafrique-la-liste-complete-du-gouvernement-dondra-1","name":"la liste compl\u00e8te du gouvernement Dondra 1 - centrafricaine","isPartOf":{"@id":"https:\/\/www.africa-press.net\/centrafricaine\/#website"},"primaryImageOfPage":{"@id":"https:\/\/www.africa-press.net\/centrafricaine\/politique\/centrafrique-la-liste-complete-du-gouvernement-dondra-1#primaryimage"},"image":{"@id":"https:\/\/www.africa-press.net\/centrafricaine\/politique\/centrafrique-la-liste-complete-du-gouvernement-dondra-1#primaryimage"},"thumbnailUrl":"https:\/\/static.africa-press.net\/centrafricaine\/sites\/45\/2021\/06\/img-60d580bf26eb8.jpg","datePublished":"2021-06-25T08:25:55+00:00","dateModified":"2021-06-25T08:37:02+00:00","author":{"@id":"https:\/\/www.africa-press.net\/centrafricaine\/#\/schema\/person\/2b1cf3cd81a31e3cd26889ca66d677f1"},"description":"Bangui, R\u00e9publique centrafricaine, jeudi, 24 juin 2021 ( Corbeaunews \u2013 Centrafrique ). Le nouveau gouvernement du Pre ...","breadcrumb":{"@id":"https:\/\/www.africa-press.net\/centrafricaine\/politique\/centrafrique-la-liste-complete-du-gouvernement-dondra-1#breadcrumb"},"inLanguage":"fr-FR","potentialAction":[{"@type":"ReadAction","target":["https:\/\/www.africa-press.net\/centrafricaine\/politique\/centrafrique-la-liste-complete-du-gouvernement-dondra-1"]}]},{"@type":"ImageObject","inLanguage":"fr-FR","@id":"https:\/\/www.africa-press.net\/centrafricaine\/politique\/centrafrique-la-liste-complete-du-gouvernement-dondra-1#primaryimage","url":"https:\/\/static.africa-press.net\/centrafricaine\/sites\/45\/2021\/06\/img-60d580bf26eb8.jpg","contentUrl":"https:\/\/static.africa-press.net\/centrafricaine\/sites\/45\/2021\/06\/img-60d580bf26eb8.jpg","width":720,"height":747,"caption":"Centrafrique\u00a0: la liste compl\u00e8te du gouvernement Dondra 1"},{"@type":"BreadcrumbList","@id":"https:\/\/www.africa-press.net\/centrafricaine\/politique\/centrafrique-la-liste-complete-du-gouvernement-dondra-1#breadcrumb","itemListElement":[{"@type":"ListItem","position":1,"name":"Accueil","item":"https:\/\/www.africa-press.net\/centrafricaine\/"},{"@type":"ListItem","position":2,"name":"la liste compl\u00e8te du gouvernement Dondra 1"}]},{"@type":"WebSite","@id":"https:\/\/www.africa-press.net\/centrafricaine\/#website","url":"https:\/\/www.africa-press.net\/centrafricaine\/","name":"centrafricaine","description":"Just another Africa News Agency Sites site","potentialAction":[{"@type":"SearchAction","target":{"@type":"EntryPoint","urlTemplate":"https:\/\/www.africa-press.net\/centrafricaine\/?s={search_term_string}"},"query-input":{"@type":"PropertyValueSpecification","valueRequired":true,"valueName":"search_term_string"}}],"inLanguage":"fr-FR"},{"@type":"Person","@id":"https:\/\/www.africa-press.net\/centrafricaine\/#\/schema\/person\/2b1cf3cd81a31e3cd26889ca66d677f1","name":"cfeditorfr"}]}},"_links":{"self":[{"href":"https:\/\/www.africa-press.net\/centrafricaine\/wp-json\/wp\/v2\/posts\/8406","targetHints":{"allow":["GET"]}}],"collection":[{"href":"https:\/\/www.africa-press.net\/centrafricaine\/wp-json\/wp\/v2\/posts"}],"about":[{"href":"https:\/\/www.africa-press.net\/centrafricaine\/wp-json\/wp\/v2\/types\/post"}],"author":[{"embeddable":true,"href":"https:\/\/www.africa-press.net\/centrafricaine\/wp-json\/wp\/v2\/users\/82"}],"replies":[{"embeddable":true,"href":"https:\/\/www.africa-press.net\/centrafricaine\/wp-json\/wp\/v2\/comments?post=8406"}],"version-history":[{"count":0,"href":"https:\/\/www.africa-press.net\/centrafricaine\/wp-json\/wp\/v2\/posts\/8406\/revisions"}],"wp:featuredmedia":[{"embeddable":true,"href":"https:\/\/www.africa-press.net\/centrafricaine\/wp-json\/wp\/v2\/media\/8405"}],"wp:attachment":[{"href":"https:\/\/www.africa-press.net\/centrafricaine\/wp-json\/wp\/v2\/media?parent=8406"}],"wp:term":[{"taxonomy":"category","embeddable":true,"href":"https:\/\/www.africa-press.net\/centrafricaine\/wp-json\/wp\/v2\/categories?post=8406"},{"taxonomy":"post_tag","embeddable":true,"href":"https:\/\/www.africa-press.net\/centrafricaine\/wp-json\/wp\/v2\/tags?post=8406"}],"curies":[{"name":"wp","href":"https:\/\/api.w.org\/{rel}","templated":true}]}}