{"id":8464,"date":"2021-06-27T12:41:07","date_gmt":"2021-06-27T12:41:07","guid":{"rendered":"https:\/\/www.africa-press.net\/centrafricaine\/?p=8464"},"modified":"2021-06-27T18:48:01","modified_gmt":"2021-06-27T18:48:01","slug":"france-accuse-de-crimes-contre-lhumanite-un-centrafricain-evoque-une-meprise","status":"publish","type":"post","link":"https:\/\/www.africa-press.net\/centrafricaine\/dossiers\/france-accuse-de-crimes-contre-lhumanite-un-centrafricain-evoque-une-meprise","title":{"rendered":"France : accus\u00e9 de crimes contre l&rsquo;humanit\u00e9, un Centrafricain \u00e9voque une m\u00e9prise"},"content":{"rendered":"<p><span style=\"color: #ff6600\"><strong><a href=\"https:\/\/www.africa-press.net\/\">Africa-Press<\/a> &#8211; <a href=\"https:\/\/www.africa-press.net\/centrafricaine\">CentrAfricaine<\/a>. <\/strong><\/span><b>Milicien sanguinaire ou victime d&rsquo;une m\u00e9prise ? \u00c9ric Danboy Bagale, un ancien officier centrafricain, d\u00e9tenu depuis neuf mois en France, fait l&rsquo;objet d&rsquo;accusations de torture et de complicit\u00e9 de crimes contre l&rsquo;humanit\u00e9 pour des faits qui remontent \u00e0 2013-2014. Lui rejette ces griefs et d\u00e9nonce des confusions dans l&rsquo;enqu\u00eate.<\/b><\/p>\n<p>Ag\u00e9 de 42 ans, \u00c9ric Danboy Bagale, un proche de l&rsquo;ex-pr\u00e9sident centrafricain Fran\u00e7ois Boziz\u00e9, vit en France depuis mai 2014. Il a \u00e9t\u00e9 arr\u00eat\u00e9 \u00e0 Besan\u00e7on et mis en examen le 18 septembre 2020. Ce p\u00e8re de cinq enfants est depuis en d\u00e9tention provisoire.<\/p>\n<p>Il s&rsquo;agit du premier Centrafricain \u00e0 faire l&rsquo;objet de poursuites du p\u00f4le \u00ab\u00a0crimes contre l&rsquo;humanit\u00e9\u00a0\u00bb du tribunal judiciaire de Paris. L\u2019instance est comp\u00e9tente pour poursuivre les crimes les plus graves \u00e0 travers le monde d\u00e8s lors qu&rsquo;un suspect passe en France. Il a d\u00e9j\u00e0 renvoy\u00e9 devant les assises plusieurs Rwandais impliqu\u00e9s dans le g\u00e9nocide des Tutsi en 1994.<\/p>\n<p><b>Soup\u00e7ons d\u2019actes de tortures sur des opposants politiques<\/b><\/p>\n<p>La justice fran\u00e7aise soup\u00e7onne celui qui a servi dans la garde pr\u00e9sidentielle, et qui est devenu agent d&rsquo;entretien depuis son arriv\u00e9e dans l&rsquo;Hexagone, de s&rsquo;\u00eatre livr\u00e9 \u00e0 des actes de tortures sur des opposants politiques entre 2007 et mars 2013, date de sa fuite du pays pour suivre Fran\u00e7ois Boziz\u00e9, pr\u00e9sident de la R\u00e9publique Centrafricaine de 2003 \u00e0 2013, ce dernier a \u00e9t\u00e9 renvers\u00e9 par un putsch.<\/p>\n<p>Elle le suspecte aussi d&rsquo;avoir \u00e9t\u00e9 complice de crimes de guerre et de crimes contre l&rsquo;humanit\u00e9 entre mars 2013 et mai 2014 en Centrafrique mais aussi au Cameroun, en Ethiopie, au Kenya et au Soudan du Sud. En d&rsquo;autres termes, d&rsquo;avoir \u00e9t\u00e9 responsable de milices anti-balaka.<\/p>\n<p>Ces groupes arm\u00e9s, majoritairement chr\u00e9tiens et animistes, ont \u00e9t\u00e9 form\u00e9s pour combattre les milices de la S\u00e9l\u00e9ka, une alliance de rebelles issus du nord du pays \u00e0 majorit\u00e9 musulmane, qui ont chass\u00e9 Fran\u00e7ois Boziz\u00e9 du pouvoir en 2013. M. Boziz\u00e9 a \u00e9t\u00e9 plac\u00e9 en 2014 sous sanctions par les Nations unies pour avoir organis\u00e9 une contre-insurrection sanglante depuis son exil \u00e0 l&rsquo;aide de ces milices.(Re)voir : Centrafrique : en 2013, les anti-balaka pr\u00e9parent leur assaut sur Bangui [LeM\u00e9mo]<\/p>\n<p><b>\u00ab\u00a0R\u00e9put\u00e9 pour sa cruaut\u00e9\u00a0\u00bb<\/b><\/p>\n<p>A l&rsquo;origine des investigations lanc\u00e9es en mai 2017, un signalement \u00e0 la justice de l&rsquo;Office fran\u00e7ais de protection des r\u00e9fugi\u00e9s et apatrides (OFPRA). L\u2019OFPRA estimait que lors de son entretien pour obtenir l&rsquo;asile en France, il avait \u00ab\u00a0volontairement minimis\u00e9 voire cach\u00e9 des informations concernant son parcours militaire ou concernant son implication au sein du mouvement anti-balaka\u00a0\u00bb.<\/p>\n<p>Le signalement s&rsquo;appuyait par ailleurs sur une note blanche de 2016 de la Direction g\u00e9n\u00e9rale de la s\u00e9curit\u00e9 int\u00e9rieure (DGSI), qui affirmait que ce Centrafricain \u00e9tait \u00ab\u00a0r\u00e9put\u00e9 pour sa cruaut\u00e9 et sa fid\u00e9lit\u00e9 inconditionnelle \u00e0 Fran\u00e7ois Boziz\u00e9\u00a0\u00bb et aurait \u00e9t\u00e9 \u00ab\u00a0adjoint \u00e0 l&rsquo;unit\u00e9 charg\u00e9e de l&rsquo;enl\u00e8vement et de la disparition des opposants au r\u00e9gime\u00a0\u00bb qui a ex\u00e9cut\u00e9 \u00ab\u00a0au moins 51 personnes\u00a0\u00bb.<\/p>\n<p>Selon cette note, il aurait \u00ab\u00a0activement particip\u00e9 \u00e0 des pr\u00e9paratifs visant \u00e0 renverser le pouvoir en place en Centrafrique\u00a0\u00bb et rencontr\u00e9 en France en 2014 plusieurs soutiens de Fran\u00e7ois Boziz\u00e9 qui auraient tent\u00e9 d&rsquo;organiser, depuis l&rsquo;\u00e9tranger, un coup d\u2019\u00c9tat.<\/p>\n<p><b>M\u00e9prise entre le suspect et un lointain cousin<\/b><\/p>\n<p>S&rsquo;il reconna\u00eet bien avoir \u00e9t\u00e9 proche de Boziz\u00e9, dont il est un cousin, et avoir particip\u00e9 au coup d\u2019\u00c9tat en 2003 ayant men\u00e9 ce dernier au pouvoir, \u00c9ric Danboy Bagale clame son innocence et plaide la m\u00e9prise entre lui et un lointain cousin, Junior Danboy.<\/p>\n<p>Dans le dossier d&rsquo;instruction, figure notamment un article du journal Le Monde, dat\u00e9 de f\u00e9vrier 2014, \u00e9voquant un racket des populations musulmanes organis\u00e9 dans la ville de Bouar par un certain \u00ab\u00a0lieutenant Damboye\u00a0\u00bb, de retour d&rsquo;exil au Cameroun, contre la promesse de diff\u00e9rer les attaques contre elles. Dans l&rsquo;article, le lieutenant se pr\u00e9sente comme le \u00ab\u00a0chef\u00a0\u00bb des \u00ab\u00a0anti-balaka\u00a0\u00bb.<\/p>\n<p>En garde \u00e0 vue, \u00c9ric Danboy a r\u00e9fut\u00e9 s&rsquo;\u00eatre trouv\u00e9 \u00e0 Bouar \u00e0 ce moment-l\u00e0 et a identifi\u00e9 Junior Danboy sur un clich\u00e9 pris sur place par l&rsquo;arm\u00e9e. L&rsquo;Institut de recherche criminelle (IRCGN) a confirm\u00e9 que la photo et une autre d\u2019\u00c9ric Danboy prise par les enqu\u00eateurs apportaient \u00ab\u00a0des \u00e9l\u00e9ments tendant \u00e0 conclure qu&rsquo;il ne s&rsquo;agit pas du m\u00eame individu\u00a0\u00bb.<\/p>\n<p>Lors d&rsquo;une confrontation, un t\u00e9moin, un opposant \u00e0 Boziz\u00e9 tortur\u00e9 d&rsquo;ao\u00fbt 2012 \u00e0 mars 2013, l&rsquo;a exon\u00e9r\u00e9 de toute responsabilit\u00e9, racontant l&rsquo;avoir vu une fois lors de sa captivit\u00e9, qu&rsquo;il lui avait pr\u00e9sent\u00e9 ses condol\u00e9ances pour le d\u00e9c\u00e8s de sa femme et lui avait donn\u00e9 de l&rsquo;argent pour am\u00e9liorer ses conditions de d\u00e9tention. Ce t\u00e9moin, qui a refus\u00e9 de se constituer partie civile, a aussi dit avoir vu Junior Danboy lorsqu&rsquo;il \u00e9tait d\u00e9tenu.<\/p>\n<p>\u00ab\u00a0La France, qui est elle-m\u00eame intervenue dans la guerre civile centrafricaine, entend instruire en parall\u00e8le de la Cour p\u00e9nale internationale des crimes contre l&rsquo;humanit\u00e9 commis en Centrafrique, par des Centrafricains et contre des Centrafricains\u00a0\u00bb, a comment\u00e9 l&rsquo;avocate Marie-Alix Canu-Bernard, qui d\u00e9fend M. Danboy, \u00e0 l&rsquo;AFP.<\/p>\n<p>\u00ab\u00a0Une seule mise en examen est intervenue depuis quatre ans, qui en plus de ne repose sur aucun \u00e9l\u00e9ment, proc\u00e8de d&rsquo;une erreur grossi\u00e8re sur la personne\u2026 cela est d&rsquo;autant plus consternant que cette personne est incarc\u00e9r\u00e9e depuis neuf mois\u00a0\u00bb, a-t-elle d\u00e9plor\u00e9.<\/p>\n<p>\u00ab\u00a0Si l&rsquo;enqu\u00eate a effectivement mis en \u00e9vidence l&rsquo;existence d&rsquo;un autre individu nomm\u00e9 Danboy, ce dernier n&rsquo;appara\u00eet nullement concern\u00e9 par les crimes reproch\u00e9s au mis en examen dans le cadre de l&rsquo;information judiciaire ouverte en septembre 2020\u00a0\u00bb, a rapport\u00e9 une source judiciaire.<\/p>\n<p>\u00ab\u00a0Ainsi, au terme des investigations et des v\u00e9rifications effectu\u00e9es, il n&rsquo;y a aucune erreur sur l&rsquo;identit\u00e9 du mis en examen et aucune confusion entre ce dernier et son homonyme\u00a0\u00bb, a-t-elle assur\u00e9.(Re)voir : Centrafrique : quels espoirs de stabilit\u00e9 ? Chargement du lecteur&#8230;<\/p>\n","protected":false},"excerpt":{"rendered":"<p>Africa-Press &#8211; CentrAfricaine. Milicien sanguinaire ou victime d&rsquo;une m\u00e9prise ? \u00c9ric Danboy Bagale, un ancien officier centrafricain, d\u00e9tenu depuis neuf mois en France, fait l&rsquo;objet d&rsquo;accusations de torture et de complicit\u00e9 de crimes contre l&rsquo;humanit\u00e9 pour des faits qui remontent \u00e0 2013-2014. Lui rejette ces griefs et d\u00e9nonce des confusions dans l&rsquo;enqu\u00eate. Ag\u00e9 de 42 [&hellip;]<\/p>\n","protected":false},"author":82,"featured_media":8463,"comment_status":"open","ping_status":"closed","sticky":false,"template":"","format":"standard","meta":{"footnotes":""},"categories":[7,11,20,10],"tags":[36,58,30],"class_list":["post-8464","post","type-post","status-publish","format-standard","has-post-thumbnail","hentry","category-dossiers","category-homepage-french","category-top-nouvelles","category-toutes-les-actualites","tag-africa-press","tag-africa-press-centrafricaine","tag-centrafricaine"],"yoast_head":"<!-- This site is optimized with the Yoast SEO Premium plugin v26.1 (Yoast SEO v27.0) - https:\/\/yoast.com\/product\/yoast-seo-premium-wordpress\/ -->\n<title>France : accus\u00e9 de crimes contre l&#039;humanit\u00e9, un Centrafricain \u00e9voque une m\u00e9prise - centrafricaine<\/title>\n<meta name=\"description\" content=\"Milicien sanguinaire ou victime d&#039;une m\u00e9prise ? \u00c9ric Danboy Bagale, un ancien officier centrafricain, d\u00e9tenu depuis n ...\" \/>\n<meta name=\"robots\" content=\"index, follow, max-snippet:-1, max-image-preview:large, max-video-preview:-1\" \/>\n<link rel=\"canonical\" href=\"https:\/\/www.africa-press.net\/centrafricaine\/dossiers\/france-accuse-de-crimes-contre-lhumanite-un-centrafricain-evoque-une-meprise\" \/>\n<meta property=\"og:locale\" content=\"fr_FR\" \/>\n<meta property=\"og:type\" content=\"article\" \/>\n<meta property=\"og:title\" content=\"France : accus\u00e9 de crimes contre l&#039;humanit\u00e9, un Centrafricain \u00e9voque une m\u00e9prise\" \/>\n<meta property=\"og:description\" content=\"Milicien sanguinaire ou victime d&#039;une m\u00e9prise ? \u00c9ric Danboy Bagale, un ancien officier centrafricain, d\u00e9tenu depuis n ...\" \/>\n<meta property=\"og:url\" content=\"https:\/\/www.africa-press.net\/centrafricaine\/dossiers\/france-accuse-de-crimes-contre-lhumanite-un-centrafricain-evoque-une-meprise\" \/>\n<meta property=\"og:site_name\" content=\"centrafricaine\" \/>\n<meta property=\"article:published_time\" content=\"2021-06-27T12:41:07+00:00\" \/>\n<meta property=\"article:modified_time\" content=\"2021-06-27T18:48:01+00:00\" \/>\n<meta property=\"og:image\" content=\"https:\/\/static.africa-press.net\/centrafricaine\/sites\/45\/2021\/06\/img-60d86f7d9f373.jpg\" \/>\n\t<meta property=\"og:image:width\" content=\"770\" \/>\n\t<meta property=\"og:image:height\" content=\"513\" \/>\n\t<meta property=\"og:image:type\" content=\"image\/jpeg\" \/>\n<meta name=\"author\" content=\"cfeditorfr\" \/>\n<meta name=\"twitter:card\" content=\"summary_large_image\" \/>\n<meta name=\"twitter:label1\" content=\"\u00c9crit par\" \/>\n\t<meta name=\"twitter:data1\" content=\"cfeditorfr\" \/>\n\t<meta name=\"twitter:label2\" content=\"Dur\u00e9e de lecture estim\u00e9e\" \/>\n\t<meta name=\"twitter:data2\" content=\"5 minutes\" \/>\n<script type=\"application\/ld+json\" class=\"yoast-schema-graph\">{\"@context\":\"https:\/\/schema.org\",\"@graph\":[{\"@type\":\"Article\",\"@id\":\"https:\/\/www.africa-press.net\/centrafricaine\/dossiers\/france-accuse-de-crimes-contre-lhumanite-un-centrafricain-evoque-une-meprise#article\",\"isPartOf\":{\"@id\":\"https:\/\/www.africa-press.net\/centrafricaine\/dossiers\/france-accuse-de-crimes-contre-lhumanite-un-centrafricain-evoque-une-meprise\"},\"author\":{\"name\":\"cfeditorfr\",\"@id\":\"https:\/\/www.africa-press.net\/centrafricaine\/#\/schema\/person\/2b1cf3cd81a31e3cd26889ca66d677f1\"},\"headline\":\"France : accus\u00e9 de crimes contre l&rsquo;humanit\u00e9, un Centrafricain \u00e9voque une m\u00e9prise\",\"datePublished\":\"2021-06-27T12:41:07+00:00\",\"dateModified\":\"2021-06-27T18:48:01+00:00\",\"mainEntityOfPage\":{\"@id\":\"https:\/\/www.africa-press.net\/centrafricaine\/dossiers\/france-accuse-de-crimes-contre-lhumanite-un-centrafricain-evoque-une-meprise\"},\"wordCount\":1041,\"commentCount\":0,\"image\":{\"@id\":\"https:\/\/www.africa-press.net\/centrafricaine\/dossiers\/france-accuse-de-crimes-contre-lhumanite-un-centrafricain-evoque-une-meprise#primaryimage\"},\"thumbnailUrl\":\"https:\/\/static.africa-press.net\/centrafricaine\/sites\/45\/2021\/06\/img-60d86f7d9f373.jpg\",\"keywords\":[\"Africa Press\",\"Africa Press-CentrAfricaine\",\"CentrAfricaine\"],\"articleSection\":[\"Dossiers\",\"homepage-french\",\"Top Nouvelles\",\"Toutes les actualit\u00e9s\"],\"inLanguage\":\"fr-FR\",\"potentialAction\":[{\"@type\":\"CommentAction\",\"name\":\"Comment\",\"target\":[\"https:\/\/www.africa-press.net\/centrafricaine\/dossiers\/france-accuse-de-crimes-contre-lhumanite-un-centrafricain-evoque-une-meprise#respond\"]}]},{\"@type\":\"WebPage\",\"@id\":\"https:\/\/www.africa-press.net\/centrafricaine\/dossiers\/france-accuse-de-crimes-contre-lhumanite-un-centrafricain-evoque-une-meprise\",\"url\":\"https:\/\/www.africa-press.net\/centrafricaine\/dossiers\/france-accuse-de-crimes-contre-lhumanite-un-centrafricain-evoque-une-meprise\",\"name\":\"France : accus\u00e9 de crimes contre l'humanit\u00e9, un Centrafricain \u00e9voque une m\u00e9prise - centrafricaine\",\"isPartOf\":{\"@id\":\"https:\/\/www.africa-press.net\/centrafricaine\/#website\"},\"primaryImageOfPage\":{\"@id\":\"https:\/\/www.africa-press.net\/centrafricaine\/dossiers\/france-accuse-de-crimes-contre-lhumanite-un-centrafricain-evoque-une-meprise#primaryimage\"},\"image\":{\"@id\":\"https:\/\/www.africa-press.net\/centrafricaine\/dossiers\/france-accuse-de-crimes-contre-lhumanite-un-centrafricain-evoque-une-meprise#primaryimage\"},\"thumbnailUrl\":\"https:\/\/static.africa-press.net\/centrafricaine\/sites\/45\/2021\/06\/img-60d86f7d9f373.jpg\",\"datePublished\":\"2021-06-27T12:41:07+00:00\",\"dateModified\":\"2021-06-27T18:48:01+00:00\",\"author\":{\"@id\":\"https:\/\/www.africa-press.net\/centrafricaine\/#\/schema\/person\/2b1cf3cd81a31e3cd26889ca66d677f1\"},\"description\":\"Milicien sanguinaire ou victime d'une m\u00e9prise ? \u00c9ric Danboy Bagale, un ancien officier centrafricain, d\u00e9tenu depuis n ...\",\"breadcrumb\":{\"@id\":\"https:\/\/www.africa-press.net\/centrafricaine\/dossiers\/france-accuse-de-crimes-contre-lhumanite-un-centrafricain-evoque-une-meprise#breadcrumb\"},\"inLanguage\":\"fr-FR\",\"potentialAction\":[{\"@type\":\"ReadAction\",\"target\":[\"https:\/\/www.africa-press.net\/centrafricaine\/dossiers\/france-accuse-de-crimes-contre-lhumanite-un-centrafricain-evoque-une-meprise\"]}]},{\"@type\":\"ImageObject\",\"inLanguage\":\"fr-FR\",\"@id\":\"https:\/\/www.africa-press.net\/centrafricaine\/dossiers\/france-accuse-de-crimes-contre-lhumanite-un-centrafricain-evoque-une-meprise#primaryimage\",\"url\":\"https:\/\/static.africa-press.net\/centrafricaine\/sites\/45\/2021\/06\/img-60d86f7d9f373.jpg\",\"contentUrl\":\"https:\/\/static.africa-press.net\/centrafricaine\/sites\/45\/2021\/06\/img-60d86f7d9f373.jpg\",\"width\":770,\"height\":513,\"caption\":\"France : accus\u00e9 de crimes contre l'humanit\u00e9, un Centrafricain \u00e9voque une m\u00e9prise\"},{\"@type\":\"BreadcrumbList\",\"@id\":\"https:\/\/www.africa-press.net\/centrafricaine\/dossiers\/france-accuse-de-crimes-contre-lhumanite-un-centrafricain-evoque-une-meprise#breadcrumb\",\"itemListElement\":[{\"@type\":\"ListItem\",\"position\":1,\"name\":\"Accueil\",\"item\":\"https:\/\/www.africa-press.net\/centrafricaine\/\"},{\"@type\":\"ListItem\",\"position\":2,\"name\":\"France : accus\u00e9 de crimes contre l&#8217;humanit\u00e9, un Centrafricain \u00e9voque une m\u00e9prise\"}]},{\"@type\":\"WebSite\",\"@id\":\"https:\/\/www.africa-press.net\/centrafricaine\/#website\",\"url\":\"https:\/\/www.africa-press.net\/centrafricaine\/\",\"name\":\"centrafricaine\",\"description\":\"Just another Africa News Agency Sites site\",\"potentialAction\":[{\"@type\":\"SearchAction\",\"target\":{\"@type\":\"EntryPoint\",\"urlTemplate\":\"https:\/\/www.africa-press.net\/centrafricaine\/?s={search_term_string}\"},\"query-input\":{\"@type\":\"PropertyValueSpecification\",\"valueRequired\":true,\"valueName\":\"search_term_string\"}}],\"inLanguage\":\"fr-FR\"},{\"@type\":\"Person\",\"@id\":\"https:\/\/www.africa-press.net\/centrafricaine\/#\/schema\/person\/2b1cf3cd81a31e3cd26889ca66d677f1\",\"name\":\"cfeditorfr\"}]}<\/script>\n<!-- \/ Yoast SEO Premium plugin. -->","yoast_head_json":{"title":"France : accus\u00e9 de crimes contre l'humanit\u00e9, un Centrafricain \u00e9voque une m\u00e9prise - centrafricaine","description":"Milicien sanguinaire ou victime d'une m\u00e9prise ? \u00c9ric Danboy Bagale, un ancien officier centrafricain, d\u00e9tenu depuis n ...","robots":{"index":"index","follow":"follow","max-snippet":"max-snippet:-1","max-image-preview":"max-image-preview:large","max-video-preview":"max-video-preview:-1"},"canonical":"https:\/\/www.africa-press.net\/centrafricaine\/dossiers\/france-accuse-de-crimes-contre-lhumanite-un-centrafricain-evoque-une-meprise","og_locale":"fr_FR","og_type":"article","og_title":"France : accus\u00e9 de crimes contre l'humanit\u00e9, un Centrafricain \u00e9voque une m\u00e9prise","og_description":"Milicien sanguinaire ou victime d'une m\u00e9prise ? \u00c9ric Danboy Bagale, un ancien officier centrafricain, d\u00e9tenu depuis n ...","og_url":"https:\/\/www.africa-press.net\/centrafricaine\/dossiers\/france-accuse-de-crimes-contre-lhumanite-un-centrafricain-evoque-une-meprise","og_site_name":"centrafricaine","article_published_time":"2021-06-27T12:41:07+00:00","article_modified_time":"2021-06-27T18:48:01+00:00","og_image":[{"width":770,"height":513,"url":"https:\/\/static.africa-press.net\/centrafricaine\/sites\/45\/2021\/06\/img-60d86f7d9f373.jpg","type":"image\/jpeg"}],"author":"cfeditorfr","twitter_card":"summary_large_image","twitter_misc":{"\u00c9crit par":"cfeditorfr","Dur\u00e9e de lecture estim\u00e9e":"5 minutes"},"schema":{"@context":"https:\/\/schema.org","@graph":[{"@type":"Article","@id":"https:\/\/www.africa-press.net\/centrafricaine\/dossiers\/france-accuse-de-crimes-contre-lhumanite-un-centrafricain-evoque-une-meprise#article","isPartOf":{"@id":"https:\/\/www.africa-press.net\/centrafricaine\/dossiers\/france-accuse-de-crimes-contre-lhumanite-un-centrafricain-evoque-une-meprise"},"author":{"name":"cfeditorfr","@id":"https:\/\/www.africa-press.net\/centrafricaine\/#\/schema\/person\/2b1cf3cd81a31e3cd26889ca66d677f1"},"headline":"France : accus\u00e9 de crimes contre l&rsquo;humanit\u00e9, un Centrafricain \u00e9voque une m\u00e9prise","datePublished":"2021-06-27T12:41:07+00:00","dateModified":"2021-06-27T18:48:01+00:00","mainEntityOfPage":{"@id":"https:\/\/www.africa-press.net\/centrafricaine\/dossiers\/france-accuse-de-crimes-contre-lhumanite-un-centrafricain-evoque-une-meprise"},"wordCount":1041,"commentCount":0,"image":{"@id":"https:\/\/www.africa-press.net\/centrafricaine\/dossiers\/france-accuse-de-crimes-contre-lhumanite-un-centrafricain-evoque-une-meprise#primaryimage"},"thumbnailUrl":"https:\/\/static.africa-press.net\/centrafricaine\/sites\/45\/2021\/06\/img-60d86f7d9f373.jpg","keywords":["Africa Press","Africa Press-CentrAfricaine","CentrAfricaine"],"articleSection":["Dossiers","homepage-french","Top Nouvelles","Toutes les actualit\u00e9s"],"inLanguage":"fr-FR","potentialAction":[{"@type":"CommentAction","name":"Comment","target":["https:\/\/www.africa-press.net\/centrafricaine\/dossiers\/france-accuse-de-crimes-contre-lhumanite-un-centrafricain-evoque-une-meprise#respond"]}]},{"@type":"WebPage","@id":"https:\/\/www.africa-press.net\/centrafricaine\/dossiers\/france-accuse-de-crimes-contre-lhumanite-un-centrafricain-evoque-une-meprise","url":"https:\/\/www.africa-press.net\/centrafricaine\/dossiers\/france-accuse-de-crimes-contre-lhumanite-un-centrafricain-evoque-une-meprise","name":"France : accus\u00e9 de crimes contre l'humanit\u00e9, un Centrafricain \u00e9voque une m\u00e9prise - centrafricaine","isPartOf":{"@id":"https:\/\/www.africa-press.net\/centrafricaine\/#website"},"primaryImageOfPage":{"@id":"https:\/\/www.africa-press.net\/centrafricaine\/dossiers\/france-accuse-de-crimes-contre-lhumanite-un-centrafricain-evoque-une-meprise#primaryimage"},"image":{"@id":"https:\/\/www.africa-press.net\/centrafricaine\/dossiers\/france-accuse-de-crimes-contre-lhumanite-un-centrafricain-evoque-une-meprise#primaryimage"},"thumbnailUrl":"https:\/\/static.africa-press.net\/centrafricaine\/sites\/45\/2021\/06\/img-60d86f7d9f373.jpg","datePublished":"2021-06-27T12:41:07+00:00","dateModified":"2021-06-27T18:48:01+00:00","author":{"@id":"https:\/\/www.africa-press.net\/centrafricaine\/#\/schema\/person\/2b1cf3cd81a31e3cd26889ca66d677f1"},"description":"Milicien sanguinaire ou victime d'une m\u00e9prise ? \u00c9ric Danboy Bagale, un ancien officier centrafricain, d\u00e9tenu depuis n ...","breadcrumb":{"@id":"https:\/\/www.africa-press.net\/centrafricaine\/dossiers\/france-accuse-de-crimes-contre-lhumanite-un-centrafricain-evoque-une-meprise#breadcrumb"},"inLanguage":"fr-FR","potentialAction":[{"@type":"ReadAction","target":["https:\/\/www.africa-press.net\/centrafricaine\/dossiers\/france-accuse-de-crimes-contre-lhumanite-un-centrafricain-evoque-une-meprise"]}]},{"@type":"ImageObject","inLanguage":"fr-FR","@id":"https:\/\/www.africa-press.net\/centrafricaine\/dossiers\/france-accuse-de-crimes-contre-lhumanite-un-centrafricain-evoque-une-meprise#primaryimage","url":"https:\/\/static.africa-press.net\/centrafricaine\/sites\/45\/2021\/06\/img-60d86f7d9f373.jpg","contentUrl":"https:\/\/static.africa-press.net\/centrafricaine\/sites\/45\/2021\/06\/img-60d86f7d9f373.jpg","width":770,"height":513,"caption":"France : accus\u00e9 de crimes contre l'humanit\u00e9, un Centrafricain \u00e9voque une m\u00e9prise"},{"@type":"BreadcrumbList","@id":"https:\/\/www.africa-press.net\/centrafricaine\/dossiers\/france-accuse-de-crimes-contre-lhumanite-un-centrafricain-evoque-une-meprise#breadcrumb","itemListElement":[{"@type":"ListItem","position":1,"name":"Accueil","item":"https:\/\/www.africa-press.net\/centrafricaine\/"},{"@type":"ListItem","position":2,"name":"France : accus\u00e9 de crimes contre l&#8217;humanit\u00e9, un Centrafricain \u00e9voque une m\u00e9prise"}]},{"@type":"WebSite","@id":"https:\/\/www.africa-press.net\/centrafricaine\/#website","url":"https:\/\/www.africa-press.net\/centrafricaine\/","name":"centrafricaine","description":"Just another Africa News Agency Sites site","potentialAction":[{"@type":"SearchAction","target":{"@type":"EntryPoint","urlTemplate":"https:\/\/www.africa-press.net\/centrafricaine\/?s={search_term_string}"},"query-input":{"@type":"PropertyValueSpecification","valueRequired":true,"valueName":"search_term_string"}}],"inLanguage":"fr-FR"},{"@type":"Person","@id":"https:\/\/www.africa-press.net\/centrafricaine\/#\/schema\/person\/2b1cf3cd81a31e3cd26889ca66d677f1","name":"cfeditorfr"}]}},"_links":{"self":[{"href":"https:\/\/www.africa-press.net\/centrafricaine\/wp-json\/wp\/v2\/posts\/8464","targetHints":{"allow":["GET"]}}],"collection":[{"href":"https:\/\/www.africa-press.net\/centrafricaine\/wp-json\/wp\/v2\/posts"}],"about":[{"href":"https:\/\/www.africa-press.net\/centrafricaine\/wp-json\/wp\/v2\/types\/post"}],"author":[{"embeddable":true,"href":"https:\/\/www.africa-press.net\/centrafricaine\/wp-json\/wp\/v2\/users\/82"}],"replies":[{"embeddable":true,"href":"https:\/\/www.africa-press.net\/centrafricaine\/wp-json\/wp\/v2\/comments?post=8464"}],"version-history":[{"count":0,"href":"https:\/\/www.africa-press.net\/centrafricaine\/wp-json\/wp\/v2\/posts\/8464\/revisions"}],"wp:featuredmedia":[{"embeddable":true,"href":"https:\/\/www.africa-press.net\/centrafricaine\/wp-json\/wp\/v2\/media\/8463"}],"wp:attachment":[{"href":"https:\/\/www.africa-press.net\/centrafricaine\/wp-json\/wp\/v2\/media?parent=8464"}],"wp:term":[{"taxonomy":"category","embeddable":true,"href":"https:\/\/www.africa-press.net\/centrafricaine\/wp-json\/wp\/v2\/categories?post=8464"},{"taxonomy":"post_tag","embeddable":true,"href":"https:\/\/www.africa-press.net\/centrafricaine\/wp-json\/wp\/v2\/tags?post=8464"}],"curies":[{"name":"wp","href":"https:\/\/api.w.org\/{rel}","templated":true}]}}