{"id":8506,"date":"2021-06-28T16:26:10","date_gmt":"2021-06-28T16:26:10","guid":{"rendered":"https:\/\/www.africa-press.net\/centrafricaine\/?p=8506"},"modified":"2021-06-28T17:51:56","modified_gmt":"2021-06-28T17:51:56","slug":"rca-alindao-attaquee-la-ville-serait-tombee","status":"publish","type":"post","link":"https:\/\/www.africa-press.net\/centrafricaine\/politique\/rca-alindao-attaquee-la-ville-serait-tombee","title":{"rendered":"Alindao attaqu\u00e9e, la ville serait tomb\u00e9e"},"content":{"rendered":"<p><span style=\"color: #ff6600\"><strong><a href=\"https:\/\/www.africa-press.net\/\">Africa-Press<\/a> &#8211; <a href=\"https:\/\/www.africa-press.net\/centrafricaine\">CentrAfricaine<\/a>.\u00a0 <\/strong><\/span>Des hommes lourdement arm\u00e9s assimil\u00e9s aux combattants rebelles de l\u2019UPC ont attaqu\u00e9 tr\u00e8s t\u00f4t ce matin les positions des forces de l\u2019ordre \u00e0 Alindao, dans la pr\u00e9fecture de la Basse Kotto.<\/p>\n<p>Selon les habitants, l\u2019attaque aurait d\u00e9but\u00e9 ce lundi 28 juin aux environs de 4h50 du matin par une forte d\u00e9tonation d\u2019armes lourdes et l\u00e9g\u00e8res vers le centre-ville, plus pr\u00e9cis\u00e9ment aux alentours de la base des forces arm\u00e9es centrafricaines.<\/p>\n<p>Apr\u00e8s une heure d\u2019affrontement, l\u2019intensit\u00e9 de combat semble augmenter, et l\u2019on y voit les hommes lourdement arm\u00e9s pavan\u00e9s au centre-ville. Ce qui montre que le centre-ville est contr\u00f4l\u00e9 par les assaillants. Les combats sont en cours, et il est tr\u00e8s t\u00f4t d\u2019\u00e9tablir un bilan provisoire. Toutefois, on nous signale que les assaillants aurait tu\u00e9 une personne dans la concession de Madame le maire de la ville, devenue d\u00e9put\u00e9.<\/p>\n<p>Notons qu\u2019il y a une semaine, les mercenaires de Wagner ont men\u00e9 de ratissage contre les rebelles de l\u2019unit\u00e9 pour la paix en Centrafrique (UPC) sur l\u2019axe Bambari Alindao. Le garde du corps personnel du chef rebelle Ali Darassa, le tchadien Saleh NGA\u00cfNA, avait \u00e9t\u00e9 tu\u00e9, et plusieurs villages pill\u00e9s par les hommes de Wagner.<\/p>\n<p>Rappelons que le vendredi 4 juin dernier, le convoi \u00e9vang\u00e9lique du pasteur Nicolas Guerekoyam\u00e9-Gbangou, membre de la plateforme des confessions religieuses de Centrafrique \u00e9tait tomb\u00e9 dans une embuscade tendue par des \u00e9l\u00e9ments rebelles de l\u2019Unit\u00e9 pour la paix en Centrafrique (UPC) \u00e0 22 kilom\u00e8tres d\u2019Alindao, au centre est du pays,<\/p>\n<p><b>\u00a0<\/b><\/p>\n","protected":false},"excerpt":{"rendered":"<p>Africa-Press &#8211; CentrAfricaine.\u00a0 Des hommes lourdement arm\u00e9s assimil\u00e9s aux combattants rebelles de l\u2019UPC ont attaqu\u00e9 tr\u00e8s t\u00f4t ce matin les positions des forces de l\u2019ordre \u00e0 Alindao, dans la pr\u00e9fecture de la Basse Kotto. Selon les habitants, l\u2019attaque aurait d\u00e9but\u00e9 ce lundi 28 juin aux environs de 4h50 du matin par une forte d\u00e9tonation d\u2019armes [&hellip;]<\/p>\n","protected":false},"author":82,"featured_media":8505,"comment_status":"open","ping_status":"closed","sticky":false,"template":"","format":"standard","meta":{"footnotes":""},"categories":[11,2,20,10],"tags":[36,58,30],"class_list":["post-8506","post","type-post","status-publish","format-standard","has-post-thumbnail","hentry","category-homepage-french","category-politique","category-top-nouvelles","category-toutes-les-actualites","tag-africa-press","tag-africa-press-centrafricaine","tag-centrafricaine"],"yoast_head":"<!-- This site is optimized with the Yoast SEO Premium plugin v26.1 (Yoast SEO v27.0) - https:\/\/yoast.com\/product\/yoast-seo-premium-wordpress\/ -->\n<title>Alindao attaqu\u00e9e, la ville serait tomb\u00e9e - centrafricaine<\/title>\n<meta name=\"description\" content=\"Bangui, R\u00e9publique centrafricaine, lundi, 28 juin 2021, 07:13:08 ( Corbeaunews-Centrafrique ). Des hommes lourde ...\" \/>\n<meta name=\"robots\" content=\"index, follow, max-snippet:-1, max-image-preview:large, max-video-preview:-1\" \/>\n<link rel=\"canonical\" href=\"https:\/\/www.africa-press.net\/centrafricaine\/politique\/rca-alindao-attaquee-la-ville-serait-tombee\" \/>\n<meta property=\"og:locale\" content=\"fr_FR\" \/>\n<meta property=\"og:type\" content=\"article\" \/>\n<meta property=\"og:title\" content=\"Alindao attaqu\u00e9e, la ville serait tomb\u00e9e\" \/>\n<meta property=\"og:description\" content=\"Bangui, R\u00e9publique centrafricaine, lundi, 28 juin 2021, 07:13:08 ( Corbeaunews-Centrafrique ). Des hommes lourde ...\" \/>\n<meta property=\"og:url\" content=\"https:\/\/www.africa-press.net\/centrafricaine\/politique\/rca-alindao-attaquee-la-ville-serait-tombee\" \/>\n<meta property=\"og:site_name\" content=\"centrafricaine\" \/>\n<meta property=\"article:published_time\" content=\"2021-06-28T16:26:10+00:00\" \/>\n<meta property=\"article:modified_time\" content=\"2021-06-28T17:51:56+00:00\" \/>\n<meta property=\"og:image\" content=\"https:\/\/static.africa-press.net\/centrafricaine\/sites\/45\/2021\/06\/img-60d9f776c9708.jpg\" \/>\n\t<meta property=\"og:image:width\" content=\"750\" \/>\n\t<meta property=\"og:image:height\" content=\"495\" \/>\n\t<meta property=\"og:image:type\" content=\"image\/jpeg\" \/>\n<meta name=\"author\" content=\"cfeditorfr\" \/>\n<meta name=\"twitter:card\" content=\"summary_large_image\" \/>\n<meta name=\"twitter:label1\" content=\"\u00c9crit par\" \/>\n\t<meta name=\"twitter:data1\" content=\"cfeditorfr\" \/>\n\t<meta name=\"twitter:label2\" content=\"Dur\u00e9e de lecture estim\u00e9e\" \/>\n\t<meta name=\"twitter:data2\" content=\"2 minutes\" \/>\n<script type=\"application\/ld+json\" class=\"yoast-schema-graph\">{\"@context\":\"https:\/\/schema.org\",\"@graph\":[{\"@type\":\"Article\",\"@id\":\"https:\/\/www.africa-press.net\/centrafricaine\/politique\/rca-alindao-attaquee-la-ville-serait-tombee#article\",\"isPartOf\":{\"@id\":\"https:\/\/www.africa-press.net\/centrafricaine\/politique\/rca-alindao-attaquee-la-ville-serait-tombee\"},\"author\":{\"name\":\"cfeditorfr\",\"@id\":\"https:\/\/www.africa-press.net\/centrafricaine\/#\/schema\/person\/2b1cf3cd81a31e3cd26889ca66d677f1\"},\"headline\":\"Alindao attaqu\u00e9e, la ville serait tomb\u00e9e\",\"datePublished\":\"2021-06-28T16:26:10+00:00\",\"dateModified\":\"2021-06-28T17:51:56+00:00\",\"mainEntityOfPage\":{\"@id\":\"https:\/\/www.africa-press.net\/centrafricaine\/politique\/rca-alindao-attaquee-la-ville-serait-tombee\"},\"wordCount\":286,\"commentCount\":0,\"image\":{\"@id\":\"https:\/\/www.africa-press.net\/centrafricaine\/politique\/rca-alindao-attaquee-la-ville-serait-tombee#primaryimage\"},\"thumbnailUrl\":\"https:\/\/static.africa-press.net\/centrafricaine\/sites\/45\/2021\/06\/img-60d9f776c9708.jpg\",\"keywords\":[\"Africa Press\",\"Africa Press-CentrAfricaine\",\"CentrAfricaine\"],\"articleSection\":[\"homepage-french\",\"Politique\",\"Top Nouvelles\",\"Toutes les actualit\u00e9s\"],\"inLanguage\":\"fr-FR\",\"potentialAction\":[{\"@type\":\"CommentAction\",\"name\":\"Comment\",\"target\":[\"https:\/\/www.africa-press.net\/centrafricaine\/politique\/rca-alindao-attaquee-la-ville-serait-tombee#respond\"]}]},{\"@type\":\"WebPage\",\"@id\":\"https:\/\/www.africa-press.net\/centrafricaine\/politique\/rca-alindao-attaquee-la-ville-serait-tombee\",\"url\":\"https:\/\/www.africa-press.net\/centrafricaine\/politique\/rca-alindao-attaquee-la-ville-serait-tombee\",\"name\":\"Alindao attaqu\u00e9e, la ville serait tomb\u00e9e - centrafricaine\",\"isPartOf\":{\"@id\":\"https:\/\/www.africa-press.net\/centrafricaine\/#website\"},\"primaryImageOfPage\":{\"@id\":\"https:\/\/www.africa-press.net\/centrafricaine\/politique\/rca-alindao-attaquee-la-ville-serait-tombee#primaryimage\"},\"image\":{\"@id\":\"https:\/\/www.africa-press.net\/centrafricaine\/politique\/rca-alindao-attaquee-la-ville-serait-tombee#primaryimage\"},\"thumbnailUrl\":\"https:\/\/static.africa-press.net\/centrafricaine\/sites\/45\/2021\/06\/img-60d9f776c9708.jpg\",\"datePublished\":\"2021-06-28T16:26:10+00:00\",\"dateModified\":\"2021-06-28T17:51:56+00:00\",\"author\":{\"@id\":\"https:\/\/www.africa-press.net\/centrafricaine\/#\/schema\/person\/2b1cf3cd81a31e3cd26889ca66d677f1\"},\"description\":\"Bangui, R\u00e9publique centrafricaine, lundi, 28 juin 2021, 07:13:08 ( Corbeaunews-Centrafrique ). Des hommes lourde ...\",\"breadcrumb\":{\"@id\":\"https:\/\/www.africa-press.net\/centrafricaine\/politique\/rca-alindao-attaquee-la-ville-serait-tombee#breadcrumb\"},\"inLanguage\":\"fr-FR\",\"potentialAction\":[{\"@type\":\"ReadAction\",\"target\":[\"https:\/\/www.africa-press.net\/centrafricaine\/politique\/rca-alindao-attaquee-la-ville-serait-tombee\"]}]},{\"@type\":\"ImageObject\",\"inLanguage\":\"fr-FR\",\"@id\":\"https:\/\/www.africa-press.net\/centrafricaine\/politique\/rca-alindao-attaquee-la-ville-serait-tombee#primaryimage\",\"url\":\"https:\/\/static.africa-press.net\/centrafricaine\/sites\/45\/2021\/06\/img-60d9f776c9708.jpg\",\"contentUrl\":\"https:\/\/static.africa-press.net\/centrafricaine\/sites\/45\/2021\/06\/img-60d9f776c9708.jpg\",\"width\":750,\"height\":495,\"caption\":\"RCA\u00a0: Alindao attaqu\u00e9e, la ville serait tomb\u00e9e\"},{\"@type\":\"BreadcrumbList\",\"@id\":\"https:\/\/www.africa-press.net\/centrafricaine\/politique\/rca-alindao-attaquee-la-ville-serait-tombee#breadcrumb\",\"itemListElement\":[{\"@type\":\"ListItem\",\"position\":1,\"name\":\"Accueil\",\"item\":\"https:\/\/www.africa-press.net\/centrafricaine\/\"},{\"@type\":\"ListItem\",\"position\":2,\"name\":\"Alindao attaqu\u00e9e, la ville serait tomb\u00e9e\"}]},{\"@type\":\"WebSite\",\"@id\":\"https:\/\/www.africa-press.net\/centrafricaine\/#website\",\"url\":\"https:\/\/www.africa-press.net\/centrafricaine\/\",\"name\":\"centrafricaine\",\"description\":\"Just another Africa News Agency Sites site\",\"potentialAction\":[{\"@type\":\"SearchAction\",\"target\":{\"@type\":\"EntryPoint\",\"urlTemplate\":\"https:\/\/www.africa-press.net\/centrafricaine\/?s={search_term_string}\"},\"query-input\":{\"@type\":\"PropertyValueSpecification\",\"valueRequired\":true,\"valueName\":\"search_term_string\"}}],\"inLanguage\":\"fr-FR\"},{\"@type\":\"Person\",\"@id\":\"https:\/\/www.africa-press.net\/centrafricaine\/#\/schema\/person\/2b1cf3cd81a31e3cd26889ca66d677f1\",\"name\":\"cfeditorfr\"}]}<\/script>\n<!-- \/ Yoast SEO Premium plugin. -->","yoast_head_json":{"title":"Alindao attaqu\u00e9e, la ville serait tomb\u00e9e - centrafricaine","description":"Bangui, R\u00e9publique centrafricaine, lundi, 28 juin 2021, 07:13:08 ( Corbeaunews-Centrafrique ). Des hommes lourde ...","robots":{"index":"index","follow":"follow","max-snippet":"max-snippet:-1","max-image-preview":"max-image-preview:large","max-video-preview":"max-video-preview:-1"},"canonical":"https:\/\/www.africa-press.net\/centrafricaine\/politique\/rca-alindao-attaquee-la-ville-serait-tombee","og_locale":"fr_FR","og_type":"article","og_title":"Alindao attaqu\u00e9e, la ville serait tomb\u00e9e","og_description":"Bangui, R\u00e9publique centrafricaine, lundi, 28 juin 2021, 07:13:08 ( Corbeaunews-Centrafrique ). Des hommes lourde ...","og_url":"https:\/\/www.africa-press.net\/centrafricaine\/politique\/rca-alindao-attaquee-la-ville-serait-tombee","og_site_name":"centrafricaine","article_published_time":"2021-06-28T16:26:10+00:00","article_modified_time":"2021-06-28T17:51:56+00:00","og_image":[{"width":750,"height":495,"url":"https:\/\/static.africa-press.net\/centrafricaine\/sites\/45\/2021\/06\/img-60d9f776c9708.jpg","type":"image\/jpeg"}],"author":"cfeditorfr","twitter_card":"summary_large_image","twitter_misc":{"\u00c9crit par":"cfeditorfr","Dur\u00e9e de lecture estim\u00e9e":"2 minutes"},"schema":{"@context":"https:\/\/schema.org","@graph":[{"@type":"Article","@id":"https:\/\/www.africa-press.net\/centrafricaine\/politique\/rca-alindao-attaquee-la-ville-serait-tombee#article","isPartOf":{"@id":"https:\/\/www.africa-press.net\/centrafricaine\/politique\/rca-alindao-attaquee-la-ville-serait-tombee"},"author":{"name":"cfeditorfr","@id":"https:\/\/www.africa-press.net\/centrafricaine\/#\/schema\/person\/2b1cf3cd81a31e3cd26889ca66d677f1"},"headline":"Alindao attaqu\u00e9e, la ville serait tomb\u00e9e","datePublished":"2021-06-28T16:26:10+00:00","dateModified":"2021-06-28T17:51:56+00:00","mainEntityOfPage":{"@id":"https:\/\/www.africa-press.net\/centrafricaine\/politique\/rca-alindao-attaquee-la-ville-serait-tombee"},"wordCount":286,"commentCount":0,"image":{"@id":"https:\/\/www.africa-press.net\/centrafricaine\/politique\/rca-alindao-attaquee-la-ville-serait-tombee#primaryimage"},"thumbnailUrl":"https:\/\/static.africa-press.net\/centrafricaine\/sites\/45\/2021\/06\/img-60d9f776c9708.jpg","keywords":["Africa Press","Africa Press-CentrAfricaine","CentrAfricaine"],"articleSection":["homepage-french","Politique","Top Nouvelles","Toutes les actualit\u00e9s"],"inLanguage":"fr-FR","potentialAction":[{"@type":"CommentAction","name":"Comment","target":["https:\/\/www.africa-press.net\/centrafricaine\/politique\/rca-alindao-attaquee-la-ville-serait-tombee#respond"]}]},{"@type":"WebPage","@id":"https:\/\/www.africa-press.net\/centrafricaine\/politique\/rca-alindao-attaquee-la-ville-serait-tombee","url":"https:\/\/www.africa-press.net\/centrafricaine\/politique\/rca-alindao-attaquee-la-ville-serait-tombee","name":"Alindao attaqu\u00e9e, la ville serait tomb\u00e9e - centrafricaine","isPartOf":{"@id":"https:\/\/www.africa-press.net\/centrafricaine\/#website"},"primaryImageOfPage":{"@id":"https:\/\/www.africa-press.net\/centrafricaine\/politique\/rca-alindao-attaquee-la-ville-serait-tombee#primaryimage"},"image":{"@id":"https:\/\/www.africa-press.net\/centrafricaine\/politique\/rca-alindao-attaquee-la-ville-serait-tombee#primaryimage"},"thumbnailUrl":"https:\/\/static.africa-press.net\/centrafricaine\/sites\/45\/2021\/06\/img-60d9f776c9708.jpg","datePublished":"2021-06-28T16:26:10+00:00","dateModified":"2021-06-28T17:51:56+00:00","author":{"@id":"https:\/\/www.africa-press.net\/centrafricaine\/#\/schema\/person\/2b1cf3cd81a31e3cd26889ca66d677f1"},"description":"Bangui, R\u00e9publique centrafricaine, lundi, 28 juin 2021, 07:13:08 ( Corbeaunews-Centrafrique ). Des hommes lourde ...","breadcrumb":{"@id":"https:\/\/www.africa-press.net\/centrafricaine\/politique\/rca-alindao-attaquee-la-ville-serait-tombee#breadcrumb"},"inLanguage":"fr-FR","potentialAction":[{"@type":"ReadAction","target":["https:\/\/www.africa-press.net\/centrafricaine\/politique\/rca-alindao-attaquee-la-ville-serait-tombee"]}]},{"@type":"ImageObject","inLanguage":"fr-FR","@id":"https:\/\/www.africa-press.net\/centrafricaine\/politique\/rca-alindao-attaquee-la-ville-serait-tombee#primaryimage","url":"https:\/\/static.africa-press.net\/centrafricaine\/sites\/45\/2021\/06\/img-60d9f776c9708.jpg","contentUrl":"https:\/\/static.africa-press.net\/centrafricaine\/sites\/45\/2021\/06\/img-60d9f776c9708.jpg","width":750,"height":495,"caption":"RCA\u00a0: Alindao attaqu\u00e9e, la ville serait tomb\u00e9e"},{"@type":"BreadcrumbList","@id":"https:\/\/www.africa-press.net\/centrafricaine\/politique\/rca-alindao-attaquee-la-ville-serait-tombee#breadcrumb","itemListElement":[{"@type":"ListItem","position":1,"name":"Accueil","item":"https:\/\/www.africa-press.net\/centrafricaine\/"},{"@type":"ListItem","position":2,"name":"Alindao attaqu\u00e9e, la ville serait tomb\u00e9e"}]},{"@type":"WebSite","@id":"https:\/\/www.africa-press.net\/centrafricaine\/#website","url":"https:\/\/www.africa-press.net\/centrafricaine\/","name":"centrafricaine","description":"Just another Africa News Agency Sites site","potentialAction":[{"@type":"SearchAction","target":{"@type":"EntryPoint","urlTemplate":"https:\/\/www.africa-press.net\/centrafricaine\/?s={search_term_string}"},"query-input":{"@type":"PropertyValueSpecification","valueRequired":true,"valueName":"search_term_string"}}],"inLanguage":"fr-FR"},{"@type":"Person","@id":"https:\/\/www.africa-press.net\/centrafricaine\/#\/schema\/person\/2b1cf3cd81a31e3cd26889ca66d677f1","name":"cfeditorfr"}]}},"_links":{"self":[{"href":"https:\/\/www.africa-press.net\/centrafricaine\/wp-json\/wp\/v2\/posts\/8506","targetHints":{"allow":["GET"]}}],"collection":[{"href":"https:\/\/www.africa-press.net\/centrafricaine\/wp-json\/wp\/v2\/posts"}],"about":[{"href":"https:\/\/www.africa-press.net\/centrafricaine\/wp-json\/wp\/v2\/types\/post"}],"author":[{"embeddable":true,"href":"https:\/\/www.africa-press.net\/centrafricaine\/wp-json\/wp\/v2\/users\/82"}],"replies":[{"embeddable":true,"href":"https:\/\/www.africa-press.net\/centrafricaine\/wp-json\/wp\/v2\/comments?post=8506"}],"version-history":[{"count":0,"href":"https:\/\/www.africa-press.net\/centrafricaine\/wp-json\/wp\/v2\/posts\/8506\/revisions"}],"wp:featuredmedia":[{"embeddable":true,"href":"https:\/\/www.africa-press.net\/centrafricaine\/wp-json\/wp\/v2\/media\/8505"}],"wp:attachment":[{"href":"https:\/\/www.africa-press.net\/centrafricaine\/wp-json\/wp\/v2\/media?parent=8506"}],"wp:term":[{"taxonomy":"category","embeddable":true,"href":"https:\/\/www.africa-press.net\/centrafricaine\/wp-json\/wp\/v2\/categories?post=8506"},{"taxonomy":"post_tag","embeddable":true,"href":"https:\/\/www.africa-press.net\/centrafricaine\/wp-json\/wp\/v2\/tags?post=8506"}],"curies":[{"name":"wp","href":"https:\/\/api.w.org\/{rel}","templated":true}]}}