{"id":8509,"date":"2021-06-28T16:37:53","date_gmt":"2021-06-28T16:37:53","guid":{"rendered":"https:\/\/www.africa-press.net\/centrafricaine\/?p=8509"},"modified":"2021-06-28T17:52:06","modified_gmt":"2021-06-28T17:52:06","slug":"bimbo-detonation-darmes-automatiques-inquietude-de-la-population","status":"publish","type":"post","link":"https:\/\/www.africa-press.net\/centrafricaine\/politique\/bimbo-detonation-darmes-automatiques-inquietude-de-la-population","title":{"rendered":"Bimbo, d\u00e9tonation d\u2019armes automatiques, inqui\u00e9tude de la population"},"content":{"rendered":"<p><span style=\"color: #ff6600\"><strong><a href=\"https:\/\/www.africa-press.net\/\">Africa-Press<\/a> &#8211; <a href=\"https:\/\/www.africa-press.net\/centrafricaine\">CentrAfricaine<\/a>. <\/strong><\/span>\u00a0Dans la nuit du dimanche \u00e0 lundi 28 juin, plusieurs coups de feu sont entendus dans la commune de Bimbo, pr\u00e9cis\u00e9ment aux alentours de la rue des s\u0153urs, suscitant de l\u2019inqui\u00e9tude au sein de la population locale.<\/p>\n<p>Le service de la gendarmerie a \u00e9t\u00e9 appel\u00e9 en urgence au quartier des s\u0153urs \u00e0 Bimbo pour intervenir sur le lieu d\u2019un \u00ab \u00e9change des tirs \u00bb dans ce quartier r\u00e9put\u00e9 tranquille. Mais \u00e0 l\u2019arriv\u00e9e des gendarmes, les soldats FACA en poste au PK9 sur la route de Bimbo sont d\u00e9j\u00e0 sur place. \u00c0 leur surprise, c\u2019est un lieutenant de la garde pr\u00e9sidentielle qui serait \u00e0 l\u2019origine de tous ces tirs. Il aurait vid\u00e9 ses quatre chargeurs garnis durant une trentaine des minutes \u00e0 cause d\u2019un individu qui aurait touch\u00e9 son portail alors que celui-ci serait de passage vers 21 heures.<\/p>\n<p>En col\u00e8re, les FACA l\u2019ont arr\u00eat\u00e9 et amen\u00e9 \u00e0 leur poste de PK9.<\/p>\n<p>Notons que ce fameux lieutenant de la garde pr\u00e9sidentielle avait \u00e9t\u00e9 arr\u00eat\u00e9 d\u00e9j\u00e0 par la gendarmerie pour les m\u00eames faits, mais il \u00e9chappe toujours \u00e0 la sanction de ses chefs hi\u00e9rarchiques.<\/p>\n<p>Pendant ce temps, apr\u00e8s l\u2019avoir conduit au poste des FACA de PK9, les gendarmes sont venus pour conduire le fameux lieutenant \u00e0 la section des recherches et d\u2019investigation (SRI), mais les FACA ont cat\u00e9goriquement refus\u00e9 de le remettre aux gendarmes. Le suspect vient d\u2019\u00eatre conduit au camp de Roux.<\/p>\n<p>Notons que ce fameux lieutenant se dit \u00eatre chef s\u00e9curit\u00e9 aupr\u00e8s du directeur g\u00e9n\u00e9ral de la S\u00e9curit\u00e9 pr\u00e9sidentielle.<\/p>\n<p>Rappelons que les Centrafricains ont l\u2019habitude de dire que nos soldats sont sous l\u2019embargo d\u2019armes. Force est malheureusement de constater que ces militaires disposent des armes et munitions chez eux, mais ils l\u2019utilisent \u00e0 des fins peu professionnelles.<\/p>\n<p><b>\u00a0<\/b><\/p>\n","protected":false},"excerpt":{"rendered":"<p>Africa-Press &#8211; CentrAfricaine. \u00a0Dans la nuit du dimanche \u00e0 lundi 28 juin, plusieurs coups de feu sont entendus dans la commune de Bimbo, pr\u00e9cis\u00e9ment aux alentours de la rue des s\u0153urs, suscitant de l\u2019inqui\u00e9tude au sein de la population locale. Le service de la gendarmerie a \u00e9t\u00e9 appel\u00e9 en urgence au quartier des s\u0153urs \u00e0 [&hellip;]<\/p>\n","protected":false},"author":82,"featured_media":8508,"comment_status":"open","ping_status":"closed","sticky":false,"template":"","format":"standard","meta":{"footnotes":""},"categories":[11,2,10],"tags":[36,58,30],"class_list":["post-8509","post","type-post","status-publish","format-standard","has-post-thumbnail","hentry","category-homepage-french","category-politique","category-toutes-les-actualites","tag-africa-press","tag-africa-press-centrafricaine","tag-centrafricaine"],"yoast_head":"<!-- This site is optimized with the Yoast SEO Premium plugin v26.1 (Yoast SEO v27.0) - https:\/\/yoast.com\/product\/yoast-seo-premium-wordpress\/ -->\n<title>Bimbo, d\u00e9tonation d\u2019armes automatiques, inqui\u00e9tude de la population - centrafricaine<\/title>\n<meta name=\"description\" content=\"Bangui, R\u00e9publique centrafricaine, lundi, 28 juin 2021, 03:08:47 ( Corbeaunews-Centrafrique ). Dans la nuit du d ...\" \/>\n<meta name=\"robots\" content=\"index, follow, max-snippet:-1, max-image-preview:large, max-video-preview:-1\" \/>\n<link rel=\"canonical\" href=\"https:\/\/www.africa-press.net\/centrafricaine\/politique\/bimbo-detonation-darmes-automatiques-inquietude-de-la-population\" \/>\n<meta property=\"og:locale\" content=\"fr_FR\" \/>\n<meta property=\"og:type\" content=\"article\" \/>\n<meta property=\"og:title\" content=\"Bimbo, d\u00e9tonation d\u2019armes automatiques, inqui\u00e9tude de la population\" \/>\n<meta property=\"og:description\" content=\"Bangui, R\u00e9publique centrafricaine, lundi, 28 juin 2021, 03:08:47 ( Corbeaunews-Centrafrique ). Dans la nuit du d ...\" \/>\n<meta property=\"og:url\" content=\"https:\/\/www.africa-press.net\/centrafricaine\/politique\/bimbo-detonation-darmes-automatiques-inquietude-de-la-population\" \/>\n<meta property=\"og:site_name\" content=\"centrafricaine\" \/>\n<meta property=\"article:published_time\" content=\"2021-06-28T16:37:53+00:00\" \/>\n<meta property=\"article:modified_time\" content=\"2021-06-28T17:52:06+00:00\" \/>\n<meta property=\"og:image\" content=\"https:\/\/static.africa-press.net\/centrafricaine\/sites\/45\/2021\/06\/img-60d9f88e60ebd.jpg\" \/>\n\t<meta property=\"og:image:width\" content=\"720\" \/>\n\t<meta property=\"og:image:height\" content=\"540\" \/>\n\t<meta property=\"og:image:type\" content=\"image\/jpeg\" \/>\n<meta name=\"author\" content=\"cfeditorfr\" \/>\n<meta name=\"twitter:card\" content=\"summary_large_image\" \/>\n<meta name=\"twitter:label1\" content=\"\u00c9crit par\" \/>\n\t<meta name=\"twitter:data1\" content=\"cfeditorfr\" \/>\n\t<meta name=\"twitter:label2\" content=\"Dur\u00e9e de lecture estim\u00e9e\" \/>\n\t<meta name=\"twitter:data2\" content=\"2 minutes\" \/>\n<script type=\"application\/ld+json\" class=\"yoast-schema-graph\">{\"@context\":\"https:\/\/schema.org\",\"@graph\":[{\"@type\":\"Article\",\"@id\":\"https:\/\/www.africa-press.net\/centrafricaine\/politique\/bimbo-detonation-darmes-automatiques-inquietude-de-la-population#article\",\"isPartOf\":{\"@id\":\"https:\/\/www.africa-press.net\/centrafricaine\/politique\/bimbo-detonation-darmes-automatiques-inquietude-de-la-population\"},\"author\":{\"name\":\"cfeditorfr\",\"@id\":\"https:\/\/www.africa-press.net\/centrafricaine\/#\/schema\/person\/2b1cf3cd81a31e3cd26889ca66d677f1\"},\"headline\":\"Bimbo, d\u00e9tonation d\u2019armes automatiques, inqui\u00e9tude de la population\",\"datePublished\":\"2021-06-28T16:37:53+00:00\",\"dateModified\":\"2021-06-28T17:52:06+00:00\",\"mainEntityOfPage\":{\"@id\":\"https:\/\/www.africa-press.net\/centrafricaine\/politique\/bimbo-detonation-darmes-automatiques-inquietude-de-la-population\"},\"wordCount\":325,\"commentCount\":0,\"image\":{\"@id\":\"https:\/\/www.africa-press.net\/centrafricaine\/politique\/bimbo-detonation-darmes-automatiques-inquietude-de-la-population#primaryimage\"},\"thumbnailUrl\":\"https:\/\/static.africa-press.net\/centrafricaine\/sites\/45\/2021\/06\/img-60d9f88e60ebd.jpg\",\"keywords\":[\"Africa Press\",\"Africa Press-CentrAfricaine\",\"CentrAfricaine\"],\"articleSection\":[\"homepage-french\",\"Politique\",\"Toutes les actualit\u00e9s\"],\"inLanguage\":\"fr-FR\",\"potentialAction\":[{\"@type\":\"CommentAction\",\"name\":\"Comment\",\"target\":[\"https:\/\/www.africa-press.net\/centrafricaine\/politique\/bimbo-detonation-darmes-automatiques-inquietude-de-la-population#respond\"]}]},{\"@type\":\"WebPage\",\"@id\":\"https:\/\/www.africa-press.net\/centrafricaine\/politique\/bimbo-detonation-darmes-automatiques-inquietude-de-la-population\",\"url\":\"https:\/\/www.africa-press.net\/centrafricaine\/politique\/bimbo-detonation-darmes-automatiques-inquietude-de-la-population\",\"name\":\"Bimbo, d\u00e9tonation d\u2019armes automatiques, inqui\u00e9tude de la population - centrafricaine\",\"isPartOf\":{\"@id\":\"https:\/\/www.africa-press.net\/centrafricaine\/#website\"},\"primaryImageOfPage\":{\"@id\":\"https:\/\/www.africa-press.net\/centrafricaine\/politique\/bimbo-detonation-darmes-automatiques-inquietude-de-la-population#primaryimage\"},\"image\":{\"@id\":\"https:\/\/www.africa-press.net\/centrafricaine\/politique\/bimbo-detonation-darmes-automatiques-inquietude-de-la-population#primaryimage\"},\"thumbnailUrl\":\"https:\/\/static.africa-press.net\/centrafricaine\/sites\/45\/2021\/06\/img-60d9f88e60ebd.jpg\",\"datePublished\":\"2021-06-28T16:37:53+00:00\",\"dateModified\":\"2021-06-28T17:52:06+00:00\",\"author\":{\"@id\":\"https:\/\/www.africa-press.net\/centrafricaine\/#\/schema\/person\/2b1cf3cd81a31e3cd26889ca66d677f1\"},\"description\":\"Bangui, R\u00e9publique centrafricaine, lundi, 28 juin 2021, 03:08:47 ( Corbeaunews-Centrafrique ). Dans la nuit du d ...\",\"breadcrumb\":{\"@id\":\"https:\/\/www.africa-press.net\/centrafricaine\/politique\/bimbo-detonation-darmes-automatiques-inquietude-de-la-population#breadcrumb\"},\"inLanguage\":\"fr-FR\",\"potentialAction\":[{\"@type\":\"ReadAction\",\"target\":[\"https:\/\/www.africa-press.net\/centrafricaine\/politique\/bimbo-detonation-darmes-automatiques-inquietude-de-la-population\"]}]},{\"@type\":\"ImageObject\",\"inLanguage\":\"fr-FR\",\"@id\":\"https:\/\/www.africa-press.net\/centrafricaine\/politique\/bimbo-detonation-darmes-automatiques-inquietude-de-la-population#primaryimage\",\"url\":\"https:\/\/static.africa-press.net\/centrafricaine\/sites\/45\/2021\/06\/img-60d9f88e60ebd.jpg\",\"contentUrl\":\"https:\/\/static.africa-press.net\/centrafricaine\/sites\/45\/2021\/06\/img-60d9f88e60ebd.jpg\",\"width\":720,\"height\":540,\"caption\":\"Bimbo, d\u00e9tonation d\u2019armes automatiques, inqui\u00e9tude de la population\"},{\"@type\":\"BreadcrumbList\",\"@id\":\"https:\/\/www.africa-press.net\/centrafricaine\/politique\/bimbo-detonation-darmes-automatiques-inquietude-de-la-population#breadcrumb\",\"itemListElement\":[{\"@type\":\"ListItem\",\"position\":1,\"name\":\"Accueil\",\"item\":\"https:\/\/www.africa-press.net\/centrafricaine\/\"},{\"@type\":\"ListItem\",\"position\":2,\"name\":\"Bimbo, d\u00e9tonation d\u2019armes automatiques, inqui\u00e9tude de la population\"}]},{\"@type\":\"WebSite\",\"@id\":\"https:\/\/www.africa-press.net\/centrafricaine\/#website\",\"url\":\"https:\/\/www.africa-press.net\/centrafricaine\/\",\"name\":\"centrafricaine\",\"description\":\"Just another Africa News Agency Sites site\",\"potentialAction\":[{\"@type\":\"SearchAction\",\"target\":{\"@type\":\"EntryPoint\",\"urlTemplate\":\"https:\/\/www.africa-press.net\/centrafricaine\/?s={search_term_string}\"},\"query-input\":{\"@type\":\"PropertyValueSpecification\",\"valueRequired\":true,\"valueName\":\"search_term_string\"}}],\"inLanguage\":\"fr-FR\"},{\"@type\":\"Person\",\"@id\":\"https:\/\/www.africa-press.net\/centrafricaine\/#\/schema\/person\/2b1cf3cd81a31e3cd26889ca66d677f1\",\"name\":\"cfeditorfr\"}]}<\/script>\n<!-- \/ Yoast SEO Premium plugin. -->","yoast_head_json":{"title":"Bimbo, d\u00e9tonation d\u2019armes automatiques, inqui\u00e9tude de la population - centrafricaine","description":"Bangui, R\u00e9publique centrafricaine, lundi, 28 juin 2021, 03:08:47 ( Corbeaunews-Centrafrique ). Dans la nuit du d ...","robots":{"index":"index","follow":"follow","max-snippet":"max-snippet:-1","max-image-preview":"max-image-preview:large","max-video-preview":"max-video-preview:-1"},"canonical":"https:\/\/www.africa-press.net\/centrafricaine\/politique\/bimbo-detonation-darmes-automatiques-inquietude-de-la-population","og_locale":"fr_FR","og_type":"article","og_title":"Bimbo, d\u00e9tonation d\u2019armes automatiques, inqui\u00e9tude de la population","og_description":"Bangui, R\u00e9publique centrafricaine, lundi, 28 juin 2021, 03:08:47 ( Corbeaunews-Centrafrique ). Dans la nuit du d ...","og_url":"https:\/\/www.africa-press.net\/centrafricaine\/politique\/bimbo-detonation-darmes-automatiques-inquietude-de-la-population","og_site_name":"centrafricaine","article_published_time":"2021-06-28T16:37:53+00:00","article_modified_time":"2021-06-28T17:52:06+00:00","og_image":[{"width":720,"height":540,"url":"https:\/\/static.africa-press.net\/centrafricaine\/sites\/45\/2021\/06\/img-60d9f88e60ebd.jpg","type":"image\/jpeg"}],"author":"cfeditorfr","twitter_card":"summary_large_image","twitter_misc":{"\u00c9crit par":"cfeditorfr","Dur\u00e9e de lecture estim\u00e9e":"2 minutes"},"schema":{"@context":"https:\/\/schema.org","@graph":[{"@type":"Article","@id":"https:\/\/www.africa-press.net\/centrafricaine\/politique\/bimbo-detonation-darmes-automatiques-inquietude-de-la-population#article","isPartOf":{"@id":"https:\/\/www.africa-press.net\/centrafricaine\/politique\/bimbo-detonation-darmes-automatiques-inquietude-de-la-population"},"author":{"name":"cfeditorfr","@id":"https:\/\/www.africa-press.net\/centrafricaine\/#\/schema\/person\/2b1cf3cd81a31e3cd26889ca66d677f1"},"headline":"Bimbo, d\u00e9tonation d\u2019armes automatiques, inqui\u00e9tude de la population","datePublished":"2021-06-28T16:37:53+00:00","dateModified":"2021-06-28T17:52:06+00:00","mainEntityOfPage":{"@id":"https:\/\/www.africa-press.net\/centrafricaine\/politique\/bimbo-detonation-darmes-automatiques-inquietude-de-la-population"},"wordCount":325,"commentCount":0,"image":{"@id":"https:\/\/www.africa-press.net\/centrafricaine\/politique\/bimbo-detonation-darmes-automatiques-inquietude-de-la-population#primaryimage"},"thumbnailUrl":"https:\/\/static.africa-press.net\/centrafricaine\/sites\/45\/2021\/06\/img-60d9f88e60ebd.jpg","keywords":["Africa Press","Africa Press-CentrAfricaine","CentrAfricaine"],"articleSection":["homepage-french","Politique","Toutes les actualit\u00e9s"],"inLanguage":"fr-FR","potentialAction":[{"@type":"CommentAction","name":"Comment","target":["https:\/\/www.africa-press.net\/centrafricaine\/politique\/bimbo-detonation-darmes-automatiques-inquietude-de-la-population#respond"]}]},{"@type":"WebPage","@id":"https:\/\/www.africa-press.net\/centrafricaine\/politique\/bimbo-detonation-darmes-automatiques-inquietude-de-la-population","url":"https:\/\/www.africa-press.net\/centrafricaine\/politique\/bimbo-detonation-darmes-automatiques-inquietude-de-la-population","name":"Bimbo, d\u00e9tonation d\u2019armes automatiques, inqui\u00e9tude de la population - centrafricaine","isPartOf":{"@id":"https:\/\/www.africa-press.net\/centrafricaine\/#website"},"primaryImageOfPage":{"@id":"https:\/\/www.africa-press.net\/centrafricaine\/politique\/bimbo-detonation-darmes-automatiques-inquietude-de-la-population#primaryimage"},"image":{"@id":"https:\/\/www.africa-press.net\/centrafricaine\/politique\/bimbo-detonation-darmes-automatiques-inquietude-de-la-population#primaryimage"},"thumbnailUrl":"https:\/\/static.africa-press.net\/centrafricaine\/sites\/45\/2021\/06\/img-60d9f88e60ebd.jpg","datePublished":"2021-06-28T16:37:53+00:00","dateModified":"2021-06-28T17:52:06+00:00","author":{"@id":"https:\/\/www.africa-press.net\/centrafricaine\/#\/schema\/person\/2b1cf3cd81a31e3cd26889ca66d677f1"},"description":"Bangui, R\u00e9publique centrafricaine, lundi, 28 juin 2021, 03:08:47 ( Corbeaunews-Centrafrique ). Dans la nuit du d ...","breadcrumb":{"@id":"https:\/\/www.africa-press.net\/centrafricaine\/politique\/bimbo-detonation-darmes-automatiques-inquietude-de-la-population#breadcrumb"},"inLanguage":"fr-FR","potentialAction":[{"@type":"ReadAction","target":["https:\/\/www.africa-press.net\/centrafricaine\/politique\/bimbo-detonation-darmes-automatiques-inquietude-de-la-population"]}]},{"@type":"ImageObject","inLanguage":"fr-FR","@id":"https:\/\/www.africa-press.net\/centrafricaine\/politique\/bimbo-detonation-darmes-automatiques-inquietude-de-la-population#primaryimage","url":"https:\/\/static.africa-press.net\/centrafricaine\/sites\/45\/2021\/06\/img-60d9f88e60ebd.jpg","contentUrl":"https:\/\/static.africa-press.net\/centrafricaine\/sites\/45\/2021\/06\/img-60d9f88e60ebd.jpg","width":720,"height":540,"caption":"Bimbo, d\u00e9tonation d\u2019armes automatiques, inqui\u00e9tude de la population"},{"@type":"BreadcrumbList","@id":"https:\/\/www.africa-press.net\/centrafricaine\/politique\/bimbo-detonation-darmes-automatiques-inquietude-de-la-population#breadcrumb","itemListElement":[{"@type":"ListItem","position":1,"name":"Accueil","item":"https:\/\/www.africa-press.net\/centrafricaine\/"},{"@type":"ListItem","position":2,"name":"Bimbo, d\u00e9tonation d\u2019armes automatiques, inqui\u00e9tude de la population"}]},{"@type":"WebSite","@id":"https:\/\/www.africa-press.net\/centrafricaine\/#website","url":"https:\/\/www.africa-press.net\/centrafricaine\/","name":"centrafricaine","description":"Just another Africa News Agency Sites site","potentialAction":[{"@type":"SearchAction","target":{"@type":"EntryPoint","urlTemplate":"https:\/\/www.africa-press.net\/centrafricaine\/?s={search_term_string}"},"query-input":{"@type":"PropertyValueSpecification","valueRequired":true,"valueName":"search_term_string"}}],"inLanguage":"fr-FR"},{"@type":"Person","@id":"https:\/\/www.africa-press.net\/centrafricaine\/#\/schema\/person\/2b1cf3cd81a31e3cd26889ca66d677f1","name":"cfeditorfr"}]}},"_links":{"self":[{"href":"https:\/\/www.africa-press.net\/centrafricaine\/wp-json\/wp\/v2\/posts\/8509","targetHints":{"allow":["GET"]}}],"collection":[{"href":"https:\/\/www.africa-press.net\/centrafricaine\/wp-json\/wp\/v2\/posts"}],"about":[{"href":"https:\/\/www.africa-press.net\/centrafricaine\/wp-json\/wp\/v2\/types\/post"}],"author":[{"embeddable":true,"href":"https:\/\/www.africa-press.net\/centrafricaine\/wp-json\/wp\/v2\/users\/82"}],"replies":[{"embeddable":true,"href":"https:\/\/www.africa-press.net\/centrafricaine\/wp-json\/wp\/v2\/comments?post=8509"}],"version-history":[{"count":0,"href":"https:\/\/www.africa-press.net\/centrafricaine\/wp-json\/wp\/v2\/posts\/8509\/revisions"}],"wp:featuredmedia":[{"embeddable":true,"href":"https:\/\/www.africa-press.net\/centrafricaine\/wp-json\/wp\/v2\/media\/8508"}],"wp:attachment":[{"href":"https:\/\/www.africa-press.net\/centrafricaine\/wp-json\/wp\/v2\/media?parent=8509"}],"wp:term":[{"taxonomy":"category","embeddable":true,"href":"https:\/\/www.africa-press.net\/centrafricaine\/wp-json\/wp\/v2\/categories?post=8509"},{"taxonomy":"post_tag","embeddable":true,"href":"https:\/\/www.africa-press.net\/centrafricaine\/wp-json\/wp\/v2\/tags?post=8509"}],"curies":[{"name":"wp","href":"https:\/\/api.w.org\/{rel}","templated":true}]}}