{"id":8513,"date":"2021-06-28T16:51:37","date_gmt":"2021-06-28T16:51:37","guid":{"rendered":"https:\/\/www.africa-press.net\/centrafricaine\/?p=8513"},"modified":"2021-06-28T17:52:19","modified_gmt":"2021-06-28T17:52:19","slug":"rca-limogeage-de-firmin-ngrebada-la-presidence-evoque-sa-grosse-tete","status":"publish","type":"post","link":"https:\/\/www.africa-press.net\/centrafricaine\/politique\/rca-limogeage-de-firmin-ngrebada-la-presidence-evoque-sa-grosse-tete","title":{"rendered":"limogeage de Firmin NGR\u00c9BADA, la pr\u00e9sidence \u00e9voque sa grosse t\u00eate"},"content":{"rendered":"<p><span style=\"color: #ff6600\"><strong><a href=\"https:\/\/www.africa-press.net\/\">Africa-Press<\/a> &#8211; <a href=\"https:\/\/www.africa-press.net\/centrafricaine\">CentrAfricaine<\/a>.\u00a0 <\/strong><\/span>\u00a0Limog\u00e9 par le chef de l\u2019\u00c9tat Faustin Archange Touadera, l\u2019ancien premier ministre Firmin NGR\u00c9BADA est d\u00e9sormais dans le viseur des proches du Pr\u00e9sident de la R\u00e9publique. Ils l\u2019accusent de vouloir le concurrencer. \u00ab L\u2019homme est d\u00e9pass\u00e9 par son orgueil \u00bb, affirment-ils.<\/p>\n<p>Souvenez-vous, le 7 juin 2021, le Premier ministre d\u2019alors Firmin NGR\u00c9BADA, chef du gouvernement n\u2019a pas h\u00e9sit\u00e9 \u00e0 emprunter le jet priv\u00e9 de l\u2019oligarque Evgueni Prigozhin, patron de la mafia russe Wagner pour rentrer \u00e0 Bangui apr\u00e8s avoir assist\u00e9 au forum \u00e9conomique de Saint-P\u00e9tersbourg. Un privil\u00e8ge qui n\u2019est pas pass\u00e9 inaper\u00e7u. Les proches collaborateurs de Touadera pensent qu\u2019il serait dans la logique de concurrencer le locataire du Palais de la Renaissance.<\/p>\n<p>En plus, ajoutent-ils, il est aussi gard\u00e9 et escort\u00e9 par les mercenaires de Wagner en plus des FACA, de la gendarmerie et des \u00e9l\u00e9ments de la MINUSCA.<\/p>\n<p><b>\u00ab Attend, il n\u2019y\u2019a pas deux capitaines dans un bateau. Et jamais le chef de l\u2019\u00c9tat Faustin Archange Touadera n\u2019a voyag\u00e9 \u00e0 bord du jet priv\u00e9 de l\u2019homme d\u2019affaires russe. Ceci montre bien le degr\u00e9 de confiance qui est entre Wagner et le Premier ministre NGR\u00c9BADA \u00bb<\/b><\/p>\n<p>, affirme un professeur de droit \u00e0 l\u2019Universit\u00e9 de Bangui.<\/p>\n<p>Au Palais de la Renaissance, ils pensent plut\u00f4t que sa place est d\u00e9sormais \u00e0 l\u2019Assembl\u00e9e nationale comme un simple d\u00e9put\u00e9.<\/p>\n<p><b>\u00ab Il a tendance \u00e0 faire de la grosse t\u00eate. Il disait \u00e0 ses proches qu\u2019il est le prochain Pr\u00e9sident de la R\u00e9publique, et tente d\u2019atomiser tous ses concurrents. Maintenant il n\u2019est plus chef du gouvernement. Sa place est \u00e0 l\u2019assembl\u00e9e \u00bb<\/b><\/p>\n<p>, a l\u00e2ch\u00e9 un conseiller du Pr\u00e9sident de la R\u00e9publique.<\/p>\n<p>Visiblement, le calvaire de l\u2019ancien premier ministre est loin de finir. Certains l\u2019accusent m\u00eame de monter son propre coup d\u2019\u00c9tat \u00e0 l\u2019ombre de la CPC, et trois anciens ministres faisaient partie de son clan machiav\u00e9lique.<\/p>\n<p>Ils citent les ministres Henri Wanzet Linguissara, Ange Maxime Kazagui et Marie-No\u00eblle Koyara comme ses possibles complices \u00e0 limoger aussi avec lui. Chose faite. D\u2019ailleurs pour cette derni\u00e8re, d\u2019apr\u00e8s une source digne de foi, elle avait voyag\u00e9 discr\u00e8tement \u00e0 Moscou, sans aucun ordre de mission etabli, quelques jours avant son limogeage du gouvernement.<\/p>\n<p>Pour de nombreux Centrafricains, faire la politique en RCA, c\u2019est chercher sans doute des ennuis.<\/p>\n<p><b>\u00a0<\/b><\/p>\n","protected":false},"excerpt":{"rendered":"<p>Africa-Press &#8211; CentrAfricaine.\u00a0 \u00a0Limog\u00e9 par le chef de l\u2019\u00c9tat Faustin Archange Touadera, l\u2019ancien premier ministre Firmin NGR\u00c9BADA est d\u00e9sormais dans le viseur des proches du Pr\u00e9sident de la R\u00e9publique. Ils l\u2019accusent de vouloir le concurrencer. \u00ab L\u2019homme est d\u00e9pass\u00e9 par son orgueil \u00bb, affirment-ils. Souvenez-vous, le 7 juin 2021, le Premier ministre d\u2019alors Firmin NGR\u00c9BADA, [&hellip;]<\/p>\n","protected":false},"author":82,"featured_media":8512,"comment_status":"open","ping_status":"closed","sticky":false,"template":"","format":"standard","meta":{"footnotes":""},"categories":[11,2,20,10],"tags":[36,58,30],"class_list":["post-8513","post","type-post","status-publish","format-standard","has-post-thumbnail","hentry","category-homepage-french","category-politique","category-top-nouvelles","category-toutes-les-actualites","tag-africa-press","tag-africa-press-centrafricaine","tag-centrafricaine"],"yoast_head":"<!-- This site is optimized with the Yoast SEO Premium plugin v26.1 (Yoast SEO v27.0) - https:\/\/yoast.com\/product\/yoast-seo-premium-wordpress\/ -->\n<title>limogeage de Firmin NGR\u00c9BADA, la pr\u00e9sidence \u00e9voque sa grosse t\u00eate - centrafricaine<\/title>\n<meta name=\"description\" content=\"Bangui, R\u00e9publique centrafricaine, lundi, 28 juin 2021, 03:58:16 ( Corbeaunews-Centrafrique ). Limog\u00e9 par le che ...\" \/>\n<meta name=\"robots\" content=\"index, follow, max-snippet:-1, max-image-preview:large, max-video-preview:-1\" \/>\n<link rel=\"canonical\" href=\"https:\/\/www.africa-press.net\/centrafricaine\/politique\/rca-limogeage-de-firmin-ngrebada-la-presidence-evoque-sa-grosse-tete\" \/>\n<meta property=\"og:locale\" content=\"fr_FR\" \/>\n<meta property=\"og:type\" content=\"article\" \/>\n<meta property=\"og:title\" content=\"limogeage de Firmin NGR\u00c9BADA, la pr\u00e9sidence \u00e9voque sa grosse t\u00eate\" \/>\n<meta property=\"og:description\" content=\"Bangui, R\u00e9publique centrafricaine, lundi, 28 juin 2021, 03:58:16 ( Corbeaunews-Centrafrique ). Limog\u00e9 par le che ...\" \/>\n<meta property=\"og:url\" content=\"https:\/\/www.africa-press.net\/centrafricaine\/politique\/rca-limogeage-de-firmin-ngrebada-la-presidence-evoque-sa-grosse-tete\" \/>\n<meta property=\"og:site_name\" content=\"centrafricaine\" \/>\n<meta property=\"article:published_time\" content=\"2021-06-28T16:51:37+00:00\" \/>\n<meta property=\"article:modified_time\" content=\"2021-06-28T17:52:19+00:00\" \/>\n<meta property=\"og:image\" content=\"https:\/\/static.africa-press.net\/centrafricaine\/sites\/45\/2021\/06\/img-60d9f98609bbe.jpg\" \/>\n\t<meta property=\"og:image:width\" content=\"720\" \/>\n\t<meta property=\"og:image:height\" content=\"460\" \/>\n\t<meta property=\"og:image:type\" content=\"image\/jpeg\" \/>\n<meta name=\"author\" content=\"cfeditorfr\" \/>\n<meta name=\"twitter:card\" content=\"summary_large_image\" \/>\n<meta name=\"twitter:label1\" content=\"\u00c9crit par\" \/>\n\t<meta name=\"twitter:data1\" content=\"cfeditorfr\" \/>\n\t<meta name=\"twitter:label2\" content=\"Dur\u00e9e de lecture estim\u00e9e\" \/>\n\t<meta name=\"twitter:data2\" content=\"2 minutes\" \/>\n<script type=\"application\/ld+json\" class=\"yoast-schema-graph\">{\"@context\":\"https:\/\/schema.org\",\"@graph\":[{\"@type\":\"Article\",\"@id\":\"https:\/\/www.africa-press.net\/centrafricaine\/politique\/rca-limogeage-de-firmin-ngrebada-la-presidence-evoque-sa-grosse-tete#article\",\"isPartOf\":{\"@id\":\"https:\/\/www.africa-press.net\/centrafricaine\/politique\/rca-limogeage-de-firmin-ngrebada-la-presidence-evoque-sa-grosse-tete\"},\"author\":{\"name\":\"cfeditorfr\",\"@id\":\"https:\/\/www.africa-press.net\/centrafricaine\/#\/schema\/person\/2b1cf3cd81a31e3cd26889ca66d677f1\"},\"headline\":\"limogeage de Firmin NGR\u00c9BADA, la pr\u00e9sidence \u00e9voque sa grosse t\u00eate\",\"datePublished\":\"2021-06-28T16:51:37+00:00\",\"dateModified\":\"2021-06-28T17:52:19+00:00\",\"mainEntityOfPage\":{\"@id\":\"https:\/\/www.africa-press.net\/centrafricaine\/politique\/rca-limogeage-de-firmin-ngrebada-la-presidence-evoque-sa-grosse-tete\"},\"wordCount\":424,\"commentCount\":0,\"image\":{\"@id\":\"https:\/\/www.africa-press.net\/centrafricaine\/politique\/rca-limogeage-de-firmin-ngrebada-la-presidence-evoque-sa-grosse-tete#primaryimage\"},\"thumbnailUrl\":\"https:\/\/static.africa-press.net\/centrafricaine\/sites\/45\/2021\/06\/img-60d9f98609bbe.jpg\",\"keywords\":[\"Africa Press\",\"Africa Press-CentrAfricaine\",\"CentrAfricaine\"],\"articleSection\":[\"homepage-french\",\"Politique\",\"Top Nouvelles\",\"Toutes les actualit\u00e9s\"],\"inLanguage\":\"fr-FR\",\"potentialAction\":[{\"@type\":\"CommentAction\",\"name\":\"Comment\",\"target\":[\"https:\/\/www.africa-press.net\/centrafricaine\/politique\/rca-limogeage-de-firmin-ngrebada-la-presidence-evoque-sa-grosse-tete#respond\"]}]},{\"@type\":\"WebPage\",\"@id\":\"https:\/\/www.africa-press.net\/centrafricaine\/politique\/rca-limogeage-de-firmin-ngrebada-la-presidence-evoque-sa-grosse-tete\",\"url\":\"https:\/\/www.africa-press.net\/centrafricaine\/politique\/rca-limogeage-de-firmin-ngrebada-la-presidence-evoque-sa-grosse-tete\",\"name\":\"limogeage de Firmin NGR\u00c9BADA, la pr\u00e9sidence \u00e9voque sa grosse t\u00eate - centrafricaine\",\"isPartOf\":{\"@id\":\"https:\/\/www.africa-press.net\/centrafricaine\/#website\"},\"primaryImageOfPage\":{\"@id\":\"https:\/\/www.africa-press.net\/centrafricaine\/politique\/rca-limogeage-de-firmin-ngrebada-la-presidence-evoque-sa-grosse-tete#primaryimage\"},\"image\":{\"@id\":\"https:\/\/www.africa-press.net\/centrafricaine\/politique\/rca-limogeage-de-firmin-ngrebada-la-presidence-evoque-sa-grosse-tete#primaryimage\"},\"thumbnailUrl\":\"https:\/\/static.africa-press.net\/centrafricaine\/sites\/45\/2021\/06\/img-60d9f98609bbe.jpg\",\"datePublished\":\"2021-06-28T16:51:37+00:00\",\"dateModified\":\"2021-06-28T17:52:19+00:00\",\"author\":{\"@id\":\"https:\/\/www.africa-press.net\/centrafricaine\/#\/schema\/person\/2b1cf3cd81a31e3cd26889ca66d677f1\"},\"description\":\"Bangui, R\u00e9publique centrafricaine, lundi, 28 juin 2021, 03:58:16 ( Corbeaunews-Centrafrique ). Limog\u00e9 par le che ...\",\"breadcrumb\":{\"@id\":\"https:\/\/www.africa-press.net\/centrafricaine\/politique\/rca-limogeage-de-firmin-ngrebada-la-presidence-evoque-sa-grosse-tete#breadcrumb\"},\"inLanguage\":\"fr-FR\",\"potentialAction\":[{\"@type\":\"ReadAction\",\"target\":[\"https:\/\/www.africa-press.net\/centrafricaine\/politique\/rca-limogeage-de-firmin-ngrebada-la-presidence-evoque-sa-grosse-tete\"]}]},{\"@type\":\"ImageObject\",\"inLanguage\":\"fr-FR\",\"@id\":\"https:\/\/www.africa-press.net\/centrafricaine\/politique\/rca-limogeage-de-firmin-ngrebada-la-presidence-evoque-sa-grosse-tete#primaryimage\",\"url\":\"https:\/\/static.africa-press.net\/centrafricaine\/sites\/45\/2021\/06\/img-60d9f98609bbe.jpg\",\"contentUrl\":\"https:\/\/static.africa-press.net\/centrafricaine\/sites\/45\/2021\/06\/img-60d9f98609bbe.jpg\",\"width\":720,\"height\":460,\"caption\":\"RCA\u00a0: limogeage de Firmin NGR\u00c9BADA, la pr\u00e9sidence \u00e9voque sa grosse t\u00eate\"},{\"@type\":\"BreadcrumbList\",\"@id\":\"https:\/\/www.africa-press.net\/centrafricaine\/politique\/rca-limogeage-de-firmin-ngrebada-la-presidence-evoque-sa-grosse-tete#breadcrumb\",\"itemListElement\":[{\"@type\":\"ListItem\",\"position\":1,\"name\":\"Accueil\",\"item\":\"https:\/\/www.africa-press.net\/centrafricaine\/\"},{\"@type\":\"ListItem\",\"position\":2,\"name\":\"limogeage de Firmin NGR\u00c9BADA, la pr\u00e9sidence \u00e9voque sa grosse t\u00eate\"}]},{\"@type\":\"WebSite\",\"@id\":\"https:\/\/www.africa-press.net\/centrafricaine\/#website\",\"url\":\"https:\/\/www.africa-press.net\/centrafricaine\/\",\"name\":\"centrafricaine\",\"description\":\"Just another Africa News Agency Sites site\",\"potentialAction\":[{\"@type\":\"SearchAction\",\"target\":{\"@type\":\"EntryPoint\",\"urlTemplate\":\"https:\/\/www.africa-press.net\/centrafricaine\/?s={search_term_string}\"},\"query-input\":{\"@type\":\"PropertyValueSpecification\",\"valueRequired\":true,\"valueName\":\"search_term_string\"}}],\"inLanguage\":\"fr-FR\"},{\"@type\":\"Person\",\"@id\":\"https:\/\/www.africa-press.net\/centrafricaine\/#\/schema\/person\/2b1cf3cd81a31e3cd26889ca66d677f1\",\"name\":\"cfeditorfr\"}]}<\/script>\n<!-- \/ Yoast SEO Premium plugin. -->","yoast_head_json":{"title":"limogeage de Firmin NGR\u00c9BADA, la pr\u00e9sidence \u00e9voque sa grosse t\u00eate - centrafricaine","description":"Bangui, R\u00e9publique centrafricaine, lundi, 28 juin 2021, 03:58:16 ( Corbeaunews-Centrafrique ). Limog\u00e9 par le che ...","robots":{"index":"index","follow":"follow","max-snippet":"max-snippet:-1","max-image-preview":"max-image-preview:large","max-video-preview":"max-video-preview:-1"},"canonical":"https:\/\/www.africa-press.net\/centrafricaine\/politique\/rca-limogeage-de-firmin-ngrebada-la-presidence-evoque-sa-grosse-tete","og_locale":"fr_FR","og_type":"article","og_title":"limogeage de Firmin NGR\u00c9BADA, la pr\u00e9sidence \u00e9voque sa grosse t\u00eate","og_description":"Bangui, R\u00e9publique centrafricaine, lundi, 28 juin 2021, 03:58:16 ( Corbeaunews-Centrafrique ). Limog\u00e9 par le che ...","og_url":"https:\/\/www.africa-press.net\/centrafricaine\/politique\/rca-limogeage-de-firmin-ngrebada-la-presidence-evoque-sa-grosse-tete","og_site_name":"centrafricaine","article_published_time":"2021-06-28T16:51:37+00:00","article_modified_time":"2021-06-28T17:52:19+00:00","og_image":[{"width":720,"height":460,"url":"https:\/\/static.africa-press.net\/centrafricaine\/sites\/45\/2021\/06\/img-60d9f98609bbe.jpg","type":"image\/jpeg"}],"author":"cfeditorfr","twitter_card":"summary_large_image","twitter_misc":{"\u00c9crit par":"cfeditorfr","Dur\u00e9e de lecture estim\u00e9e":"2 minutes"},"schema":{"@context":"https:\/\/schema.org","@graph":[{"@type":"Article","@id":"https:\/\/www.africa-press.net\/centrafricaine\/politique\/rca-limogeage-de-firmin-ngrebada-la-presidence-evoque-sa-grosse-tete#article","isPartOf":{"@id":"https:\/\/www.africa-press.net\/centrafricaine\/politique\/rca-limogeage-de-firmin-ngrebada-la-presidence-evoque-sa-grosse-tete"},"author":{"name":"cfeditorfr","@id":"https:\/\/www.africa-press.net\/centrafricaine\/#\/schema\/person\/2b1cf3cd81a31e3cd26889ca66d677f1"},"headline":"limogeage de Firmin NGR\u00c9BADA, la pr\u00e9sidence \u00e9voque sa grosse t\u00eate","datePublished":"2021-06-28T16:51:37+00:00","dateModified":"2021-06-28T17:52:19+00:00","mainEntityOfPage":{"@id":"https:\/\/www.africa-press.net\/centrafricaine\/politique\/rca-limogeage-de-firmin-ngrebada-la-presidence-evoque-sa-grosse-tete"},"wordCount":424,"commentCount":0,"image":{"@id":"https:\/\/www.africa-press.net\/centrafricaine\/politique\/rca-limogeage-de-firmin-ngrebada-la-presidence-evoque-sa-grosse-tete#primaryimage"},"thumbnailUrl":"https:\/\/static.africa-press.net\/centrafricaine\/sites\/45\/2021\/06\/img-60d9f98609bbe.jpg","keywords":["Africa Press","Africa Press-CentrAfricaine","CentrAfricaine"],"articleSection":["homepage-french","Politique","Top Nouvelles","Toutes les actualit\u00e9s"],"inLanguage":"fr-FR","potentialAction":[{"@type":"CommentAction","name":"Comment","target":["https:\/\/www.africa-press.net\/centrafricaine\/politique\/rca-limogeage-de-firmin-ngrebada-la-presidence-evoque-sa-grosse-tete#respond"]}]},{"@type":"WebPage","@id":"https:\/\/www.africa-press.net\/centrafricaine\/politique\/rca-limogeage-de-firmin-ngrebada-la-presidence-evoque-sa-grosse-tete","url":"https:\/\/www.africa-press.net\/centrafricaine\/politique\/rca-limogeage-de-firmin-ngrebada-la-presidence-evoque-sa-grosse-tete","name":"limogeage de Firmin NGR\u00c9BADA, la pr\u00e9sidence \u00e9voque sa grosse t\u00eate - centrafricaine","isPartOf":{"@id":"https:\/\/www.africa-press.net\/centrafricaine\/#website"},"primaryImageOfPage":{"@id":"https:\/\/www.africa-press.net\/centrafricaine\/politique\/rca-limogeage-de-firmin-ngrebada-la-presidence-evoque-sa-grosse-tete#primaryimage"},"image":{"@id":"https:\/\/www.africa-press.net\/centrafricaine\/politique\/rca-limogeage-de-firmin-ngrebada-la-presidence-evoque-sa-grosse-tete#primaryimage"},"thumbnailUrl":"https:\/\/static.africa-press.net\/centrafricaine\/sites\/45\/2021\/06\/img-60d9f98609bbe.jpg","datePublished":"2021-06-28T16:51:37+00:00","dateModified":"2021-06-28T17:52:19+00:00","author":{"@id":"https:\/\/www.africa-press.net\/centrafricaine\/#\/schema\/person\/2b1cf3cd81a31e3cd26889ca66d677f1"},"description":"Bangui, R\u00e9publique centrafricaine, lundi, 28 juin 2021, 03:58:16 ( Corbeaunews-Centrafrique ). Limog\u00e9 par le che ...","breadcrumb":{"@id":"https:\/\/www.africa-press.net\/centrafricaine\/politique\/rca-limogeage-de-firmin-ngrebada-la-presidence-evoque-sa-grosse-tete#breadcrumb"},"inLanguage":"fr-FR","potentialAction":[{"@type":"ReadAction","target":["https:\/\/www.africa-press.net\/centrafricaine\/politique\/rca-limogeage-de-firmin-ngrebada-la-presidence-evoque-sa-grosse-tete"]}]},{"@type":"ImageObject","inLanguage":"fr-FR","@id":"https:\/\/www.africa-press.net\/centrafricaine\/politique\/rca-limogeage-de-firmin-ngrebada-la-presidence-evoque-sa-grosse-tete#primaryimage","url":"https:\/\/static.africa-press.net\/centrafricaine\/sites\/45\/2021\/06\/img-60d9f98609bbe.jpg","contentUrl":"https:\/\/static.africa-press.net\/centrafricaine\/sites\/45\/2021\/06\/img-60d9f98609bbe.jpg","width":720,"height":460,"caption":"RCA\u00a0: limogeage de Firmin NGR\u00c9BADA, la pr\u00e9sidence \u00e9voque sa grosse t\u00eate"},{"@type":"BreadcrumbList","@id":"https:\/\/www.africa-press.net\/centrafricaine\/politique\/rca-limogeage-de-firmin-ngrebada-la-presidence-evoque-sa-grosse-tete#breadcrumb","itemListElement":[{"@type":"ListItem","position":1,"name":"Accueil","item":"https:\/\/www.africa-press.net\/centrafricaine\/"},{"@type":"ListItem","position":2,"name":"limogeage de Firmin NGR\u00c9BADA, la pr\u00e9sidence \u00e9voque sa grosse t\u00eate"}]},{"@type":"WebSite","@id":"https:\/\/www.africa-press.net\/centrafricaine\/#website","url":"https:\/\/www.africa-press.net\/centrafricaine\/","name":"centrafricaine","description":"Just another Africa News Agency Sites site","potentialAction":[{"@type":"SearchAction","target":{"@type":"EntryPoint","urlTemplate":"https:\/\/www.africa-press.net\/centrafricaine\/?s={search_term_string}"},"query-input":{"@type":"PropertyValueSpecification","valueRequired":true,"valueName":"search_term_string"}}],"inLanguage":"fr-FR"},{"@type":"Person","@id":"https:\/\/www.africa-press.net\/centrafricaine\/#\/schema\/person\/2b1cf3cd81a31e3cd26889ca66d677f1","name":"cfeditorfr"}]}},"_links":{"self":[{"href":"https:\/\/www.africa-press.net\/centrafricaine\/wp-json\/wp\/v2\/posts\/8513","targetHints":{"allow":["GET"]}}],"collection":[{"href":"https:\/\/www.africa-press.net\/centrafricaine\/wp-json\/wp\/v2\/posts"}],"about":[{"href":"https:\/\/www.africa-press.net\/centrafricaine\/wp-json\/wp\/v2\/types\/post"}],"author":[{"embeddable":true,"href":"https:\/\/www.africa-press.net\/centrafricaine\/wp-json\/wp\/v2\/users\/82"}],"replies":[{"embeddable":true,"href":"https:\/\/www.africa-press.net\/centrafricaine\/wp-json\/wp\/v2\/comments?post=8513"}],"version-history":[{"count":0,"href":"https:\/\/www.africa-press.net\/centrafricaine\/wp-json\/wp\/v2\/posts\/8513\/revisions"}],"wp:featuredmedia":[{"embeddable":true,"href":"https:\/\/www.africa-press.net\/centrafricaine\/wp-json\/wp\/v2\/media\/8512"}],"wp:attachment":[{"href":"https:\/\/www.africa-press.net\/centrafricaine\/wp-json\/wp\/v2\/media?parent=8513"}],"wp:term":[{"taxonomy":"category","embeddable":true,"href":"https:\/\/www.africa-press.net\/centrafricaine\/wp-json\/wp\/v2\/categories?post=8513"},{"taxonomy":"post_tag","embeddable":true,"href":"https:\/\/www.africa-press.net\/centrafricaine\/wp-json\/wp\/v2\/tags?post=8513"}],"curies":[{"name":"wp","href":"https:\/\/api.w.org\/{rel}","templated":true}]}}