{"id":8516,"date":"2021-06-28T16:58:44","date_gmt":"2021-06-28T16:58:44","guid":{"rendered":"https:\/\/www.africa-press.net\/centrafricaine\/?p=8516"},"modified":"2021-06-28T17:52:30","modified_gmt":"2021-06-28T17:52:30","slug":"ndele-le-commandant-de-zone-de-defense-du-nord-ouest-arrete-par-les-mercenaires-russes","status":"publish","type":"post","link":"https:\/\/www.africa-press.net\/centrafricaine\/politique\/ndele-le-commandant-de-zone-de-defense-du-nord-ouest-arrete-par-les-mercenaires-russes","title":{"rendered":"Nd\u00e9l\u00e9, le commandant\u00a0\u00a0 de zone de d\u00e9fense du Nord-ouest arr\u00eat\u00e9 par les mercenaires russes"},"content":{"rendered":"<p><span style=\"color: #ff6600\"><strong><a href=\"https:\/\/www.africa-press.net\/\">Africa-Press<\/a> &#8211; <a href=\"https:\/\/www.africa-press.net\/centrafricaine\">CentrAfricaine<\/a>. <\/strong><\/span>\u00a0Le colonel Moussa Jean de Dieu Kitocko, commandant de zone de d\u00e9fense du Nord-ouest a \u00e9t\u00e9 arr\u00eat\u00e9 dans sa base \u00e0 Nd\u00e9l\u00e9, chef-lieu de la pr\u00e9fecture de Bamingui-Bangoran par les mercenaires russes de la soci\u00e9t\u00e9 Wagner.<\/p>\n<p>On ignore les raisons exactes de son arrestation par les hommes de Wagner, mais tout porte \u00e0 croire que cette soci\u00e9t\u00e9 priv\u00e9e de mafia russe continue sans doute d\u2019\u00e9tendre son pouvoir sur les institutions du pays. Un colonel de l\u2019arm\u00e9e national, d\u00e9tach\u00e9 par l\u2019\u00c9tat major des forces arm\u00e9es centrafricaines (FACA) ne vaut plus rien devant ces civils arm\u00e9s de Wagner.<\/p>\n<p>\u00c0 la grande surprise de tous, ce matin du samedi 26 juin, les civils arm\u00e9s de la soci\u00e9t\u00e9 Wagner sont all\u00e9s interpeller le colonel Moussa Jean de Dieu Kitocko et le mettre en d\u00e9tention dans leur base \u00e0 Nd\u00e9l\u00e9.<\/p>\n<p>Nos investigations sont en cours afin de faire la lumi\u00e8re sur cette affaire.<\/p>\n<p>Rappelons que le colonel Kitocko est un militaire de terrain. Il a obtenu tout son grade gr\u00e2ce \u00e0 ses comp\u00e9tences du terrain. En 2019, il a obtenu le grade du colonel gr\u00e2ce \u00e0 une formation de l\u2019\u00c9tat major qu\u2019il avait effectu\u00e9 en Chine. En 2020, l\u2019\u00c9tat major l\u2019avait d\u00e9tach\u00e9 \u00e0 Nd\u00e9l\u00e9 comme commandant de zone de d\u00e9fense du Nord-ouest, poste qu\u2019il occupe sans difficult\u00e9 alors que les rebelles du FPRC l\u2019aile Abdoulaye Hissen continuent de commettre des exactions dans la ville.<\/p>\n<p>Son arrestation ce dimanche fait grincer les dents \u00e0 Bangui, mais personne ne peut lever le doigt.<\/p>\n<p><b>\u00a0<\/b><\/p>\n","protected":false},"excerpt":{"rendered":"<p>Africa-Press &#8211; CentrAfricaine. \u00a0Le colonel Moussa Jean de Dieu Kitocko, commandant de zone de d\u00e9fense du Nord-ouest a \u00e9t\u00e9 arr\u00eat\u00e9 dans sa base \u00e0 Nd\u00e9l\u00e9, chef-lieu de la pr\u00e9fecture de Bamingui-Bangoran par les mercenaires russes de la soci\u00e9t\u00e9 Wagner. On ignore les raisons exactes de son arrestation par les hommes de Wagner, mais tout porte [&hellip;]<\/p>\n","protected":false},"author":82,"featured_media":8515,"comment_status":"open","ping_status":"closed","sticky":false,"template":"","format":"standard","meta":{"footnotes":""},"categories":[11,2,20,10],"tags":[36,58,30],"class_list":["post-8516","post","type-post","status-publish","format-standard","has-post-thumbnail","hentry","category-homepage-french","category-politique","category-top-nouvelles","category-toutes-les-actualites","tag-africa-press","tag-africa-press-centrafricaine","tag-centrafricaine"],"yoast_head":"<!-- This site is optimized with the Yoast SEO Premium plugin v26.1 (Yoast SEO v27.0) - https:\/\/yoast.com\/product\/yoast-seo-premium-wordpress\/ -->\n<title>Nd\u00e9l\u00e9, le commandant\u00a0\u00a0 de zone de d\u00e9fense du Nord-ouest arr\u00eat\u00e9 par les mercenaires russes - centrafricaine<\/title>\n<meta name=\"description\" content=\"Bangui, R\u00e9publique centrafricaine, dimanche, 27 juin 2021, 15:52:39 ( Corbeaunews-Centrafrique ). Le colonel Mou ...\" \/>\n<meta name=\"robots\" content=\"index, follow, max-snippet:-1, max-image-preview:large, max-video-preview:-1\" \/>\n<link rel=\"canonical\" href=\"https:\/\/www.africa-press.net\/centrafricaine\/politique\/ndele-le-commandant-de-zone-de-defense-du-nord-ouest-arrete-par-les-mercenaires-russes\" \/>\n<meta property=\"og:locale\" content=\"fr_FR\" \/>\n<meta property=\"og:type\" content=\"article\" \/>\n<meta property=\"og:title\" content=\"Nd\u00e9l\u00e9, le commandant\u00a0\u00a0 de zone de d\u00e9fense du Nord-ouest arr\u00eat\u00e9 par les mercenaires russes\" \/>\n<meta property=\"og:description\" content=\"Bangui, R\u00e9publique centrafricaine, dimanche, 27 juin 2021, 15:52:39 ( Corbeaunews-Centrafrique ). Le colonel Mou ...\" \/>\n<meta property=\"og:url\" content=\"https:\/\/www.africa-press.net\/centrafricaine\/politique\/ndele-le-commandant-de-zone-de-defense-du-nord-ouest-arrete-par-les-mercenaires-russes\" \/>\n<meta property=\"og:site_name\" content=\"centrafricaine\" \/>\n<meta property=\"article:published_time\" content=\"2021-06-28T16:58:44+00:00\" \/>\n<meta property=\"article:modified_time\" content=\"2021-06-28T17:52:30+00:00\" \/>\n<meta property=\"og:image\" content=\"https:\/\/static.africa-press.net\/centrafricaine\/sites\/45\/2021\/06\/img-60d9f9ce9844a.jpg\" \/>\n\t<meta property=\"og:image:width\" content=\"720\" \/>\n\t<meta property=\"og:image:height\" content=\"404\" \/>\n\t<meta property=\"og:image:type\" content=\"image\/jpeg\" \/>\n<meta name=\"author\" content=\"cfeditorfr\" \/>\n<meta name=\"twitter:card\" content=\"summary_large_image\" \/>\n<meta name=\"twitter:label1\" content=\"\u00c9crit par\" \/>\n\t<meta name=\"twitter:data1\" content=\"cfeditorfr\" \/>\n\t<meta name=\"twitter:label2\" content=\"Dur\u00e9e de lecture estim\u00e9e\" \/>\n\t<meta name=\"twitter:data2\" content=\"2 minutes\" \/>\n<script type=\"application\/ld+json\" class=\"yoast-schema-graph\">{\"@context\":\"https:\/\/schema.org\",\"@graph\":[{\"@type\":\"Article\",\"@id\":\"https:\/\/www.africa-press.net\/centrafricaine\/politique\/ndele-le-commandant-de-zone-de-defense-du-nord-ouest-arrete-par-les-mercenaires-russes#article\",\"isPartOf\":{\"@id\":\"https:\/\/www.africa-press.net\/centrafricaine\/politique\/ndele-le-commandant-de-zone-de-defense-du-nord-ouest-arrete-par-les-mercenaires-russes\"},\"author\":{\"name\":\"cfeditorfr\",\"@id\":\"https:\/\/www.africa-press.net\/centrafricaine\/#\/schema\/person\/2b1cf3cd81a31e3cd26889ca66d677f1\"},\"headline\":\"Nd\u00e9l\u00e9, le commandant\u00a0\u00a0 de zone de d\u00e9fense du Nord-ouest arr\u00eat\u00e9 par les mercenaires russes\",\"datePublished\":\"2021-06-28T16:58:44+00:00\",\"dateModified\":\"2021-06-28T17:52:30+00:00\",\"mainEntityOfPage\":{\"@id\":\"https:\/\/www.africa-press.net\/centrafricaine\/politique\/ndele-le-commandant-de-zone-de-defense-du-nord-ouest-arrete-par-les-mercenaires-russes\"},\"wordCount\":287,\"commentCount\":0,\"image\":{\"@id\":\"https:\/\/www.africa-press.net\/centrafricaine\/politique\/ndele-le-commandant-de-zone-de-defense-du-nord-ouest-arrete-par-les-mercenaires-russes#primaryimage\"},\"thumbnailUrl\":\"https:\/\/static.africa-press.net\/centrafricaine\/sites\/45\/2021\/06\/img-60d9f9ce9844a.jpg\",\"keywords\":[\"Africa Press\",\"Africa Press-CentrAfricaine\",\"CentrAfricaine\"],\"articleSection\":[\"homepage-french\",\"Politique\",\"Top Nouvelles\",\"Toutes les actualit\u00e9s\"],\"inLanguage\":\"fr-FR\",\"potentialAction\":[{\"@type\":\"CommentAction\",\"name\":\"Comment\",\"target\":[\"https:\/\/www.africa-press.net\/centrafricaine\/politique\/ndele-le-commandant-de-zone-de-defense-du-nord-ouest-arrete-par-les-mercenaires-russes#respond\"]}]},{\"@type\":\"WebPage\",\"@id\":\"https:\/\/www.africa-press.net\/centrafricaine\/politique\/ndele-le-commandant-de-zone-de-defense-du-nord-ouest-arrete-par-les-mercenaires-russes\",\"url\":\"https:\/\/www.africa-press.net\/centrafricaine\/politique\/ndele-le-commandant-de-zone-de-defense-du-nord-ouest-arrete-par-les-mercenaires-russes\",\"name\":\"Nd\u00e9l\u00e9, le commandant\u00a0\u00a0 de zone de d\u00e9fense du Nord-ouest arr\u00eat\u00e9 par les mercenaires russes - centrafricaine\",\"isPartOf\":{\"@id\":\"https:\/\/www.africa-press.net\/centrafricaine\/#website\"},\"primaryImageOfPage\":{\"@id\":\"https:\/\/www.africa-press.net\/centrafricaine\/politique\/ndele-le-commandant-de-zone-de-defense-du-nord-ouest-arrete-par-les-mercenaires-russes#primaryimage\"},\"image\":{\"@id\":\"https:\/\/www.africa-press.net\/centrafricaine\/politique\/ndele-le-commandant-de-zone-de-defense-du-nord-ouest-arrete-par-les-mercenaires-russes#primaryimage\"},\"thumbnailUrl\":\"https:\/\/static.africa-press.net\/centrafricaine\/sites\/45\/2021\/06\/img-60d9f9ce9844a.jpg\",\"datePublished\":\"2021-06-28T16:58:44+00:00\",\"dateModified\":\"2021-06-28T17:52:30+00:00\",\"author\":{\"@id\":\"https:\/\/www.africa-press.net\/centrafricaine\/#\/schema\/person\/2b1cf3cd81a31e3cd26889ca66d677f1\"},\"description\":\"Bangui, R\u00e9publique centrafricaine, dimanche, 27 juin 2021, 15:52:39 ( Corbeaunews-Centrafrique ). Le colonel Mou ...\",\"breadcrumb\":{\"@id\":\"https:\/\/www.africa-press.net\/centrafricaine\/politique\/ndele-le-commandant-de-zone-de-defense-du-nord-ouest-arrete-par-les-mercenaires-russes#breadcrumb\"},\"inLanguage\":\"fr-FR\",\"potentialAction\":[{\"@type\":\"ReadAction\",\"target\":[\"https:\/\/www.africa-press.net\/centrafricaine\/politique\/ndele-le-commandant-de-zone-de-defense-du-nord-ouest-arrete-par-les-mercenaires-russes\"]}]},{\"@type\":\"ImageObject\",\"inLanguage\":\"fr-FR\",\"@id\":\"https:\/\/www.africa-press.net\/centrafricaine\/politique\/ndele-le-commandant-de-zone-de-defense-du-nord-ouest-arrete-par-les-mercenaires-russes#primaryimage\",\"url\":\"https:\/\/static.africa-press.net\/centrafricaine\/sites\/45\/2021\/06\/img-60d9f9ce9844a.jpg\",\"contentUrl\":\"https:\/\/static.africa-press.net\/centrafricaine\/sites\/45\/2021\/06\/img-60d9f9ce9844a.jpg\",\"width\":720,\"height\":404,\"caption\":\"Nd\u00e9l\u00e9, le commandant\u00a0\u00a0 de zone de d\u00e9fense du Nord-ouest arr\u00eat\u00e9 par les mercenaires russes\"},{\"@type\":\"BreadcrumbList\",\"@id\":\"https:\/\/www.africa-press.net\/centrafricaine\/politique\/ndele-le-commandant-de-zone-de-defense-du-nord-ouest-arrete-par-les-mercenaires-russes#breadcrumb\",\"itemListElement\":[{\"@type\":\"ListItem\",\"position\":1,\"name\":\"Accueil\",\"item\":\"https:\/\/www.africa-press.net\/centrafricaine\/\"},{\"@type\":\"ListItem\",\"position\":2,\"name\":\"Nd\u00e9l\u00e9, le commandant\u00a0\u00a0 de zone de d\u00e9fense du Nord-ouest arr\u00eat\u00e9 par les mercenaires russes\"}]},{\"@type\":\"WebSite\",\"@id\":\"https:\/\/www.africa-press.net\/centrafricaine\/#website\",\"url\":\"https:\/\/www.africa-press.net\/centrafricaine\/\",\"name\":\"centrafricaine\",\"description\":\"Just another Africa News Agency Sites site\",\"potentialAction\":[{\"@type\":\"SearchAction\",\"target\":{\"@type\":\"EntryPoint\",\"urlTemplate\":\"https:\/\/www.africa-press.net\/centrafricaine\/?s={search_term_string}\"},\"query-input\":{\"@type\":\"PropertyValueSpecification\",\"valueRequired\":true,\"valueName\":\"search_term_string\"}}],\"inLanguage\":\"fr-FR\"},{\"@type\":\"Person\",\"@id\":\"https:\/\/www.africa-press.net\/centrafricaine\/#\/schema\/person\/2b1cf3cd81a31e3cd26889ca66d677f1\",\"name\":\"cfeditorfr\"}]}<\/script>\n<!-- \/ Yoast SEO Premium plugin. -->","yoast_head_json":{"title":"Nd\u00e9l\u00e9, le commandant\u00a0\u00a0 de zone de d\u00e9fense du Nord-ouest arr\u00eat\u00e9 par les mercenaires russes - centrafricaine","description":"Bangui, R\u00e9publique centrafricaine, dimanche, 27 juin 2021, 15:52:39 ( Corbeaunews-Centrafrique ). Le colonel Mou ...","robots":{"index":"index","follow":"follow","max-snippet":"max-snippet:-1","max-image-preview":"max-image-preview:large","max-video-preview":"max-video-preview:-1"},"canonical":"https:\/\/www.africa-press.net\/centrafricaine\/politique\/ndele-le-commandant-de-zone-de-defense-du-nord-ouest-arrete-par-les-mercenaires-russes","og_locale":"fr_FR","og_type":"article","og_title":"Nd\u00e9l\u00e9, le commandant\u00a0\u00a0 de zone de d\u00e9fense du Nord-ouest arr\u00eat\u00e9 par les mercenaires russes","og_description":"Bangui, R\u00e9publique centrafricaine, dimanche, 27 juin 2021, 15:52:39 ( Corbeaunews-Centrafrique ). Le colonel Mou ...","og_url":"https:\/\/www.africa-press.net\/centrafricaine\/politique\/ndele-le-commandant-de-zone-de-defense-du-nord-ouest-arrete-par-les-mercenaires-russes","og_site_name":"centrafricaine","article_published_time":"2021-06-28T16:58:44+00:00","article_modified_time":"2021-06-28T17:52:30+00:00","og_image":[{"width":720,"height":404,"url":"https:\/\/static.africa-press.net\/centrafricaine\/sites\/45\/2021\/06\/img-60d9f9ce9844a.jpg","type":"image\/jpeg"}],"author":"cfeditorfr","twitter_card":"summary_large_image","twitter_misc":{"\u00c9crit par":"cfeditorfr","Dur\u00e9e de lecture estim\u00e9e":"2 minutes"},"schema":{"@context":"https:\/\/schema.org","@graph":[{"@type":"Article","@id":"https:\/\/www.africa-press.net\/centrafricaine\/politique\/ndele-le-commandant-de-zone-de-defense-du-nord-ouest-arrete-par-les-mercenaires-russes#article","isPartOf":{"@id":"https:\/\/www.africa-press.net\/centrafricaine\/politique\/ndele-le-commandant-de-zone-de-defense-du-nord-ouest-arrete-par-les-mercenaires-russes"},"author":{"name":"cfeditorfr","@id":"https:\/\/www.africa-press.net\/centrafricaine\/#\/schema\/person\/2b1cf3cd81a31e3cd26889ca66d677f1"},"headline":"Nd\u00e9l\u00e9, le commandant\u00a0\u00a0 de zone de d\u00e9fense du Nord-ouest arr\u00eat\u00e9 par les mercenaires russes","datePublished":"2021-06-28T16:58:44+00:00","dateModified":"2021-06-28T17:52:30+00:00","mainEntityOfPage":{"@id":"https:\/\/www.africa-press.net\/centrafricaine\/politique\/ndele-le-commandant-de-zone-de-defense-du-nord-ouest-arrete-par-les-mercenaires-russes"},"wordCount":287,"commentCount":0,"image":{"@id":"https:\/\/www.africa-press.net\/centrafricaine\/politique\/ndele-le-commandant-de-zone-de-defense-du-nord-ouest-arrete-par-les-mercenaires-russes#primaryimage"},"thumbnailUrl":"https:\/\/static.africa-press.net\/centrafricaine\/sites\/45\/2021\/06\/img-60d9f9ce9844a.jpg","keywords":["Africa Press","Africa Press-CentrAfricaine","CentrAfricaine"],"articleSection":["homepage-french","Politique","Top Nouvelles","Toutes les actualit\u00e9s"],"inLanguage":"fr-FR","potentialAction":[{"@type":"CommentAction","name":"Comment","target":["https:\/\/www.africa-press.net\/centrafricaine\/politique\/ndele-le-commandant-de-zone-de-defense-du-nord-ouest-arrete-par-les-mercenaires-russes#respond"]}]},{"@type":"WebPage","@id":"https:\/\/www.africa-press.net\/centrafricaine\/politique\/ndele-le-commandant-de-zone-de-defense-du-nord-ouest-arrete-par-les-mercenaires-russes","url":"https:\/\/www.africa-press.net\/centrafricaine\/politique\/ndele-le-commandant-de-zone-de-defense-du-nord-ouest-arrete-par-les-mercenaires-russes","name":"Nd\u00e9l\u00e9, le commandant\u00a0\u00a0 de zone de d\u00e9fense du Nord-ouest arr\u00eat\u00e9 par les mercenaires russes - centrafricaine","isPartOf":{"@id":"https:\/\/www.africa-press.net\/centrafricaine\/#website"},"primaryImageOfPage":{"@id":"https:\/\/www.africa-press.net\/centrafricaine\/politique\/ndele-le-commandant-de-zone-de-defense-du-nord-ouest-arrete-par-les-mercenaires-russes#primaryimage"},"image":{"@id":"https:\/\/www.africa-press.net\/centrafricaine\/politique\/ndele-le-commandant-de-zone-de-defense-du-nord-ouest-arrete-par-les-mercenaires-russes#primaryimage"},"thumbnailUrl":"https:\/\/static.africa-press.net\/centrafricaine\/sites\/45\/2021\/06\/img-60d9f9ce9844a.jpg","datePublished":"2021-06-28T16:58:44+00:00","dateModified":"2021-06-28T17:52:30+00:00","author":{"@id":"https:\/\/www.africa-press.net\/centrafricaine\/#\/schema\/person\/2b1cf3cd81a31e3cd26889ca66d677f1"},"description":"Bangui, R\u00e9publique centrafricaine, dimanche, 27 juin 2021, 15:52:39 ( Corbeaunews-Centrafrique ). Le colonel Mou ...","breadcrumb":{"@id":"https:\/\/www.africa-press.net\/centrafricaine\/politique\/ndele-le-commandant-de-zone-de-defense-du-nord-ouest-arrete-par-les-mercenaires-russes#breadcrumb"},"inLanguage":"fr-FR","potentialAction":[{"@type":"ReadAction","target":["https:\/\/www.africa-press.net\/centrafricaine\/politique\/ndele-le-commandant-de-zone-de-defense-du-nord-ouest-arrete-par-les-mercenaires-russes"]}]},{"@type":"ImageObject","inLanguage":"fr-FR","@id":"https:\/\/www.africa-press.net\/centrafricaine\/politique\/ndele-le-commandant-de-zone-de-defense-du-nord-ouest-arrete-par-les-mercenaires-russes#primaryimage","url":"https:\/\/static.africa-press.net\/centrafricaine\/sites\/45\/2021\/06\/img-60d9f9ce9844a.jpg","contentUrl":"https:\/\/static.africa-press.net\/centrafricaine\/sites\/45\/2021\/06\/img-60d9f9ce9844a.jpg","width":720,"height":404,"caption":"Nd\u00e9l\u00e9, le commandant\u00a0\u00a0 de zone de d\u00e9fense du Nord-ouest arr\u00eat\u00e9 par les mercenaires russes"},{"@type":"BreadcrumbList","@id":"https:\/\/www.africa-press.net\/centrafricaine\/politique\/ndele-le-commandant-de-zone-de-defense-du-nord-ouest-arrete-par-les-mercenaires-russes#breadcrumb","itemListElement":[{"@type":"ListItem","position":1,"name":"Accueil","item":"https:\/\/www.africa-press.net\/centrafricaine\/"},{"@type":"ListItem","position":2,"name":"Nd\u00e9l\u00e9, le commandant\u00a0\u00a0 de zone de d\u00e9fense du Nord-ouest arr\u00eat\u00e9 par les mercenaires russes"}]},{"@type":"WebSite","@id":"https:\/\/www.africa-press.net\/centrafricaine\/#website","url":"https:\/\/www.africa-press.net\/centrafricaine\/","name":"centrafricaine","description":"Just another Africa News Agency Sites site","potentialAction":[{"@type":"SearchAction","target":{"@type":"EntryPoint","urlTemplate":"https:\/\/www.africa-press.net\/centrafricaine\/?s={search_term_string}"},"query-input":{"@type":"PropertyValueSpecification","valueRequired":true,"valueName":"search_term_string"}}],"inLanguage":"fr-FR"},{"@type":"Person","@id":"https:\/\/www.africa-press.net\/centrafricaine\/#\/schema\/person\/2b1cf3cd81a31e3cd26889ca66d677f1","name":"cfeditorfr"}]}},"_links":{"self":[{"href":"https:\/\/www.africa-press.net\/centrafricaine\/wp-json\/wp\/v2\/posts\/8516","targetHints":{"allow":["GET"]}}],"collection":[{"href":"https:\/\/www.africa-press.net\/centrafricaine\/wp-json\/wp\/v2\/posts"}],"about":[{"href":"https:\/\/www.africa-press.net\/centrafricaine\/wp-json\/wp\/v2\/types\/post"}],"author":[{"embeddable":true,"href":"https:\/\/www.africa-press.net\/centrafricaine\/wp-json\/wp\/v2\/users\/82"}],"replies":[{"embeddable":true,"href":"https:\/\/www.africa-press.net\/centrafricaine\/wp-json\/wp\/v2\/comments?post=8516"}],"version-history":[{"count":0,"href":"https:\/\/www.africa-press.net\/centrafricaine\/wp-json\/wp\/v2\/posts\/8516\/revisions"}],"wp:featuredmedia":[{"embeddable":true,"href":"https:\/\/www.africa-press.net\/centrafricaine\/wp-json\/wp\/v2\/media\/8515"}],"wp:attachment":[{"href":"https:\/\/www.africa-press.net\/centrafricaine\/wp-json\/wp\/v2\/media?parent=8516"}],"wp:term":[{"taxonomy":"category","embeddable":true,"href":"https:\/\/www.africa-press.net\/centrafricaine\/wp-json\/wp\/v2\/categories?post=8516"},{"taxonomy":"post_tag","embeddable":true,"href":"https:\/\/www.africa-press.net\/centrafricaine\/wp-json\/wp\/v2\/tags?post=8516"}],"curies":[{"name":"wp","href":"https:\/\/api.w.org\/{rel}","templated":true}]}}